{"id":989528,"date":"2021-05-06T14:50:43","date_gmt":"2021-05-06T14:50:43","guid":{"rendered":"http:\/\/zsek.webd.pl\/eko3\/?p=989528"},"modified":"2021-05-06T19:50:24","modified_gmt":"2021-05-06T19:50:24","slug":"zlote-szkoly-nbp-giganci-finansow-osobistych","status":"publish","type":"post","link":"http:\/\/ekonomik.opole.pl\/eko3\/zlote-szkoly-nbp-giganci-finansow-osobistych\/","title":{"rendered":"\u201eZ\u0142ote Szko\u0142y NBP\u201d \u2013 Giganci finans\u00f3w osobistych"},"content":{"rendered":"\t\t<div data-elementor-type=\"wp-post\" data-elementor-id=\"989528\" class=\"elementor elementor-989528\" data-elementor-settings=\"[]\">\n\t\t\t\t\t\t<div class=\"elementor-inner\">\n\t\t\t\t\t\t\t<div class=\"elementor-section-wrap\">\n\t\t\t\t\t\t\t<section class=\"elementor-section elementor-top-section elementor-element elementor-element-3d1a39c elementor-section-full_width elementor-section-height-default elementor-section-height-default\" data-id=\"3d1a39c\" data-element_type=\"section\">\n\t\t\t\t\t\t<div class=\"elementor-container elementor-column-gap-default\">\n\t\t\t\t\t\t\t<div class=\"elementor-row\">\n\t\t\t\t\t<div class=\"elementor-column elementor-col-100 elementor-top-column elementor-element elementor-element-33e27d1f\" data-id=\"33e27d1f\" data-element_type=\"column\">\n\t\t\t<div class=\"elementor-column-wrap elementor-element-populated\">\n\t\t\t\t\t\t\t<div class=\"elementor-widget-wrap\">\n\t\t\t\t\t\t<div class=\"elementor-element elementor-element-f6fd765 elementor-widget elementor-widget-text-editor\" data-id=\"f6fd765\" data-element_type=\"widget\" data-widget_type=\"text-editor.default\">\n\t\t\t\t<div class=\"elementor-widget-container\">\n\t\t\t\t\t\t\t\t<div class=\"elementor-text-editor elementor-clearfix\">\n\t\t\t\t\t<p>W pi\u0105tek 30 kwietnia uczniowie i nauczyciele Ekonomika zako\u0144czyli realizacj\u0119 zada\u0144 w ramach pierwszej edycji og\u00f3lnopolskiego programu popularyzuj\u0105cego wiedz\u0119 ekonomiczn\u0105 w \u015brodowiskach szkolnych <strong>\u201eZ\u0142ote Szko\u0142y NBP\u201d<\/strong>.<br \/>W programie wzi\u0119\u0142y udzia\u0142 384 szko\u0142y podstawowe i ponadpodstawowe z ca\u0142ej Polski (4729 uczni\u00f3w i nauczycieli).<\/p>\t\t\t\t\t<\/div>\n\t\t\t\t\t\t<\/div>\n\t\t\t\t<\/div>\n\t\t\t\t<div class=\"elementor-element elementor-element-5c2c58ea elementor-aspect-ratio-169 elementor-widget elementor-widget-video\" data-id=\"5c2c58ea\" data-element_type=\"widget\" data-settings=\"{&quot;youtube_url&quot;:&quot;https:\\\/\\\/youtu.be\\\/plsjAbb09BU&quot;,&quot;video_type&quot;:&quot;youtube&quot;,&quot;controls&quot;:&quot;yes&quot;,&quot;aspect_ratio&quot;:&quot;169&quot;}\" data-widget_type=\"video.default\">\n\t\t\t\t<div class=\"elementor-widget-container\">\n\t\t\t\t\t<div class=\"elementor-wrapper elementor-fit-aspect-ratio elementor-open-inline\">\n\t\t\t<div class=\"elementor-video\"><\/div>\t\t<\/div>\n\t\t\t\t<\/div>\n\t\t\t\t<\/div>\n\t\t\t\t<div class=\"elementor-element elementor-element-fdac1c6 elementor-blockquote--skin-quotation elementor-blockquote--align-left elementor-blockquote--button-skin-link elementor-blockquote--button-color-custom elementor-blockquote--button-view-text elementor-widget elementor-widget-blockquote\" data-id=\"fdac1c6\" data-element_type=\"widget\" data-widget_type=\"blockquote.default\">\n\t\t\t\t<div class=\"elementor-widget-container\">\n\t\t\t\t\t<blockquote class=\"elementor-blockquote\">\n\t\t\t<p class=\"elementor-blockquote__content\">\n\t\t\t\tKoordynatorem programu w Ekonomiku jest pan prof. Damian Ka\u017amierczak, kt\u00f3ry do wsp\u00f3\u0142pracy zaprosi\u0142 nauczycieli naszej szko\u0142y, wyk\u0142adowc\u00f3w Wy\u017cszej Szko\u0142y Bankowej w Opolu oraz uczni\u00f3w klasy 2A, 2B oraz 2F.\t\t\t<\/p>\n\t\t\t\t\t\t\t<footer>\n\t\t\t\t\t\t\t\t\t\t\t\t\t\t\t\t<a href=\"https:\/\/twitter.com\/intent\/tweet?text=Koordynatorem+programu+w+Ekonomiku+jest+pan+prof.+Damian+Ka%C5%BAmierczak%2C+kt%C3%B3ry+do+wsp%C3%B3%C5%82pracy+zaprosi%C5%82+nauczycieli+naszej+szko%C5%82y%2C+wyk%C5%82adowc%C3%B3w+Wy%C5%BCszej+Szko%C5%82y+Bankowej+w+Opolu+oraz+uczni%C3%B3w+klasy+2A%2C+2B+oraz+2F.&amp;url=http%3A%2F%2Fekonomik.opole.pl%2Feko3%2Feko3%2Fwp-json%2Fwp%2Fv2%2Fposts%2F989528&amp;via=vamtam\" class=\"elementor-blockquote__tweet-button\" target=\"_blank\">\n\t\t\t\t\t\t\t\t\t\t\t\t\t\t\t\t\t\t\t\t\t\t<span class=\"elementor-blockquote__tweet-label\"><\/span>\n\t\t\t\t\t\t\t\t\t\t\t\t\t<\/a>\n\t\t\t\t\t\t\t\t\t<\/footer>\n\t\t\t\t\t<\/blockquote>\n\t\t\t\t<\/div>\n\t\t\t\t<\/div>\n\t\t\t\t<div class=\"elementor-element elementor-element-ba1e59c elementor-drop-cap-yes elementor-drop-cap-view-default elementor-widget elementor-widget-text-editor\" data-id=\"ba1e59c\" data-element_type=\"widget\" data-settings=\"{&quot;drop_cap&quot;:&quot;yes&quot;}\" data-widget_type=\"text-editor.default\">\n\t\t\t\t<div class=\"elementor-widget-container\">\n\t\t\t\t\t\t\t\t<div class=\"elementor-text-editor elementor-clearfix\">\n\t\t\t\t\t<div class=\"o9v6fnle cxmmr5t8 oygrvhab hcukyx3x c1et5uql ii04i59q\" style=\"overflow-wrap: break-word; margin-top: 0.5em; white-space: pre-wrap; font-family: 'Segoe UI Historic', 'Segoe UI', Helvetica, Arial, sans-serif; color: #050505; font-size: 14px; font-style: normal; font-variant-ligatures: normal; font-variant-caps: normal; font-weight: 400; letter-spacing: normal;\"><div dir=\"auto\"><span style=\"text-transform: var(--vamtam-primary-font-transform,none);\">W ramach programu realizowane by\u0142y trzy zadania: spotkanie z ekspertem, lekcja z ekonomi\u0105 oraz szkolna debata. <\/span><span style=\"text-transform: var(--vamtam-primary-font-transform,none);\">23 kwietnia odby\u0142a si\u0119 szkolna debata on-line z udzia\u0142em eksperta Wy\u017cszej Szko\u0142y Bankowej w Opolu, pani <strong>dr Agnieszki Gawlik<\/strong>, kt\u00f3r\u0105 przygotowali cz\u0142onkowie klubu europejskiego z klasy 2F pod kierunkiem pani prof. Urszuli Izdebskiej. Tez\u0105 debaty by\u0142o: \u201eCzy nier\u00f3wno\u015bci ekonomiczne zagra\u017caj\u0105 wsp\u00f3\u0142czesnemu \u015bwiatu?\u201d <br \/><\/span><\/div><div dir=\"auto\">\u00a0<\/div><\/div><div class=\"o9v6fnle cxmmr5t8 oygrvhab hcukyx3x c1et5uql ii04i59q\" style=\"overflow-wrap: break-word; margin-top: 0.5em; white-space: pre-wrap; font-family: 'Segoe UI Historic', 'Segoe UI', Helvetica, Arial, sans-serif; color: #050505; font-size: 14px; font-style: normal; font-variant-ligatures: normal; font-variant-caps: normal; font-weight: 400; letter-spacing: normal;\"><div dir=\"auto\">26 kwietnia nasi uczniowie uczestniczyli w zdalnej lekcji matematyki przygotowanej przez pani\u0105 <strong>prof. Beat\u0119 Wi\u015bniewsk\u0105<\/strong> oraz pana <strong>prof. Mariusza Wojasa<\/strong>, kt\u00f3rej tematem by\u0142y matematyczno-finansowe potyczki w banku dotycz\u0105ce lokat i kredyt\u00f3w. <br \/>&lt;br&gt;<\/div><\/div><div class=\"o9v6fnle cxmmr5t8 oygrvhab hcukyx3x c1et5uql ii04i59q\" style=\"overflow-wrap: break-word; margin-top: 0.5em; white-space: pre-wrap; font-family: 'Segoe UI Historic', 'Segoe UI', Helvetica, Arial, sans-serif; color: #050505; font-size: 14px; font-style: normal; font-variant-ligatures: normal; font-variant-caps: normal; font-weight: 400; letter-spacing: normal;\"><div dir=\"auto\">Wreszcie 27 kwietnia odby\u0142o si\u0119 zdalne spotkanie z ekspertem w dziedzinie finans\u00f3w Wy\u017cszej Szko\u0142y Bankowej w Opolu, panem dr. Rafa\u0142em Parvim, kt\u00f3ry zdradzi\u0142 naszym uczniom tajniki oszcz\u0119dzania, inwestowania i bezpiecznych zakup\u00f3w. Po spotkaniu Mateusz Radiemerski, ucze\u0144 klasy 2F przeprowadzi\u0142 wywiad z panem doktorem, kt\u00f3rego nagranie zosta\u0142o opublikowane na YouTube.<\/div><\/div><div class=\"o9v6fnle cxmmr5t8 oygrvhab hcukyx3x c1et5uql ii04i59q\" style=\"overflow-wrap: break-word; margin-top: 0.5em; white-space: pre-wrap; font-family: 'Segoe UI Historic', 'Segoe UI', Helvetica, Arial, sans-serif; color: #050505; font-size: 14px; font-style: normal; font-variant-ligatures: normal; font-variant-caps: normal; font-weight: 400; letter-spacing: normal;\"><div dir=\"auto\">Ostatni\u0105 form\u0105 aktywno\u015bci naszych uczni\u00f3w w ramach programu by\u0142a zdalna lekcja historii przygotowana przez pani\u0105 prof. Izabel\u0119 Go\u0142og\u00f3rsk\u0105 na temat Ksi\u0119stwa Warszawskiego \u2013 ma\u0142ego pa\u0144stwa wielkich nadziei, kt\u00f3ra odby\u0142a si\u0119 28 kwietnia. Poznaj\u0105c finansowe aspekty \u017cycia obywateli Ksi\u0119stwa Warszawskiego nasi uczniowie mogli przekona\u0107 si\u0119, \u017ce dzisiejszy \u015bwiat i rz\u0105dz\u0105ce nim zasady ekonomiczne nie r\u00f3\u017cni\u0105 si\u0119 tak bardzo od tych, wp\u0142ywaj\u0105cych na \u017cycie ludzi w XIX wieku, a poznaj\u0105c przesz\u0142o\u015b\u0107 mo\u017cna si\u0119 nauczy\u0107, jak omija\u0107 pu\u0142apki finansowe i wykorzystywa\u0107 nadarzaj\u0105ce si\u0119 okazje do wzbogacenia si\u0119.<\/div><\/div><div class=\"o9v6fnle cxmmr5t8 oygrvhab hcukyx3x c1et5uql ii04i59q\" style=\"overflow-wrap: break-word; margin-top: 0.5em; white-space: pre-wrap; font-family: 'Segoe UI Historic', 'Segoe UI', Helvetica, Arial, sans-serif; color: #050505; font-size: 14px; font-style: normal; font-variant-ligatures: normal; font-variant-caps: normal; font-weight: 400; letter-spacing: normal;\"><div dir=\"auto\"><span class=\"pq6dq46d tbxw36s4 knj5qynh kvgmc6g5 ditlmg2l oygrvhab nvdbi5me sf5mxxl7 gl3lb2sf hhz5lgdu\" style=\"margin-right: 1px; margin-left: 1px; height: 16px; width: 16px; font-weight: normal; display: inline-flex; vertical-align: middle; font-style: normal;\">\u00a0<\/span><\/div><\/div>\t\t\t\t\t<\/div>\n\t\t\t\t\t\t<\/div>\n\t\t\t\t<\/div>\n\t\t\t\t<div class=\"elementor-element elementor-element-546e3e4b elementor-widget elementor-widget-heading\" data-id=\"546e3e4b\" data-element_type=\"widget\" data-widget_type=\"heading.default\">\n\t\t\t\t<div class=\"elementor-widget-container\">\n\t\t\t<h3 class=\"elementor-heading-title elementor-size-default\">Wyniki konkursu ju\u017c w czerwcu!<\/h3>\t\t<\/div>\n\t\t\t\t<\/div>\n\t\t\t\t<div class=\"elementor-element elementor-element-4d8ebf7c elementor-widget elementor-widget-text-editor\" data-id=\"4d8ebf7c\" data-element_type=\"widget\" data-widget_type=\"text-editor.default\">\n\t\t\t\t<div class=\"elementor-widget-container\">\n\t\t\t\t\t\t\t\t<div class=\"elementor-text-editor elementor-clearfix\">\n\t\t\t\t\t<p>Bardzo dzi\u0119kujemy wszystkim naszym nauczycielom, uczniom oraz pracownikom <strong>Wy\u017cszej Szko\u0142y Bankowej w Opolu<\/strong> zaanga\u017cowanym w realizacj\u0119 zada\u0144 w ramach programu. Najp\u00f3\u017aniej 21 czerwca dowiemy si\u0119, czy nasza szko\u0142a zosta\u0142a <strong>\u201eZ\u0142ot\u0105 Szko\u0142\u0105 NBP\u201d<\/strong> i poznamy laureat\u00f3w najlepiej zrealizowanych zada\u0144 w danej kategorii.<\/p>\t\t\t\t\t<\/div>\n\t\t\t\t\t\t<\/div>\n\t\t\t\t<\/div>\n\t\t\t\t<div class=\"elementor-element elementor-element-79c0e4ab elementor-widget elementor-widget-spacer\" data-id=\"79c0e4ab\" data-element_type=\"widget\" data-widget_type=\"spacer.default\">\n\t\t\t\t<div class=\"elementor-widget-container\">\n\t\t\t\t\t<div class=\"elementor-spacer\">\n\t\t\t<div class=\"elementor-spacer-inner\"><\/div>\n\t\t<\/div>\n\t\t\t\t<\/div>\n\t\t\t\t<\/div>\n\t\t\t\t<div class=\"elementor-element elementor-element-4613ea0b elementor-widget-divider--view-line elementor-widget elementor-widget-divider\" data-id=\"4613ea0b\" data-element_type=\"widget\" data-widget_type=\"divider.default\">\n\t\t\t\t<div class=\"elementor-widget-container\">\n\t\t\t\t\t<div class=\"elementor-divider\">\n\t\t\t<span class=\"elementor-divider-separator\">\n\t\t\t\t\t\t<\/span>\n\t\t<\/div>\n\t\t\t\t<\/div>\n\t\t\t\t<\/div>\n\t\t\t\t<div class=\"elementor-element elementor-element-31b393ea elementor-widget elementor-widget-heading\" data-id=\"31b393ea\" data-element_type=\"widget\" data-widget_type=\"heading.default\">\n\t\t\t\t<div class=\"elementor-widget-container\">\n\t\t\t<h6 class=\"elementor-heading-title elementor-size-default\">sortuj wed\u0142ug wybranych tag\u00f3w i kategorii:<\/h6>\t\t<\/div>\n\t\t\t\t<\/div>\n\t\t\t\t\t\t<\/div>\n\t\t\t\t\t<\/div>\n\t\t<\/div>\n\t\t\t\t\t\t\t\t<\/div>\n\t\t\t\t\t<\/div>\n\t\t<\/section>\n\t\t\t\t\t\t<\/div>\n\t\t\t\t\t\t<\/div>\n\t\t\t\t\t<\/div>\n\t\t","protected":false},"excerpt":{"rendered":"<p>Debata na platformie TEAMS z udzia\u0142em uczni\u00f3w i nauczycieli Ekonomika oraz wyk\u0142adowc\u00f3w WSB w Opolu.<\/p>\n","protected":false},"author":2,"featured_media":989562,"comment_status":"closed","ping_status":"open","sticky":false,"template":"","format":"standard","meta":{"inline_featured_image":false},"categories":[87],"tags":[101,99,128],"_links":{"self":[{"href":"http:\/\/ekonomik.opole.pl\/eko3\/wp-json\/wp\/v2\/posts\/989528"}],"collection":[{"href":"http:\/\/ekonomik.opole.pl\/eko3\/wp-json\/wp\/v2\/posts"}],"about":[{"href":"http:\/\/ekonomik.opole.pl\/eko3\/wp-json\/wp\/v2\/types\/post"}],"author":[{"embeddable":true,"href":"http:\/\/ekonomik.opole.pl\/eko3\/wp-json\/wp\/v2\/users\/2"}],"replies":[{"embeddable":true,"href":"http:\/\/ekonomik.opole.pl\/eko3\/wp-json\/wp\/v2\/comments?post=989528"}],"version-history":[{"count":19,"href":"http:\/\/ekonomik.opole.pl\/eko3\/wp-json\/wp\/v2\/posts\/989528\/revisions"}],"predecessor-version":[{"id":989565,"href":"http:\/\/ekonomik.opole.pl\/eko3\/wp-json\/wp\/v2\/posts\/989528\/revisions\/989565"}],"wp:featuredmedia":[{"embeddable":true,"href":"http:\/\/ekonomik.opole.pl\/eko3\/wp-json\/wp\/v2\/media\/989562"}],"wp:attachment":[{"href":"http:\/\/ekonomik.opole.pl\/eko3\/wp-json\/wp\/v2\/media?parent=989528"}],"wp:term":[{"taxonomy":"category","embeddable":true,"href":"http:\/\/ekonomik.opole.pl\/eko3\/wp-json\/wp\/v2\/categories?post=989528"},{"taxonomy":"post_tag","embeddable":true,"href":"http:\/\/ekonomik.opole.pl\/eko3\/wp-json\/wp\/v2\/tags?post=989528"}],"curies":[{"name":"wp","href":"https:\/\/api.w.org\/{rel}","templated":true}]}}