{"id":992315,"date":"2021-05-17T10:53:25","date_gmt":"2021-05-17T10:53:25","guid":{"rendered":"http:\/\/ekonomik.opole.pl\/eko3\/?p=992315"},"modified":"2021-05-17T11:05:52","modified_gmt":"2021-05-17T11:05:52","slug":"witamy-na-nowej-stronie-www","status":"publish","type":"post","link":"http:\/\/ekonomik.opole.pl\/eko3\/witamy-na-nowej-stronie-www\/","title":{"rendered":"Witamy na nowej stronie www"},"content":{"rendered":"\t\t<div data-elementor-type=\"wp-post\" data-elementor-id=\"992315\" class=\"elementor elementor-992315\" data-elementor-settings=\"[]\">\n\t\t\t\t\t\t<div class=\"elementor-inner\">\n\t\t\t\t\t\t\t<div class=\"elementor-section-wrap\">\n\t\t\t\t\t\t\t<section class=\"elementor-section elementor-top-section elementor-element elementor-element-599b52f2 elementor-section-full_width elementor-section-height-default elementor-section-height-default\" data-id=\"599b52f2\" data-element_type=\"section\">\n\t\t\t\t\t\t<div class=\"elementor-container elementor-column-gap-default\">\n\t\t\t\t\t\t\t<div class=\"elementor-row\">\n\t\t\t\t\t<div class=\"elementor-column elementor-col-100 elementor-top-column elementor-element elementor-element-35d5d050\" data-id=\"35d5d050\" data-element_type=\"column\">\n\t\t\t<div class=\"elementor-column-wrap elementor-element-populated\">\n\t\t\t\t\t\t\t<div class=\"elementor-widget-wrap\">\n\t\t\t\t\t\t<div class=\"elementor-element elementor-element-18cf818e elementor-drop-cap-yes elementor-drop-cap-view-default elementor-widget elementor-widget-text-editor\" data-id=\"18cf818e\" data-element_type=\"widget\" data-settings=\"{&quot;drop_cap&quot;:&quot;yes&quot;}\" data-widget_type=\"text-editor.default\">\n\t\t\t\t<div class=\"elementor-widget-container\">\n\t\t\t\t\t\t\t\t<div class=\"elementor-text-editor elementor-clearfix\">\n\t\t\t\t\t<p>Dzi\u015b wystartowali\u015bmy z now\u0105 stron\u0105 internetow\u0105 Zespo\u0142u Szk\u00f3\u0142 Ekonomicznych w Opolu. Moment jest wyj\u0105tkowy, bo w\u0142a\u015bnie dzi\u015b otwiera si\u0119 system rekrutacyjny dla kandydat\u00f3w do szk\u00f3\u0142 \u015brednich. W zak\u0142adce\u00a0&#8217;<em>Rekrutacja<\/em>&#8217; dost\u0119pne s\u0105 najwa\u017cniejsze informacje zwi\u0105zane z terminami naboru do szk\u00f3\u0142 \u015brednich w Opolu.\u00a0<\/p>\t\t\t\t\t<\/div>\n\t\t\t\t\t\t<\/div>\n\t\t\t\t<\/div>\n\t\t\t\t<div class=\"elementor-element elementor-element-7ff7d882 elementor-widget-divider--separator-type-pattern elementor-widget-divider--no-spacing elementor-widget-divider--view-line elementor-widget elementor-widget-divider\" data-id=\"7ff7d882\" data-element_type=\"widget\" data-widget_type=\"divider.default\">\n\t\t\t\t<div class=\"elementor-widget-container\">\n\t\t\t\t\t<div class=\"elementor-divider\" style=\"--divider-pattern-url: url(&quot;data:image\/svg+xml,%3Csvg xmlns=&#039;http:\/\/www.w3.org\/2000\/svg&#039; preserveAspectRatio=&#039;xMidYMid meet&#039; overflow=&#039;visible&#039; height=&#039;100%&#039; viewBox=&#039;0 0 126 26&#039; fill=&#039;black&#039; stroke=&#039;none&#039;%3E%3Cpath d=&#039;M3,10.2c2.6,0,2.6,2,2.6,3.2S4.4,16.5,3,16.5s-3-1.4-3-3.2S0.4,10.2,3,10.2z M18.8,10.2c1.7,0,3.2,1.4,3.2,3.2s-1.4,3.2-3.2,3.2c-1.7,0-3.2-1.4-3.2-3.2S17,10.2,18.8,10.2z M34.6,10.2c1.5,0,2.6,1.4,2.6,3.2s-0.5,3.2-1.9,3.2c-1.5,0-3.4-1.4-3.4-3.2S33.1,10.2,34.6,10.2z M50.5,10.2c1.7,0,3.2,1.4,3.2,3.2s-1.4,3.2-3.2,3.2c-1.7,0-3.3-0.9-3.3-2.6S48.7,10.2,50.5,10.2z M66.2,10.2c1.5,0,3.4,1.4,3.4,3.2s-1.9,3.2-3.4,3.2c-1.5,0-2.6-0.4-2.6-2.1S64.8,10.2,66.2,10.2z M82.2,10.2c1.7,0.8,2.6,1.4,2.6,3.2s-0.1,3.2-1.6,3.2c-1.5,0-3.7-1.4-3.7-3.2S80.5,9.4,82.2,10.2zM98.6,10.2c1.5,0,2.6,0.4,2.6,2.1s-1.2,4.2-2.6,4.2c-1.5,0-3.7-0.4-3.7-2.1S97.1,10.2,98.6,10.2z M113.4,10.2c1.2,0,2.2,0.9,2.2,3.2s-0.1,3.2-1.3,3.2s-3.1-1.4-3.1-3.2S112.2,10.2,113.4,10.2z&#039;\/%3E%3C\/svg%3E&quot;);\">\n\t\t\t<span class=\"elementor-divider-separator\">\n\t\t\t\t\t\t<\/span>\n\t\t<\/div>\n\t\t\t\t<\/div>\n\t\t\t\t<\/div>\n\t\t\t\t<div class=\"elementor-element elementor-element-164990 elementor-widget-divider--view-line elementor-widget elementor-widget-divider\" data-id=\"164990\" data-element_type=\"widget\" data-widget_type=\"divider.default\">\n\t\t\t\t<div class=\"elementor-widget-container\">\n\t\t\t\t\t<div class=\"elementor-divider\">\n\t\t\t<span class=\"elementor-divider-separator\">\n\t\t\t\t\t\t<\/span>\n\t\t<\/div>\n\t\t\t\t<\/div>\n\t\t\t\t<\/div>\n\t\t\t\t<div class=\"elementor-element elementor-element-4d505e29 elementor-widget elementor-widget-heading\" data-id=\"4d505e29\" data-element_type=\"widget\" data-widget_type=\"heading.default\">\n\t\t\t\t<div class=\"elementor-widget-container\">\n\t\t\t<h3 class=\"elementor-heading-title elementor-size-default\">Miejsce na Tw\u00f3j ruch! <\/h3>\t\t<\/div>\n\t\t\t\t<\/div>\n\t\t\t\t<div class=\"elementor-element elementor-element-6b8095cf elementor-widget elementor-widget-text-editor\" data-id=\"6b8095cf\" data-element_type=\"widget\" data-widget_type=\"text-editor.default\">\n\t\t\t\t<div class=\"elementor-widget-container\">\n\t\t\t\t\t\t\t\t<div class=\"elementor-text-editor elementor-clearfix\">\n\t\t\t\t\t<p>Sw\u00f3j ruch na nowej stronie www wykonali nauczyciele przedmiot\u00f3w zawodowych i dyrekcja szko\u0142y. G\u0142\u00f3wnym architektem i administratorem zmian jest Pani Joanna Cybulka-Chruszcz &#8211; nauczycielka przedmiot\u00f3w zawodowych w techniku reklamy, techniku grafiki i poligrafii cyfrowej. Nad projektem strony pracowali tak\u017ce: Pani <span class=\"nc684nl6\">Ewa Nowak-K\u00fcbler<\/span>, Pan Piotr W\u00f3jcik, Pan Kamil Janik.\u00a0<\/p>\t\t\t\t\t<\/div>\n\t\t\t\t\t\t<\/div>\n\t\t\t\t<\/div>\n\t\t\t\t\t\t<\/div>\n\t\t\t\t\t<\/div>\n\t\t<\/div>\n\t\t\t\t\t\t\t\t<\/div>\n\t\t\t\t\t<\/div>\n\t\t<\/section>\n\t\t\t\t<section class=\"elementor-section elementor-top-section elementor-element elementor-element-9722fc5 elementor-section-boxed elementor-section-height-default elementor-section-height-default\" data-id=\"9722fc5\" data-element_type=\"section\">\n\t\t\t\t\t\t<div class=\"elementor-container elementor-column-gap-default\">\n\t\t\t\t\t\t\t<div class=\"elementor-row\">\n\t\t\t\t\t<div class=\"elementor-column elementor-col-100 elementor-top-column elementor-element elementor-element-d900aa7\" data-id=\"d900aa7\" data-element_type=\"column\">\n\t\t\t<div class=\"elementor-column-wrap elementor-element-populated\">\n\t\t\t\t\t\t\t<div class=\"elementor-widget-wrap\">\n\t\t\t\t\t\t<div class=\"elementor-element elementor-element-010a509 elementor-widget elementor-widget-spacer\" data-id=\"010a509\" data-element_type=\"widget\" data-widget_type=\"spacer.default\">\n\t\t\t\t<div class=\"elementor-widget-container\">\n\t\t\t\t\t<div class=\"elementor-spacer\">\n\t\t\t<div class=\"elementor-spacer-inner\"><\/div>\n\t\t<\/div>\n\t\t\t\t<\/div>\n\t\t\t\t<\/div>\n\t\t\t\t\t\t<\/div>\n\t\t\t\t\t<\/div>\n\t\t<\/div>\n\t\t\t\t\t\t\t\t<\/div>\n\t\t\t\t\t<\/div>\n\t\t<\/section>\n\t\t\t\t<section class=\"elementor-section elementor-top-section elementor-element elementor-element-7512436 elementor-section-boxed elementor-section-height-default elementor-section-height-default\" data-id=\"7512436\" data-element_type=\"section\">\n\t\t\t\t\t\t<div class=\"elementor-container elementor-column-gap-default\">\n\t\t\t\t\t\t\t<div class=\"elementor-row\">\n\t\t\t\t\t<div class=\"elementor-column elementor-col-100 elementor-top-column elementor-element elementor-element-ccc2705\" data-id=\"ccc2705\" data-element_type=\"column\">\n\t\t\t<div class=\"elementor-column-wrap elementor-element-populated\">\n\t\t\t\t\t\t\t<div class=\"elementor-widget-wrap\">\n\t\t\t\t\t\t<div class=\"elementor-element elementor-element-7041539 elementor-widget elementor-widget-image\" data-id=\"7041539\" data-element_type=\"widget\" data-widget_type=\"image.default\">\n\t\t\t\t<div class=\"elementor-widget-container\">\n\t\t\t\t\t\t\t\t<div class=\"elementor-image\">\n\t\t\t\t\t\t\t\t\t\t\t\t<img width=\"600\" height=\"371\" src=\"http:\/\/ekonomik.opole.pl\/eko3\/wp-content\/uploads\/2021\/05\/TYGRYS-K01.png\" class=\"attachment-large size-large\" alt=\"Tygrys Ekonomika\" loading=\"lazy\" srcset=\"http:\/\/ekonomik.opole.pl\/eko3\/wp-content\/uploads\/2021\/05\/TYGRYS-K01.png 600w, http:\/\/ekonomik.opole.pl\/eko3\/wp-content\/uploads\/2021\/05\/TYGRYS-K01-450x278.png 450w, http:\/\/ekonomik.opole.pl\/eko3\/wp-content\/uploads\/2021\/05\/TYGRYS-K01-300x186.png 300w, http:\/\/ekonomik.opole.pl\/eko3\/wp-content\/uploads\/2021\/05\/TYGRYS-K01-453x280.png 453w, http:\/\/ekonomik.opole.pl\/eko3\/wp-content\/uploads\/2021\/05\/TYGRYS-K01-340x210.png 340w\" sizes=\"(max-width: 600px) 100vw, 600px\" \/>\t\t\t\t\t\t\t\t\t\t\t\t\t\t<\/div>\n\t\t\t\t\t\t<\/div>\n\t\t\t\t<\/div>\n\t\t\t\t\t\t<\/div>\n\t\t\t\t\t<\/div>\n\t\t<\/div>\n\t\t\t\t\t\t\t\t<\/div>\n\t\t\t\t\t<\/div>\n\t\t<\/section>\n\t\t\t\t<section class=\"elementor-section elementor-top-section elementor-element elementor-element-3e5d48a8 elementor-section-full_width elementor-section-height-default elementor-section-height-default\" data-id=\"3e5d48a8\" data-element_type=\"section\">\n\t\t\t\t\t\t<div class=\"elementor-container elementor-column-gap-default\">\n\t\t\t\t\t\t\t<div class=\"elementor-row\">\n\t\t\t\t\t<div class=\"elementor-column elementor-col-100 elementor-top-column elementor-element elementor-element-524e97b5\" data-id=\"524e97b5\" data-element_type=\"column\">\n\t\t\t<div class=\"elementor-column-wrap elementor-element-populated\">\n\t\t\t\t\t\t\t<div class=\"elementor-widget-wrap\">\n\t\t\t\t\t\t<div class=\"elementor-element elementor-element-23bc1397 elementor-widget elementor-widget-text-editor\" data-id=\"23bc1397\" data-element_type=\"widget\" data-widget_type=\"text-editor.default\">\n\t\t\t\t<div class=\"elementor-widget-container\">\n\t\t\t\t\t\t\t\t<div class=\"elementor-text-editor elementor-clearfix\">\n\t\t\t\t\t<p><span style=\"color: var(--vamtam-primary-font-color); letter-spacing: var(--vamtam-primary-font-letter-spacing-desktop,normal); text-transform: var(--vamtam-primary-font-transform,none);\">Elementy graficzne opracowali: Florian Rychlik, Wit Chruszcz, Samuel Weber.\u00a0<\/span><span style=\"letter-spacing: 0.2px;\">Bardzo dzi\u0119kujemy Panu Tomaszowi Komuszy\u0144skiemu za administrowanie poprzedniej strony www.<\/span><\/p><div class=\"o9v6fnle cxmmr5t8 oygrvhab hcukyx3x c1et5uql ii04i59q\"><div dir=\"auto\"><strong>B\u0119dziemy nadal pracowa\u0107 nad funkcjonalno\u015bci\u0105 i responsywno\u015bci\u0105 strony.\u00a0<\/strong><\/div><\/div>\t\t\t\t\t<\/div>\n\t\t\t\t\t\t<\/div>\n\t\t\t\t<\/div>\n\t\t\t\t<div class=\"elementor-element elementor-element-67aab2f0 elementor-widget elementor-widget-spacer\" data-id=\"67aab2f0\" data-element_type=\"widget\" data-widget_type=\"spacer.default\">\n\t\t\t\t<div class=\"elementor-widget-container\">\n\t\t\t\t\t<div class=\"elementor-spacer\">\n\t\t\t<div class=\"elementor-spacer-inner\"><\/div>\n\t\t<\/div>\n\t\t\t\t<\/div>\n\t\t\t\t<\/div>\n\t\t\t\t<div class=\"elementor-element elementor-element-4f893d67 elementor-widget-divider--view-line elementor-widget elementor-widget-divider\" data-id=\"4f893d67\" data-element_type=\"widget\" data-widget_type=\"divider.default\">\n\t\t\t\t<div class=\"elementor-widget-container\">\n\t\t\t\t\t<div class=\"elementor-divider\">\n\t\t\t<span class=\"elementor-divider-separator\">\n\t\t\t\t\t\t<\/span>\n\t\t<\/div>\n\t\t\t\t<\/div>\n\t\t\t\t<\/div>\n\t\t\t\t<div class=\"elementor-element elementor-element-450c7abd elementor-widget elementor-widget-heading\" data-id=\"450c7abd\" data-element_type=\"widget\" data-widget_type=\"heading.default\">\n\t\t\t\t<div class=\"elementor-widget-container\">\n\t\t\t<h6 class=\"elementor-heading-title elementor-size-default\">sortuj wed\u0142ug wybranych tag\u00f3w i kategorii:<\/h6>\t\t<\/div>\n\t\t\t\t<\/div>\n\t\t\t\t\t\t<\/div>\n\t\t\t\t\t<\/div>\n\t\t<\/div>\n\t\t\t\t\t\t\t\t<\/div>\n\t\t\t\t\t<\/div>\n\t\t<\/section>\n\t\t\t\t\t\t<\/div>\n\t\t\t\t\t\t<\/div>\n\t\t\t\t\t<\/div>\n\t\t","protected":false},"excerpt":{"rendered":"<p>Dzi\u015b wystartowali\u015bmy z now\u0105 stron\u0105 internetow\u0105 Zespo\u0142u Szk\u00f3\u0142 Ekonomicznych w Opolu. Moment jest wyj\u0105tkowy, bo w\u0142a\u015bnie dzi\u015b otwiera si\u0119 system rekrutacyjny dla kandydat\u00f3w do szk\u00f3\u0142 \u015brednich. W zak\u0142adce\u00a0&#8217;Rekrutacja&#8217; dost\u0119pne s\u0105 najwa\u017cniejsze informacje zwi\u0105zane z terminami naboru do szk\u00f3\u0142 \u015brednich w Opolu.\u00a0 Miejsce na Tw\u00f3j ruch! Sw\u00f3j ruch na nowej stronie www wykonali nauczyciele przedmiot\u00f3w zawodowych&#8230;<\/p>\n","protected":false},"author":2,"featured_media":988688,"comment_status":"closed","ping_status":"open","sticky":false,"template":"","format":"standard","meta":{"inline_featured_image":false},"categories":[85,105,114],"tags":[150,106,151],"_links":{"self":[{"href":"http:\/\/ekonomik.opole.pl\/eko3\/wp-json\/wp\/v2\/posts\/992315"}],"collection":[{"href":"http:\/\/ekonomik.opole.pl\/eko3\/wp-json\/wp\/v2\/posts"}],"about":[{"href":"http:\/\/ekonomik.opole.pl\/eko3\/wp-json\/wp\/v2\/types\/post"}],"author":[{"embeddable":true,"href":"http:\/\/ekonomik.opole.pl\/eko3\/wp-json\/wp\/v2\/users\/2"}],"replies":[{"embeddable":true,"href":"http:\/\/ekonomik.opole.pl\/eko3\/wp-json\/wp\/v2\/comments?post=992315"}],"version-history":[{"count":4,"href":"http:\/\/ekonomik.opole.pl\/eko3\/wp-json\/wp\/v2\/posts\/992315\/revisions"}],"predecessor-version":[{"id":992319,"href":"http:\/\/ekonomik.opole.pl\/eko3\/wp-json\/wp\/v2\/posts\/992315\/revisions\/992319"}],"wp:featuredmedia":[{"embeddable":true,"href":"http:\/\/ekonomik.opole.pl\/eko3\/wp-json\/wp\/v2\/media\/988688"}],"wp:attachment":[{"href":"http:\/\/ekonomik.opole.pl\/eko3\/wp-json\/wp\/v2\/media?parent=992315"}],"wp:term":[{"taxonomy":"category","embeddable":true,"href":"http:\/\/ekonomik.opole.pl\/eko3\/wp-json\/wp\/v2\/categories?post=992315"},{"taxonomy":"post_tag","embeddable":true,"href":"http:\/\/ekonomik.opole.pl\/eko3\/wp-json\/wp\/v2\/tags?post=992315"}],"curies":[{"name":"wp","href":"https:\/\/api.w.org\/{rel}","templated":true}]}}