{"id":992452,"date":"2021-05-21T07:40:22","date_gmt":"2021-05-21T07:40:22","guid":{"rendered":"http:\/\/ekonomik.opole.pl\/eko3\/?p=992452"},"modified":"2021-05-21T07:41:43","modified_gmt":"2021-05-21T07:41:43","slug":"od-17-maja-do-21-czerwca-rejestracja-kandydatow-do-szkol-ponadpodstawowych","status":"publish","type":"post","link":"http:\/\/ekonomik.opole.pl\/eko3\/od-17-maja-do-21-czerwca-rejestracja-kandydatow-do-szkol-ponadpodstawowych\/","title":{"rendered":"Od 17 maja do 21 czerwca rejestracja kandydat\u00f3w do szk\u00f3\u0142 ponadpodstawowych"},"content":{"rendered":"\t\t<div data-elementor-type=\"wp-post\" data-elementor-id=\"992452\" class=\"elementor elementor-992452\" data-elementor-settings=\"[]\">\n\t\t\t\t\t\t<div class=\"elementor-inner\">\n\t\t\t\t\t\t\t<div class=\"elementor-section-wrap\">\n\t\t\t\t\t\t\t<section class=\"elementor-section elementor-top-section elementor-element elementor-element-a65058f elementor-section-full_width elementor-section-height-default elementor-section-height-default\" data-id=\"a65058f\" data-element_type=\"section\">\n\t\t\t\t\t\t<div class=\"elementor-container elementor-column-gap-default\">\n\t\t\t\t\t\t\t<div class=\"elementor-row\">\n\t\t\t\t\t<div class=\"elementor-column elementor-col-100 elementor-top-column elementor-element elementor-element-3d74e5a0\" data-id=\"3d74e5a0\" data-element_type=\"column\">\n\t\t\t<div class=\"elementor-column-wrap elementor-element-populated\">\n\t\t\t\t\t\t\t<div class=\"elementor-widget-wrap\">\n\t\t\t\t\t\t<div class=\"elementor-element elementor-element-69387490 elementor-drop-cap-yes elementor-drop-cap-view-default elementor-widget elementor-widget-text-editor\" data-id=\"69387490\" data-element_type=\"widget\" data-settings=\"{&quot;drop_cap&quot;:&quot;yes&quot;}\" data-widget_type=\"text-editor.default\">\n\t\t\t\t<div class=\"elementor-widget-container\">\n\t\t\t\t\t\t\t\t<div class=\"elementor-text-editor elementor-clearfix\">\n\t\t\t\t\t<p>Od 17 maja na stronie <a href=\"https:\/\/opolskie.edu.com.pl\/kandydat\/app\/offer_school_details_pg.html?schoolId=15\"><strong>opolskie.edu.com.pl<\/strong><\/a> mo\u017cna zg\u0142asza\u0107 swoj\u0105 kandydatur\u0119 do wybranej szko\u0142y ponadpodstawowej.\u00a0 Rejestracja kandydat\u00f3w zako\u0144czy si\u0119 21 czerwca o godzinie 15:00. Zapoznaj si\u0119 z pe\u0142n\u0105 ofert\u0105 Technikum nr 3 w Opolu. To miejsce na Tw\u00f3j ruch. W ofercie edukacyjnej Ekonomika znajdziesz najbardziej <span style=\"text-decoration: underline;\"><a href=\"http:\/\/ekonomik.opole.pl\/eko3\/kierunki\/#zawody_przyszlosci\">przysz\u0142o\u015bciowe zawody<\/a><\/span> mi.in.: <a href=\"http:\/\/ekonomik.opole.pl\/eko3\/kierunki\/technik-programista\/\"><strong>technika programist\u0119<\/strong><\/a>, <a href=\"http:\/\/ekonomik.opole.pl\/eko3\/kierunki\/technik-reklamy\/\"><strong>technika reklamy<\/strong><\/a>, <a href=\"http:\/\/ekonomik.opole.pl\/eko3\/kierunki\/technik-rachunkowosci\/\"><strong>technika rachunkowo\u015bci<\/strong><\/a>, <a href=\"http:\/\/ekonomik.opole.pl\/eko3\/kierunki\/technik-grafiki-i-poligrafii-cyfrowej\/\"><strong>technika grafiki i poligrafii cyfrowej,\u00a0 <\/strong><\/a><a href=\"http:\/\/ekonomik.opole.pl\/eko3\/kierunki\/technik-fotografii-i-multimediow\/\"><strong>technika fotografii i multimedi\u00f3w.<\/strong><\/a><\/p>\t\t\t\t\t<\/div>\n\t\t\t\t\t\t<\/div>\n\t\t\t\t<\/div>\n\t\t\t\t<div class=\"elementor-element elementor-element-4738ed87 elementor-widget-divider--separator-type-pattern elementor-widget-divider--no-spacing elementor-widget-divider--view-line elementor-widget elementor-widget-divider\" data-id=\"4738ed87\" data-element_type=\"widget\" data-widget_type=\"divider.default\">\n\t\t\t\t<div class=\"elementor-widget-container\">\n\t\t\t\t\t<div class=\"elementor-divider\" style=\"--divider-pattern-url: url(&quot;data:image\/svg+xml,%3Csvg xmlns=&#039;http:\/\/www.w3.org\/2000\/svg&#039; preserveAspectRatio=&#039;xMidYMid meet&#039; overflow=&#039;visible&#039; height=&#039;100%&#039; viewBox=&#039;0 0 126 26&#039; fill=&#039;black&#039; stroke=&#039;none&#039;%3E%3Cpath d=&#039;M3,10.2c2.6,0,2.6,2,2.6,3.2S4.4,16.5,3,16.5s-3-1.4-3-3.2S0.4,10.2,3,10.2z M18.8,10.2c1.7,0,3.2,1.4,3.2,3.2s-1.4,3.2-3.2,3.2c-1.7,0-3.2-1.4-3.2-3.2S17,10.2,18.8,10.2z M34.6,10.2c1.5,0,2.6,1.4,2.6,3.2s-0.5,3.2-1.9,3.2c-1.5,0-3.4-1.4-3.4-3.2S33.1,10.2,34.6,10.2z M50.5,10.2c1.7,0,3.2,1.4,3.2,3.2s-1.4,3.2-3.2,3.2c-1.7,0-3.3-0.9-3.3-2.6S48.7,10.2,50.5,10.2z M66.2,10.2c1.5,0,3.4,1.4,3.4,3.2s-1.9,3.2-3.4,3.2c-1.5,0-2.6-0.4-2.6-2.1S64.8,10.2,66.2,10.2z M82.2,10.2c1.7,0.8,2.6,1.4,2.6,3.2s-0.1,3.2-1.6,3.2c-1.5,0-3.7-1.4-3.7-3.2S80.5,9.4,82.2,10.2zM98.6,10.2c1.5,0,2.6,0.4,2.6,2.1s-1.2,4.2-2.6,4.2c-1.5,0-3.7-0.4-3.7-2.1S97.1,10.2,98.6,10.2z M113.4,10.2c1.2,0,2.2,0.9,2.2,3.2s-0.1,3.2-1.3,3.2s-3.1-1.4-3.1-3.2S112.2,10.2,113.4,10.2z&#039;\/%3E%3C\/svg%3E&quot;);\">\n\t\t\t<span class=\"elementor-divider-separator\">\n\t\t\t\t\t\t<\/span>\n\t\t<\/div>\n\t\t\t\t<\/div>\n\t\t\t\t<\/div>\n\t\t\t\t<div class=\"elementor-element elementor-element-51448e8b elementor-widget-divider--view-line elementor-widget elementor-widget-divider\" data-id=\"51448e8b\" data-element_type=\"widget\" data-widget_type=\"divider.default\">\n\t\t\t\t<div class=\"elementor-widget-container\">\n\t\t\t\t\t<div class=\"elementor-divider\">\n\t\t\t<span class=\"elementor-divider-separator\">\n\t\t\t\t\t\t<\/span>\n\t\t<\/div>\n\t\t\t\t<\/div>\n\t\t\t\t<\/div>\n\t\t\t\t<div class=\"elementor-element elementor-element-5641b949 elementor-widget elementor-widget-heading\" data-id=\"5641b949\" data-element_type=\"widget\" data-widget_type=\"heading.default\">\n\t\t\t\t<div class=\"elementor-widget-container\">\n\t\t\t<h3 class=\"elementor-heading-title elementor-size-default\">Tu masz konkret! Matura + zaw\u00f3d <\/h3>\t\t<\/div>\n\t\t\t\t<\/div>\n\t\t\t\t<div class=\"elementor-element elementor-element-6f624840 elementor-widget elementor-widget-text-editor\" data-id=\"6f624840\" data-element_type=\"widget\" data-widget_type=\"text-editor.default\">\n\t\t\t\t<div class=\"elementor-widget-container\">\n\t\t\t\t\t\t\t\t<div class=\"elementor-text-editor elementor-clearfix\">\n\t\t\t\t\t<p>Technikum<strong> daje wi\u0119cej.<\/strong> Opr\u00f3cz mo\u017cliwo\u015bci uzyskania tytu\u0142u technika, zdajesz matur\u0119 i masz mo\u017cliwo\u015b\u0107 kontynuowania nauki na wy\u017cszych uczelniach. Dok\u0142adamy jeszcze do\u015bwiadczenie zawodowe, kt\u00f3re zdobywasz podczas <a href=\"http:\/\/ekonomik.opole.pl\/eko3\/praktyki-zawodowe\/\"><strong>praktyk zawodowych<\/strong><\/a> w klasie trzeciej i pi\u0105tej. Dla ch\u0119tnych istnieje mo\u017cliwo\u015b\u0107 wyjazdu na sta\u017ce zawodowe do Irlandii, Hiszpanii lub Austrii.\u00a0<\/p>\t\t\t\t\t<\/div>\n\t\t\t\t\t\t<\/div>\n\t\t\t\t<\/div>\n\t\t\t\t\t\t<\/div>\n\t\t\t\t\t<\/div>\n\t\t<\/div>\n\t\t\t\t\t\t\t\t<\/div>\n\t\t\t\t\t<\/div>\n\t\t<\/section>\n\t\t\t\t<section class=\"elementor-section elementor-top-section elementor-element elementor-element-2e4b5692 elementor-section-full_width elementor-section-height-default elementor-section-height-default\" data-id=\"2e4b5692\" data-element_type=\"section\">\n\t\t\t\t\t\t<div class=\"elementor-container elementor-column-gap-default\">\n\t\t\t\t\t\t\t<div class=\"elementor-row\">\n\t\t\t\t\t<div class=\"elementor-column elementor-col-100 elementor-top-column elementor-element elementor-element-5c59910b\" data-id=\"5c59910b\" data-element_type=\"column\">\n\t\t\t<div class=\"elementor-column-wrap elementor-element-populated\">\n\t\t\t\t\t\t\t<div class=\"elementor-widget-wrap\">\n\t\t\t\t\t\t<div class=\"elementor-element elementor-element-838404d elementor-aspect-ratio-169 elementor-widget elementor-widget-video\" data-id=\"838404d\" data-element_type=\"widget\" data-settings=\"{&quot;youtube_url&quot;:&quot;https:\\\/\\\/www.youtube.com\\\/watch?v=YLY-DsbDHng&amp;t=2s&quot;,&quot;video_type&quot;:&quot;youtube&quot;,&quot;controls&quot;:&quot;yes&quot;,&quot;aspect_ratio&quot;:&quot;169&quot;}\" data-widget_type=\"video.default\">\n\t\t\t\t<div class=\"elementor-widget-container\">\n\t\t\t\t\t<div class=\"elementor-wrapper elementor-fit-aspect-ratio elementor-open-inline\">\n\t\t\t<div class=\"elementor-video\"><\/div>\t\t<\/div>\n\t\t\t\t<\/div>\n\t\t\t\t<\/div>\n\t\t\t\t<div class=\"elementor-element elementor-element-218d2ecc elementor-widget elementor-widget-spacer\" data-id=\"218d2ecc\" data-element_type=\"widget\" data-widget_type=\"spacer.default\">\n\t\t\t\t<div class=\"elementor-widget-container\">\n\t\t\t\t\t<div class=\"elementor-spacer\">\n\t\t\t<div class=\"elementor-spacer-inner\"><\/div>\n\t\t<\/div>\n\t\t\t\t<\/div>\n\t\t\t\t<\/div>\n\t\t\t\t<div class=\"elementor-element elementor-element-5927cba2 elementor-widget-divider--view-line elementor-widget elementor-widget-divider\" data-id=\"5927cba2\" data-element_type=\"widget\" data-widget_type=\"divider.default\">\n\t\t\t\t<div class=\"elementor-widget-container\">\n\t\t\t\t\t<div class=\"elementor-divider\">\n\t\t\t<span class=\"elementor-divider-separator\">\n\t\t\t\t\t\t<\/span>\n\t\t<\/div>\n\t\t\t\t<\/div>\n\t\t\t\t<\/div>\n\t\t\t\t<div class=\"elementor-element elementor-element-125d5175 elementor-widget elementor-widget-heading\" data-id=\"125d5175\" data-element_type=\"widget\" data-widget_type=\"heading.default\">\n\t\t\t\t<div class=\"elementor-widget-container\">\n\t\t\t<h6 class=\"elementor-heading-title elementor-size-default\">sortuj wed\u0142ug wybranych tag\u00f3w i kategorii:<\/h6>\t\t<\/div>\n\t\t\t\t<\/div>\n\t\t\t\t\t\t<\/div>\n\t\t\t\t\t<\/div>\n\t\t<\/div>\n\t\t\t\t\t\t\t\t<\/div>\n\t\t\t\t\t<\/div>\n\t\t<\/section>\n\t\t\t\t\t\t<\/div>\n\t\t\t\t\t\t<\/div>\n\t\t\t\t\t<\/div>\n\t\t","protected":false},"excerpt":{"rendered":"<p>Od 17 maja na stronie opolskie.edu.com.pl mo\u017cna zg\u0142asza\u0107 swoj\u0105 kandydatur\u0119 do wybranej szko\u0142y ponadpodstawowej.\u00a0 Rejestracja kandydat\u00f3w zako\u0144czy si\u0119 21 czerwca o godzinie 15:00. Zapoznaj si\u0119 z pe\u0142n\u0105 ofert\u0105 Technikum nr 3 w Opolu. To miejsce na Tw\u00f3j ruch. W ofercie edukacyjnej Ekonomika znajdziesz najbardziej przysz\u0142o\u015bciowe zawody mi.in.: technika programist\u0119, technika reklamy, technika rachunkowo\u015bci, technika grafiki&#8230;<\/p>\n","protected":false},"author":2,"featured_media":992454,"comment_status":"closed","ping_status":"open","sticky":false,"template":"","format":"standard","meta":{"inline_featured_image":false},"categories":[87,88,85,86,89,90,91,105],"tags":[157,106],"_links":{"self":[{"href":"http:\/\/ekonomik.opole.pl\/eko3\/wp-json\/wp\/v2\/posts\/992452"}],"collection":[{"href":"http:\/\/ekonomik.opole.pl\/eko3\/wp-json\/wp\/v2\/posts"}],"about":[{"href":"http:\/\/ekonomik.opole.pl\/eko3\/wp-json\/wp\/v2\/types\/post"}],"author":[{"embeddable":true,"href":"http:\/\/ekonomik.opole.pl\/eko3\/wp-json\/wp\/v2\/users\/2"}],"replies":[{"embeddable":true,"href":"http:\/\/ekonomik.opole.pl\/eko3\/wp-json\/wp\/v2\/comments?post=992452"}],"version-history":[{"count":4,"href":"http:\/\/ekonomik.opole.pl\/eko3\/wp-json\/wp\/v2\/posts\/992452\/revisions"}],"predecessor-version":[{"id":992457,"href":"http:\/\/ekonomik.opole.pl\/eko3\/wp-json\/wp\/v2\/posts\/992452\/revisions\/992457"}],"wp:featuredmedia":[{"embeddable":true,"href":"http:\/\/ekonomik.opole.pl\/eko3\/wp-json\/wp\/v2\/media\/992454"}],"wp:attachment":[{"href":"http:\/\/ekonomik.opole.pl\/eko3\/wp-json\/wp\/v2\/media?parent=992452"}],"wp:term":[{"taxonomy":"category","embeddable":true,"href":"http:\/\/ekonomik.opole.pl\/eko3\/wp-json\/wp\/v2\/categories?post=992452"},{"taxonomy":"post_tag","embeddable":true,"href":"http:\/\/ekonomik.opole.pl\/eko3\/wp-json\/wp\/v2\/tags?post=992452"}],"curies":[{"name":"wp","href":"https:\/\/api.w.org\/{rel}","templated":true}]}}