{"id":992469,"date":"2021-05-21T13:14:43","date_gmt":"2021-05-21T13:14:43","guid":{"rendered":"http:\/\/ekonomik.opole.pl\/eko3\/?p=992469"},"modified":"2021-05-21T13:23:45","modified_gmt":"2021-05-21T13:23:45","slug":"stypendium-prezesa-rady-ministrow-reforma","status":"publish","type":"post","link":"http:\/\/ekonomik.opole.pl\/eko3\/stypendium-prezesa-rady-ministrow-reforma\/","title":{"rendered":"Stypendium Prezesa Rady Ministr\u00f3w &#8211; reforma"},"content":{"rendered":"\t\t<div data-elementor-type=\"wp-post\" data-elementor-id=\"992469\" class=\"elementor elementor-992469\" data-elementor-settings=\"[]\">\n\t\t\t\t\t\t<div class=\"elementor-inner\">\n\t\t\t\t\t\t\t<div class=\"elementor-section-wrap\">\n\t\t\t\t\t\t\t<section class=\"elementor-section elementor-top-section elementor-element elementor-element-5ef83af elementor-section-boxed elementor-section-height-default elementor-section-height-default\" data-id=\"5ef83af\" data-element_type=\"section\">\n\t\t\t\t\t\t<div class=\"elementor-container elementor-column-gap-default\">\n\t\t\t\t\t\t\t<div class=\"elementor-row\">\n\t\t\t\t\t<div class=\"elementor-column elementor-col-100 elementor-top-column elementor-element elementor-element-25cf2d5\" data-id=\"25cf2d5\" data-element_type=\"column\">\n\t\t\t<div class=\"elementor-column-wrap elementor-element-populated\">\n\t\t\t\t\t\t\t<div class=\"elementor-widget-wrap\">\n\t\t\t\t\t\t<div class=\"elementor-element elementor-element-e673373 elementor-widget elementor-widget-heading\" data-id=\"e673373\" data-element_type=\"widget\" data-widget_type=\"heading.default\">\n\t\t\t\t<div class=\"elementor-widget-container\">\n\t\t\t<h2 class=\"elementor-heading-title elementor-size-default\">Zg\u0142aszajcie swoje pomys\u0142y! <\/h2>\t\t<\/div>\n\t\t\t\t<\/div>\n\t\t\t\t\t\t<\/div>\n\t\t\t\t\t<\/div>\n\t\t<\/div>\n\t\t\t\t\t\t\t\t<\/div>\n\t\t\t\t\t<\/div>\n\t\t<\/section>\n\t\t\t\t<section class=\"elementor-section elementor-top-section elementor-element elementor-element-a5543ac elementor-section-boxed elementor-section-height-default elementor-section-height-default\" data-id=\"a5543ac\" data-element_type=\"section\">\n\t\t\t\t\t\t<div class=\"elementor-container elementor-column-gap-default\">\n\t\t\t\t\t\t\t<div class=\"elementor-row\">\n\t\t\t\t\t<div class=\"elementor-column elementor-col-100 elementor-top-column elementor-element elementor-element-5a79a43\" data-id=\"5a79a43\" data-element_type=\"column\">\n\t\t\t<div class=\"elementor-column-wrap elementor-element-populated\">\n\t\t\t\t\t\t\t<div class=\"elementor-widget-wrap\">\n\t\t\t\t\t\t<div class=\"elementor-element elementor-element-7b54830 elementor-widget elementor-widget-spacer\" data-id=\"7b54830\" data-element_type=\"widget\" data-widget_type=\"spacer.default\">\n\t\t\t\t<div class=\"elementor-widget-container\">\n\t\t\t\t\t<div class=\"elementor-spacer\">\n\t\t\t<div class=\"elementor-spacer-inner\"><\/div>\n\t\t<\/div>\n\t\t\t\t<\/div>\n\t\t\t\t<\/div>\n\t\t\t\t\t\t<\/div>\n\t\t\t\t\t<\/div>\n\t\t<\/div>\n\t\t\t\t\t\t\t\t<\/div>\n\t\t\t\t\t<\/div>\n\t\t<\/section>\n\t\t\t\t<section class=\"elementor-section elementor-top-section elementor-element elementor-element-233a61d elementor-section-boxed elementor-section-height-default elementor-section-height-default\" data-id=\"233a61d\" data-element_type=\"section\">\n\t\t\t\t\t\t<div class=\"elementor-container elementor-column-gap-default\">\n\t\t\t\t\t\t\t<div class=\"elementor-row\">\n\t\t\t\t\t<div class=\"elementor-column elementor-col-100 elementor-top-column elementor-element elementor-element-37a41b8\" data-id=\"37a41b8\" data-element_type=\"column\">\n\t\t\t<div class=\"elementor-column-wrap elementor-element-populated\">\n\t\t\t\t\t\t\t<div class=\"elementor-widget-wrap\">\n\t\t\t\t\t\t<div class=\"elementor-element elementor-element-6497d6e elementor-widget elementor-widget-image\" data-id=\"6497d6e\" data-element_type=\"widget\" data-widget_type=\"image.default\">\n\t\t\t\t<div class=\"elementor-widget-container\">\n\t\t\t\t\t\t\t\t<div class=\"elementor-image\">\n\t\t\t\t\t\t\t\t\t\t\t\t<img width=\"1024\" height=\"280\" src=\"http:\/\/ekonomik.opole.pl\/eko3\/wp-content\/uploads\/2021\/05\/stypendium-1024x280.jpg\" class=\"attachment-large size-large\" alt=\"\" loading=\"lazy\" srcset=\"http:\/\/ekonomik.opole.pl\/eko3\/wp-content\/uploads\/2021\/05\/stypendium-1024x280.jpg 1024w, http:\/\/ekonomik.opole.pl\/eko3\/wp-content\/uploads\/2021\/05\/stypendium-680x186.jpg 680w, http:\/\/ekonomik.opole.pl\/eko3\/wp-content\/uploads\/2021\/05\/stypendium-300x82.jpg 300w, http:\/\/ekonomik.opole.pl\/eko3\/wp-content\/uploads\/2021\/05\/stypendium-768x210.jpg 768w, http:\/\/ekonomik.opole.pl\/eko3\/wp-content\/uploads\/2021\/05\/stypendium-453x124.jpg 453w, http:\/\/ekonomik.opole.pl\/eko3\/wp-content\/uploads\/2021\/05\/stypendium-906x248.jpg 906w, http:\/\/ekonomik.opole.pl\/eko3\/wp-content\/uploads\/2021\/05\/stypendium-340x93.jpg 340w, http:\/\/ekonomik.opole.pl\/eko3\/wp-content\/uploads\/2021\/05\/stypendium.jpg 1300w\" sizes=\"(max-width: 1024px) 100vw, 1024px\" \/>\t\t\t\t\t\t\t\t\t\t\t\t\t\t<\/div>\n\t\t\t\t\t\t<\/div>\n\t\t\t\t<\/div>\n\t\t\t\t\t\t<\/div>\n\t\t\t\t\t<\/div>\n\t\t<\/div>\n\t\t\t\t\t\t\t\t<\/div>\n\t\t\t\t\t<\/div>\n\t\t<\/section>\n\t\t\t\t<section class=\"elementor-section elementor-top-section elementor-element elementor-element-f40043b elementor-section-boxed elementor-section-height-default elementor-section-height-default\" data-id=\"f40043b\" data-element_type=\"section\">\n\t\t\t\t\t\t<div class=\"elementor-container elementor-column-gap-default\">\n\t\t\t\t\t\t\t<div class=\"elementor-row\">\n\t\t\t\t\t<div class=\"elementor-column elementor-col-33 elementor-top-column elementor-element elementor-element-7f0a342\" data-id=\"7f0a342\" data-element_type=\"column\">\n\t\t\t<div class=\"elementor-column-wrap elementor-element-populated\">\n\t\t\t\t\t\t\t<div class=\"elementor-widget-wrap\">\n\t\t\t\t\t\t<div class=\"elementor-element elementor-element-cf176b6 elementor-aspect-ratio-169 elementor-widget elementor-widget-video\" data-id=\"cf176b6\" data-element_type=\"widget\" data-settings=\"{&quot;youtube_url&quot;:&quot;https:\\\/\\\/www.youtube.com\\\/watch?v=gq8DAwjWej8&quot;,&quot;video_type&quot;:&quot;youtube&quot;,&quot;controls&quot;:&quot;yes&quot;,&quot;aspect_ratio&quot;:&quot;169&quot;}\" data-widget_type=\"video.default\">\n\t\t\t\t<div class=\"elementor-widget-container\">\n\t\t\t\t\t<div class=\"elementor-wrapper elementor-fit-aspect-ratio elementor-open-inline\">\n\t\t\t<div class=\"elementor-video\"><\/div>\t\t<\/div>\n\t\t\t\t<\/div>\n\t\t\t\t<\/div>\n\t\t\t\t\t\t<\/div>\n\t\t\t\t\t<\/div>\n\t\t<\/div>\n\t\t\t\t<div class=\"elementor-column elementor-col-66 elementor-top-column elementor-element elementor-element-f6ec8cf\" data-id=\"f6ec8cf\" data-element_type=\"column\">\n\t\t\t<div class=\"elementor-column-wrap elementor-element-populated\">\n\t\t\t\t\t\t\t<div class=\"elementor-widget-wrap\">\n\t\t\t\t\t\t<div class=\"elementor-element elementor-element-d46348b elementor-widget elementor-widget-text-editor\" data-id=\"d46348b\" data-element_type=\"widget\" data-widget_type=\"text-editor.default\">\n\t\t\t\t<div class=\"elementor-widget-container\">\n\t\t\t\t\t\t\t\t<div class=\"elementor-text-editor elementor-clearfix\">\n\t\t\t\t\t<p>Obecnie Stypendium Prezesa Rady Ministr\u00f3w przeznaczone jest w wi\u0119kszo\u015bci dla tych uczni\u00f3w, kt\u00f3rzy osi\u0105gaj\u0105 najwy\u017csze wyniki w nauce. Funkcjonuj\u0105ce zasady przyznawania Stypendium nie uwzgl\u0119dniaj\u0105 innowacji wprowadzonych w systemie edukacji, kt\u00f3re wp\u0142ywaj\u0105 na zmian\u0119 podej\u015bcia do rozwoju ucznia.<\/p><p>W organizowanym\u00a0 projekcie organizatorzy chc\u0105 zidentyfikowa\u0107 potrzeby m\u0142odzie\u017cy XXI wieku oraz doceni\u0107 ich dzia\u0142alno\u015b\u0107 poza szko\u0142\u0105. W ramach konsultacji spo\u0142ecznych zapraszaj\u0105 uczni\u00f3w klas 4-8 szk\u00f3\u0142 podstawowych oraz wszystkich klas szk\u00f3\u0142 ponadpodstawowych \u2013 aby wyrazili swoj\u0105 opini\u0119 na\u00a0 temat nowych zasad przyznawania Stypendium.<br \/><br \/>Zg\u0142aszajcie swoje propozycje na stronie: <a href=\"https:\/\/www.gov.pl\/web\/stypendium\"><strong>gov.pl<\/strong><\/a><br \/><br \/><\/p>\t\t\t\t\t<\/div>\n\t\t\t\t\t\t<\/div>\n\t\t\t\t<\/div>\n\t\t\t\t\t\t<\/div>\n\t\t\t\t\t<\/div>\n\t\t<\/div>\n\t\t\t\t\t\t\t\t<\/div>\n\t\t\t\t\t<\/div>\n\t\t<\/section>\n\t\t\t\t\t\t<\/div>\n\t\t\t\t\t\t<\/div>\n\t\t\t\t\t<\/div>\n\t\t","protected":false},"excerpt":{"rendered":"<p>Zg\u0142aszajcie swoje pomys\u0142y! https:\/\/www.youtube.com\/watch?v=gq8DAwjWej8 Obecnie Stypendium Prezesa Rady Ministr\u00f3w przeznaczone jest w wi\u0119kszo\u015bci dla tych uczni\u00f3w, kt\u00f3rzy osi\u0105gaj\u0105 najwy\u017csze wyniki w nauce. Funkcjonuj\u0105ce zasady przyznawania Stypendium nie uwzgl\u0119dniaj\u0105 innowacji wprowadzonych w systemie edukacji, kt\u00f3re wp\u0142ywaj\u0105 na zmian\u0119 podej\u015bcia do rozwoju ucznia. W organizowanym\u00a0 projekcie organizatorzy chc\u0105 zidentyfikowa\u0107 potrzeby m\u0142odzie\u017cy XXI wieku oraz doceni\u0107 ich dzia\u0142alno\u015b\u0107&#8230;<\/p>\n","protected":false},"author":2,"featured_media":992476,"comment_status":"closed","ping_status":"open","sticky":false,"template":"","format":"standard","meta":{"inline_featured_image":false},"categories":[85],"tags":[159],"_links":{"self":[{"href":"http:\/\/ekonomik.opole.pl\/eko3\/wp-json\/wp\/v2\/posts\/992469"}],"collection":[{"href":"http:\/\/ekonomik.opole.pl\/eko3\/wp-json\/wp\/v2\/posts"}],"about":[{"href":"http:\/\/ekonomik.opole.pl\/eko3\/wp-json\/wp\/v2\/types\/post"}],"author":[{"embeddable":true,"href":"http:\/\/ekonomik.opole.pl\/eko3\/wp-json\/wp\/v2\/users\/2"}],"replies":[{"embeddable":true,"href":"http:\/\/ekonomik.opole.pl\/eko3\/wp-json\/wp\/v2\/comments?post=992469"}],"version-history":[{"count":7,"href":"http:\/\/ekonomik.opole.pl\/eko3\/wp-json\/wp\/v2\/posts\/992469\/revisions"}],"predecessor-version":[{"id":992479,"href":"http:\/\/ekonomik.opole.pl\/eko3\/wp-json\/wp\/v2\/posts\/992469\/revisions\/992479"}],"wp:featuredmedia":[{"embeddable":true,"href":"http:\/\/ekonomik.opole.pl\/eko3\/wp-json\/wp\/v2\/media\/992476"}],"wp:attachment":[{"href":"http:\/\/ekonomik.opole.pl\/eko3\/wp-json\/wp\/v2\/media?parent=992469"}],"wp:term":[{"taxonomy":"category","embeddable":true,"href":"http:\/\/ekonomik.opole.pl\/eko3\/wp-json\/wp\/v2\/categories?post=992469"},{"taxonomy":"post_tag","embeddable":true,"href":"http:\/\/ekonomik.opole.pl\/eko3\/wp-json\/wp\/v2\/tags?post=992469"}],"curies":[{"name":"wp","href":"https:\/\/api.w.org\/{rel}","templated":true}]}}