{"id":992497,"date":"2021-05-24T16:20:16","date_gmt":"2021-05-24T16:20:16","guid":{"rendered":"http:\/\/ekonomik.opole.pl\/eko3\/?p=992497"},"modified":"2021-05-24T16:25:00","modified_gmt":"2021-05-24T16:25:00","slug":"spotkania-z-osmoklasistami-odwiedzilismy-wirtualnie-ponad-20-szkol-podstawowych","status":"publish","type":"post","link":"http:\/\/ekonomik.opole.pl\/eko3\/spotkania-z-osmoklasistami-odwiedzilismy-wirtualnie-ponad-20-szkol-podstawowych\/","title":{"rendered":"Spotkania z \u00f3smoklasistami. Odwiedzili\u015bmy wirtualnie ponad 20  szk\u00f3\u0142 podstawowych"},"content":{"rendered":"\t\t<div data-elementor-type=\"wp-post\" data-elementor-id=\"992497\" class=\"elementor elementor-992497\" data-elementor-settings=\"[]\">\n\t\t\t\t\t\t<div class=\"elementor-inner\">\n\t\t\t\t\t\t\t<div class=\"elementor-section-wrap\">\n\t\t\t\t\t\t\t<section class=\"elementor-section elementor-top-section elementor-element elementor-element-36d649de elementor-section-full_width elementor-section-height-default elementor-section-height-default\" data-id=\"36d649de\" data-element_type=\"section\">\n\t\t\t\t\t\t<div class=\"elementor-container elementor-column-gap-default\">\n\t\t\t\t\t\t\t<div class=\"elementor-row\">\n\t\t\t\t\t<div class=\"elementor-column elementor-col-100 elementor-top-column elementor-element elementor-element-194cd54b\" data-id=\"194cd54b\" data-element_type=\"column\">\n\t\t\t<div class=\"elementor-column-wrap elementor-element-populated\">\n\t\t\t\t\t\t\t<div class=\"elementor-widget-wrap\">\n\t\t\t\t\t\t<div class=\"elementor-element elementor-element-7344cbca elementor-drop-cap-yes elementor-drop-cap-view-default elementor-widget elementor-widget-text-editor\" data-id=\"7344cbca\" data-element_type=\"widget\" data-settings=\"{&quot;drop_cap&quot;:&quot;yes&quot;}\" data-widget_type=\"text-editor.default\">\n\t\t\t\t<div class=\"elementor-widget-container\">\n\t\t\t\t\t\t\t\t<div class=\"elementor-text-editor elementor-clearfix\">\n\t\t\t\t\t<p>Jednym z najwa\u017cniejszych sk\u0142adnik\u00f3w dobrze przygotowanej kampanii reklamowej szko\u0142y s\u0105 spotkania z zainteresowanymi uczniami &#8211; kandydatami do szko\u0142y \u015bredniej. W tym roku szkolnym nie by\u0142o typowego Dnia Otwartego, dlatego uczniowie klasy 3E (agencja reklamowa Debiut) wraz z doradc\u0105 zawodowym &#8211; <span style=\"color: #000080;\"><a style=\"color: #000080;\" href=\"http:\/\/zsek.webd.pl\/eko3\/wsparcie-psychologiczno-pedagogiczne\/#szkolny-osrodek-kariery\"><strong>pani\u0105 Jolant\u0105 W\u0142och<\/strong><\/a><\/span> spotkali si\u0119 z kandydatami wykorzystuj\u0105c r\u00f3\u017cne platformy i komunikatory.&nbsp;<\/p>\t\t\t\t\t<\/div>\n\t\t\t\t\t\t<\/div>\n\t\t\t\t<\/div>\n\t\t\t\t<div class=\"elementor-element elementor-element-28235cab elementor-widget-divider--separator-type-pattern elementor-widget-divider--no-spacing elementor-widget-divider--view-line elementor-widget elementor-widget-divider\" data-id=\"28235cab\" data-element_type=\"widget\" data-widget_type=\"divider.default\">\n\t\t\t\t<div class=\"elementor-widget-container\">\n\t\t\t\t\t<div class=\"elementor-divider\" style=\"--divider-pattern-url: url(&quot;data:image\/svg+xml,%3Csvg xmlns=&#039;http:\/\/www.w3.org\/2000\/svg&#039; preserveAspectRatio=&#039;xMidYMid meet&#039; overflow=&#039;visible&#039; height=&#039;100%&#039; viewBox=&#039;0 0 126 26&#039; fill=&#039;black&#039; stroke=&#039;none&#039;%3E%3Cpath d=&#039;M3,10.2c2.6,0,2.6,2,2.6,3.2S4.4,16.5,3,16.5s-3-1.4-3-3.2S0.4,10.2,3,10.2z M18.8,10.2c1.7,0,3.2,1.4,3.2,3.2s-1.4,3.2-3.2,3.2c-1.7,0-3.2-1.4-3.2-3.2S17,10.2,18.8,10.2z M34.6,10.2c1.5,0,2.6,1.4,2.6,3.2s-0.5,3.2-1.9,3.2c-1.5,0-3.4-1.4-3.4-3.2S33.1,10.2,34.6,10.2z M50.5,10.2c1.7,0,3.2,1.4,3.2,3.2s-1.4,3.2-3.2,3.2c-1.7,0-3.3-0.9-3.3-2.6S48.7,10.2,50.5,10.2z M66.2,10.2c1.5,0,3.4,1.4,3.4,3.2s-1.9,3.2-3.4,3.2c-1.5,0-2.6-0.4-2.6-2.1S64.8,10.2,66.2,10.2z M82.2,10.2c1.7,0.8,2.6,1.4,2.6,3.2s-0.1,3.2-1.6,3.2c-1.5,0-3.7-1.4-3.7-3.2S80.5,9.4,82.2,10.2zM98.6,10.2c1.5,0,2.6,0.4,2.6,2.1s-1.2,4.2-2.6,4.2c-1.5,0-3.7-0.4-3.7-2.1S97.1,10.2,98.6,10.2z M113.4,10.2c1.2,0,2.2,0.9,2.2,3.2s-0.1,3.2-1.3,3.2s-3.1-1.4-3.1-3.2S112.2,10.2,113.4,10.2z&#039;\/%3E%3C\/svg%3E&quot;);\">\n\t\t\t<span class=\"elementor-divider-separator\">\n\t\t\t\t\t\t<\/span>\n\t\t<\/div>\n\t\t\t\t<\/div>\n\t\t\t\t<\/div>\n\t\t\t\t<div class=\"elementor-element elementor-element-3d50518 elementor-widget elementor-widget-image\" data-id=\"3d50518\" data-element_type=\"widget\" data-widget_type=\"image.default\">\n\t\t\t\t<div class=\"elementor-widget-container\">\n\t\t\t\t\t\t\t\t<div class=\"elementor-image\">\n\t\t\t\t\t\t\t\t\t<figure class=\"wp-caption\">\n\t\t\t\t\t\t\t\t\t\t<img width=\"1024\" height=\"768\" src=\"http:\/\/ekonomik.opole.pl\/eko3\/wp-content\/uploads\/2021\/05\/MicrosoftTeams-image-25-1024x768.jpg\" class=\"attachment-large size-large\" alt=\"\" loading=\"lazy\" srcset=\"http:\/\/ekonomik.opole.pl\/eko3\/wp-content\/uploads\/2021\/05\/MicrosoftTeams-image-25-1024x768.jpg 1024w, http:\/\/ekonomik.opole.pl\/eko3\/wp-content\/uploads\/2021\/05\/MicrosoftTeams-image-25-680x510.jpg 680w, http:\/\/ekonomik.opole.pl\/eko3\/wp-content\/uploads\/2021\/05\/MicrosoftTeams-image-25-300x225.jpg 300w, http:\/\/ekonomik.opole.pl\/eko3\/wp-content\/uploads\/2021\/05\/MicrosoftTeams-image-25-768x576.jpg 768w, http:\/\/ekonomik.opole.pl\/eko3\/wp-content\/uploads\/2021\/05\/MicrosoftTeams-image-25-1536x1152.jpg 1536w, http:\/\/ekonomik.opole.pl\/eko3\/wp-content\/uploads\/2021\/05\/MicrosoftTeams-image-25-2048x1536.jpg 2048w, http:\/\/ekonomik.opole.pl\/eko3\/wp-content\/uploads\/2021\/05\/MicrosoftTeams-image-25-1360x1020.jpg 1360w, http:\/\/ekonomik.opole.pl\/eko3\/wp-content\/uploads\/2021\/05\/MicrosoftTeams-image-25-453x340.jpg 453w, http:\/\/ekonomik.opole.pl\/eko3\/wp-content\/uploads\/2021\/05\/MicrosoftTeams-image-25-906x680.jpg 906w, http:\/\/ekonomik.opole.pl\/eko3\/wp-content\/uploads\/2021\/05\/MicrosoftTeams-image-25-340x255.jpg 340w\" sizes=\"(max-width: 1024px) 100vw, 1024px\" \/>\t\t\t\t\t\t\t\t\t\t\t<figcaption class=\"widget-image-caption wp-caption-text\">Na zdj\u0119ciu: Martyna Nowak, Kamila Wo\u0142owiec, Ula Kownacka, Pani Jolanta W\u0142och.<\/figcaption>\n\t\t\t\t\t\t\t\t\t\t<\/figure>\n\t\t\t\t\t\t\t\t<\/div>\n\t\t\t\t\t\t<\/div>\n\t\t\t\t<\/div>\n\t\t\t\t<div class=\"elementor-element elementor-element-4f466f23 elementor-widget-divider--view-line elementor-widget elementor-widget-divider\" data-id=\"4f466f23\" data-element_type=\"widget\" data-widget_type=\"divider.default\">\n\t\t\t\t<div class=\"elementor-widget-container\">\n\t\t\t\t\t<div class=\"elementor-divider\">\n\t\t\t<span class=\"elementor-divider-separator\">\n\t\t\t\t\t\t<\/span>\n\t\t<\/div>\n\t\t\t\t<\/div>\n\t\t\t\t<\/div>\n\t\t\t\t<div class=\"elementor-element elementor-element-1efe34fe elementor-widget elementor-widget-heading\" data-id=\"1efe34fe\" data-element_type=\"widget\" data-widget_type=\"heading.default\">\n\t\t\t\t<div class=\"elementor-widget-container\">\n\t\t\t<h3 class=\"elementor-heading-title elementor-size-default\">Odwiedzili\u015bmy wirtualnie: Izbicko, G\u00f3ra\u017cd\u017ce, Skoroszyce, Dobrze\u0144 Wielki i wiele innych miejscowo\u015bci<\/h3>\t\t<\/div>\n\t\t\t\t<\/div>\n\t\t\t\t<div class=\"elementor-element elementor-element-313e4d21 elementor-widget elementor-widget-text-editor\" data-id=\"313e4d21\" data-element_type=\"widget\" data-widget_type=\"text-editor.default\">\n\t\t\t\t<div class=\"elementor-widget-container\">\n\t\t\t\t\t\t\t\t<div class=\"elementor-text-editor elementor-clearfix\">\n\t\t\t\t\t<p>Od marca do maja odby\u0142y si\u0119 \u0142\u0105cznie <strong>23 spotkania<\/strong>, na kt\u00f3rych zaprezentowano ofert\u0119 edukacyjn\u0105 Technikum nr 3.\u00a0 Wirtualne wizyty w szko\u0142ach podstawowych by\u0142y okazj\u0105 do lu\u017anych rozm\u00f3w o wyborze szko\u0142y \u015bredniej, a tak\u017ce s\u0142u\u017cy\u0142y rozwianiu wszelkich w\u0105tpliwo\u015bci. W imieniu fantastycznej ekipy promocyjnej szko\u0142y bardzo dzi\u0119kujemy za ciep\u0142e przyj\u0119cie wszystkim nauczycielom, uczniom szk\u00f3\u0142 podstawowych.<\/p><p>Ogromne podzi\u0119kowania dla koordynatorek spotka\u0144 &#8211; Pani <strong>Jolanty W\u0142och<\/strong> oraz <strong>Urszuli Kownackiej<\/strong> z klasy reklamowej. W spotkaniach bra\u0142y tak\u017ce udzia\u0142:\u00a0<strong>Kamila Wo\u0142owiec<\/strong>, <strong>Martyna Nowak<\/strong>, <strong>Agata Frydrych,<\/strong> <strong>Aleksandra Ga\u0142an<\/strong>.\u00a0\u00a0<\/p><p><strong><span style=\"color: #339966;\">Bardzo Wam dzi\u0119kujemy za profesjonalizm i po\u015bwi\u0119cony czas!\u00a0<\/span><\/strong><\/p>\t\t\t\t\t<\/div>\n\t\t\t\t\t\t<\/div>\n\t\t\t\t<\/div>\n\t\t\t\t\t\t<\/div>\n\t\t\t\t\t<\/div>\n\t\t<\/div>\n\t\t\t\t\t\t\t\t<\/div>\n\t\t\t\t\t<\/div>\n\t\t<\/section>\n\t\t\t\t\t\t<\/div>\n\t\t\t\t\t\t<\/div>\n\t\t\t\t\t<\/div>\n\t\t","protected":false},"excerpt":{"rendered":"<p>Jednym z najwa\u017cniejszych sk\u0142adnik\u00f3w dobrze przygotowanej kampanii reklamowej szko\u0142y s\u0105 spotkania z zainteresowanymi uczniami &#8211; kandydatami do szko\u0142y \u015bredniej. W tym roku szkolnym nie by\u0142o typowego Dnia Otwartego, dlatego uczniowie klasy 3E (agencja reklamowa Debiut) wraz z doradc\u0105 zawodowym &#8211; pani\u0105 Jolant\u0105 W\u0142och spotkali si\u0119 z kandydatami wykorzystuj\u0105c r\u00f3\u017cne platformy i komunikatory.&nbsp; Na zdj\u0119ciu: Martyna&#8230;<\/p>\n","protected":false},"author":2,"featured_media":992499,"comment_status":"closed","ping_status":"open","sticky":false,"template":"","format":"standard","meta":{"inline_featured_image":false},"categories":[85,105],"tags":[160,106],"_links":{"self":[{"href":"http:\/\/ekonomik.opole.pl\/eko3\/wp-json\/wp\/v2\/posts\/992497"}],"collection":[{"href":"http:\/\/ekonomik.opole.pl\/eko3\/wp-json\/wp\/v2\/posts"}],"about":[{"href":"http:\/\/ekonomik.opole.pl\/eko3\/wp-json\/wp\/v2\/types\/post"}],"author":[{"embeddable":true,"href":"http:\/\/ekonomik.opole.pl\/eko3\/wp-json\/wp\/v2\/users\/2"}],"replies":[{"embeddable":true,"href":"http:\/\/ekonomik.opole.pl\/eko3\/wp-json\/wp\/v2\/comments?post=992497"}],"version-history":[{"count":4,"href":"http:\/\/ekonomik.opole.pl\/eko3\/wp-json\/wp\/v2\/posts\/992497\/revisions"}],"predecessor-version":[{"id":992502,"href":"http:\/\/ekonomik.opole.pl\/eko3\/wp-json\/wp\/v2\/posts\/992497\/revisions\/992502"}],"wp:featuredmedia":[{"embeddable":true,"href":"http:\/\/ekonomik.opole.pl\/eko3\/wp-json\/wp\/v2\/media\/992499"}],"wp:attachment":[{"href":"http:\/\/ekonomik.opole.pl\/eko3\/wp-json\/wp\/v2\/media?parent=992497"}],"wp:term":[{"taxonomy":"category","embeddable":true,"href":"http:\/\/ekonomik.opole.pl\/eko3\/wp-json\/wp\/v2\/categories?post=992497"},{"taxonomy":"post_tag","embeddable":true,"href":"http:\/\/ekonomik.opole.pl\/eko3\/wp-json\/wp\/v2\/tags?post=992497"}],"curies":[{"name":"wp","href":"https:\/\/api.w.org\/{rel}","templated":true}]}}