{"id":992517,"date":"2021-05-25T20:49:17","date_gmt":"2021-05-25T20:49:17","guid":{"rendered":"http:\/\/ekonomik.opole.pl\/eko3\/?p=992517"},"modified":"2021-05-25T20:55:27","modified_gmt":"2021-05-25T20:55:27","slug":"pozegnanie-klas-maturalnych-i-wyjatkowy-wiersz-wiktorii-matysek","status":"publish","type":"post","link":"http:\/\/ekonomik.opole.pl\/eko3\/pozegnanie-klas-maturalnych-i-wyjatkowy-wiersz-wiktorii-matysek\/","title":{"rendered":"Po\u017cegnanie klas maturalnych i wyj\u0105tkowy wiersz Wiktorii Matysek"},"content":{"rendered":"\t\t<div data-elementor-type=\"wp-post\" data-elementor-id=\"992517\" class=\"elementor elementor-992517\" data-elementor-settings=\"[]\">\n\t\t\t\t\t\t<div class=\"elementor-inner\">\n\t\t\t\t\t\t\t<div class=\"elementor-section-wrap\">\n\t\t\t\t\t\t\t<section class=\"elementor-section elementor-top-section elementor-element elementor-element-735909de elementor-section-boxed elementor-section-height-default elementor-section-height-default\" data-id=\"735909de\" data-element_type=\"section\">\n\t\t\t\t\t\t<div class=\"elementor-container elementor-column-gap-default\">\n\t\t\t\t\t\t\t<div class=\"elementor-row\">\n\t\t\t\t\t<div class=\"elementor-column elementor-col-100 elementor-top-column elementor-element elementor-element-76408971\" data-id=\"76408971\" data-element_type=\"column\">\n\t\t\t<div class=\"elementor-column-wrap elementor-element-populated\">\n\t\t\t\t\t\t\t<div class=\"elementor-widget-wrap\">\n\t\t\t\t\t\t<div class=\"elementor-element elementor-element-5e2a2f52 elementor-invisible elementor-widget elementor-widget-heading\" data-id=\"5e2a2f52\" data-element_type=\"widget\" data-settings=\"{&quot;_animation&quot;:&quot;fadeIn&quot;,&quot;_animation_delay&quot;:500}\" data-widget_type=\"heading.default\">\n\t\t\t\t<div class=\"elementor-widget-container\">\n\t\t\t<h2 class=\"elementor-heading-title elementor-size-default\">Dzi\u0119kujemy Wam za wsp\u00f3lne 4 lata<\/h2>\t\t<\/div>\n\t\t\t\t<\/div>\n\t\t\t\t<div class=\"elementor-element elementor-element-64336cc5 elementor-widget elementor-widget-text-editor\" data-id=\"64336cc5\" data-element_type=\"widget\" data-widget_type=\"text-editor.default\">\n\t\t\t\t<div class=\"elementor-widget-container\">\n\t\t\t\t\t\t\t\t<div class=\"elementor-text-editor elementor-clearfix\">\n\t\t\t\t\t<p>21 maja nast\u0105pi\u0142o uroczyste po\u017cegnanie klas maturalnych. Oficjalne uroczysto\u015bci odby\u0142y si\u0119 na boisku szkolnym. Pomimo szczeg\u00f3lnych okoliczno\u015bci zwi\u0105zanych z pandemi\u0105 nie zabrak\u0142o wzrusze\u0144 i wielu ciep\u0142ych s\u0142\u00f3w.\u00a0<\/p>\t\t\t\t\t<\/div>\n\t\t\t\t\t\t<\/div>\n\t\t\t\t<\/div>\n\t\t\t\t<div class=\"elementor-element elementor-element-4b100836 elementor-widget elementor-widget-text-editor\" data-id=\"4b100836\" data-element_type=\"widget\" data-widget_type=\"text-editor.default\">\n\t\t\t\t<div class=\"elementor-widget-container\">\n\t\t\t\t\t\t\t\t<div class=\"elementor-text-editor elementor-clearfix\">\n\t\t\t\t\t<p>Klasa czwarte w zawodach: technik ekonomista, technik grafiki i poligrafii cyfrowej, technik logistyk, technik fotografii i multimedi\u00f3w, technik reklamy zako\u0144czy\u0142y 4-letni\u0105 przygod\u0119 z Ekonomikiem. Prze\u017cyli\u015bmy razem mn\u00f3stwo fantastycznych chwil. Dzi\u0119ki Wam zobaczyli\u015bmy wiele interesuj\u0105cych wystaw fotograficznych, prze\u017cywali\u015bmy liczne sukcesy ekonomist\u00f3w, logistyk\u00f3w, a tak\u017ce mogli\u015bmy podziwia\u0107 prac\u0119 grafik\u00f3w i efekty oryginalnej kampanii reklamowej.\u00a0<\/p>\t\t\t\t\t<\/div>\n\t\t\t\t\t\t<\/div>\n\t\t\t\t<\/div>\n\t\t\t\t\t\t<\/div>\n\t\t\t\t\t<\/div>\n\t\t<\/div>\n\t\t\t\t\t\t\t\t<\/div>\n\t\t\t\t\t<\/div>\n\t\t<\/section>\n\t\t\t\t<section class=\"elementor-section elementor-top-section elementor-element elementor-element-3b61fc8 elementor-section-boxed elementor-section-height-default elementor-section-height-default\" data-id=\"3b61fc8\" data-element_type=\"section\">\n\t\t\t\t\t\t<div class=\"elementor-container elementor-column-gap-default\">\n\t\t\t\t\t\t\t<div class=\"elementor-row\">\n\t\t\t\t\t<div class=\"elementor-column elementor-col-100 elementor-top-column elementor-element elementor-element-1b58e27\" data-id=\"1b58e27\" data-element_type=\"column\">\n\t\t\t<div class=\"elementor-column-wrap elementor-element-populated\">\n\t\t\t\t\t\t\t<div class=\"elementor-widget-wrap\">\n\t\t\t\t\t\t<div class=\"elementor-element elementor-element-cd885fd elementor-widget elementor-widget-image\" data-id=\"cd885fd\" data-element_type=\"widget\" data-widget_type=\"image.default\">\n\t\t\t\t<div class=\"elementor-widget-container\">\n\t\t\t\t\t\t\t\t<div class=\"elementor-image\">\n\t\t\t\t\t\t\t\t\t<figure class=\"wp-caption\">\n\t\t\t\t\t\t\t\t\t\t<img width=\"1024\" height=\"684\" src=\"http:\/\/ekonomik.opole.pl\/eko3\/wp-content\/uploads\/2021\/05\/DSC_2440-1024x684.jpg\" class=\"attachment-large size-large\" alt=\"\" loading=\"lazy\" srcset=\"http:\/\/ekonomik.opole.pl\/eko3\/wp-content\/uploads\/2021\/05\/DSC_2440-1024x684.jpg 1024w, http:\/\/ekonomik.opole.pl\/eko3\/wp-content\/uploads\/2021\/05\/DSC_2440-scaled-680x454.jpg 680w, http:\/\/ekonomik.opole.pl\/eko3\/wp-content\/uploads\/2021\/05\/DSC_2440-300x201.jpg 300w, http:\/\/ekonomik.opole.pl\/eko3\/wp-content\/uploads\/2021\/05\/DSC_2440-768x513.jpg 768w, http:\/\/ekonomik.opole.pl\/eko3\/wp-content\/uploads\/2021\/05\/DSC_2440-1536x1027.jpg 1536w, http:\/\/ekonomik.opole.pl\/eko3\/wp-content\/uploads\/2021\/05\/DSC_2440-2048x1369.jpg 2048w, http:\/\/ekonomik.opole.pl\/eko3\/wp-content\/uploads\/2021\/05\/DSC_2440-1360x909.jpg 1360w, http:\/\/ekonomik.opole.pl\/eko3\/wp-content\/uploads\/2021\/05\/DSC_2440-453x303.jpg 453w, http:\/\/ekonomik.opole.pl\/eko3\/wp-content\/uploads\/2021\/05\/DSC_2440-906x606.jpg 906w, http:\/\/ekonomik.opole.pl\/eko3\/wp-content\/uploads\/2021\/05\/DSC_2440-340x227.jpg 340w\" sizes=\"(max-width: 1024px) 100vw, 1024px\" \/>\t\t\t\t\t\t\t\t\t\t\t<figcaption class=\"widget-image-caption wp-caption-text\">Foto. Kamila Borowicz \/ na zdj\u0119ciu wyr\u00f3\u017cnieni uczniowie klas czwartych<\/figcaption>\n\t\t\t\t\t\t\t\t\t\t<\/figure>\n\t\t\t\t\t\t\t\t<\/div>\n\t\t\t\t\t\t<\/div>\n\t\t\t\t<\/div>\n\t\t\t\t\t\t<\/div>\n\t\t\t\t\t<\/div>\n\t\t<\/div>\n\t\t\t\t\t\t\t\t<\/div>\n\t\t\t\t\t<\/div>\n\t\t<\/section>\n\t\t\t\t<section class=\"elementor-section elementor-top-section elementor-element elementor-element-3a130ebd elementor-section-boxed elementor-section-height-default elementor-section-height-default\" data-id=\"3a130ebd\" data-element_type=\"section\">\n\t\t\t\t\t\t<div class=\"elementor-container elementor-column-gap-default\">\n\t\t\t\t\t\t\t<div class=\"elementor-row\">\n\t\t\t\t\t<div class=\"elementor-column elementor-col-100 elementor-top-column elementor-element elementor-element-752149c4\" data-id=\"752149c4\" data-element_type=\"column\">\n\t\t\t<div class=\"elementor-column-wrap elementor-element-populated\">\n\t\t\t\t\t\t\t<div class=\"elementor-widget-wrap\">\n\t\t\t\t\t\t<div class=\"elementor-element elementor-element-53539360 elementor-invisible elementor-widget elementor-widget-heading\" data-id=\"53539360\" data-element_type=\"widget\" data-settings=\"{&quot;_animation&quot;:&quot;fadeIn&quot;,&quot;_animation_delay&quot;:500}\" data-widget_type=\"heading.default\">\n\t\t\t\t<div class=\"elementor-widget-container\">\n\t\t\t<h2 class=\"elementor-heading-title elementor-size-default\">Wiersz Wiktorii Matysek z klasy reklamowej specjalnie dla maturzyst\u00f3w\n<\/h2>\t\t<\/div>\n\t\t\t\t<\/div>\n\t\t\t\t<div class=\"elementor-element elementor-element-310084b2 elementor-widget elementor-widget-text-editor\" data-id=\"310084b2\" data-element_type=\"widget\" data-widget_type=\"text-editor.default\">\n\t\t\t\t<div class=\"elementor-widget-container\">\n\t\t\t\t\t\t\t\t<div class=\"elementor-text-editor elementor-clearfix\">\n\t\t\t\t\t<div class=\"o9v6fnle cxmmr5t8 oygrvhab hcukyx3x c1et5uql ii04i59q\"><div dir=\"auto\"><em>Absolwenci drodzy &#8211; maturalne klasy,<\/em><\/div><div dir=\"auto\"><em>Niekt\u00f3rzy nabrali chyba troch\u0119 masy.<\/em><\/div><div dir=\"auto\"><em>Inni za\u015b dojrzali bardziej ni\u017c bak\u0142a\u017can,<\/em><\/div><div dir=\"auto\"><em>Co drugi nieco si\u0119 nawet postarza\u0142.<\/em><\/div><div dir=\"auto\"><em>Ka\u017cdy si\u0119 w stopniu jakim\u015b tam zmieni\u0142,<\/em><\/div><div dir=\"auto\"><em>Lata m\u0142odo\u015bci jednak sobie ceni\u0142.<\/em><\/div><div dir=\"auto\"><em>Nie m\u00f3wi\u0119 &#8211; bynajmniej &#8211; \u017ce\u015bcie ju\u017c nie m\u0142odzi,<\/em><\/div><div dir=\"auto\"><em>Ale tak zrymowa\u0107 chyba nie zaszkodzi,<\/em><\/div><div dir=\"auto\"><em>bo\u015bcie doro\u015bli ju\u017c i dojrzali<\/em><\/div><div dir=\"auto\"><em>To si\u0119 na serio &#8211; tak my\u015bl\u0119 &#8211; chwali.<\/em><\/div><\/div><div class=\"o9v6fnle cxmmr5t8 oygrvhab hcukyx3x c1et5uql ii04i59q\"><div dir=\"auto\"><br \/><em>Na szcz\u0119\u015bcie od teraz to koniec szko\u0142y,<\/em><\/div><div dir=\"auto\"><em>Mo\u017ce na pocz\u0105tek jakie\u015b amory?<\/em><\/div><div dir=\"auto\"><em>Lecz bycie singlem jest r\u00f3wnie dobre,<\/em><\/div><div dir=\"auto\"><em>W sekrecie powiem, \u017ce bardziej swobodne.<\/em><\/div><div dir=\"auto\"><em>Ale tak tylko o tym wspominam,<\/em><\/div><div dir=\"auto\"><em>Nie chc\u0119, by pojawi\u0142a si\u0119 spina.<\/em><\/div><div dir=\"auto\"><em>Lu\u017anym tonem rzucam propozycje jakie\u015b,<\/em><\/div><div dir=\"auto\"><em>Zobaczcie, jak wiele dr\u00f3g otwartych macie.<\/em><\/div><div dir=\"auto\"><em>Wybra\u0107 mo\u017cna ka\u017cd\u0105, by zazna\u0107 szcz\u0119\u015bcia<\/em><\/div><div dir=\"auto\"><em>wi\u0119cej, ni\u017c tego szkolnego napi\u0119cia;<\/em><\/div><div dir=\"auto\"><em>Bez nauczyciela szukaj\u0105cego za rogiem<\/em><\/div><div dir=\"auto\"><em>Was na wagarach za siana stogiem.<\/em><\/div><\/div><div class=\"o9v6fnle cxmmr5t8 oygrvhab hcukyx3x c1et5uql ii04i59q\"><div dir=\"auto\"><br \/><em>Jak ju\u017c tak lecimy ze stylistycznymi<\/em><\/div><div dir=\"auto\"><em>Zaszale\u0107 nie szkodzi z kolejnymi.<\/em><\/div><div dir=\"auto\"><em>Niczym niebo noc\u0105 gwie\u017adziste<\/em><\/div><div dir=\"auto\"><em>Te lata cztery Wasze cierniste.<\/em><\/div><div dir=\"auto\"><em>Ka\u017cdy z Was przyzna mi tutaj racj\u0119,<\/em><\/div><div dir=\"auto\"><em>Czeka\u0107 &#8211; to tylko na wakacje<\/em><\/div><div dir=\"auto\"><em>Lub na oceny w Vulcan wpisanie<\/em><\/div><div dir=\"auto\"><em>Do biedronki na d\u0142ugiej przerwie bieganie,<\/em><\/div><div dir=\"auto\"><em>by zd\u0105\u017cy\u0107 na lekcj\u0119 &#8211; zazdroszcz\u0119 atlecie:<\/em><\/div><div dir=\"auto\"><em>&#8222;Przepraszam psze pani, by\u0142am w toalecie&#8221;.<\/em><\/div><div dir=\"auto\"><em>Takie perypetie ka\u017cdy cho\u0107 raz prze\u017cy\u0142,<\/em><\/div><div dir=\"auto\"><em>Nauczyciel na szcz\u0119\u015bcie zawsze uwierzy\u0142.<\/em><\/div><\/div><div class=\"o9v6fnle cxmmr5t8 oygrvhab hcukyx3x c1et5uql ii04i59q\"><div dir=\"auto\"><br \/><em>Na koniec Wam powiem, \u017ce martwi\u0107 si\u0119 nie trzeba,<\/em><\/div><div dir=\"auto\"><em>Jeszcze przed Wami zaznanie smaku nieba.<\/em><\/div><div dir=\"auto\"><em>Wszystko zrobi\u0107 mo\u017cecie i nic Was ju\u017c nie trzyma,<\/em><\/div><div dir=\"auto\"><em>Nie musicie wi\u0119cej przewraca\u0107 oczyma.<\/em><\/div><div dir=\"auto\"><em>Tak naprawd\u0119 to od Was tylko zale\u017cy,<\/em><\/div><div dir=\"auto\"><em>Czy Wasze \u017cycie weso\u0142o przebie\u017cy.<\/em><\/div><div dir=\"auto\"><em>To Wy o wszystkim zadecydujecie,<\/em><\/div><div dir=\"auto\"><em>Trzymam kciuki za Was w tym wielkim \u015bwiecie.<\/em><\/div><\/div>\t\t\t\t\t<\/div>\n\t\t\t\t\t\t<\/div>\n\t\t\t\t<\/div>\n\t\t\t\t\t\t<\/div>\n\t\t\t\t\t<\/div>\n\t\t<\/div>\n\t\t\t\t\t\t\t\t<\/div>\n\t\t\t\t\t<\/div>\n\t\t<\/section>\n\t\t\t\t<section class=\"elementor-section elementor-top-section elementor-element elementor-element-4a512d00 elementor-section-boxed elementor-section-height-default elementor-section-height-default\" data-id=\"4a512d00\" data-element_type=\"section\">\n\t\t\t\t\t\t<div class=\"elementor-container elementor-column-gap-default\">\n\t\t\t\t\t\t\t<div class=\"elementor-row\">\n\t\t\t\t\t<div class=\"elementor-column elementor-col-100 elementor-top-column elementor-element elementor-element-52ac48f0\" data-id=\"52ac48f0\" data-element_type=\"column\">\n\t\t\t<div class=\"elementor-column-wrap elementor-element-populated\">\n\t\t\t\t\t\t\t<div class=\"elementor-widget-wrap\">\n\t\t\t\t\t\t<div class=\"elementor-element elementor-element-74453ecd elementor-widget elementor-widget-spacer\" data-id=\"74453ecd\" data-element_type=\"widget\" data-widget_type=\"spacer.default\">\n\t\t\t\t<div class=\"elementor-widget-container\">\n\t\t\t\t\t<div class=\"elementor-spacer\">\n\t\t\t<div class=\"elementor-spacer-inner\"><\/div>\n\t\t<\/div>\n\t\t\t\t<\/div>\n\t\t\t\t<\/div>\n\t\t\t\t<div class=\"elementor-element elementor-element-7a43cf1 elementor-widget elementor-widget-image-gallery\" data-id=\"7a43cf1\" data-element_type=\"widget\" data-widget_type=\"image-gallery.default\">\n\t\t\t\t<div class=\"elementor-widget-container\">\n\t\t\t\t\t<div class=\"elementor-image-gallery\">\n\t\t\t<div id='gallery-1' class='gallery galleryid-992517 gallery-columns-4 gallery-size-thumbnail'><figure class='gallery-item'>\n\t\t\t<div class='gallery-icon landscape'>\n\t\t\t\t<a data-elementor-open-lightbox=\"yes\" data-elementor-lightbox-slideshow=\"7a43cf1\" data-elementor-lightbox-title=\"DSC_2376\" href='http:\/\/ekonomik.opole.pl\/eko3\/wp-content\/uploads\/2021\/05\/DSC_2376-scaled.jpg'><img width=\"150\" height=\"150\" src=\"http:\/\/ekonomik.opole.pl\/eko3\/wp-content\/uploads\/2021\/05\/DSC_2376-150x150.jpg\" class=\"attachment-thumbnail size-thumbnail\" alt=\"\" loading=\"lazy\" aria-describedby=\"gallery-1-992520\" srcset=\"http:\/\/ekonomik.opole.pl\/eko3\/wp-content\/uploads\/2021\/05\/DSC_2376-150x150.jpg 150w, http:\/\/ekonomik.opole.pl\/eko3\/wp-content\/uploads\/2021\/05\/DSC_2376-scaled-453x453.jpg 453w, http:\/\/ekonomik.opole.pl\/eko3\/wp-content\/uploads\/2021\/05\/DSC_2376-scaled-340x340.jpg 340w\" sizes=\"(max-width: 150px) 100vw, 150px\" \/><\/a>\n\t\t\t<\/div>\n\t\t\t\t<figcaption class='wp-caption-text gallery-caption' id='gallery-1-992520'>\n\t\t\t\tAbsolwenci 2021 z klasy w zawodzie technik organizacji reklamy \n\t\t\t\t<\/figcaption><\/figure><figure class='gallery-item'>\n\t\t\t<div class='gallery-icon landscape'>\n\t\t\t\t<a data-elementor-open-lightbox=\"yes\" data-elementor-lightbox-slideshow=\"7a43cf1\" data-elementor-lightbox-title=\"DSC_2381\" href='http:\/\/ekonomik.opole.pl\/eko3\/wp-content\/uploads\/2021\/05\/DSC_2381-scaled.jpg'><img width=\"150\" height=\"150\" src=\"http:\/\/ekonomik.opole.pl\/eko3\/wp-content\/uploads\/2021\/05\/DSC_2381-150x150.jpg\" class=\"attachment-thumbnail size-thumbnail\" alt=\"\" loading=\"lazy\" aria-describedby=\"gallery-1-992521\" srcset=\"http:\/\/ekonomik.opole.pl\/eko3\/wp-content\/uploads\/2021\/05\/DSC_2381-150x150.jpg 150w, http:\/\/ekonomik.opole.pl\/eko3\/wp-content\/uploads\/2021\/05\/DSC_2381-scaled-453x453.jpg 453w, http:\/\/ekonomik.opole.pl\/eko3\/wp-content\/uploads\/2021\/05\/DSC_2381-scaled-340x340.jpg 340w\" sizes=\"(max-width: 150px) 100vw, 150px\" \/><\/a>\n\t\t\t<\/div>\n\t\t\t\t<figcaption class='wp-caption-text gallery-caption' id='gallery-1-992521'>\n\t\t\t\tAbsolwenci 2021 z klasy w zawodzie technik logistyk\n\t\t\t\t<\/figcaption><\/figure><figure class='gallery-item'>\n\t\t\t<div class='gallery-icon landscape'>\n\t\t\t\t<a data-elementor-open-lightbox=\"yes\" data-elementor-lightbox-slideshow=\"7a43cf1\" data-elementor-lightbox-title=\"DSC_2445\" href='http:\/\/ekonomik.opole.pl\/eko3\/wp-content\/uploads\/2021\/05\/DSC_2445-scaled.jpg'><img width=\"150\" height=\"150\" src=\"http:\/\/ekonomik.opole.pl\/eko3\/wp-content\/uploads\/2021\/05\/DSC_2445-150x150.jpg\" class=\"attachment-thumbnail size-thumbnail\" alt=\"\" loading=\"lazy\" aria-describedby=\"gallery-1-992522\" srcset=\"http:\/\/ekonomik.opole.pl\/eko3\/wp-content\/uploads\/2021\/05\/DSC_2445-150x150.jpg 150w, http:\/\/ekonomik.opole.pl\/eko3\/wp-content\/uploads\/2021\/05\/DSC_2445-scaled-453x453.jpg 453w, http:\/\/ekonomik.opole.pl\/eko3\/wp-content\/uploads\/2021\/05\/DSC_2445-scaled-340x340.jpg 340w\" sizes=\"(max-width: 150px) 100vw, 150px\" \/><\/a>\n\t\t\t<\/div>\n\t\t\t\t<figcaption class='wp-caption-text gallery-caption' id='gallery-1-992522'>\n\t\t\t\tAbsolwenci 2021 z klasy w zawodzie technik fotografii i multimedi\u00f3w \/ technik logistyk\n\t\t\t\t<\/figcaption><\/figure><figure class='gallery-item'>\n\t\t\t<div class='gallery-icon landscape'>\n\t\t\t\t<a data-elementor-open-lightbox=\"yes\" data-elementor-lightbox-slideshow=\"7a43cf1\" data-elementor-lightbox-title=\"DSC_2448\" href='http:\/\/ekonomik.opole.pl\/eko3\/wp-content\/uploads\/2021\/05\/DSC_2448-scaled.jpg'><img width=\"150\" height=\"150\" src=\"http:\/\/ekonomik.opole.pl\/eko3\/wp-content\/uploads\/2021\/05\/DSC_2448-150x150.jpg\" class=\"attachment-thumbnail size-thumbnail\" alt=\"\" loading=\"lazy\" aria-describedby=\"gallery-1-992523\" srcset=\"http:\/\/ekonomik.opole.pl\/eko3\/wp-content\/uploads\/2021\/05\/DSC_2448-150x150.jpg 150w, http:\/\/ekonomik.opole.pl\/eko3\/wp-content\/uploads\/2021\/05\/DSC_2448-scaled-453x453.jpg 453w, http:\/\/ekonomik.opole.pl\/eko3\/wp-content\/uploads\/2021\/05\/DSC_2448-scaled-340x340.jpg 340w\" sizes=\"(max-width: 150px) 100vw, 150px\" \/><\/a>\n\t\t\t<\/div>\n\t\t\t\t<figcaption class='wp-caption-text gallery-caption' id='gallery-1-992523'>\n\t\t\t\tAbsolwenci 2021 z klasy w zawodzie technik grafiki i poligrafii cyfrowej\n\t\t\t\t<\/figcaption><\/figure><figure class='gallery-item'>\n\t\t\t<div class='gallery-icon landscape'>\n\t\t\t\t<a data-elementor-open-lightbox=\"yes\" data-elementor-lightbox-slideshow=\"7a43cf1\" data-elementor-lightbox-title=\"DSC_2501\" href='http:\/\/ekonomik.opole.pl\/eko3\/wp-content\/uploads\/2021\/05\/DSC_2501-scaled.jpg'><img width=\"150\" height=\"150\" src=\"http:\/\/ekonomik.opole.pl\/eko3\/wp-content\/uploads\/2021\/05\/DSC_2501-150x150.jpg\" class=\"attachment-thumbnail size-thumbnail\" alt=\"\" loading=\"lazy\" aria-describedby=\"gallery-1-992524\" srcset=\"http:\/\/ekonomik.opole.pl\/eko3\/wp-content\/uploads\/2021\/05\/DSC_2501-150x150.jpg 150w, http:\/\/ekonomik.opole.pl\/eko3\/wp-content\/uploads\/2021\/05\/DSC_2501-scaled-453x453.jpg 453w, http:\/\/ekonomik.opole.pl\/eko3\/wp-content\/uploads\/2021\/05\/DSC_2501-scaled-340x340.jpg 340w\" sizes=\"(max-width: 150px) 100vw, 150px\" \/><\/a>\n\t\t\t<\/div>\n\t\t\t\t<figcaption class='wp-caption-text gallery-caption' id='gallery-1-992524'>\n\t\t\t\tAbsolwenci 2021 z klasy w zawodzie technik logistyk\n\t\t\t\t<\/figcaption><\/figure><figure class='gallery-item'>\n\t\t\t<div class='gallery-icon landscape'>\n\t\t\t\t<a data-elementor-open-lightbox=\"yes\" data-elementor-lightbox-slideshow=\"7a43cf1\" data-elementor-lightbox-title=\"DSC_2504\" href='http:\/\/ekonomik.opole.pl\/eko3\/wp-content\/uploads\/2021\/05\/DSC_2504-scaled.jpg'><img width=\"150\" height=\"150\" src=\"http:\/\/ekonomik.opole.pl\/eko3\/wp-content\/uploads\/2021\/05\/DSC_2504-150x150.jpg\" class=\"attachment-thumbnail size-thumbnail\" alt=\"\" loading=\"lazy\" aria-describedby=\"gallery-1-992525\" srcset=\"http:\/\/ekonomik.opole.pl\/eko3\/wp-content\/uploads\/2021\/05\/DSC_2504-150x150.jpg 150w, http:\/\/ekonomik.opole.pl\/eko3\/wp-content\/uploads\/2021\/05\/DSC_2504-scaled-453x453.jpg 453w, http:\/\/ekonomik.opole.pl\/eko3\/wp-content\/uploads\/2021\/05\/DSC_2504-scaled-340x340.jpg 340w\" sizes=\"(max-width: 150px) 100vw, 150px\" \/><\/a>\n\t\t\t<\/div>\n\t\t\t\t<figcaption class='wp-caption-text gallery-caption' id='gallery-1-992525'>\n\t\t\t\tAbsolwenci 2021 z klasy w zawodzie technik ekonomista\n\t\t\t\t<\/figcaption><\/figure>\n\t\t<\/div>\n\t\t<\/div>\n\t\t\t\t<\/div>\n\t\t\t\t<\/div>\n\t\t\t\t\t\t<\/div>\n\t\t\t\t\t<\/div>\n\t\t<\/div>\n\t\t\t\t\t\t\t\t<\/div>\n\t\t\t\t\t<\/div>\n\t\t<\/section>\n\t\t\t\t<section class=\"elementor-section elementor-top-section elementor-element elementor-element-4bcd76b5 elementor-section-boxed elementor-section-height-default elementor-section-height-default\" data-id=\"4bcd76b5\" data-element_type=\"section\">\n\t\t\t\t\t\t<div class=\"elementor-container elementor-column-gap-default\">\n\t\t\t\t\t\t\t<div class=\"elementor-row\">\n\t\t\t\t\t<div class=\"elementor-column elementor-col-100 elementor-top-column elementor-element elementor-element-59887c50\" data-id=\"59887c50\" data-element_type=\"column\">\n\t\t\t<div class=\"elementor-column-wrap elementor-element-populated\">\n\t\t\t\t\t\t\t<div class=\"elementor-widget-wrap\">\n\t\t\t\t\t\t<div class=\"elementor-element elementor-element-3cc9b5f1 elementor-widget-divider--view-line elementor-widget elementor-widget-divider\" data-id=\"3cc9b5f1\" data-element_type=\"widget\" data-widget_type=\"divider.default\">\n\t\t\t\t<div class=\"elementor-widget-container\">\n\t\t\t\t\t<div class=\"elementor-divider\">\n\t\t\t<span class=\"elementor-divider-separator\">\n\t\t\t\t\t\t<\/span>\n\t\t<\/div>\n\t\t\t\t<\/div>\n\t\t\t\t<\/div>\n\t\t\t\t\t\t<\/div>\n\t\t\t\t\t<\/div>\n\t\t<\/div>\n\t\t\t\t\t\t\t\t<\/div>\n\t\t\t\t\t<\/div>\n\t\t<\/section>\n\t\t\t\t<section class=\"elementor-section elementor-top-section elementor-element elementor-element-60af4b5a elementor-section-boxed elementor-section-height-default elementor-section-height-default\" data-id=\"60af4b5a\" data-element_type=\"section\">\n\t\t\t\t\t\t<div class=\"elementor-container elementor-column-gap-default\">\n\t\t\t\t\t\t\t<div class=\"elementor-row\">\n\t\t\t\t\t<div class=\"elementor-column elementor-col-100 elementor-top-column elementor-element elementor-element-54ad6ed8\" data-id=\"54ad6ed8\" data-element_type=\"column\">\n\t\t\t<div class=\"elementor-column-wrap elementor-element-populated\">\n\t\t\t\t\t\t\t<div class=\"elementor-widget-wrap\">\n\t\t\t\t\t\t<div class=\"elementor-element elementor-element-1e7a76f3 elementor-widget elementor-widget-heading\" data-id=\"1e7a76f3\" data-element_type=\"widget\" data-widget_type=\"heading.default\">\n\t\t\t\t<div class=\"elementor-widget-container\">\n\t\t\t<h6 class=\"elementor-heading-title elementor-size-default\">sortuj wed\u0142ug wybranych tag\u00f3w i kategorii:<\/h6>\t\t<\/div>\n\t\t\t\t<\/div>\n\t\t\t\t\t\t<\/div>\n\t\t\t\t\t<\/div>\n\t\t<\/div>\n\t\t\t\t\t\t\t\t<\/div>\n\t\t\t\t\t<\/div>\n\t\t<\/section>\n\t\t\t\t\t\t<\/div>\n\t\t\t\t\t\t<\/div>\n\t\t\t\t\t<\/div>\n\t\t","protected":false},"excerpt":{"rendered":"<p>Foto. Kamila Borowicz \/ na zdj\u0119ciu Profesor Sebastian Tabo\u0142 i Wiktoria Matysek z klasy 3E<\/p>\n","protected":false},"author":2,"featured_media":992526,"comment_status":"closed","ping_status":"open","sticky":false,"template":"","format":"standard","meta":{"inline_featured_image":false},"categories":[85,132,114],"tags":[158],"_links":{"self":[{"href":"http:\/\/ekonomik.opole.pl\/eko3\/wp-json\/wp\/v2\/posts\/992517"}],"collection":[{"href":"http:\/\/ekonomik.opole.pl\/eko3\/wp-json\/wp\/v2\/posts"}],"about":[{"href":"http:\/\/ekonomik.opole.pl\/eko3\/wp-json\/wp\/v2\/types\/post"}],"author":[{"embeddable":true,"href":"http:\/\/ekonomik.opole.pl\/eko3\/wp-json\/wp\/v2\/users\/2"}],"replies":[{"embeddable":true,"href":"http:\/\/ekonomik.opole.pl\/eko3\/wp-json\/wp\/v2\/comments?post=992517"}],"version-history":[{"count":7,"href":"http:\/\/ekonomik.opole.pl\/eko3\/wp-json\/wp\/v2\/posts\/992517\/revisions"}],"predecessor-version":[{"id":992532,"href":"http:\/\/ekonomik.opole.pl\/eko3\/wp-json\/wp\/v2\/posts\/992517\/revisions\/992532"}],"wp:featuredmedia":[{"embeddable":true,"href":"http:\/\/ekonomik.opole.pl\/eko3\/wp-json\/wp\/v2\/media\/992526"}],"wp:attachment":[{"href":"http:\/\/ekonomik.opole.pl\/eko3\/wp-json\/wp\/v2\/media?parent=992517"}],"wp:term":[{"taxonomy":"category","embeddable":true,"href":"http:\/\/ekonomik.opole.pl\/eko3\/wp-json\/wp\/v2\/categories?post=992517"},{"taxonomy":"post_tag","embeddable":true,"href":"http:\/\/ekonomik.opole.pl\/eko3\/wp-json\/wp\/v2\/tags?post=992517"}],"curies":[{"name":"wp","href":"https:\/\/api.w.org\/{rel}","templated":true}]}}