{"id":992541,"date":"2021-05-31T18:30:43","date_gmt":"2021-05-31T18:30:43","guid":{"rendered":"http:\/\/ekonomik.opole.pl\/eko3\/?p=992541"},"modified":"2021-05-31T18:38:42","modified_gmt":"2021-05-31T18:38:42","slug":"zawodowa-perspektywa-i-prestizowy-zawod-ksiegowego","status":"publish","type":"post","link":"http:\/\/ekonomik.opole.pl\/eko3\/zawodowa-perspektywa-i-prestizowy-zawod-ksiegowego\/","title":{"rendered":"Zawodowa perspektywa i presti\u017cowy zaw\u00f3d ksi\u0119gowego!"},"content":{"rendered":"\t\t<div data-elementor-type=\"wp-post\" data-elementor-id=\"992541\" class=\"elementor elementor-992541\" data-elementor-settings=\"[]\">\n\t\t\t\t\t\t<div class=\"elementor-inner\">\n\t\t\t\t\t\t\t<div class=\"elementor-section-wrap\">\n\t\t\t\t\t\t\t<section class=\"elementor-section elementor-top-section elementor-element elementor-element-3847818a elementor-section-full_width elementor-section-height-default elementor-section-height-default\" data-id=\"3847818a\" data-element_type=\"section\">\n\t\t\t\t\t\t<div class=\"elementor-container elementor-column-gap-default\">\n\t\t\t\t\t\t\t<div class=\"elementor-row\">\n\t\t\t\t\t<div class=\"elementor-column elementor-col-100 elementor-top-column elementor-element elementor-element-5c500235\" data-id=\"5c500235\" data-element_type=\"column\">\n\t\t\t<div class=\"elementor-column-wrap elementor-element-populated\">\n\t\t\t\t\t\t\t<div class=\"elementor-widget-wrap\">\n\t\t\t\t\t\t<div class=\"elementor-element elementor-element-3653a95c elementor-drop-cap-yes elementor-drop-cap-view-default elementor-widget elementor-widget-text-editor\" data-id=\"3653a95c\" data-element_type=\"widget\" data-settings=\"{&quot;drop_cap&quot;:&quot;yes&quot;}\" data-widget_type=\"text-editor.default\">\n\t\t\t\t<div class=\"elementor-widget-container\">\n\t\t\t\t\t\t\t\t<div class=\"elementor-text-editor elementor-clearfix\">\n\t\t\t\t\t<div>Najpopularniejsze zawody w opolskim Ekonomiku (Technikum nr 3) \u2013 najlepszym technikum na Opolszczy\u017anie wed\u0142ug rankingu \u201ePerspektyw\u201d 2021 \u2013 to: technik logistyk, <span style=\"letter-spacing: 0.2px;\">technik ekonomista, technik grafiki i poligrafii cyfrowej, technik reklamy oraz technik fotografii i multimedi\u00f3w. \u2013 <\/span><em>W ubieg\u0142ym roku otworzyli\u015bmy klas\u0119 w zawodzie technik<\/em><\/div><div><em>programista, kt\u00f3ra tak\u017ce cieszy si\u0119 du\u017cym\u00a0zainteresowaniem. Cieszymy si\u0119, \u017ce trafiaj\u0105 do nas pasjonaci j\u0119zyka programowania,\u00a0przyszli tw\u00f3rcy aplikacji mobilnych i rozwi\u0105za\u0144 webowych. W ofercie ekonomika mamy tak\u017ce bardzo atrakcyjny zaw\u00f3d \u2013 <span style=\"color: #0000ff;\"><a style=\"color: #0000ff;\" href=\"http:\/\/ekonomik.opole.pl\/eko3\/kierunki\/technik-rachunkowosci\/\">technik rachunkowo\u015bci.<\/a><\/span><\/em><\/div>\t\t\t\t\t<\/div>\n\t\t\t\t\t\t<\/div>\n\t\t\t\t<\/div>\n\t\t\t\t<div class=\"elementor-element elementor-element-79a6a74f elementor-widget-divider--separator-type-pattern elementor-widget-divider--no-spacing elementor-widget-divider--view-line elementor-widget elementor-widget-divider\" data-id=\"79a6a74f\" data-element_type=\"widget\" data-widget_type=\"divider.default\">\n\t\t\t\t<div class=\"elementor-widget-container\">\n\t\t\t\t\t<div class=\"elementor-divider\" style=\"--divider-pattern-url: url(&quot;data:image\/svg+xml,%3Csvg xmlns=&#039;http:\/\/www.w3.org\/2000\/svg&#039; preserveAspectRatio=&#039;xMidYMid meet&#039; overflow=&#039;visible&#039; height=&#039;100%&#039; viewBox=&#039;0 0 126 26&#039; fill=&#039;black&#039; stroke=&#039;none&#039;%3E%3Cpath d=&#039;M3,10.2c2.6,0,2.6,2,2.6,3.2S4.4,16.5,3,16.5s-3-1.4-3-3.2S0.4,10.2,3,10.2z M18.8,10.2c1.7,0,3.2,1.4,3.2,3.2s-1.4,3.2-3.2,3.2c-1.7,0-3.2-1.4-3.2-3.2S17,10.2,18.8,10.2z M34.6,10.2c1.5,0,2.6,1.4,2.6,3.2s-0.5,3.2-1.9,3.2c-1.5,0-3.4-1.4-3.4-3.2S33.1,10.2,34.6,10.2z M50.5,10.2c1.7,0,3.2,1.4,3.2,3.2s-1.4,3.2-3.2,3.2c-1.7,0-3.3-0.9-3.3-2.6S48.7,10.2,50.5,10.2z M66.2,10.2c1.5,0,3.4,1.4,3.4,3.2s-1.9,3.2-3.4,3.2c-1.5,0-2.6-0.4-2.6-2.1S64.8,10.2,66.2,10.2z M82.2,10.2c1.7,0.8,2.6,1.4,2.6,3.2s-0.1,3.2-1.6,3.2c-1.5,0-3.7-1.4-3.7-3.2S80.5,9.4,82.2,10.2zM98.6,10.2c1.5,0,2.6,0.4,2.6,2.1s-1.2,4.2-2.6,4.2c-1.5,0-3.7-0.4-3.7-2.1S97.1,10.2,98.6,10.2z M113.4,10.2c1.2,0,2.2,0.9,2.2,3.2s-0.1,3.2-1.3,3.2s-3.1-1.4-3.1-3.2S112.2,10.2,113.4,10.2z&#039;\/%3E%3C\/svg%3E&quot;);\">\n\t\t\t<span class=\"elementor-divider-separator\">\n\t\t\t\t\t\t<\/span>\n\t\t<\/div>\n\t\t\t\t<\/div>\n\t\t\t\t<\/div>\n\t\t\t\t<div class=\"elementor-element elementor-element-4149a6a0 elementor-widget-divider--view-line elementor-widget elementor-widget-divider\" data-id=\"4149a6a0\" data-element_type=\"widget\" data-widget_type=\"divider.default\">\n\t\t\t\t<div class=\"elementor-widget-container\">\n\t\t\t\t\t<div class=\"elementor-divider\">\n\t\t\t<span class=\"elementor-divider-separator\">\n\t\t\t\t\t\t<\/span>\n\t\t<\/div>\n\t\t\t\t<\/div>\n\t\t\t\t<\/div>\n\t\t\t\t<div class=\"elementor-element elementor-element-2dd9713c elementor-widget elementor-widget-heading\" data-id=\"2dd9713c\" data-element_type=\"widget\" data-widget_type=\"heading.default\">\n\t\t\t\t<div class=\"elementor-widget-container\">\n\t\t\t<h3 class=\"elementor-heading-title elementor-size-default\">Dajemy solidne podstawy do zawodu ksi\u0119gowego! <\/h3>\t\t<\/div>\n\t\t\t\t<\/div>\n\t\t\t\t<div class=\"elementor-element elementor-element-2e855e2 elementor-widget elementor-widget-text-editor\" data-id=\"2e855e2\" data-element_type=\"widget\" data-widget_type=\"text-editor.default\">\n\t\t\t\t<div class=\"elementor-widget-container\">\n\t\t\t\t\t\t\t\t<div class=\"elementor-text-editor elementor-clearfix\">\n\t\t\t\t\t<div><em>Lekcje m\u0142odych finansist\u00f3w polegaj\u0105 g\u0142\u00f3wnie na zdobyciu umiej\u0119tno\u015bci praktycznych z zakresu prowadzenia<\/em><\/div><div><em>ksi\u0105g rachunkowych, podatkowych, a tak\u017ce znajomo\u015bci prawa. Za spraw\u0105 \u015bwietnych nauczycieli praktyk\u00f3w m\u0142odzie\u017c otrzymuje solidne podstawy do wykonywania zawodu ksi\u0119gowego &#8211; <\/em>m\u00f3wi Piotr W\u00f3jcik, nauczyciel przedmiot\u00f3w zawodowych i specjalista ds. promocji w ZSEk.\u00a0<\/div>\t\t\t\t\t<\/div>\n\t\t\t\t\t\t<\/div>\n\t\t\t\t<\/div>\n\t\t\t\t\t\t<\/div>\n\t\t\t\t\t<\/div>\n\t\t<\/div>\n\t\t\t\t\t\t\t\t<\/div>\n\t\t\t\t\t<\/div>\n\t\t<\/section>\n\t\t\t\t<section class=\"elementor-section elementor-top-section elementor-element elementor-element-806db93 elementor-section-boxed elementor-section-height-default elementor-section-height-default\" data-id=\"806db93\" data-element_type=\"section\">\n\t\t\t\t\t\t<div class=\"elementor-container elementor-column-gap-default\">\n\t\t\t\t\t\t\t<div class=\"elementor-row\">\n\t\t\t\t\t<div class=\"elementor-column elementor-col-100 elementor-top-column elementor-element elementor-element-72f1fd2\" data-id=\"72f1fd2\" data-element_type=\"column\">\n\t\t\t<div class=\"elementor-column-wrap elementor-element-populated\">\n\t\t\t\t\t\t\t<div class=\"elementor-widget-wrap\">\n\t\t\t\t\t\t<div class=\"elementor-element elementor-element-87a998e elementor-widget elementor-widget-spacer\" data-id=\"87a998e\" data-element_type=\"widget\" data-widget_type=\"spacer.default\">\n\t\t\t\t<div class=\"elementor-widget-container\">\n\t\t\t\t\t<div class=\"elementor-spacer\">\n\t\t\t<div class=\"elementor-spacer-inner\"><\/div>\n\t\t<\/div>\n\t\t\t\t<\/div>\n\t\t\t\t<\/div>\n\t\t\t\t\t\t<\/div>\n\t\t\t\t\t<\/div>\n\t\t<\/div>\n\t\t\t\t\t\t\t\t<\/div>\n\t\t\t\t\t<\/div>\n\t\t<\/section>\n\t\t\t\t<section class=\"elementor-section elementor-top-section elementor-element elementor-element-ecada35 elementor-section-boxed elementor-section-height-default elementor-section-height-default\" data-id=\"ecada35\" data-element_type=\"section\">\n\t\t\t\t\t\t<div class=\"elementor-container elementor-column-gap-default\">\n\t\t\t\t\t\t\t<div class=\"elementor-row\">\n\t\t\t\t\t<div class=\"elementor-column elementor-col-100 elementor-top-column elementor-element elementor-element-93c18ce\" data-id=\"93c18ce\" data-element_type=\"column\">\n\t\t\t<div class=\"elementor-column-wrap elementor-element-populated\">\n\t\t\t\t\t\t\t<div class=\"elementor-widget-wrap\">\n\t\t\t\t\t\t<div class=\"elementor-element elementor-element-61da863 elementor-button-success elementor-align-center elementor-widget elementor-widget-button\" data-id=\"61da863\" data-element_type=\"widget\" data-widget_type=\"button.default\">\n\t\t\t\t<div class=\"elementor-widget-container\">\n\t\t\t\t\t<div class=\"elementor-button-wrapper\">\n\t\t\t<a href=\"https:\/\/opole.wyborcza.pl\/opole\/7,35086,27139587,zawodowa-przyszlosc-opola-co-proponuja-nasze-technika-i-szkoly.html?fbclid=IwAR1ywItqOYZSCdK5L_7gldA2-MZ7YjVlZ_vgZt4aRlQzti3Hgw-kVcWNU2w\" class=\"elementor-button-link elementor-button elementor-size-xs\" role=\"button\">\n\t\t\t\t\t\t<span class=\"elementor-button-content-wrapper\">\n\t\t\t\t\t\t<span class=\"elementor-button-text\">Link do artyku\u0142u<\/span>\n\t\t<\/span>\n\t\t\t\t\t<\/a>\n\t\t<\/div>\n\t\t\t\t<\/div>\n\t\t\t\t<\/div>\n\t\t\t\t\t\t<\/div>\n\t\t\t\t\t<\/div>\n\t\t<\/div>\n\t\t\t\t\t\t\t\t<\/div>\n\t\t\t\t\t<\/div>\n\t\t<\/section>\n\t\t\t\t<section class=\"elementor-section elementor-top-section elementor-element elementor-element-87618ee elementor-section-boxed elementor-section-height-default elementor-section-height-default\" data-id=\"87618ee\" data-element_type=\"section\">\n\t\t\t\t\t\t<div class=\"elementor-container elementor-column-gap-default\">\n\t\t\t\t\t\t\t<div class=\"elementor-row\">\n\t\t\t\t\t<div class=\"elementor-column elementor-col-100 elementor-top-column elementor-element elementor-element-b7d6016\" data-id=\"b7d6016\" data-element_type=\"column\">\n\t\t\t<div class=\"elementor-column-wrap elementor-element-populated\">\n\t\t\t\t\t\t\t<div class=\"elementor-widget-wrap\">\n\t\t\t\t\t\t<div class=\"elementor-element elementor-element-133aae4 elementor-widget elementor-widget-image\" data-id=\"133aae4\" data-element_type=\"widget\" data-widget_type=\"image.default\">\n\t\t\t\t<div class=\"elementor-widget-container\">\n\t\t\t\t\t\t\t\t<div class=\"elementor-image\">\n\t\t\t\t\t\t\t\t\t\t\t\t\t<a href=\"http:\/\/ekonomik.opole.pl\/eko3\/wp-content\/uploads\/2021\/05\/tygodnikOPOLE-GW-1-scaled.jpg\" data-elementor-open-lightbox=\"yes\" data-elementor-lightbox-title=\"dloop210528_2021_ae143659-c528-472d-9071-6a846bcda87d.jdf\" data-elementor-lightbox-description=\"Gazeta Wyborcza  artyku\u0142 &quot;Zawodowa perspektywa&quot;\">\n\t\t\t\t\t\t\t<img width=\"712\" height=\"1024\" src=\"http:\/\/ekonomik.opole.pl\/eko3\/wp-content\/uploads\/2021\/05\/tygodnikOPOLE-GW-1-712x1024.jpg\" class=\"attachment-large size-large\" alt=\"Gazeta Wyborcza &quot;Zawodowa perspektywa&quot;\" loading=\"lazy\" srcset=\"http:\/\/ekonomik.opole.pl\/eko3\/wp-content\/uploads\/2021\/05\/tygodnikOPOLE-GW-1-712x1024.jpg 712w, http:\/\/ekonomik.opole.pl\/eko3\/wp-content\/uploads\/2021\/05\/tygodnikOPOLE-GW-1-scaled-680x978.jpg 680w, http:\/\/ekonomik.opole.pl\/eko3\/wp-content\/uploads\/2021\/05\/tygodnikOPOLE-GW-1-209x300.jpg 209w, http:\/\/ekonomik.opole.pl\/eko3\/wp-content\/uploads\/2021\/05\/tygodnikOPOLE-GW-1-768x1104.jpg 768w, http:\/\/ekonomik.opole.pl\/eko3\/wp-content\/uploads\/2021\/05\/tygodnikOPOLE-GW-1-1068x1536.jpg 1068w, http:\/\/ekonomik.opole.pl\/eko3\/wp-content\/uploads\/2021\/05\/tygodnikOPOLE-GW-1-1424x2048.jpg 1424w, http:\/\/ekonomik.opole.pl\/eko3\/wp-content\/uploads\/2021\/05\/tygodnikOPOLE-GW-1-1360x1956.jpg 1360w, http:\/\/ekonomik.opole.pl\/eko3\/wp-content\/uploads\/2021\/05\/tygodnikOPOLE-GW-1-453x651.jpg 453w, http:\/\/ekonomik.opole.pl\/eko3\/wp-content\/uploads\/2021\/05\/tygodnikOPOLE-GW-1-906x1303.jpg 906w, http:\/\/ekonomik.opole.pl\/eko3\/wp-content\/uploads\/2021\/05\/tygodnikOPOLE-GW-1-340x489.jpg 340w, http:\/\/ekonomik.opole.pl\/eko3\/wp-content\/uploads\/2021\/05\/tygodnikOPOLE-GW-1-scaled.jpg 1780w\" sizes=\"(max-width: 712px) 100vw, 712px\" \/>\t\t\t\t\t\t\t\t<\/a>\n\t\t\t\t\t\t\t\t\t\t\t\t\t\t<\/div>\n\t\t\t\t\t\t<\/div>\n\t\t\t\t<\/div>\n\t\t\t\t\t\t<\/div>\n\t\t\t\t\t<\/div>\n\t\t<\/div>\n\t\t\t\t\t\t\t\t<\/div>\n\t\t\t\t\t<\/div>\n\t\t<\/section>\n\t\t\t\t<section class=\"elementor-section elementor-top-section elementor-element elementor-element-a78e0f5 elementor-section-boxed elementor-section-height-default elementor-section-height-default\" data-id=\"a78e0f5\" data-element_type=\"section\" data-settings=\"{&quot;background_background&quot;:&quot;classic&quot;}\">\n\t\t\t\t\t\t<div class=\"elementor-container elementor-column-gap-default\">\n\t\t\t\t\t\t\t<div class=\"elementor-row\">\n\t\t\t\t\t<div class=\"elementor-column elementor-col-100 elementor-top-column elementor-element elementor-element-15df8fc3\" data-id=\"15df8fc3\" data-element_type=\"column\">\n\t\t\t<div class=\"elementor-column-wrap elementor-element-populated\">\n\t\t\t\t\t\t\t<div class=\"elementor-widget-wrap\">\n\t\t\t\t\t\t<div class=\"elementor-element elementor-element-63bb1e9c elementor-align-left elementor-widget elementor-widget-post-info\" data-id=\"63bb1e9c\" data-element_type=\"widget\" data-widget_type=\"post-info.default\">\n\t\t\t\t<div class=\"elementor-widget-container\">\n\t\t\t\t\t<ul class=\"elementor-icon-list-items elementor-post-info\">\n\t\t\t\t\t<li class=\"elementor-icon-list-item elementor-repeater-item-59e5d2e\" itemprop=\"about\">\n\t\t\t\t\t\t\t\t\t\t\t\t\t<span class=\"elementor-icon-list-text elementor-post-info__item elementor-post-info__item--type-terms\">\n\t\t\t\t\t\t\t\t\t\t<span class=\"elementor-post-info__terms-list\">\n\t\t\t\t<a href=\"http:\/\/ekonomik.opole.pl\/eko3\/tag\/ekonomik-opole\/\" class=\"elementor-post-info__terms-list-item\">Ekonomik Opole<\/a>, <a href=\"http:\/\/ekonomik.opole.pl\/eko3\/tag\/rekrutacja-2021\/\" class=\"elementor-post-info__terms-list-item\">Rekrutacja 2021<\/a>\t\t\t\t<\/span>\n\t\t\t\t\t<\/span>\n\t\t\t\t\t\t\t\t<\/li>\n\t\t\t\t<\/ul>\n\t\t\t\t<\/div>\n\t\t\t\t<\/div>\n\t\t\t\t<div class=\"elementor-element elementor-element-4a0d9262 elementor-post-navigation-borders-yes elementor-widget elementor-widget-post-navigation\" data-id=\"4a0d9262\" data-element_type=\"widget\" data-widget_type=\"post-navigation.default\">\n\t\t\t\t<div class=\"elementor-widget-container\">\n\t\t\t\t\t<div class=\"elementor-post-navigation\">\n\t\t\t<div class=\"elementor-post-navigation__prev elementor-post-navigation__link\">\n\t\t\t\t<a href=\"http:\/\/ekonomik.opole.pl\/eko3\/ekonomistki-w-finale-szkolnych-mistrzostw-menadzerskich\/\" rel=\"prev\"><span class=\"elementor-post-navigation__link__prev\"><span class=\"post-navigation__prev--label\">poprzedni wpis<\/span><span class=\"post-navigation__prev--title\">Ekonomistki w finale Szkolnych Mistrzostw Menad\u017cerskich<\/span><\/span><\/a>\t\t\t<\/div>\n\t\t\t\t\t\t\t<div class=\"elementor-post-navigation__separator-wrapper\">\n\t\t\t\t\t<div class=\"elementor-post-navigation__separator\"><\/div>\n\t\t\t\t<\/div>\n\t\t\t\t\t\t<div class=\"elementor-post-navigation__next elementor-post-navigation__link\">\n\t\t\t\t<a href=\"http:\/\/ekonomik.opole.pl\/eko3\/3-2\/\" rel=\"next\"><span class=\"elementor-post-navigation__link__next\"><span class=\"post-navigation__next--label\">nast\u0119pny wpis<\/span><span class=\"post-navigation__next--title\">3. miejsce koszykarzy na Mistrzostwach Miasta Opola<\/span><\/span><\/a>\t\t\t<\/div>\n\t\t<\/div>\n\t\t\t\t<\/div>\n\t\t\t\t<\/div>\n\t\t\t\t\t\t<\/div>\n\t\t\t\t\t<\/div>\n\t\t<\/div>\n\t\t\t\t\t\t\t\t<\/div>\n\t\t\t\t\t<\/div>\n\t\t<\/section>\n\t\t\t\t<section class=\"elementor-section elementor-top-section elementor-element elementor-element-4a26f000 elementor-section-boxed elementor-section-height-default elementor-section-height-default\" data-id=\"4a26f000\" data-element_type=\"section\" data-settings=\"{&quot;background_background&quot;:&quot;classic&quot;}\">\n\t\t\t\t\t\t<div class=\"elementor-container elementor-column-gap-default\">\n\t\t\t\t\t\t\t<div class=\"elementor-row\">\n\t\t\t\t\t<div class=\"elementor-column elementor-col-100 elementor-top-column elementor-element elementor-element-5f2e0e81\" data-id=\"5f2e0e81\" data-element_type=\"column\">\n\t\t\t<div class=\"elementor-column-wrap elementor-element-populated\">\n\t\t\t\t\t\t\t<div class=\"elementor-widget-wrap\">\n\t\t\t\t\t\t<div class=\"elementor-element elementor-element-6827408 elementor-grid-tablet-3 elementor-grid-3 elementor-grid-mobile-1 elementor-posts--thumbnail-top elementor-widget elementor-widget-posts\" data-id=\"6827408\" data-element_type=\"widget\" data-settings=\"{&quot;classic_columns_tablet&quot;:&quot;3&quot;,&quot;classic_columns&quot;:&quot;3&quot;,&quot;classic_columns_mobile&quot;:&quot;1&quot;,&quot;classic_row_gap&quot;:{&quot;unit&quot;:&quot;px&quot;,&quot;size&quot;:35,&quot;sizes&quot;:[]}}\" data-widget_type=\"posts.classic\">\n\t\t\t\t<div class=\"elementor-widget-container\">\n\t\t\t\t\t<div class=\"elementor-posts-container elementor-posts elementor-posts--skin-classic elementor-grid\">\n\t\t\t\t<article class=\"elementor-post elementor-grid-item post-999392 post type-post status-publish format-standard has-post-thumbnail hentry category-stypendium\">\n\t\t\t\t<a class=\"elementor-post__thumbnail__link\" href=\"http:\/\/ekonomik.opole.pl\/eko3\/marszalkowski-program-stypendialny-dla-uczniow-szkol-i-placowek-ksztalcenia-zawodowego-wojewodztwa-opolskiego-etap-ii\/\" >\n\t\t\t<div class=\"elementor-post__thumbnail\"><img width=\"212\" height=\"300\" src=\"http:\/\/ekonomik.opole.pl\/eko3\/wp-content\/uploads\/2026\/08\/plakat-212x300.webp\" class=\"attachment-medium size-medium\" alt=\"\" loading=\"lazy\" srcset=\"http:\/\/ekonomik.opole.pl\/eko3\/wp-content\/uploads\/2026\/08\/plakat-212x300.webp 212w, http:\/\/ekonomik.opole.pl\/eko3\/wp-content\/uploads\/2026\/08\/plakat-724x1024.webp 724w, http:\/\/ekonomik.opole.pl\/eko3\/wp-content\/uploads\/2026\/08\/plakat-768x1086.webp 768w, http:\/\/ekonomik.opole.pl\/eko3\/wp-content\/uploads\/2026\/08\/plakat-680x962.webp 680w, http:\/\/ekonomik.opole.pl\/eko3\/wp-content\/uploads\/2026\/08\/plakat.webp 1086w\" sizes=\"(max-width: 212px) 100vw, 212px\" \/><\/div>\n\t\t<\/a>\n\t\t\t\t<div class=\"elementor-post__text\">\n\t\t\t\t<h3 class=\"elementor-post__title\">\n\t\t\t<a href=\"http:\/\/ekonomik.opole.pl\/eko3\/marszalkowski-program-stypendialny-dla-uczniow-szkol-i-placowek-ksztalcenia-zawodowego-wojewodztwa-opolskiego-etap-ii\/\" >\n\t\t\t\tMarsza\u0142kowski Program Stypendialny dla uczni\u00f3w szk\u00f3\u0142 i plac\u00f3wek kszta\u0142cenia zawodowego wojew\u00f3dztwa opolskiego \u2013 etap II\t\t\t<\/a>\n\t\t<\/h3>\n\t\t\t\t<div class=\"elementor-post__meta-data\">\n\t\t\t\t\t<span class=\"elementor-post-date\">\n\t\t\t26 sierpnia, 2026\t\t<\/span>\n\t\t\t\t<\/div>\n\t\t\t\t<div class=\"elementor-post__excerpt\">\n\t\t\t<p>Zarz\u0105d Wojew\u00f3dztwa Opolskiego og\u0142asza nab\u00f3r wniosk\u00f3w o przyznanie stypendium w ramach projektu \u201eMarsza\u0142kowski Program Stypendialny dla uczni\u00f3w szk\u00f3\u0142 i plac\u00f3wek kszta\u0142cenia zawodowego wojew\u00f3dztwa opolskiego \u2013<\/p>\n\t\t<\/div>\n\t\t\t\t\t<a class=\"elementor-post__read-more\" href=\"http:\/\/ekonomik.opole.pl\/eko3\/marszalkowski-program-stypendialny-dla-uczniow-szkol-i-placowek-ksztalcenia-zawodowego-wojewodztwa-opolskiego-etap-ii\/\" >\n\t\t\t\tCzytaj wi\u0119cej...\t\t\t<\/a>\n\t\t\t\t<\/div>\n\t\t\t\t<\/article>\n\t\t\t\t<article class=\"elementor-post elementor-grid-item post-999389 post type-post status-publish format-standard has-post-thumbnail hentry category-informacja\">\n\t\t\t\t<a class=\"elementor-post__thumbnail__link\" href=\"http:\/\/ekonomik.opole.pl\/eko3\/uroczyste-rozpoczecie-roku-szkolnego-2026-2027\/\" >\n\t\t\t<div class=\"elementor-post__thumbnail\"><img width=\"300\" height=\"200\" src=\"http:\/\/ekonomik.opole.pl\/eko3\/wp-content\/uploads\/2026\/08\/rrk-300x200.webp\" class=\"attachment-medium size-medium\" alt=\"\" loading=\"lazy\" srcset=\"http:\/\/ekonomik.opole.pl\/eko3\/wp-content\/uploads\/2026\/08\/rrk-300x200.webp 300w, http:\/\/ekonomik.opole.pl\/eko3\/wp-content\/uploads\/2026\/08\/rrk-1024x682.webp 1024w, http:\/\/ekonomik.opole.pl\/eko3\/wp-content\/uploads\/2026\/08\/rrk-768x511.webp 768w, http:\/\/ekonomik.opole.pl\/eko3\/wp-content\/uploads\/2026\/08\/rrk-680x453.webp 680w, http:\/\/ekonomik.opole.pl\/eko3\/wp-content\/uploads\/2026\/08\/rrk.webp 1200w\" sizes=\"(max-width: 300px) 100vw, 300px\" \/><\/div>\n\t\t<\/a>\n\t\t\t\t<div class=\"elementor-post__text\">\n\t\t\t\t<h3 class=\"elementor-post__title\">\n\t\t\t<a href=\"http:\/\/ekonomik.opole.pl\/eko3\/uroczyste-rozpoczecie-roku-szkolnego-2026-2027\/\" >\n\t\t\t\tUroczyste rozpocz\u0119cie roku szkolnego 2026\/2027\t\t\t<\/a>\n\t\t<\/h3>\n\t\t\t\t<div class=\"elementor-post__meta-data\">\n\t\t\t\t\t<span class=\"elementor-post-date\">\n\t\t\t26 sierpnia, 2026\t\t<\/span>\n\t\t\t\t<\/div>\n\t\t\t\t<div class=\"elementor-post__excerpt\">\n\t\t\t<p>Rozpocz\u0119cie odb\u0119dzie si\u0119 wed\u0142ug harmonogramu: godz. 8.00 \u2013 msza \u015bw. dla ch\u0119tnych uczni\u00f3w w ko\u015bciele \u015bw. Piotra i Paw\u0142a godz. 9.00 \u2013 rozpocz\u0119cie roku szkolnego<\/p>\n\t\t<\/div>\n\t\t\t\t\t<a class=\"elementor-post__read-more\" href=\"http:\/\/ekonomik.opole.pl\/eko3\/uroczyste-rozpoczecie-roku-szkolnego-2026-2027\/\" >\n\t\t\t\tCzytaj wi\u0119cej...\t\t\t<\/a>\n\t\t\t\t<\/div>\n\t\t\t\t<\/article>\n\t\t\t\t<article class=\"elementor-post elementor-grid-item post-999386 post type-post status-publish format-standard has-post-thumbnail hentry category-informacja\">\n\t\t\t\t<a class=\"elementor-post__thumbnail__link\" href=\"http:\/\/ekonomik.opole.pl\/eko3\/szkola-zamknieta-w-dniu-14-08\/\" >\n\t\t\t<div class=\"elementor-post__thumbnail\"><img width=\"300\" height=\"209\" src=\"http:\/\/ekonomik.opole.pl\/eko3\/wp-content\/uploads\/2025\/04\/pexels-photo-16213402-300x209.webp\" class=\"attachment-medium size-medium\" alt=\"\" loading=\"lazy\" srcset=\"http:\/\/ekonomik.opole.pl\/eko3\/wp-content\/uploads\/2025\/04\/pexels-photo-16213402-300x209.webp 300w, http:\/\/ekonomik.opole.pl\/eko3\/wp-content\/uploads\/2025\/04\/pexels-photo-16213402-1024x712.webp 1024w, http:\/\/ekonomik.opole.pl\/eko3\/wp-content\/uploads\/2025\/04\/pexels-photo-16213402-768x534.webp 768w, http:\/\/ekonomik.opole.pl\/eko3\/wp-content\/uploads\/2025\/04\/pexels-photo-16213402-1536x1068.webp 1536w, http:\/\/ekonomik.opole.pl\/eko3\/wp-content\/uploads\/2025\/04\/pexels-photo-16213402-1360x946.webp 1360w, http:\/\/ekonomik.opole.pl\/eko3\/wp-content\/uploads\/2025\/04\/pexels-photo-16213402-680x473.webp 680w, http:\/\/ekonomik.opole.pl\/eko3\/wp-content\/uploads\/2025\/04\/pexels-photo-16213402.webp 1600w\" sizes=\"(max-width: 300px) 100vw, 300px\" \/><\/div>\n\t\t<\/a>\n\t\t\t\t<div class=\"elementor-post__text\">\n\t\t\t\t<h3 class=\"elementor-post__title\">\n\t\t\t<a href=\"http:\/\/ekonomik.opole.pl\/eko3\/szkola-zamknieta-w-dniu-14-08\/\" >\n\t\t\t\tSzko\u0142a zamkni\u0119ta w dniu 14.08\t\t\t<\/a>\n\t\t<\/h3>\n\t\t\t\t<div class=\"elementor-post__meta-data\">\n\t\t\t\t\t<span class=\"elementor-post-date\">\n\t\t\t13 sierpnia, 2026\t\t<\/span>\n\t\t\t\t<\/div>\n\t\t\t\t<div class=\"elementor-post__excerpt\">\n\t\t\t<p>Uprzejmie informujemy, \u017ce w dniu 14.08 (pi\u0105tek) budynek szko\u0142y b\u0119dzie zamkni\u0119ty. Zapraszamy ponownie w poniedzia\u0142ek.<\/p>\n\t\t<\/div>\n\t\t\t\t\t<a class=\"elementor-post__read-more\" href=\"http:\/\/ekonomik.opole.pl\/eko3\/szkola-zamknieta-w-dniu-14-08\/\" >\n\t\t\t\tCzytaj wi\u0119cej...\t\t\t<\/a>\n\t\t\t\t<\/div>\n\t\t\t\t<\/article>\n\t\t\t\t<\/div>\n\t\t\t\t<\/div>\n\t\t\t\t<\/div>\n\t\t\t\t\t\t<\/div>\n\t\t\t\t\t<\/div>\n\t\t<\/div>\n\t\t\t\t\t\t\t\t<\/div>\n\t\t\t\t\t<\/div>\n\t\t<\/section>\n\t\t\t\t\t\t<\/div>\n\t\t\t\t\t\t<\/div>\n\t\t\t\t\t<\/div>\n\t\t","protected":false},"excerpt":{"rendered":"<p>Najpopularniejsze zawody w opolskim Ekonomiku (Technikum nr 3) \u2013 najlepszym technikum na Opolszczy\u017anie wed\u0142ug rankingu \u201ePerspektyw\u201d 2021 \u2013 to: technik logistyk, technik ekonomista, technik grafiki i poligrafii cyfrowej, technik reklamy oraz technik fotografii i multimedi\u00f3w. \u2013 W ubieg\u0142ym roku otworzyli\u015bmy klas\u0119 w zawodzie technikprogramista, kt\u00f3ra tak\u017ce cieszy si\u0119 du\u017cym\u00a0zainteresowaniem. Cieszymy si\u0119, \u017ce trafiaj\u0105 do nas&#8230;<\/p>\n","protected":false},"author":2,"featured_media":991692,"comment_status":"closed","ping_status":"open","sticky":false,"template":"","format":"standard","meta":{"inline_featured_image":false},"categories":[87,88,85,86,89,90,91,105],"tags":[157,106],"_links":{"self":[{"href":"http:\/\/ekonomik.opole.pl\/eko3\/wp-json\/wp\/v2\/posts\/992541"}],"collection":[{"href":"http:\/\/ekonomik.opole.pl\/eko3\/wp-json\/wp\/v2\/posts"}],"about":[{"href":"http:\/\/ekonomik.opole.pl\/eko3\/wp-json\/wp\/v2\/types\/post"}],"author":[{"embeddable":true,"href":"http:\/\/ekonomik.opole.pl\/eko3\/wp-json\/wp\/v2\/users\/2"}],"replies":[{"embeddable":true,"href":"http:\/\/ekonomik.opole.pl\/eko3\/wp-json\/wp\/v2\/comments?post=992541"}],"version-history":[{"count":10,"href":"http:\/\/ekonomik.opole.pl\/eko3\/wp-json\/wp\/v2\/posts\/992541\/revisions"}],"predecessor-version":[{"id":992555,"href":"http:\/\/ekonomik.opole.pl\/eko3\/wp-json\/wp\/v2\/posts\/992541\/revisions\/992555"}],"wp:featuredmedia":[{"embeddable":true,"href":"http:\/\/ekonomik.opole.pl\/eko3\/wp-json\/wp\/v2\/media\/991692"}],"wp:attachment":[{"href":"http:\/\/ekonomik.opole.pl\/eko3\/wp-json\/wp\/v2\/media?parent=992541"}],"wp:term":[{"taxonomy":"category","embeddable":true,"href":"http:\/\/ekonomik.opole.pl\/eko3\/wp-json\/wp\/v2\/categories?post=992541"},{"taxonomy":"post_tag","embeddable":true,"href":"http:\/\/ekonomik.opole.pl\/eko3\/wp-json\/wp\/v2\/tags?post=992541"}],"curies":[{"name":"wp","href":"https:\/\/api.w.org\/{rel}","templated":true}]}}