{"id":992557,"date":"2021-06-02T16:44:00","date_gmt":"2021-06-02T16:44:00","guid":{"rendered":"http:\/\/ekonomik.opole.pl\/eko3\/?p=992557"},"modified":"2021-06-02T16:51:21","modified_gmt":"2021-06-02T16:51:21","slug":"3-2","status":"publish","type":"post","link":"http:\/\/ekonomik.opole.pl\/eko3\/3-2\/","title":{"rendered":"3. miejsce koszykarzy na Mistrzostwach Miasta Opola"},"content":{"rendered":"\t\t<div data-elementor-type=\"wp-post\" data-elementor-id=\"992557\" class=\"elementor elementor-992557\" data-elementor-settings=\"[]\">\n\t\t\t\t\t\t<div class=\"elementor-inner\">\n\t\t\t\t\t\t\t<div class=\"elementor-section-wrap\">\n\t\t\t\t\t\t\t<section class=\"elementor-section elementor-top-section elementor-element elementor-element-f0d8a04 elementor-section-boxed elementor-section-height-default elementor-section-height-default\" data-id=\"f0d8a04\" data-element_type=\"section\">\n\t\t\t\t\t\t<div class=\"elementor-container elementor-column-gap-default\">\n\t\t\t\t\t\t\t<div class=\"elementor-row\">\n\t\t\t\t\t<div class=\"elementor-column elementor-col-66 elementor-top-column elementor-element elementor-element-f32b696\" data-id=\"f32b696\" data-element_type=\"column\">\n\t\t\t<div class=\"elementor-column-wrap elementor-element-populated\">\n\t\t\t\t\t\t\t<div class=\"elementor-widget-wrap\">\n\t\t\t\t\t\t<div class=\"elementor-element elementor-element-c4fd739 elementor-widget elementor-widget-text-editor\" data-id=\"c4fd739\" data-element_type=\"widget\" data-widget_type=\"text-editor.default\">\n\t\t\t\t<div class=\"elementor-widget-container\">\n\t\t\t\t\t\t\t\t<div class=\"elementor-text-editor elementor-clearfix\">\n\t\t\t\t\t<p>\u015awietnie zaprezentowali si\u0119 koszykarze Ekonomika na Mistrzostwach Miasta Opola w koszyk\u00f3wce 3&#215;3. Na pierwszych zawodach sportowych po pandemicznej przerwie nasi uczniowie zaj\u0119li <strong>3. miejsce.&nbsp;<\/strong><\/p>\t\t\t\t\t<\/div>\n\t\t\t\t\t\t<\/div>\n\t\t\t\t<\/div>\n\t\t\t\t\t\t<\/div>\n\t\t\t\t\t<\/div>\n\t\t<\/div>\n\t\t\t\t<div class=\"elementor-column elementor-col-33 elementor-top-column elementor-element elementor-element-f91039f\" data-id=\"f91039f\" data-element_type=\"column\">\n\t\t\t<div class=\"elementor-column-wrap elementor-element-populated\">\n\t\t\t\t\t\t\t<div class=\"elementor-widget-wrap\">\n\t\t\t\t\t\t<div class=\"elementor-element elementor-element-7550d0d elementor-widget elementor-widget-image\" data-id=\"7550d0d\" data-element_type=\"widget\" data-widget_type=\"image.default\">\n\t\t\t\t<div class=\"elementor-widget-container\">\n\t\t\t\t\t\t\t\t<div class=\"elementor-image\">\n\t\t\t\t\t\t\t\t\t<figure class=\"wp-caption\">\n\t\t\t\t\t\t\t\t\t\t<img width=\"906\" height=\"960\" src=\"http:\/\/ekonomik.opole.pl\/eko3\/wp-content\/uploads\/2021\/06\/3-miejsce-koszykarzy-Ekonomika.jpg\" class=\"attachment-large size-large\" alt=\"3 miejsce koszykarzy Ekonomika\" loading=\"lazy\" srcset=\"http:\/\/ekonomik.opole.pl\/eko3\/wp-content\/uploads\/2021\/06\/3-miejsce-koszykarzy-Ekonomika.jpg 906w, http:\/\/ekonomik.opole.pl\/eko3\/wp-content\/uploads\/2021\/06\/3-miejsce-koszykarzy-Ekonomika-680x721.jpg 680w, http:\/\/ekonomik.opole.pl\/eko3\/wp-content\/uploads\/2021\/06\/3-miejsce-koszykarzy-Ekonomika-283x300.jpg 283w, http:\/\/ekonomik.opole.pl\/eko3\/wp-content\/uploads\/2021\/06\/3-miejsce-koszykarzy-Ekonomika-768x814.jpg 768w, http:\/\/ekonomik.opole.pl\/eko3\/wp-content\/uploads\/2021\/06\/3-miejsce-koszykarzy-Ekonomika-453x480.jpg 453w, http:\/\/ekonomik.opole.pl\/eko3\/wp-content\/uploads\/2021\/06\/3-miejsce-koszykarzy-Ekonomika-340x360.jpg 340w\" sizes=\"(max-width: 906px) 100vw, 906px\" \/>\t\t\t\t\t\t\t\t\t\t\t<figcaption class=\"widget-image-caption wp-caption-text\">Na zdj\u0119ciu od lewej: Pan Wojciech Aksamit, Tytus \u0141ysiak, Jakub Pawelec, Jonatan Anderst, Szymon J\u0119drzejczak<\/figcaption>\n\t\t\t\t\t\t\t\t\t\t<\/figure>\n\t\t\t\t\t\t\t\t<\/div>\n\t\t\t\t\t\t<\/div>\n\t\t\t\t<\/div>\n\t\t\t\t\t\t<\/div>\n\t\t\t\t\t<\/div>\n\t\t<\/div>\n\t\t\t\t\t\t\t\t<\/div>\n\t\t\t\t\t<\/div>\n\t\t<\/section>\n\t\t\t\t<section class=\"elementor-section elementor-top-section elementor-element elementor-element-f9f094c elementor-section-boxed elementor-section-height-default elementor-section-height-default\" data-id=\"f9f094c\" data-element_type=\"section\">\n\t\t\t\t\t\t<div class=\"elementor-container elementor-column-gap-default\">\n\t\t\t\t\t\t\t<div class=\"elementor-row\">\n\t\t\t\t\t<div class=\"elementor-column elementor-col-100 elementor-top-column elementor-element elementor-element-9200678\" data-id=\"9200678\" data-element_type=\"column\">\n\t\t\t<div class=\"elementor-column-wrap elementor-element-populated\">\n\t\t\t\t\t\t\t<div class=\"elementor-widget-wrap\">\n\t\t\t\t\t\t<div class=\"elementor-element elementor-element-fc37292 elementor-widget elementor-widget-spacer\" data-id=\"fc37292\" data-element_type=\"widget\" data-widget_type=\"spacer.default\">\n\t\t\t\t<div class=\"elementor-widget-container\">\n\t\t\t\t\t<div class=\"elementor-spacer\">\n\t\t\t<div class=\"elementor-spacer-inner\"><\/div>\n\t\t<\/div>\n\t\t\t\t<\/div>\n\t\t\t\t<\/div>\n\t\t\t\t\t\t<\/div>\n\t\t\t\t\t<\/div>\n\t\t<\/div>\n\t\t\t\t\t\t\t\t<\/div>\n\t\t\t\t\t<\/div>\n\t\t<\/section>\n\t\t\t\t<section class=\"elementor-section elementor-top-section elementor-element elementor-element-35b3861 elementor-section-boxed elementor-section-height-default elementor-section-height-default\" data-id=\"35b3861\" data-element_type=\"section\">\n\t\t\t\t\t\t<div class=\"elementor-container elementor-column-gap-default\">\n\t\t\t\t\t\t\t<div class=\"elementor-row\">\n\t\t\t\t\t<div class=\"elementor-column elementor-col-100 elementor-top-column elementor-element elementor-element-afbd00b\" data-id=\"afbd00b\" data-element_type=\"column\">\n\t\t\t<div class=\"elementor-column-wrap elementor-element-populated\">\n\t\t\t\t\t\t\t<div class=\"elementor-widget-wrap\">\n\t\t\t\t\t\t<div class=\"elementor-element elementor-element-e2a58b1 elementor-widget elementor-widget-text-editor\" data-id=\"e2a58b1\" data-element_type=\"widget\" data-widget_type=\"text-editor.default\">\n\t\t\t\t<div class=\"elementor-widget-container\">\n\t\t\t\t\t\t\t\t<div class=\"elementor-text-editor elementor-clearfix\">\n\t\t\t\t\t<div><div dir=\"auto\">W rozgrywkach grupowych w pierwszym meczu turnieju, naszym koszykarzom uda\u0142o si\u0119 pokona\u0107 dru\u017cyn\u0119 LO I, natomiast w rywalizacji z zespo\u0142em LO 6 musieli uzna\u0107 wy\u017cszo\u015b\u0107 rywali przegrywaj\u0105c tylko o 1 punkt.<\/div><\/div><div><div dir=\"auto\"><p>W meczu o awans do fina\u0142u po bardzo wyr\u00f3wnanej walce \u201etygrysy ekonomika\u201d ulegli r\u00f3wnie\u017c o 1 pkt. przysz\u0142ym mistrzom Opola z LO II. Szcz\u0119\u015bliwy los sprzyja\u0142 ch\u0142opakom w meczu o br\u0105zowy medal, w kt\u00f3rym w ostatnich sekundach meczu uda\u0142o nam si\u0119 zrewan\u017cowa\u0107 licealistom z sz\u00f3stki wygrywaj\u0105c \u2026 1 pkt!<\/p><div class=\"o9v6fnle cxmmr5t8 oygrvhab hcukyx3x c1et5uql ii04i59q\"><div dir=\"auto\">Sk\u0142ad br\u0105zowych medalist\u00f3w:\u00a0<span style=\"color: var(--vamtam-primary-font-color); letter-spacing: var(--vamtam-primary-font-letter-spacing-desktop,normal); text-transform: var(--vamtam-primary-font-transform,none);\">Jakub Pawelec 2f, Jonatan Anderst 2f, Szymon J\u0119drzejczak 2h, Tytus \u0141ysiak 2g.<\/span><\/div><\/div><div class=\"o9v6fnle cxmmr5t8 oygrvhab hcukyx3x c1et5uql ii04i59q\"><div dir=\"auto\"><strong>Opiekun: Pan Wojciech Aksamit<\/strong><\/div><\/div><p>\u00a0<\/p><\/div><\/div>\t\t\t\t\t<\/div>\n\t\t\t\t\t\t<\/div>\n\t\t\t\t<\/div>\n\t\t\t\t\t\t<\/div>\n\t\t\t\t\t<\/div>\n\t\t<\/div>\n\t\t\t\t\t\t\t\t<\/div>\n\t\t\t\t\t<\/div>\n\t\t<\/section>\n\t\t\t\t\t\t<\/div>\n\t\t\t\t\t\t<\/div>\n\t\t\t\t\t<\/div>\n\t\t","protected":false},"excerpt":{"rendered":"<p>\u015awietnie zaprezentowali si\u0119 koszykarze Ekonomika na Mistrzostwach Miasta Opola w koszyk\u00f3wce 3&#215;3. Na pierwszych zawodach sportowych po pandemicznej przerwie nasi uczniowie zaj\u0119li 3. miejsce.&nbsp; Na zdj\u0119ciu od lewej: Pan Wojciech Aksamit, Tytus \u0141ysiak, Jakub Pawelec, Jonatan Anderst, Szymon J\u0119drzejczak W rozgrywkach grupowych w pierwszym meczu turnieju, naszym koszykarzom uda\u0142o si\u0119 pokona\u0107 dru\u017cyn\u0119 LO I, natomiast&#8230;<\/p>\n","protected":false},"author":2,"featured_media":992558,"comment_status":"closed","ping_status":"open","sticky":false,"template":"","format":"standard","meta":{"inline_featured_image":false},"categories":[134],"tags":[126,135],"_links":{"self":[{"href":"http:\/\/ekonomik.opole.pl\/eko3\/wp-json\/wp\/v2\/posts\/992557"}],"collection":[{"href":"http:\/\/ekonomik.opole.pl\/eko3\/wp-json\/wp\/v2\/posts"}],"about":[{"href":"http:\/\/ekonomik.opole.pl\/eko3\/wp-json\/wp\/v2\/types\/post"}],"author":[{"embeddable":true,"href":"http:\/\/ekonomik.opole.pl\/eko3\/wp-json\/wp\/v2\/users\/2"}],"replies":[{"embeddable":true,"href":"http:\/\/ekonomik.opole.pl\/eko3\/wp-json\/wp\/v2\/comments?post=992557"}],"version-history":[{"count":6,"href":"http:\/\/ekonomik.opole.pl\/eko3\/wp-json\/wp\/v2\/posts\/992557\/revisions"}],"predecessor-version":[{"id":992565,"href":"http:\/\/ekonomik.opole.pl\/eko3\/wp-json\/wp\/v2\/posts\/992557\/revisions\/992565"}],"wp:featuredmedia":[{"embeddable":true,"href":"http:\/\/ekonomik.opole.pl\/eko3\/wp-json\/wp\/v2\/media\/992558"}],"wp:attachment":[{"href":"http:\/\/ekonomik.opole.pl\/eko3\/wp-json\/wp\/v2\/media?parent=992557"}],"wp:term":[{"taxonomy":"category","embeddable":true,"href":"http:\/\/ekonomik.opole.pl\/eko3\/wp-json\/wp\/v2\/categories?post=992557"},{"taxonomy":"post_tag","embeddable":true,"href":"http:\/\/ekonomik.opole.pl\/eko3\/wp-json\/wp\/v2\/tags?post=992557"}],"curies":[{"name":"wp","href":"https:\/\/api.w.org\/{rel}","templated":true}]}}