{"id":992702,"date":"2021-06-21T14:16:52","date_gmt":"2021-06-21T14:16:52","guid":{"rendered":"http:\/\/ekonomik.opole.pl\/eko3\/?p=992702"},"modified":"2021-06-21T14:23:26","modified_gmt":"2021-06-21T14:23:26","slug":"podsumowalismy-udzial-w-programie-erasmus","status":"publish","type":"post","link":"http:\/\/ekonomik.opole.pl\/eko3\/podsumowalismy-udzial-w-programie-erasmus\/","title":{"rendered":"Podsumowali\u015bmy udzia\u0142 w programie Erasmus+"},"content":{"rendered":"\t\t<div data-elementor-type=\"wp-post\" data-elementor-id=\"992702\" class=\"elementor elementor-992702\" data-elementor-settings=\"[]\">\n\t\t\t\t\t\t<div class=\"elementor-inner\">\n\t\t\t\t\t\t\t<div class=\"elementor-section-wrap\">\n\t\t\t\t\t\t\t<section class=\"elementor-section elementor-top-section elementor-element elementor-element-7ca2178 elementor-section-full_width elementor-section-height-default elementor-section-height-default\" data-id=\"7ca2178\" data-element_type=\"section\">\n\t\t\t\t\t\t<div class=\"elementor-container elementor-column-gap-default\">\n\t\t\t\t\t\t\t<div class=\"elementor-row\">\n\t\t\t\t\t<div class=\"elementor-column elementor-col-100 elementor-top-column elementor-element elementor-element-6ffa077e\" data-id=\"6ffa077e\" data-element_type=\"column\">\n\t\t\t<div class=\"elementor-column-wrap elementor-element-populated\">\n\t\t\t\t\t\t\t<div class=\"elementor-widget-wrap\">\n\t\t\t\t\t\t<div class=\"elementor-element elementor-element-76c912f3 elementor-drop-cap-yes elementor-drop-cap-view-default elementor-widget elementor-widget-text-editor\" data-id=\"76c912f3\" data-element_type=\"widget\" data-settings=\"{&quot;drop_cap&quot;:&quot;yes&quot;}\" data-widget_type=\"text-editor.default\">\n\t\t\t\t<div class=\"elementor-widget-container\">\n\t\t\t\t\t\t\t\t<div class=\"elementor-text-editor elementor-clearfix\">\n\t\t\t\t\t<p>Ponad dwa lata temu Ekonomik przyst\u0105pi\u0142 do kolejnego projektu programu Erasmus+, w ramach kt\u00f3rego uczniowie z Rzymu, Koblencji, Hranic i Opola mieli mo\u017cliwo\u015b\u0107 spotykania si\u0119 i tworzenia przewodnika on-line dla m\u0142odzie\u017cy, opisuj\u0105cego najwi\u0119ksze atrakcje ka\u017cdego z tych miejsc.<\/p>\t\t\t\t\t<\/div>\n\t\t\t\t\t\t<\/div>\n\t\t\t\t<\/div>\n\t\t\t\t<div class=\"elementor-element elementor-element-17e6ec54 elementor-widget-divider--separator-type-pattern elementor-widget-divider--no-spacing elementor-widget-divider--view-line elementor-widget elementor-widget-divider\" data-id=\"17e6ec54\" data-element_type=\"widget\" data-widget_type=\"divider.default\">\n\t\t\t\t<div class=\"elementor-widget-container\">\n\t\t\t\t\t<div class=\"elementor-divider\" style=\"--divider-pattern-url: url(&quot;data:image\/svg+xml,%3Csvg xmlns=&#039;http:\/\/www.w3.org\/2000\/svg&#039; preserveAspectRatio=&#039;xMidYMid meet&#039; overflow=&#039;visible&#039; height=&#039;100%&#039; viewBox=&#039;0 0 126 26&#039; fill=&#039;black&#039; stroke=&#039;none&#039;%3E%3Cpath d=&#039;M3,10.2c2.6,0,2.6,2,2.6,3.2S4.4,16.5,3,16.5s-3-1.4-3-3.2S0.4,10.2,3,10.2z M18.8,10.2c1.7,0,3.2,1.4,3.2,3.2s-1.4,3.2-3.2,3.2c-1.7,0-3.2-1.4-3.2-3.2S17,10.2,18.8,10.2z M34.6,10.2c1.5,0,2.6,1.4,2.6,3.2s-0.5,3.2-1.9,3.2c-1.5,0-3.4-1.4-3.4-3.2S33.1,10.2,34.6,10.2z M50.5,10.2c1.7,0,3.2,1.4,3.2,3.2s-1.4,3.2-3.2,3.2c-1.7,0-3.3-0.9-3.3-2.6S48.7,10.2,50.5,10.2z M66.2,10.2c1.5,0,3.4,1.4,3.4,3.2s-1.9,3.2-3.4,3.2c-1.5,0-2.6-0.4-2.6-2.1S64.8,10.2,66.2,10.2z M82.2,10.2c1.7,0.8,2.6,1.4,2.6,3.2s-0.1,3.2-1.6,3.2c-1.5,0-3.7-1.4-3.7-3.2S80.5,9.4,82.2,10.2zM98.6,10.2c1.5,0,2.6,0.4,2.6,2.1s-1.2,4.2-2.6,4.2c-1.5,0-3.7-0.4-3.7-2.1S97.1,10.2,98.6,10.2z M113.4,10.2c1.2,0,2.2,0.9,2.2,3.2s-0.1,3.2-1.3,3.2s-3.1-1.4-3.1-3.2S112.2,10.2,113.4,10.2z&#039;\/%3E%3C\/svg%3E&quot;);\">\n\t\t\t<span class=\"elementor-divider-separator\">\n\t\t\t\t\t\t<\/span>\n\t\t<\/div>\n\t\t\t\t<\/div>\n\t\t\t\t<\/div>\n\t\t\t\t<div class=\"elementor-element elementor-element-53e7aac2 elementor-widget-divider--view-line elementor-widget elementor-widget-divider\" data-id=\"53e7aac2\" data-element_type=\"widget\" data-widget_type=\"divider.default\">\n\t\t\t\t<div class=\"elementor-widget-container\">\n\t\t\t\t\t<div class=\"elementor-divider\">\n\t\t\t<span class=\"elementor-divider-separator\">\n\t\t\t\t\t\t<\/span>\n\t\t<\/div>\n\t\t\t\t<\/div>\n\t\t\t\t<\/div>\n\t\t\t\t<div class=\"elementor-element elementor-element-38c31b46 elementor-widget elementor-widget-heading\" data-id=\"38c31b46\" data-element_type=\"widget\" data-widget_type=\"heading.default\">\n\t\t\t\t<div class=\"elementor-widget-container\">\n\t\t\t<h3 class=\"elementor-heading-title elementor-size-default\">Moje miasto, moja kultura \u2013 strona internetowa dla m\u0142odych turyst\u00f3w z zagranicy<\/h3>\t\t<\/div>\n\t\t\t\t<\/div>\n\t\t\t\t<div class=\"elementor-element elementor-element-298d11e3 elementor-widget elementor-widget-text-editor\" data-id=\"298d11e3\" data-element_type=\"widget\" data-widget_type=\"text-editor.default\">\n\t\t\t\t<div class=\"elementor-widget-container\">\n\t\t\t\t\t\t\t\t<div class=\"elementor-text-editor elementor-clearfix\">\n\t\t\t\t\t<p>Nasz\u0105 szko\u0142\u0119 reprezentowa\u0142o pi\u0119tna\u015bcioro uczni\u00f3w z wybranych klas, g\u0142\u00f3wnie tegorocznych maturzyst\u00f3w, kt\u00f3rzy na pocz\u0105tku projektu nosz\u0105cego nazw\u0119 \u201eMoje miasto, moja kultura \u2013 strona internetowa dla m\u0142odych turyst\u00f3w z zagranicy\u201d byli w drugiej klasie. Po selekcji i przygotowaniu merytorycznym zostali podzieleni na trzy grupy \u2013 ka\u017cda mia\u0142a uda\u0107 si\u0119 do innego z miast partnerskich.<\/p>\t\t\t\t\t<\/div>\n\t\t\t\t\t\t<\/div>\n\t\t\t\t<\/div>\n\t\t\t\t\t\t<\/div>\n\t\t\t\t\t<\/div>\n\t\t<\/div>\n\t\t\t\t\t\t\t\t<\/div>\n\t\t\t\t\t<\/div>\n\t\t<\/section>\n\t\t\t\t<section class=\"elementor-section elementor-top-section elementor-element elementor-element-a684bd9 elementor-section-boxed elementor-section-height-default elementor-section-height-default\" data-id=\"a684bd9\" data-element_type=\"section\">\n\t\t\t\t\t\t<div class=\"elementor-container elementor-column-gap-default\">\n\t\t\t\t\t\t\t<div class=\"elementor-row\">\n\t\t\t\t\t<div class=\"elementor-column elementor-col-100 elementor-top-column elementor-element elementor-element-d252f21\" data-id=\"d252f21\" data-element_type=\"column\">\n\t\t\t<div class=\"elementor-column-wrap elementor-element-populated\">\n\t\t\t\t\t\t\t<div class=\"elementor-widget-wrap\">\n\t\t\t\t\t\t<div class=\"elementor-element elementor-element-8db9a1f elementor-widget elementor-widget-spacer\" data-id=\"8db9a1f\" data-element_type=\"widget\" data-widget_type=\"spacer.default\">\n\t\t\t\t<div class=\"elementor-widget-container\">\n\t\t\t\t\t<div class=\"elementor-spacer\">\n\t\t\t<div class=\"elementor-spacer-inner\"><\/div>\n\t\t<\/div>\n\t\t\t\t<\/div>\n\t\t\t\t<\/div>\n\t\t\t\t\t\t<\/div>\n\t\t\t\t\t<\/div>\n\t\t<\/div>\n\t\t\t\t\t\t\t\t<\/div>\n\t\t\t\t\t<\/div>\n\t\t<\/section>\n\t\t\t\t<section class=\"elementor-section elementor-top-section elementor-element elementor-element-120555c elementor-section-boxed elementor-section-height-default elementor-section-height-default\" data-id=\"120555c\" data-element_type=\"section\">\n\t\t\t\t\t\t<div class=\"elementor-container elementor-column-gap-default\">\n\t\t\t\t\t\t\t<div class=\"elementor-row\">\n\t\t\t\t\t<div class=\"elementor-column elementor-col-100 elementor-top-column elementor-element elementor-element-7ab4ae5\" data-id=\"7ab4ae5\" data-element_type=\"column\">\n\t\t\t<div class=\"elementor-column-wrap elementor-element-populated\">\n\t\t\t\t\t\t\t<div class=\"elementor-widget-wrap\">\n\t\t\t\t\t\t<div class=\"elementor-element elementor-element-a2c51df elementor-widget elementor-widget-image\" data-id=\"a2c51df\" data-element_type=\"widget\" data-widget_type=\"image.default\">\n\t\t\t\t<div class=\"elementor-widget-container\">\n\t\t\t\t\t\t\t\t<div class=\"elementor-image\">\n\t\t\t\t\t\t\t\t\t<figure class=\"wp-caption\">\n\t\t\t\t\t\t\t\t\t\t<img width=\"1024\" height=\"655\" src=\"http:\/\/ekonomik.opole.pl\/eko3\/wp-content\/uploads\/2021\/06\/MicrosoftTeams-image-10-1024x655.png\" class=\"attachment-large size-large\" alt=\"\" loading=\"lazy\" srcset=\"http:\/\/ekonomik.opole.pl\/eko3\/wp-content\/uploads\/2021\/06\/MicrosoftTeams-image-10-1024x655.png 1024w, http:\/\/ekonomik.opole.pl\/eko3\/wp-content\/uploads\/2021\/06\/MicrosoftTeams-image-10-680x435.png 680w, http:\/\/ekonomik.opole.pl\/eko3\/wp-content\/uploads\/2021\/06\/MicrosoftTeams-image-10-300x192.png 300w, http:\/\/ekonomik.opole.pl\/eko3\/wp-content\/uploads\/2021\/06\/MicrosoftTeams-image-10-768x491.png 768w, http:\/\/ekonomik.opole.pl\/eko3\/wp-content\/uploads\/2021\/06\/MicrosoftTeams-image-10-1536x982.png 1536w, http:\/\/ekonomik.opole.pl\/eko3\/wp-content\/uploads\/2021\/06\/MicrosoftTeams-image-10-1360x869.png 1360w, http:\/\/ekonomik.opole.pl\/eko3\/wp-content\/uploads\/2021\/06\/MicrosoftTeams-image-10-453x290.png 453w, http:\/\/ekonomik.opole.pl\/eko3\/wp-content\/uploads\/2021\/06\/MicrosoftTeams-image-10-906x579.png 906w, http:\/\/ekonomik.opole.pl\/eko3\/wp-content\/uploads\/2021\/06\/MicrosoftTeams-image-10-340x217.png 340w, http:\/\/ekonomik.opole.pl\/eko3\/wp-content\/uploads\/2021\/06\/MicrosoftTeams-image-10.png 1799w\" sizes=\"(max-width: 1024px) 100vw, 1024px\" \/>\t\t\t\t\t\t\t\t\t\t\t<figcaption class=\"widget-image-caption wp-caption-text\">Fot. Ch. Reif | Uczestnicy spotkania w Koblencji<\/figcaption>\n\t\t\t\t\t\t\t\t\t\t<\/figure>\n\t\t\t\t\t\t\t\t<\/div>\n\t\t\t\t\t\t<\/div>\n\t\t\t\t<\/div>\n\t\t\t\t\t\t<\/div>\n\t\t\t\t\t<\/div>\n\t\t<\/div>\n\t\t\t\t\t\t\t\t<\/div>\n\t\t\t\t\t<\/div>\n\t\t<\/section>\n\t\t\t\t<section class=\"elementor-section elementor-top-section elementor-element elementor-element-745b442 elementor-section-boxed elementor-section-height-default elementor-section-height-default\" data-id=\"745b442\" data-element_type=\"section\">\n\t\t\t\t\t\t<div class=\"elementor-container elementor-column-gap-default\">\n\t\t\t\t\t\t\t<div class=\"elementor-row\">\n\t\t\t\t\t<div class=\"elementor-column elementor-col-100 elementor-top-column elementor-element elementor-element-0176d0c\" data-id=\"0176d0c\" data-element_type=\"column\">\n\t\t\t<div class=\"elementor-column-wrap elementor-element-populated\">\n\t\t\t\t\t\t\t<div class=\"elementor-widget-wrap\">\n\t\t\t\t\t\t<div class=\"elementor-element elementor-element-fb55591 elementor-widget elementor-widget-spacer\" data-id=\"fb55591\" data-element_type=\"widget\" data-widget_type=\"spacer.default\">\n\t\t\t\t<div class=\"elementor-widget-container\">\n\t\t\t\t\t<div class=\"elementor-spacer\">\n\t\t\t<div class=\"elementor-spacer-inner\"><\/div>\n\t\t<\/div>\n\t\t\t\t<\/div>\n\t\t\t\t<\/div>\n\t\t\t\t\t\t<\/div>\n\t\t\t\t\t<\/div>\n\t\t<\/div>\n\t\t\t\t\t\t\t\t<\/div>\n\t\t\t\t\t<\/div>\n\t\t<\/section>\n\t\t\t\t<section class=\"elementor-section elementor-top-section elementor-element elementor-element-320efb20 elementor-section-full_width elementor-section-height-default elementor-section-height-default\" data-id=\"320efb20\" data-element_type=\"section\">\n\t\t\t\t\t\t<div class=\"elementor-container elementor-column-gap-default\">\n\t\t\t\t\t\t\t<div class=\"elementor-row\">\n\t\t\t\t\t<div class=\"elementor-column elementor-col-100 elementor-top-column elementor-element elementor-element-375c6069\" data-id=\"375c6069\" data-element_type=\"column\">\n\t\t\t<div class=\"elementor-column-wrap elementor-element-populated\">\n\t\t\t\t\t\t\t<div class=\"elementor-widget-wrap\">\n\t\t\t\t\t\t<div class=\"elementor-element elementor-element-eaafe71 elementor-widget elementor-widget-text-editor\" data-id=\"eaafe71\" data-element_type=\"widget\" data-widget_type=\"text-editor.default\">\n\t\t\t\t<div class=\"elementor-widget-container\">\n\t\t\t\t\t\t\t\t<div class=\"elementor-text-editor elementor-clearfix\">\n\t\t\t\t\t<p>W kwietniu 2019 polecieli\u015bmy do Koblencji na zachodzie Niemiec, gdzie mi\u0119dzy innymi podziwiali\u015bmy fortec\u0119, do kt\u00f3rej dotarli\u015bmy gondolami linowymi rozpostartymi nad Renem, czy te\u017c pobliski zamek Cochem. W przerwach mi\u0119dzy zwiedzaniem by\u0142a oczywi\u015bcie praca nad stron\u0105 projektow\u0105 w murach szko\u0142y Julius-Wegeler-Schule. Pi\u0119\u0107 dni up\u0142yn\u0119\u0142o tak szybko i w tak wspania\u0142ej atmosferze, \u017ce trudno by\u0142o si\u0119 wszystkim rozsta\u0107. Opiekunami grupy byli p. Adam Skwira i p. Ewa Podwysocka<\/p>\t\t\t\t\t<\/div>\n\t\t\t\t\t\t<\/div>\n\t\t\t\t<\/div>\n\t\t\t\t<div class=\"elementor-element elementor-element-50a970ec elementor-widget elementor-widget-heading\" data-id=\"50a970ec\" data-element_type=\"widget\" data-widget_type=\"heading.default\">\n\t\t\t\t<div class=\"elementor-widget-container\">\n\t\t\t<h3 class=\"elementor-heading-title elementor-size-default\">Wyjazd do Rzymu...<\/h3>\t\t<\/div>\n\t\t\t\t<\/div>\n\t\t\t\t<div class=\"elementor-element elementor-element-1403a46d elementor-widget elementor-widget-text-editor\" data-id=\"1403a46d\" data-element_type=\"widget\" data-widget_type=\"text-editor.default\">\n\t\t\t\t<div class=\"elementor-widget-container\">\n\t\t\t\t\t\t\t\t<div class=\"elementor-text-editor elementor-clearfix\">\n\t\t\t\t\t<p>Po p\u00f3\u0142 roku kolejna pi\u0105tka naszych uczni\u00f3w wyruszy\u0142a do majestatycznego Rzymu. W pi\u0119\u0107 dni obejrzeli\u015bmy najwa\u017cniejsze i najpi\u0119kniejsze budowle \u015bwiata \u2013 z bazylik\u0105 \u015awi\u0119tego Piotra w Watykanie i Koloseum na czele. Tam jednak ka\u017cda ulica, fontanna czy kolumna to arcydzie\u0142o pe\u0142ne historii i niepowtarzalnego klimatu.\u00a0<\/p>\t\t\t\t\t<\/div>\n\t\t\t\t\t\t<\/div>\n\t\t\t\t<\/div>\n\t\t\t\t<section class=\"elementor-section elementor-inner-section elementor-element elementor-element-562b29bf elementor-section-content-top elementor-section-boxed elementor-section-height-default elementor-section-height-default\" data-id=\"562b29bf\" data-element_type=\"section\">\n\t\t\t\t\t\t<div class=\"elementor-container elementor-column-gap-default\">\n\t\t\t\t\t\t\t<div class=\"elementor-row\">\n\t\t\t\t\t<div class=\"elementor-column elementor-col-50 elementor-inner-column elementor-element elementor-element-536f5ded\" data-id=\"536f5ded\" data-element_type=\"column\">\n\t\t\t<div class=\"elementor-column-wrap elementor-element-populated\">\n\t\t\t\t\t\t\t<div class=\"elementor-widget-wrap\">\n\t\t\t\t\t\t<div class=\"elementor-element elementor-element-7e2b5ff3 elementor-widget elementor-widget-text-editor\" data-id=\"7e2b5ff3\" data-element_type=\"widget\" data-widget_type=\"text-editor.default\">\n\t\t\t\t<div class=\"elementor-widget-container\">\n\t\t\t\t\t\t\t\t<div class=\"elementor-text-editor elementor-clearfix\">\n\t\t\t\t\t<p><br \/><br \/>No i rzecz jasna wspania\u0142a w\u0142oska kuchnia! Nad projektem pracowali\u015bmy w szkole Lucio Lombardo Radice. Cudowne wspomnienia! Opiekunami grupy byli p. Adam Skwira i p. Patrycja Borczy\u0144ska.<\/p>\t\t\t\t\t<\/div>\n\t\t\t\t\t\t<\/div>\n\t\t\t\t<\/div>\n\t\t\t\t\t\t<\/div>\n\t\t\t\t\t<\/div>\n\t\t<\/div>\n\t\t\t\t<div class=\"elementor-column elementor-col-50 elementor-inner-column elementor-element elementor-element-1fd9743f\" data-id=\"1fd9743f\" data-element_type=\"column\">\n\t\t\t<div class=\"elementor-column-wrap elementor-element-populated\">\n\t\t\t\t\t\t\t<div class=\"elementor-widget-wrap\">\n\t\t\t\t\t\t<div class=\"elementor-element elementor-element-1d52f697 elementor-widget elementor-widget-image\" data-id=\"1d52f697\" data-element_type=\"widget\" data-widget_type=\"image.default\">\n\t\t\t\t<div class=\"elementor-widget-container\">\n\t\t\t\t\t\t\t\t<div class=\"elementor-image\">\n\t\t\t\t\t\t\t\t\t<figure class=\"wp-caption\">\n\t\t\t\t\t\t\t\t\t\t<img width=\"1024\" height=\"610\" src=\"http:\/\/ekonomik.opole.pl\/eko3\/wp-content\/uploads\/2021\/06\/MicrosoftTeams-image-12-1024x610.jpg\" class=\"attachment-large size-large\" alt=\"\" loading=\"lazy\" srcset=\"http:\/\/ekonomik.opole.pl\/eko3\/wp-content\/uploads\/2021\/06\/MicrosoftTeams-image-12-1024x610.jpg 1024w, http:\/\/ekonomik.opole.pl\/eko3\/wp-content\/uploads\/2021\/06\/MicrosoftTeams-image-12-scaled-680x405.jpg 680w, http:\/\/ekonomik.opole.pl\/eko3\/wp-content\/uploads\/2021\/06\/MicrosoftTeams-image-12-300x179.jpg 300w, http:\/\/ekonomik.opole.pl\/eko3\/wp-content\/uploads\/2021\/06\/MicrosoftTeams-image-12-768x458.jpg 768w, http:\/\/ekonomik.opole.pl\/eko3\/wp-content\/uploads\/2021\/06\/MicrosoftTeams-image-12-1536x915.jpg 1536w, http:\/\/ekonomik.opole.pl\/eko3\/wp-content\/uploads\/2021\/06\/MicrosoftTeams-image-12-2048x1220.jpg 2048w, http:\/\/ekonomik.opole.pl\/eko3\/wp-content\/uploads\/2021\/06\/MicrosoftTeams-image-12-1360x810.jpg 1360w, http:\/\/ekonomik.opole.pl\/eko3\/wp-content\/uploads\/2021\/06\/MicrosoftTeams-image-12-453x270.jpg 453w, http:\/\/ekonomik.opole.pl\/eko3\/wp-content\/uploads\/2021\/06\/MicrosoftTeams-image-12-906x540.jpg 906w, http:\/\/ekonomik.opole.pl\/eko3\/wp-content\/uploads\/2021\/06\/MicrosoftTeams-image-12-340x203.jpg 340w\" sizes=\"(max-width: 1024px) 100vw, 1024px\" \/>\t\t\t\t\t\t\t\t\t\t\t<figcaption class=\"widget-image-caption wp-caption-text\">Fot. A. Skwira | Uczestnicy spotkania w Rzymie<\/figcaption>\n\t\t\t\t\t\t\t\t\t\t<\/figure>\n\t\t\t\t\t\t\t\t<\/div>\n\t\t\t\t\t\t<\/div>\n\t\t\t\t<\/div>\n\t\t\t\t\t\t<\/div>\n\t\t\t\t\t<\/div>\n\t\t<\/div>\n\t\t\t\t\t\t\t\t<\/div>\n\t\t\t\t\t<\/div>\n\t\t<\/section>\n\t\t\t\t<div class=\"elementor-element elementor-element-7d04a7c3 elementor-widget elementor-widget-text-editor\" data-id=\"7d04a7c3\" data-element_type=\"widget\" data-widget_type=\"text-editor.default\">\n\t\t\t\t<div class=\"elementor-widget-container\">\n\t\t\t\t\t\t\t\t<div class=\"elementor-text-editor elementor-clearfix\">\n\t\t\t\t\t<p>Wiosn\u0105 2020 to nasza szko\u0142a mia\u0142a go\u015bci\u0107 przyjaci\u00f3\u0142 z Niemiec, Czech i W\u0142och. Chwil\u0119 wcze\u015bniej jednak \u015bwiat obieg\u0142a wiadomo\u015b\u0107 o gro\u017anym koronawirusie, co uniemo\u017cliwi\u0142o odwiedziny w Opolu i jak si\u0119 p\u00f3\u017aniej okaza\u0142o r\u00f3wnie\u017c w Hranicach. Spotykali\u015bmy si\u0119 wirtualnie, licz\u0105c, \u017ce sytuacja poprawi si\u0119 i zn\u00f3w si\u0119 zobaczymy. Tak si\u0119 jednak nie sta\u0142o, dlatego postanowili\u015bmy zorganizowa\u0107 uroczyste po\u017cegnanie dla wszystkich uczestnik\u00f3w ko\u0144cz\u0105cego si\u0119 w\u0142a\u015bnie projektu. W zdalnej formie podsumowali\u015bmy nasze dokonania (nied\u0142ugo uzupe\u0142niona zostanie strona Erasmus+ Tour Guide pod adresem erasmus-tourguide.jimdofree.com), z nadziej\u0105, \u017ce wkr\u00f3tce stworzymy nowy projekt, finansowany w ramach programu Erasmus+, kt\u00f3ry ju\u017c bez przeszk\u00f3d b\u0119dzie m\u00f3g\u0142 by\u0107 w pe\u0142ni zrealizowany.<\/p>\t\t\t\t\t<\/div>\n\t\t\t\t\t\t<\/div>\n\t\t\t\t<\/div>\n\t\t\t\t<div class=\"elementor-element elementor-element-421216b5 elementor-widget elementor-widget-spacer\" data-id=\"421216b5\" data-element_type=\"widget\" data-widget_type=\"spacer.default\">\n\t\t\t\t<div class=\"elementor-widget-container\">\n\t\t\t\t\t<div class=\"elementor-spacer\">\n\t\t\t<div class=\"elementor-spacer-inner\"><\/div>\n\t\t<\/div>\n\t\t\t\t<\/div>\n\t\t\t\t<\/div>\n\t\t\t\t<div class=\"elementor-element elementor-element-7bed45c elementor-widget elementor-widget-image\" data-id=\"7bed45c\" data-element_type=\"widget\" data-widget_type=\"image.default\">\n\t\t\t\t<div class=\"elementor-widget-container\">\n\t\t\t\t\t\t\t\t<div class=\"elementor-image\">\n\t\t\t\t\t\t\t\t\t<figure class=\"wp-caption\">\n\t\t\t\t\t\t\t\t\t\t<img width=\"768\" height=\"1024\" src=\"http:\/\/ekonomik.opole.pl\/eko3\/wp-content\/uploads\/2021\/06\/MicrosoftTeams-image-11-768x1024.jpg\" class=\"attachment-large size-large\" alt=\"\" loading=\"lazy\" srcset=\"http:\/\/ekonomik.opole.pl\/eko3\/wp-content\/uploads\/2021\/06\/MicrosoftTeams-image-11-768x1023.jpg 768w, http:\/\/ekonomik.opole.pl\/eko3\/wp-content\/uploads\/2021\/06\/MicrosoftTeams-image-11-680x906.jpg 680w, http:\/\/ekonomik.opole.pl\/eko3\/wp-content\/uploads\/2021\/06\/MicrosoftTeams-image-11-225x300.jpg 225w, http:\/\/ekonomik.opole.pl\/eko3\/wp-content\/uploads\/2021\/06\/MicrosoftTeams-image-11-453x604.jpg 453w, http:\/\/ekonomik.opole.pl\/eko3\/wp-content\/uploads\/2021\/06\/MicrosoftTeams-image-11-906x1207.jpg 906w, http:\/\/ekonomik.opole.pl\/eko3\/wp-content\/uploads\/2021\/06\/MicrosoftTeams-image-11-340x453.jpg 340w, http:\/\/ekonomik.opole.pl\/eko3\/wp-content\/uploads\/2021\/06\/MicrosoftTeams-image-11.jpg 926w\" sizes=\"(max-width: 768px) 100vw, 768px\" \/>\t\t\t\t\t\t\t\t\t\t\t<figcaption class=\"widget-image-caption wp-caption-text\">Fot. M. Goraj | Spotkanie on-line uczestnik\u00f3w projektu; z prawej koordynator p. Adam Skwira<\/figcaption>\n\t\t\t\t\t\t\t\t\t\t<\/figure>\n\t\t\t\t\t\t\t\t<\/div>\n\t\t\t\t\t\t<\/div>\n\t\t\t\t<\/div>\n\t\t\t\t<div class=\"elementor-element elementor-element-4843d55a elementor-widget-divider--view-line elementor-widget elementor-widget-divider\" data-id=\"4843d55a\" data-element_type=\"widget\" data-widget_type=\"divider.default\">\n\t\t\t\t<div class=\"elementor-widget-container\">\n\t\t\t\t\t<div class=\"elementor-divider\">\n\t\t\t<span class=\"elementor-divider-separator\">\n\t\t\t\t\t\t<\/span>\n\t\t<\/div>\n\t\t\t\t<\/div>\n\t\t\t\t<\/div>\n\t\t\t\t<div class=\"elementor-element elementor-element-60271121 elementor-widget elementor-widget-heading\" data-id=\"60271121\" data-element_type=\"widget\" data-widget_type=\"heading.default\">\n\t\t\t\t<div class=\"elementor-widget-container\">\n\t\t\t<h6 class=\"elementor-heading-title elementor-size-default\">sortuj wed\u0142ug wybranych tag\u00f3w i kategorii:<\/h6>\t\t<\/div>\n\t\t\t\t<\/div>\n\t\t\t\t\t\t<\/div>\n\t\t\t\t\t<\/div>\n\t\t<\/div>\n\t\t\t\t\t\t\t\t<\/div>\n\t\t\t\t\t<\/div>\n\t\t<\/section>\n\t\t\t\t<section class=\"elementor-section elementor-top-section elementor-element elementor-element-f499575 elementor-section-boxed elementor-section-height-default elementor-section-height-default\" data-id=\"f499575\" data-element_type=\"section\">\n\t\t\t\t\t\t<div class=\"elementor-container elementor-column-gap-default\">\n\t\t\t\t\t\t\t<div class=\"elementor-row\">\n\t\t\t\t\t<div class=\"elementor-column elementor-col-100 elementor-top-column elementor-element elementor-element-689c31f\" data-id=\"689c31f\" data-element_type=\"column\">\n\t\t\t<div class=\"elementor-column-wrap\">\n\t\t\t\t\t\t\t<div class=\"elementor-widget-wrap\">\n\t\t\t\t\t\t\t\t<\/div>\n\t\t\t\t\t<\/div>\n\t\t<\/div>\n\t\t\t\t\t\t\t\t<\/div>\n\t\t\t\t\t<\/div>\n\t\t<\/section>\n\t\t\t\t\t\t<\/div>\n\t\t\t\t\t\t<\/div>\n\t\t\t\t\t<\/div>\n\t\t","protected":false},"excerpt":{"rendered":"<p>Ponad dwa lata temu Ekonomik przyst\u0105pi\u0142 do kolejnego projektu programu Erasmus+, w ramach kt\u00f3rego uczniowie z Rzymu, Koblencji, Hranic i Opola mieli mo\u017cliwo\u015b\u0107 spotykania si\u0119 i tworzenia przewodnika on-line dla m\u0142odzie\u017cy, opisuj\u0105cego najwi\u0119ksze atrakcje ka\u017cdego z tych miejsc. Moje miasto, moja kultura \u2013 strona internetowa dla m\u0142odych turyst\u00f3w z zagranicy Nasz\u0105 szko\u0142\u0119 reprezentowa\u0142o pi\u0119tna\u015bcioro uczni\u00f3w&#8230;<\/p>\n","protected":false},"author":2,"featured_media":992705,"comment_status":"closed","ping_status":"open","sticky":false,"template":"","format":"standard","meta":{"inline_featured_image":false},"categories":[104],"tags":[173,174],"_links":{"self":[{"href":"http:\/\/ekonomik.opole.pl\/eko3\/wp-json\/wp\/v2\/posts\/992702"}],"collection":[{"href":"http:\/\/ekonomik.opole.pl\/eko3\/wp-json\/wp\/v2\/posts"}],"about":[{"href":"http:\/\/ekonomik.opole.pl\/eko3\/wp-json\/wp\/v2\/types\/post"}],"author":[{"embeddable":true,"href":"http:\/\/ekonomik.opole.pl\/eko3\/wp-json\/wp\/v2\/users\/2"}],"replies":[{"embeddable":true,"href":"http:\/\/ekonomik.opole.pl\/eko3\/wp-json\/wp\/v2\/comments?post=992702"}],"version-history":[{"count":4,"href":"http:\/\/ekonomik.opole.pl\/eko3\/wp-json\/wp\/v2\/posts\/992702\/revisions"}],"predecessor-version":[{"id":992709,"href":"http:\/\/ekonomik.opole.pl\/eko3\/wp-json\/wp\/v2\/posts\/992702\/revisions\/992709"}],"wp:featuredmedia":[{"embeddable":true,"href":"http:\/\/ekonomik.opole.pl\/eko3\/wp-json\/wp\/v2\/media\/992705"}],"wp:attachment":[{"href":"http:\/\/ekonomik.opole.pl\/eko3\/wp-json\/wp\/v2\/media?parent=992702"}],"wp:term":[{"taxonomy":"category","embeddable":true,"href":"http:\/\/ekonomik.opole.pl\/eko3\/wp-json\/wp\/v2\/categories?post=992702"},{"taxonomy":"post_tag","embeddable":true,"href":"http:\/\/ekonomik.opole.pl\/eko3\/wp-json\/wp\/v2\/tags?post=992702"}],"curies":[{"name":"wp","href":"https:\/\/api.w.org\/{rel}","templated":true}]}}