{"id":992710,"date":"2021-06-21T20:12:48","date_gmt":"2021-06-21T20:12:48","guid":{"rendered":"http:\/\/ekonomik.opole.pl\/eko3\/?p=992710"},"modified":"2021-06-21T20:29:35","modified_gmt":"2021-06-21T20:29:35","slug":"ekonomik-w-gronie-zlotych-szkol-nbp","status":"publish","type":"post","link":"http:\/\/ekonomik.opole.pl\/eko3\/ekonomik-w-gronie-zlotych-szkol-nbp\/","title":{"rendered":"Ekonomik w gronie Z\u0142otych Szk\u00f3\u0142 NBP!"},"content":{"rendered":"\t\t<div data-elementor-type=\"wp-post\" data-elementor-id=\"992710\" class=\"elementor elementor-992710\" data-elementor-settings=\"[]\">\n\t\t\t\t\t\t<div class=\"elementor-inner\">\n\t\t\t\t\t\t\t<div class=\"elementor-section-wrap\">\n\t\t\t\t\t\t\t<section class=\"elementor-section elementor-top-section elementor-element elementor-element-7c8778a elementor-section-boxed elementor-section-height-default elementor-section-height-default\" data-id=\"7c8778a\" data-element_type=\"section\">\n\t\t\t\t\t\t<div class=\"elementor-container elementor-column-gap-default\">\n\t\t\t\t\t\t\t<div class=\"elementor-row\">\n\t\t\t\t\t<div class=\"elementor-column elementor-col-100 elementor-top-column elementor-element elementor-element-bf9d030\" data-id=\"bf9d030\" data-element_type=\"column\">\n\t\t\t<div class=\"elementor-column-wrap elementor-element-populated\">\n\t\t\t\t\t\t\t<div class=\"elementor-widget-wrap\">\n\t\t\t\t\t\t<div class=\"elementor-element elementor-element-ec96825 elementor-widget elementor-widget-text-editor\" data-id=\"ec96825\" data-element_type=\"widget\" data-widget_type=\"text-editor.default\">\n\t\t\t\t<div class=\"elementor-widget-container\">\n\t\t\t\t\t\t\t\t<div class=\"elementor-text-editor elementor-clearfix\">\n\t\t\t\t\t<p>21 czerwca 2021 r. odby\u0142a si\u0119 gala online, podczas kt\u00f3rej poznali\u015bmy laureat\u00f3w I edycji og\u00f3lnopolskiego programu edukacyjnego Z\u0142ote Szko\u0142y NBP. Celem programu jest stworzenie sieci szk\u00f3\u0142, kt\u00f3re stan\u0105 si\u0119 <strong>liderami w dziedzinie edukacji ekonomicznej<\/strong>.<\/p>\t\t\t\t\t<\/div>\n\t\t\t\t\t\t<\/div>\n\t\t\t\t<\/div>\n\t\t\t\t<div class=\"elementor-element elementor-element-21388ce elementor-widget elementor-widget-text-editor\" data-id=\"21388ce\" data-element_type=\"widget\" data-widget_type=\"text-editor.default\">\n\t\t\t\t<div class=\"elementor-widget-container\">\n\t\t\t\t\t\t\t\t<div class=\"elementor-text-editor elementor-clearfix\">\n\t\t\t\t\t<p>Pierwsza edycja programu wystartowa\u0142a w styczniu 2021 r. pod has\u0142em <strong>Giganci finans\u00f3w osobistych<\/strong> i wzi\u0119\u0142y w niej udzia\u0142 394 szko\u0142y podstawowe i ponadpodstawowe z ca\u0142ej Polski. W ramach programu uczniowie klasy 2A, 2B oraz 2F uczestniczyli w spotkaniu z ekspertem \u2013 <strong>dr. Rafa\u0142em Parvim<\/strong>, szkolnej debacie on-line przygotowanej przez cz\u0142onk\u00f3w klubu europejskiego z klasy 2F pod kierunkiem pani <strong>Urszuli Izdebskiej<\/strong> z udzia\u0142em <strong>dr Agnieszki Gawlik<\/strong> \u2013\u00a0Prodziekan ds. dydaktyki i jako\u015bci kszta\u0142cenia\u00a0Wy\u017cszej Szko\u0142y Bankowej w Opolu oraz lekcjach z ekonomi\u0105 zrealizowanych przez naszych nauczycieli \u2013 pani\u0105 <strong>Beat\u0119 Wi\u015bniewsk\u0105<\/strong>, pana <strong>Mariusza Wojasa<\/strong> oraz pani\u0105 <strong>Izabel\u0119 Go\u0142og\u00f3rsk\u0105<\/strong>.<\/p>\t\t\t\t\t<\/div>\n\t\t\t\t\t\t<\/div>\n\t\t\t\t<\/div>\n\t\t\t\t<div class=\"elementor-element elementor-element-efff5e3 elementor-widget elementor-widget-spacer\" data-id=\"efff5e3\" data-element_type=\"widget\" data-widget_type=\"spacer.default\">\n\t\t\t\t<div class=\"elementor-widget-container\">\n\t\t\t\t\t<div class=\"elementor-spacer\">\n\t\t\t<div class=\"elementor-spacer-inner\"><\/div>\n\t\t<\/div>\n\t\t\t\t<\/div>\n\t\t\t\t<\/div>\n\t\t\t\t<div class=\"elementor-element elementor-element-0f11067 elementor-widget elementor-widget-text-editor\" data-id=\"0f11067\" data-element_type=\"widget\" data-widget_type=\"text-editor.default\">\n\t\t\t\t<div class=\"elementor-widget-container\">\n\t\t\t\t\t\t\t\t<div class=\"elementor-text-editor elementor-clearfix\">\n\t\t\t\t\t<div><em>Bardzo dzi\u0119kuj\u0119 wszystkim uczniom, nauczycielom oraz pracownikom Wy\u017cszej Szko\u0142y Bankowej w Opolu zaanga\u017cowanym w realizacj\u0119 zada\u0144 w ramach programu, dzi\u0119ki kt\u00f3rym nasza szko\u0142a uzyska\u0142a certyfikat Z\u0142otej Szko\u0142y NBP.<\/em><\/div>\t\t\t\t\t<\/div>\n\t\t\t\t\t\t<\/div>\n\t\t\t\t<\/div>\n\t\t\t\t<div class=\"elementor-element elementor-element-677e990 elementor-position-left elementor-view-default elementor-vertical-align-top elementor-widget elementor-widget-icon-box\" data-id=\"677e990\" data-element_type=\"widget\" data-widget_type=\"icon-box.default\">\n\t\t\t\t<div class=\"elementor-widget-container\">\n\t\t\t\t\t<div class=\"elementor-icon-box-wrapper\">\n\t\t\t\t\t\t<div class=\"elementor-icon-box-icon\">\n\t\t\t\t<a class=\"elementor-icon elementor-animation-\" href=\"https:\/\/www.nbp.pl\/home.aspx?f=\/edukacja\/zloteszkoly\/tytul_zlota_szkola.html\" target=\"_blank\">\n\t\t\t\t<svg xmlns=\"http:\/\/www.w3.org\/2000\/svg\" xmlns:xlink=\"http:\/\/www.w3.org\/1999\/xlink\" id=\"Warstwa_2\" data-name=\"Warstwa 2\" viewBox=\"0 0 32.81 37.67\"><defs><style>.cls-1{fill:url(#Gradient_bez_nazwy_9);}.cls-2{fill:url(#Gradient_bez_nazwy_9-2);}.cls-3{fill:url(#Gradient_bez_nazwy_9-3);}.cls-4{fill:#fff;}.cls-5{fill:url(#Gradient_bez_nazwy_12);}.cls-6{fill:url(#Gradient_bez_nazwy_11);}<\/style><linearGradient id=\"Gradient_bez_nazwy_9\" x1=\"34.38\" y1=\"14.96\" x2=\"39.6\" y2=\"14.96\" gradientUnits=\"userSpaceOnUse\"><stop offset=\"0\" stop-color=\"#eff3a2\"><\/stop><stop offset=\"0.21\" stop-color=\"#33d68a\"><\/stop><stop offset=\"0.52\" stop-color=\"#34a8cd\"><\/stop><stop offset=\"1\" stop-color=\"#6296d1\"><\/stop><\/linearGradient><linearGradient id=\"Gradient_bez_nazwy_9-2\" x1=\"10.4\" y1=\"18.23\" x2=\"18.19\" y2=\"18.23\" xlink:href=\"#Gradient_bez_nazwy_9\"><\/linearGradient><linearGradient id=\"Gradient_bez_nazwy_9-3\" x1=\"8.59\" y1=\"26.67\" x2=\"41.41\" y2=\"26.67\" xlink:href=\"#Gradient_bez_nazwy_9\"><\/linearGradient><linearGradient id=\"Gradient_bez_nazwy_12\" x1=\"30.96\" y1=\"36.46\" x2=\"30.96\" y2=\"24.97\" xlink:href=\"#Gradient_bez_nazwy_9\"><\/linearGradient><linearGradient id=\"Gradient_bez_nazwy_11\" x1=\"35.45\" y1=\"28.45\" x2=\"26.46\" y2=\"19.46\" xlink:href=\"#Gradient_bez_nazwy_9\"><\/linearGradient><\/defs><path class=\"cls-1\" d=\"M39.2,10.3,37.87,10a.48.48,0,0,0-.56.31,4.56,4.56,0,0,1-1.91,2.38,3.65,3.65,0,0,1-.54.23.51.51,0,0,0-.34.47c0,1.23-.07,2.35-.14,3.37a7.74,7.74,0,0,1,1,.64c.08-1.09.13-2.3.16-3.65.13-.06.26-.12.38-.19a5.32,5.32,0,0,0,2.19-2.5l.5.1a30,30,0,0,1-1.89,7.62,7.32,7.32,0,0,1,.66,1.07c.06-.17.14-.34.2-.49a29.23,29.23,0,0,0,2.05-8.61A.48.48,0,0,0,39.2,10.3Z\" transform=\"translate(-8.59 -7.83)\"><\/path><path class=\"cls-2\" d=\"M15.7,13.26a.49.49,0,0,0-.37-.47,4,4,0,0,1-.73-.3,4.53,4.53,0,0,1-1.91-2.38.5.5,0,0,0-.56-.31l-1.33.26a.49.49,0,0,0-.4.5,29.25,29.25,0,0,0,2,8.6c1,2.4,2.57,5.64,4.94,7.4a.49.49,0,0,0,.3.1.52.52,0,0,0,.32-.11.51.51,0,0,0,.13-.61,27.87,27.87,0,0,1-1.63-4.3A36.43,36.43,0,0,1,15.7,13.26Zm-2.32,5.53a30.44,30.44,0,0,1-2-7.83l.5-.1a5.38,5.38,0,0,0,2.19,2.51,5.46,5.46,0,0,0,.6.27,34.63,34.63,0,0,0,.85,8.29c.21.72.44,1.42.68,2.08A21.58,21.58,0,0,1,13.38,18.79Z\" transform=\"translate(-8.59 -7.83)\"><\/path><path class=\"cls-3\" d=\"M41.33,9.83l-.12-.53a.48.48,0,0,0-.39-.38l-4.31-.84a.51.51,0,0,0-.59.39l-.16.83a4.86,4.86,0,0,1-.24.7c0-.84,0-1.36,0-1.36a.5.5,0,0,0-.5-.48H15.24a.5.5,0,0,0-.5.48s0,.59,0,1.54a4.29,4.29,0,0,1-.46-1.11l-.16-.84a.52.52,0,0,0-.59-.39l-4.31.84a.51.51,0,0,0-.39.38l-.12.54c-.36,1.64.61,6.37,2.08,10.12S14.8,28,19,29.19a7.26,7.26,0,0,0,3.42,2.7,2.33,2.33,0,0,1,0,.35,3.54,3.54,0,0,1-.69.54.52.52,0,0,0-.24.43v1.15a.51.51,0,0,0,.32.47,1,1,0,0,1,.55,1c0,1.37-3.93,4.69-6.12,5.78H14.43a.5.5,0,0,0-.49.5V45a.5.5,0,0,0,.5.5H35.78a.5.5,0,0,0,.5-.5V42.11a.5.5,0,0,0-.49-.5H34a20,20,0,0,1-5.33-4.29L28,38a20.51,20.51,0,0,0,5.72,4.55.54.54,0,0,0,.21.05h1.39V44.5H14.94V42.61h1.39a.54.54,0,0,0,.21-.05c2-1,6.77-4.59,6.79-6.72a2.07,2.07,0,0,0-.87-1.76v-.59a2.62,2.62,0,0,0,.82-.8,2.63,2.63,0,0,0,0-1.26.49.49,0,0,0-.43-.42s-1.51-.23-3.24-2.55a.47.47,0,0,0-.28-.18c-3.84-1-6.3-5.38-7.69-8.91-1.62-4.13-2.29-8.41-2-9.55l0-.21,3.5-.68.08.35a4.34,4.34,0,0,0,1.65,2.59.49.49,0,0,0,.51,0,.51.51,0,0,0,.26-.44c0-1,0-1.8,0-2.28H34.5c0,.49,0,1.33,0,2.37a.5.5,0,0,0,.29.45.51.51,0,0,0,.53-.07,4.81,4.81,0,0,0,1.39-2.4l.07-.35,3.5.67,0,.22c.26,1.13-.41,5.42-2,9.54-.17.43-.35.87-.55,1.32a7.6,7.6,0,0,1,.3,1.66A26.82,26.82,0,0,0,39.25,20C40.72,16.2,41.69,11.47,41.33,9.83Z\" transform=\"translate(-8.59 -7.83)\"><\/path><polygon class=\"cls-4\" points=\"26.68 28.13 22.36 25.04 18.05 28.13 18.05 17.63 26.68 17.63 26.68 28.13\"><\/polygon><path class=\"cls-5\" d=\"M35.27,36.46a.52.52,0,0,1-.29-.09l-4-2.88-4,2.88a.51.51,0,0,1-.52,0,.52.52,0,0,1-.27-.45V25.47a.5.5,0,0,1,.5-.5h8.63a.5.5,0,0,1,.5.5V36a.5.5,0,0,1-.27.45A.59.59,0,0,1,35.27,36.46ZM31,32.38a.52.52,0,0,1,.29.09L34.77,35V26H27.14v9l3.53-2.52A.48.48,0,0,1,31,32.38Z\" transform=\"translate(-8.59 -7.83)\"><\/path><circle class=\"cls-4\" cx=\"22.36\" cy=\"16.12\" r=\"5.86\"><\/circle><path class=\"cls-6\" d=\"M31,30.32A6.37,6.37,0,1,1,37.32,24,6.38,6.38,0,0,1,31,30.32Zm0-11.73A5.37,5.37,0,1,0,36.32,24,5.38,5.38,0,0,0,31,18.59Z\" transform=\"translate(-8.59 -7.83)\"><\/path><\/svg>\t\t\t\t<\/a>\n\t\t\t<\/div>\n\t\t\t\t\t\t<div class=\"elementor-icon-box-content\">\n\t\t\t\t<h3 class=\"elementor-icon-box-title\">\n\t\t\t\t\t<a href=\"https:\/\/www.nbp.pl\/home.aspx?f=\/edukacja\/zloteszkoly\/tytul_zlota_szkola.html\" target=\"_blank\"><\/a>\n\t\t\t\t<\/h3>\n\t\t\t\t\t\t\t\t<p class=\"elementor-icon-box-description\">Damian Ka\u017amierczak \u2013 szkolny koordynator Dru\u017cyny Ambasador\u00f3w Edukacji Ekonomicznej<\/p>\n\t\t\t\t\t\t\t<\/div>\n\t\t<\/div>\n\t\t\t\t<\/div>\n\t\t\t\t<\/div>\n\t\t\t\t\t\t<\/div>\n\t\t\t\t\t<\/div>\n\t\t<\/div>\n\t\t\t\t\t\t\t\t<\/div>\n\t\t\t\t\t<\/div>\n\t\t<\/section>\n\t\t\t\t\t\t<\/div>\n\t\t\t\t\t\t<\/div>\n\t\t\t\t\t<\/div>\n\t\t","protected":false},"excerpt":{"rendered":"<p>21 czerwca 2021 r. odby\u0142a si\u0119 gala online, podczas kt\u00f3rej poznali\u015bmy laureat\u00f3w I edycji og\u00f3lnopolskiego programu edukacyjnego Z\u0142ote Szko\u0142y NBP. Celem programu jest stworzenie sieci szk\u00f3\u0142, kt\u00f3re stan\u0105 si\u0119 liderami w dziedzinie edukacji ekonomicznej. Pierwsza edycja programu wystartowa\u0142a w styczniu 2021 r. pod has\u0142em Giganci finans\u00f3w osobistych i wzi\u0119\u0142y w niej udzia\u0142 394 szko\u0142y podstawowe&#8230;<\/p>\n","protected":false},"author":1,"featured_media":992712,"comment_status":"closed","ping_status":"open","sticky":false,"template":"","format":"standard","meta":{"inline_featured_image":false},"categories":[87],"tags":[101,175,176],"_links":{"self":[{"href":"http:\/\/ekonomik.opole.pl\/eko3\/wp-json\/wp\/v2\/posts\/992710"}],"collection":[{"href":"http:\/\/ekonomik.opole.pl\/eko3\/wp-json\/wp\/v2\/posts"}],"about":[{"href":"http:\/\/ekonomik.opole.pl\/eko3\/wp-json\/wp\/v2\/types\/post"}],"author":[{"embeddable":true,"href":"http:\/\/ekonomik.opole.pl\/eko3\/wp-json\/wp\/v2\/users\/1"}],"replies":[{"embeddable":true,"href":"http:\/\/ekonomik.opole.pl\/eko3\/wp-json\/wp\/v2\/comments?post=992710"}],"version-history":[{"count":7,"href":"http:\/\/ekonomik.opole.pl\/eko3\/wp-json\/wp\/v2\/posts\/992710\/revisions"}],"predecessor-version":[{"id":992719,"href":"http:\/\/ekonomik.opole.pl\/eko3\/wp-json\/wp\/v2\/posts\/992710\/revisions\/992719"}],"wp:featuredmedia":[{"embeddable":true,"href":"http:\/\/ekonomik.opole.pl\/eko3\/wp-json\/wp\/v2\/media\/992712"}],"wp:attachment":[{"href":"http:\/\/ekonomik.opole.pl\/eko3\/wp-json\/wp\/v2\/media?parent=992710"}],"wp:term":[{"taxonomy":"category","embeddable":true,"href":"http:\/\/ekonomik.opole.pl\/eko3\/wp-json\/wp\/v2\/categories?post=992710"},{"taxonomy":"post_tag","embeddable":true,"href":"http:\/\/ekonomik.opole.pl\/eko3\/wp-json\/wp\/v2\/tags?post=992710"}],"curies":[{"name":"wp","href":"https:\/\/api.w.org\/{rel}","templated":true}]}}