{"id":992725,"date":"2021-06-22T11:15:14","date_gmt":"2021-06-22T11:15:14","guid":{"rendered":"http:\/\/ekonomik.opole.pl\/eko3\/?p=992725"},"modified":"2021-06-22T11:25:32","modified_gmt":"2021-06-22T11:25:32","slug":"zakonczenie-roku-szkolonego-2020-2021-harmonogram","status":"publish","type":"post","link":"http:\/\/ekonomik.opole.pl\/eko3\/zakonczenie-roku-szkolonego-2020-2021-harmonogram\/","title":{"rendered":"Zako\u0144czenie roku szkolonego 2020\/2021 &#8211; harmonogram"},"content":{"rendered":"\t\t<div data-elementor-type=\"wp-post\" data-elementor-id=\"992725\" class=\"elementor elementor-992725\" data-elementor-settings=\"[]\">\n\t\t\t\t\t\t<div class=\"elementor-inner\">\n\t\t\t\t\t\t\t<div class=\"elementor-section-wrap\">\n\t\t\t\t\t\t\t<section class=\"elementor-section elementor-top-section elementor-element elementor-element-1261d6c0 elementor-section-full_width elementor-section-height-default elementor-section-height-default\" data-id=\"1261d6c0\" data-element_type=\"section\">\n\t\t\t\t\t\t<div class=\"elementor-container elementor-column-gap-default\">\n\t\t\t\t\t\t\t<div class=\"elementor-row\">\n\t\t\t\t\t<div class=\"elementor-column elementor-col-100 elementor-top-column elementor-element elementor-element-1f58467b\" data-id=\"1f58467b\" data-element_type=\"column\">\n\t\t\t<div class=\"elementor-column-wrap elementor-element-populated\">\n\t\t\t\t\t\t\t<div class=\"elementor-widget-wrap\">\n\t\t\t\t\t\t<div class=\"elementor-element elementor-element-6971dfff elementor-drop-cap-yes elementor-drop-cap-view-default elementor-widget elementor-widget-text-editor\" data-id=\"6971dfff\" data-element_type=\"widget\" data-settings=\"{&quot;drop_cap&quot;:&quot;yes&quot;}\" data-widget_type=\"text-editor.default\">\n\t\t\t\t<div class=\"elementor-widget-container\">\n\t\t\t\t\t\t\t\t<div class=\"elementor-text-editor elementor-clearfix\">\n\t\t\t\t\t<p>Serdecznie zapraszamy 25 czerwca\u00a0 na uroczyste zako\u0144czenie roku szkolnego 2020\/2021. Przypominamy o odpowiednim ubiorze. Poni\u017cej zamieszczamy harmonogram spotka\u0144 z wychowawcami i z dyrekcj\u0105 szko\u0142y.\u00a0<br \/><br \/><br \/><\/p>\t\t\t\t\t<\/div>\n\t\t\t\t\t\t<\/div>\n\t\t\t\t<\/div>\n\t\t\t\t<div class=\"elementor-element elementor-element-c1cda0b elementor-widget-divider--separator-type-pattern elementor-widget-divider--no-spacing elementor-widget-divider--view-line elementor-widget elementor-widget-divider\" data-id=\"c1cda0b\" data-element_type=\"widget\" data-widget_type=\"divider.default\">\n\t\t\t\t<div class=\"elementor-widget-container\">\n\t\t\t\t\t<div class=\"elementor-divider\" style=\"--divider-pattern-url: url(&quot;data:image\/svg+xml,%3Csvg xmlns=&#039;http:\/\/www.w3.org\/2000\/svg&#039; preserveAspectRatio=&#039;xMidYMid meet&#039; overflow=&#039;visible&#039; height=&#039;100%&#039; viewBox=&#039;0 0 126 26&#039; fill=&#039;black&#039; stroke=&#039;none&#039;%3E%3Cpath d=&#039;M3,10.2c2.6,0,2.6,2,2.6,3.2S4.4,16.5,3,16.5s-3-1.4-3-3.2S0.4,10.2,3,10.2z M18.8,10.2c1.7,0,3.2,1.4,3.2,3.2s-1.4,3.2-3.2,3.2c-1.7,0-3.2-1.4-3.2-3.2S17,10.2,18.8,10.2z M34.6,10.2c1.5,0,2.6,1.4,2.6,3.2s-0.5,3.2-1.9,3.2c-1.5,0-3.4-1.4-3.4-3.2S33.1,10.2,34.6,10.2z M50.5,10.2c1.7,0,3.2,1.4,3.2,3.2s-1.4,3.2-3.2,3.2c-1.7,0-3.3-0.9-3.3-2.6S48.7,10.2,50.5,10.2z M66.2,10.2c1.5,0,3.4,1.4,3.4,3.2s-1.9,3.2-3.4,3.2c-1.5,0-2.6-0.4-2.6-2.1S64.8,10.2,66.2,10.2z M82.2,10.2c1.7,0.8,2.6,1.4,2.6,3.2s-0.1,3.2-1.6,3.2c-1.5,0-3.7-1.4-3.7-3.2S80.5,9.4,82.2,10.2zM98.6,10.2c1.5,0,2.6,0.4,2.6,2.1s-1.2,4.2-2.6,4.2c-1.5,0-3.7-0.4-3.7-2.1S97.1,10.2,98.6,10.2z M113.4,10.2c1.2,0,2.2,0.9,2.2,3.2s-0.1,3.2-1.3,3.2s-3.1-1.4-3.1-3.2S112.2,10.2,113.4,10.2z&#039;\/%3E%3C\/svg%3E&quot;);\">\n\t\t\t<span class=\"elementor-divider-separator\">\n\t\t\t\t\t\t<\/span>\n\t\t<\/div>\n\t\t\t\t<\/div>\n\t\t\t\t<\/div>\n\t\t\t\t<div class=\"elementor-element elementor-element-1c88d2ad elementor-widget-divider--view-line elementor-widget elementor-widget-divider\" data-id=\"1c88d2ad\" data-element_type=\"widget\" data-widget_type=\"divider.default\">\n\t\t\t\t<div class=\"elementor-widget-container\">\n\t\t\t\t\t<div class=\"elementor-divider\">\n\t\t\t<span class=\"elementor-divider-separator\">\n\t\t\t\t\t\t<\/span>\n\t\t<\/div>\n\t\t\t\t<\/div>\n\t\t\t\t<\/div>\n\t\t\t\t<div class=\"elementor-element elementor-element-7157a480 elementor-widget elementor-widget-heading\" data-id=\"7157a480\" data-element_type=\"widget\" data-widget_type=\"heading.default\">\n\t\t\t\t<div class=\"elementor-widget-container\">\n\t\t\t<h3 class=\"elementor-heading-title elementor-size-default\">Harmonogram<\/h3>\t\t<\/div>\n\t\t\t\t<\/div>\n\t\t\t\t<div class=\"elementor-element elementor-element-1b28a6f8 elementor-widget elementor-widget-text-editor\" data-id=\"1b28a6f8\" data-element_type=\"widget\" data-widget_type=\"text-editor.default\">\n\t\t\t\t<div class=\"elementor-widget-container\">\n\t\t\t\t\t\t\t\t<div class=\"elementor-text-editor elementor-clearfix\">\n\t\t\t\t\t<p>08.00\u00a0 &#8211; Msza \u015awi\u0119ta w Ko\u015bciele \u015bw. Piotra i Paw\u0142a<\/p><p>09.00 \u00a0&#8211; <strong>Uroczyste zako\u0144czenie roku szkolnego<\/strong> na boisku szkolnym,\u00a0nast\u0119pnie spotkania z wychowawcami w salach:<\/p><table><tbody><tr><td width=\"82\"><p><strong>Klasa<\/strong><\/p><\/td><td width=\"351\"><p><strong>Wychowawca<\/strong><\/p><\/td><td width=\"113\"><p><strong>sala<\/strong><\/p><\/td><\/tr><tr><td width=\"82\"><p>1 <span style=\"color: #333399;\">a<\/span><\/p><\/td><td width=\"351\"><p><span style=\"color: #333399;\">Katarzyna \u017bukowska\u00a0<\/span><\/p><\/td><td width=\"113\"><p><span style=\"color: #333399;\">28<\/span><\/p><\/td><\/tr><tr><td width=\"82\"><p><span style=\"color: #333399;\">1 b<\/span><\/p><\/td><td width=\"351\"><p><span style=\"color: #333399;\">Monika Ku\u017anik<\/span><\/p><\/td><td width=\"113\"><p><span style=\"color: #333399;\">50<\/span><\/p><\/td><\/tr><tr><td width=\"82\"><p><span style=\"color: #333399;\">1 c<\/span><\/p><\/td><td width=\"351\"><p><span style=\"color: #333399;\">Anna Suchi\u0144ska \u00a0<\/span><\/p><\/td><td width=\"113\"><p><span style=\"color: #333399;\">26<\/span><\/p><\/td><\/tr><tr><td width=\"82\"><p><span style=\"color: #333399;\">1 d<\/span><\/p><\/td><td width=\"351\"><p><span style=\"color: #333399;\">Anna Podleska<\/span><\/p><\/td><td width=\"113\"><p><span style=\"color: #333399;\">49<\/span><\/p><\/td><\/tr><tr><td width=\"82\"><p><span style=\"color: #333399;\">1 e<\/span><\/p><\/td><td width=\"351\"><p><span style=\"color: #333399;\">Patrycja Borczy\u0144ska \u00a0<\/span><\/p><\/td><td width=\"113\"><p><span style=\"color: #333399;\">5<\/span><\/p><\/td><\/tr><tr><td width=\"82\"><p><span style=\"color: #333399;\">1 f<\/span><\/p><\/td><td width=\"351\"><p><span style=\"color: #333399;\">Marek Pietruszka<\/span><\/p><\/td><td width=\"113\"><p><span style=\"color: #333399;\">33<\/span><\/p><\/td><\/tr><tr><td width=\"82\"><p><span style=\"color: #333399;\">1 g<\/span><\/p><\/td><td width=\"351\"><p><span style=\"color: #333399;\">Anna Rogowska<\/span><\/p><\/td><td width=\"113\"><p><span style=\"color: #333399;\">20<\/span><\/p><\/td><\/tr><tr><td width=\"82\"><p><span style=\"color: #339966;\">2 a<\/span><\/p><\/td><td width=\"351\"><p><span style=\"color: #339966;\">Ma\u0142gorzata Ma\u0142ysiak<\/span><\/p><\/td><td width=\"113\"><p><span style=\"color: #339966;\">27<\/span><\/p><\/td><\/tr><tr><td width=\"82\"><p><span style=\"color: #339966;\">2 b<\/span><\/p><\/td><td width=\"351\"><p><span style=\"color: #339966;\">Mariusz Wojas<\/span><\/p><\/td><td width=\"113\"><p><span style=\"color: #339966;\">38<\/span><\/p><\/td><\/tr><tr><td width=\"82\"><p><span style=\"color: #339966;\">2 c<\/span><\/p><\/td><td width=\"351\"><p><span style=\"color: #339966;\">Anna Kornek<\/span><\/p><\/td><td width=\"113\"><p><span style=\"color: #339966;\">34<\/span><\/p><\/td><\/tr><tr><td width=\"82\"><p><span style=\"color: #339966;\">2 d<\/span><\/p><\/td><td width=\"351\"><p><span style=\"color: #339966;\">Ma\u0142gorzata Kochanowska<\/span><\/p><\/td><td width=\"113\"><p><span style=\"color: #339966;\">57<\/span><\/p><\/td><\/tr><tr><td width=\"82\"><p><span style=\"color: #339966;\">2 e<\/span><\/p><\/td><td width=\"351\"><p><span style=\"color: #339966;\">Magdalena W\u00f3jcik &#8211; Gugulska<\/span><\/p><\/td><td width=\"113\"><p><span style=\"color: #339966;\">2<\/span><\/p><\/td><\/tr><tr><td width=\"82\"><p><span style=\"color: #339966;\">2 f<\/span><\/p><\/td><td width=\"351\"><p><span style=\"color: #339966;\">Tamara S\u0142odkowska &#8211; Tram\u015b<\/span><\/p><\/td><td width=\"113\"><p><span style=\"color: #339966;\">22<\/span><\/p><\/td><\/tr><tr><td width=\"82\"><p><span style=\"color: #339966;\">2 g<\/span><\/p><\/td><td width=\"351\"><p><span style=\"color: #339966;\">Marta Polok<\/span><\/p><\/td><td width=\"113\"><p><span style=\"color: #339966;\">6<\/span><\/p><\/td><\/tr><tr><td width=\"82\"><p><span style=\"color: #339966;\">2 h<\/span><\/p><\/td><td width=\"351\"><p><span style=\"color: #339966;\">Dariusz Kordek<\/span><\/p><\/td><td width=\"113\"><p><span style=\"color: #339966;\">40<\/span><\/p><\/td><\/tr><tr><td width=\"82\"><p><span style=\"color: #ff6600;\">3 a<\/span><\/p><\/td><td width=\"351\"><p><span style=\"color: #ff6600;\">Piotr W\u00f3jcik<\/span><\/p><\/td><td width=\"113\"><p><span style=\"color: #ff6600;\">41<\/span><\/p><\/td><\/tr><tr><td width=\"82\"><p><span style=\"color: #ff6600;\">3 b<\/span><\/p><\/td><td width=\"351\"><p><span style=\"color: #ff6600;\">Ewa Podwysocka<\/span><\/p><\/td><td width=\"113\"><p><span style=\"color: #ff6600;\">55<\/span><\/p><\/td><\/tr><tr><td width=\"82\"><p><span style=\"color: #ff6600;\">3 c<\/span><\/p><\/td><td width=\"351\"><p><span style=\"color: #ff6600;\">Ma\u0142gorzata Rapacz<\/span><\/p><\/td><td width=\"113\"><p><span style=\"color: #ff6600;\">25<\/span><\/p><\/td><\/tr><tr><td width=\"82\"><p><span style=\"color: #ff6600;\">3 d<\/span><\/p><\/td><td width=\"351\"><p><span style=\"color: #ff6600;\">Katarzyna Romanowska<\/span><\/p><\/td><td width=\"113\"><p><span style=\"color: #ff6600;\">35<\/span><\/p><\/td><\/tr><tr><td width=\"82\"><p><span style=\"color: #ff6600;\">3 e<\/span><\/p><\/td><td width=\"351\"><p><span style=\"color: #ff6600;\">Urszula Izdebska<\/span><\/p><\/td><td width=\"113\"><p><span style=\"color: #ff6600;\">8<\/span><\/p><\/td><\/tr><tr><td width=\"82\"><p><span style=\"color: #ff6600;\">3 f<\/span><\/p><\/td><td width=\"351\"><p><span style=\"color: #ff6600;\">Sebastian Tabo\u0142<\/span><\/p><\/td><td width=\"113\"><p><span style=\"color: #ff6600;\">48<\/span><\/p><\/td><\/tr><tr><td width=\"82\"><p><span style=\"color: #ff6600;\">3 g<\/span><\/p><\/td><td width=\"351\"><p><span style=\"color: #ff6600;\">\u00a0Alicja Chrabo\u0142<\/span><\/p><\/td><td width=\"113\"><p><span style=\"color: #ff6600;\">21<\/span><\/p><\/td><\/tr><\/tbody><\/table>\t\t\t\t\t<\/div>\n\t\t\t\t\t\t<\/div>\n\t\t\t\t<\/div>\n\t\t\t\t\t\t<\/div>\n\t\t\t\t\t<\/div>\n\t\t<\/div>\n\t\t\t\t\t\t\t\t<\/div>\n\t\t\t\t\t<\/div>\n\t\t<\/section>\n\t\t\t\t\t\t<\/div>\n\t\t\t\t\t\t<\/div>\n\t\t\t\t\t<\/div>\n\t\t","protected":false},"excerpt":{"rendered":"<p>Serdecznie zapraszamy 25 czerwca\u00a0 na uroczyste zako\u0144czenie roku szkolnego 2020\/2021. Przypominamy o odpowiednim ubiorze. Poni\u017cej zamieszczamy harmonogram spotka\u0144 z wychowawcami i z dyrekcj\u0105 szko\u0142y.\u00a0 Harmonogram 08.00\u00a0 &#8211; Msza \u015awi\u0119ta w Ko\u015bciele \u015bw. Piotra i Paw\u0142a 09.00 \u00a0&#8211; Uroczyste zako\u0144czenie roku szkolnego na boisku szkolnym,\u00a0nast\u0119pnie spotkania z wychowawcami w salach: Klasa Wychowawca sala 1 a Katarzyna&#8230;<\/p>\n","protected":false},"author":2,"featured_media":989920,"comment_status":"closed","ping_status":"open","sticky":false,"template":"","format":"standard","meta":{"inline_featured_image":false},"categories":[85,115,114],"tags":[157],"_links":{"self":[{"href":"http:\/\/ekonomik.opole.pl\/eko3\/wp-json\/wp\/v2\/posts\/992725"}],"collection":[{"href":"http:\/\/ekonomik.opole.pl\/eko3\/wp-json\/wp\/v2\/posts"}],"about":[{"href":"http:\/\/ekonomik.opole.pl\/eko3\/wp-json\/wp\/v2\/types\/post"}],"author":[{"embeddable":true,"href":"http:\/\/ekonomik.opole.pl\/eko3\/wp-json\/wp\/v2\/users\/2"}],"replies":[{"embeddable":true,"href":"http:\/\/ekonomik.opole.pl\/eko3\/wp-json\/wp\/v2\/comments?post=992725"}],"version-history":[{"count":8,"href":"http:\/\/ekonomik.opole.pl\/eko3\/wp-json\/wp\/v2\/posts\/992725\/revisions"}],"predecessor-version":[{"id":993039,"href":"http:\/\/ekonomik.opole.pl\/eko3\/wp-json\/wp\/v2\/posts\/992725\/revisions\/993039"}],"wp:featuredmedia":[{"embeddable":true,"href":"http:\/\/ekonomik.opole.pl\/eko3\/wp-json\/wp\/v2\/media\/989920"}],"wp:attachment":[{"href":"http:\/\/ekonomik.opole.pl\/eko3\/wp-json\/wp\/v2\/media?parent=992725"}],"wp:term":[{"taxonomy":"category","embeddable":true,"href":"http:\/\/ekonomik.opole.pl\/eko3\/wp-json\/wp\/v2\/categories?post=992725"},{"taxonomy":"post_tag","embeddable":true,"href":"http:\/\/ekonomik.opole.pl\/eko3\/wp-json\/wp\/v2\/tags?post=992725"}],"curies":[{"name":"wp","href":"https:\/\/api.w.org\/{rel}","templated":true}]}}