{"id":992735,"date":"2021-06-22T21:33:13","date_gmt":"2021-06-22T21:33:13","guid":{"rendered":"http:\/\/ekonomik.opole.pl\/eko3\/?p=992735"},"modified":"2021-06-22T21:36:59","modified_gmt":"2021-06-22T21:36:59","slug":"opolskie-orly-2021-rozdane","status":"publish","type":"post","link":"http:\/\/ekonomik.opole.pl\/eko3\/opolskie-orly-2021-rozdane\/","title":{"rendered":"Opolskie Or\u0142y 2021 rozdane"},"content":{"rendered":"\t\t<div data-elementor-type=\"wp-post\" data-elementor-id=\"992735\" class=\"elementor elementor-992735\" data-elementor-settings=\"[]\">\n\t\t\t\t\t\t<div class=\"elementor-inner\">\n\t\t\t\t\t\t\t<div class=\"elementor-section-wrap\">\n\t\t\t\t\t\t\t<section class=\"elementor-section elementor-top-section elementor-element elementor-element-1769d6f5 elementor-section-full_width elementor-section-height-default elementor-section-height-default\" data-id=\"1769d6f5\" data-element_type=\"section\">\n\t\t\t\t\t\t<div class=\"elementor-container elementor-column-gap-default\">\n\t\t\t\t\t\t\t<div class=\"elementor-row\">\n\t\t\t\t\t<div class=\"elementor-column elementor-col-100 elementor-top-column elementor-element elementor-element-29076f8a\" data-id=\"29076f8a\" data-element_type=\"column\">\n\t\t\t<div class=\"elementor-column-wrap elementor-element-populated\">\n\t\t\t\t\t\t\t<div class=\"elementor-widget-wrap\">\n\t\t\t\t\t\t<div class=\"elementor-element elementor-element-460a83c2 elementor-drop-cap-yes elementor-drop-cap-view-default elementor-widget elementor-widget-text-editor\" data-id=\"460a83c2\" data-element_type=\"widget\" data-settings=\"{&quot;drop_cap&quot;:&quot;yes&quot;}\" data-widget_type=\"text-editor.default\">\n\t\t\t\t<div class=\"elementor-widget-container\">\n\t\t\t\t\t\t\t\t<div class=\"elementor-text-editor elementor-clearfix\">\n\t\t\t\t\t<p>Prezydent Opola &#8211; Arkadiusz Wi\u015bniewski uhonorowa\u0142 100 najlepszych uczni\u00f3w Opola. Na 65 laureat\u00f3w ze szk\u00f3\u0142 ponadpodstawowych, a\u017c 11 uczni\u00f3w Ekonomika otrzyma\u0142o zaszczytny tytu\u0142. W opolskim Amfiteatrze spotkali si\u0119 wybitni uczniowie &#8211; laureaci konkurs\u00f3w, olimpiad, turniej\u00f3w.\u00a0<\/p>\t\t\t\t\t<\/div>\n\t\t\t\t\t\t<\/div>\n\t\t\t\t<\/div>\n\t\t\t\t<div class=\"elementor-element elementor-element-3c726381 elementor-widget-divider--separator-type-pattern elementor-widget-divider--no-spacing elementor-widget-divider--view-line elementor-widget elementor-widget-divider\" data-id=\"3c726381\" data-element_type=\"widget\" data-widget_type=\"divider.default\">\n\t\t\t\t<div class=\"elementor-widget-container\">\n\t\t\t\t\t<div class=\"elementor-divider\" style=\"--divider-pattern-url: url(&quot;data:image\/svg+xml,%3Csvg xmlns=&#039;http:\/\/www.w3.org\/2000\/svg&#039; preserveAspectRatio=&#039;xMidYMid meet&#039; overflow=&#039;visible&#039; height=&#039;100%&#039; viewBox=&#039;0 0 126 26&#039; fill=&#039;black&#039; stroke=&#039;none&#039;%3E%3Cpath d=&#039;M3,10.2c2.6,0,2.6,2,2.6,3.2S4.4,16.5,3,16.5s-3-1.4-3-3.2S0.4,10.2,3,10.2z M18.8,10.2c1.7,0,3.2,1.4,3.2,3.2s-1.4,3.2-3.2,3.2c-1.7,0-3.2-1.4-3.2-3.2S17,10.2,18.8,10.2z M34.6,10.2c1.5,0,2.6,1.4,2.6,3.2s-0.5,3.2-1.9,3.2c-1.5,0-3.4-1.4-3.4-3.2S33.1,10.2,34.6,10.2z M50.5,10.2c1.7,0,3.2,1.4,3.2,3.2s-1.4,3.2-3.2,3.2c-1.7,0-3.3-0.9-3.3-2.6S48.7,10.2,50.5,10.2z M66.2,10.2c1.5,0,3.4,1.4,3.4,3.2s-1.9,3.2-3.4,3.2c-1.5,0-2.6-0.4-2.6-2.1S64.8,10.2,66.2,10.2z M82.2,10.2c1.7,0.8,2.6,1.4,2.6,3.2s-0.1,3.2-1.6,3.2c-1.5,0-3.7-1.4-3.7-3.2S80.5,9.4,82.2,10.2zM98.6,10.2c1.5,0,2.6,0.4,2.6,2.1s-1.2,4.2-2.6,4.2c-1.5,0-3.7-0.4-3.7-2.1S97.1,10.2,98.6,10.2z M113.4,10.2c1.2,0,2.2,0.9,2.2,3.2s-0.1,3.2-1.3,3.2s-3.1-1.4-3.1-3.2S112.2,10.2,113.4,10.2z&#039;\/%3E%3C\/svg%3E&quot;);\">\n\t\t\t<span class=\"elementor-divider-separator\">\n\t\t\t\t\t\t<\/span>\n\t\t<\/div>\n\t\t\t\t<\/div>\n\t\t\t\t<\/div>\n\t\t\t\t<div class=\"elementor-element elementor-element-2f35dc49 elementor-widget-divider--view-line elementor-widget elementor-widget-divider\" data-id=\"2f35dc49\" data-element_type=\"widget\" data-widget_type=\"divider.default\">\n\t\t\t\t<div class=\"elementor-widget-container\">\n\t\t\t\t\t<div class=\"elementor-divider\">\n\t\t\t<span class=\"elementor-divider-separator\">\n\t\t\t\t\t\t<\/span>\n\t\t<\/div>\n\t\t\t\t<\/div>\n\t\t\t\t<\/div>\n\t\t\t\t<div class=\"elementor-element elementor-element-3c91e2f6 elementor-widget elementor-widget-heading\" data-id=\"3c91e2f6\" data-element_type=\"widget\" data-widget_type=\"heading.default\">\n\t\t\t\t<div class=\"elementor-widget-container\">\n\t\t\t<h3 class=\"elementor-heading-title elementor-size-default\">11 uczni\u00f3w Ekonomika z tytu\u0142em \"Opolskiego Or\u0142a\"<\/h3>\t\t<\/div>\n\t\t\t\t<\/div>\n\t\t\t\t<div class=\"elementor-element elementor-element-15f15484 elementor-widget elementor-widget-text-editor\" data-id=\"15f15484\" data-element_type=\"widget\" data-widget_type=\"text-editor.default\">\n\t\t\t\t<div class=\"elementor-widget-container\">\n\t\t\t\t\t\t\t\t<div class=\"elementor-text-editor elementor-clearfix\">\n\t\t\t\t\t<table width=\"480\"><tbody><tr><td colspan=\"3\" width=\"480\"><p style=\"text-align: center;\"><strong>w zakresie wiedzy<\/strong><\/p><\/td><\/tr><tr><td width=\"195\"><p>imi\u0119 i nazwisko ucznia<\/p><\/td><td width=\"98\"><p>klasa<\/p><\/td><td width=\"187\"><p>nazwisko opiekuna<\/p><\/td><\/tr><tr><td width=\"195\"><p>Anna Fiecek<\/p><\/td><td width=\"98\"><p>3d<\/p><\/td><td width=\"187\"><p>Katarzyna Romanowska,<\/p><p>Anna Suchi\u0144ska<\/p><\/td><\/tr><tr><td width=\"195\"><p>Adam Giera<\/p><\/td><td width=\"98\"><p>3g<\/p><\/td><td width=\"187\"><p>Dariusz Kordek<\/p><\/td><\/tr><tr><td width=\"195\"><p>Anna Gontarz<\/p><\/td><td width=\"98\"><p>3c<\/p><\/td><td width=\"187\"><p>Katarzyna Romanowska, Anna Suchi\u0144ska<\/p><\/td><\/tr><tr><td width=\"195\"><p>Adam Ka\u0142u\u017ca<\/p><\/td><td width=\"98\"><p>2f<\/p><\/td><td width=\"187\"><p>Katarzyna Romanowska, Anna Suchi\u0144ska<\/p><\/td><\/tr><tr><td width=\"195\"><p>Mateusz Le\u015bniak<\/p><\/td><td width=\"98\"><p>3c<\/p><\/td><td width=\"187\"><p>Katarzyna Romanowska, Anna Suchi\u0144ska<\/p><\/td><\/tr><tr><td width=\"195\"><p>Magdalena Moritz<\/p><\/td><td width=\"98\"><p>3d<\/p><\/td><td width=\"187\"><p>Katarzyna Romanowska,<\/p><p>Anna Suchi\u0144ska<\/p><\/td><\/tr><tr><td width=\"195\"><p>Andrea Pola\u0144ski<\/p><\/td><td width=\"98\"><p>3e<\/p><\/td><td width=\"187\"><p>Karina Ko\u017clik &#8211; Wieczorek<\/p><\/td><\/tr><tr><td width=\"195\"><p>Sebastian \u015awierc<\/p><\/td><td width=\"98\"><p>2f<\/p><\/td><td width=\"187\"><p>Katarzyna Romanowska, Anna Suchi\u0144ska<\/p><\/td><\/tr><tr><td width=\"195\"><p>Dawid Warzocha<\/p><\/td><td width=\"98\"><p>4a<\/p><\/td><td width=\"187\"><p>Stanis\u0142aw Hadyna<\/p><\/td><\/tr><tr><td width=\"195\"><p>Julia Weber<\/p><\/td><td width=\"98\"><p>2f<\/p><\/td><td width=\"187\"><p>Katarzyna Romanowska,<\/p><p>Anna Suchi\u0144ska<\/p><\/td><\/tr><tr><td colspan=\"3\" width=\"480\"><p style=\"text-align: center;\"><strong>w zakresie osi\u0105gni\u0119\u0107 artystycznych<\/strong><\/p><\/td><\/tr><tr><td width=\"195\"><p>Daria Skiba<\/p><\/td><td width=\"98\"><p>klasa 2b<\/p><\/td><td width=\"187\"><p>Renata Peszko<\/p><\/td><\/tr><\/tbody><\/table>\t\t\t\t\t<\/div>\n\t\t\t\t\t\t<\/div>\n\t\t\t\t<\/div>\n\t\t\t\t\t\t<\/div>\n\t\t\t\t\t<\/div>\n\t\t<\/div>\n\t\t\t\t\t\t\t\t<\/div>\n\t\t\t\t\t<\/div>\n\t\t<\/section>\n\t\t\t\t<section class=\"elementor-section elementor-top-section elementor-element elementor-element-51adc8e elementor-section-boxed elementor-section-height-default elementor-section-height-default\" data-id=\"51adc8e\" data-element_type=\"section\">\n\t\t\t\t\t\t<div class=\"elementor-container elementor-column-gap-default\">\n\t\t\t\t\t\t\t<div class=\"elementor-row\">\n\t\t\t\t\t<div class=\"elementor-column elementor-col-25 elementor-top-column elementor-element elementor-element-f620bf7\" data-id=\"f620bf7\" data-element_type=\"column\">\n\t\t\t<div class=\"elementor-column-wrap elementor-element-populated\">\n\t\t\t\t\t\t\t<div class=\"elementor-widget-wrap\">\n\t\t\t\t\t\t<div class=\"elementor-element elementor-element-a9c6330 elementor-widget elementor-widget-image\" data-id=\"a9c6330\" data-element_type=\"widget\" data-widget_type=\"image.default\">\n\t\t\t\t<div class=\"elementor-widget-container\">\n\t\t\t\t\t\t\t\t<div class=\"elementor-image\">\n\t\t\t\t\t\t\t\t\t<figure class=\"wp-caption\">\n\t\t\t\t\t\t\t\t\t\t\t<a href=\"http:\/\/ekonomik.opole.pl\/eko3\/wp-content\/uploads\/2021\/06\/DSC_5425-scaled.jpg\" data-elementor-open-lightbox=\"yes\" data-elementor-lightbox-title=\"OPOLSKIE OR\u0141Y\">\n\t\t\t\t\t\t\t<img width=\"1024\" height=\"806\" src=\"http:\/\/ekonomik.opole.pl\/eko3\/wp-content\/uploads\/2021\/06\/DSC_5425-1024x806.jpg\" class=\"attachment-large size-large\" alt=\"\" loading=\"lazy\" srcset=\"http:\/\/ekonomik.opole.pl\/eko3\/wp-content\/uploads\/2021\/06\/DSC_5425-1024x806.jpg 1024w, http:\/\/ekonomik.opole.pl\/eko3\/wp-content\/uploads\/2021\/06\/DSC_5425-scaled-680x535.jpg 680w, http:\/\/ekonomik.opole.pl\/eko3\/wp-content\/uploads\/2021\/06\/DSC_5425-300x236.jpg 300w, http:\/\/ekonomik.opole.pl\/eko3\/wp-content\/uploads\/2021\/06\/DSC_5425-768x604.jpg 768w, http:\/\/ekonomik.opole.pl\/eko3\/wp-content\/uploads\/2021\/06\/DSC_5425-1536x1208.jpg 1536w, http:\/\/ekonomik.opole.pl\/eko3\/wp-content\/uploads\/2021\/06\/DSC_5425-2048x1611.jpg 2048w, http:\/\/ekonomik.opole.pl\/eko3\/wp-content\/uploads\/2021\/06\/DSC_5425-1360x1070.jpg 1360w, http:\/\/ekonomik.opole.pl\/eko3\/wp-content\/uploads\/2021\/06\/DSC_5425-453x356.jpg 453w, http:\/\/ekonomik.opole.pl\/eko3\/wp-content\/uploads\/2021\/06\/DSC_5425-906x713.jpg 906w, http:\/\/ekonomik.opole.pl\/eko3\/wp-content\/uploads\/2021\/06\/DSC_5425-340x267.jpg 340w\" sizes=\"(max-width: 1024px) 100vw, 1024px\" \/>\t\t\t\t\t\t\t\t<\/a>\n\t\t\t\t\t\t\t\t\t\t\t<figcaption class=\"widget-image-caption wp-caption-text\">Foto. Karina Ko\u017alik-Wieczorek<\/figcaption>\n\t\t\t\t\t\t\t\t\t\t<\/figure>\n\t\t\t\t\t\t\t\t<\/div>\n\t\t\t\t\t\t<\/div>\n\t\t\t\t<\/div>\n\t\t\t\t\t\t<\/div>\n\t\t\t\t\t<\/div>\n\t\t<\/div>\n\t\t\t\t<div class=\"elementor-column elementor-col-25 elementor-top-column elementor-element elementor-element-b261e42\" data-id=\"b261e42\" data-element_type=\"column\">\n\t\t\t<div class=\"elementor-column-wrap elementor-element-populated\">\n\t\t\t\t\t\t\t<div class=\"elementor-widget-wrap\">\n\t\t\t\t\t\t<div class=\"elementor-element elementor-element-69c7129 elementor-widget elementor-widget-image\" data-id=\"69c7129\" data-element_type=\"widget\" data-widget_type=\"image.default\">\n\t\t\t\t<div class=\"elementor-widget-container\">\n\t\t\t\t\t\t\t\t<div class=\"elementor-image\">\n\t\t\t\t\t\t\t\t\t<figure class=\"wp-caption\">\n\t\t\t\t\t\t\t\t\t\t\t<a href=\"http:\/\/ekonomik.opole.pl\/eko3\/wp-content\/uploads\/2021\/06\/DSC_5273-scaled.jpg\" data-elementor-open-lightbox=\"yes\" data-elementor-lightbox-title=\"OPOLSKIE OR\u0141Y 2021\">\n\t\t\t\t\t\t\t<img width=\"1024\" height=\"681\" src=\"http:\/\/ekonomik.opole.pl\/eko3\/wp-content\/uploads\/2021\/06\/DSC_5273-1024x681.jpg\" class=\"attachment-large size-large\" alt=\"\" loading=\"lazy\" srcset=\"http:\/\/ekonomik.opole.pl\/eko3\/wp-content\/uploads\/2021\/06\/DSC_5273-1024x681.jpg 1024w, http:\/\/ekonomik.opole.pl\/eko3\/wp-content\/uploads\/2021\/06\/DSC_5273-scaled-680x452.jpg 680w, http:\/\/ekonomik.opole.pl\/eko3\/wp-content\/uploads\/2021\/06\/DSC_5273-300x200.jpg 300w, http:\/\/ekonomik.opole.pl\/eko3\/wp-content\/uploads\/2021\/06\/DSC_5273-768x511.jpg 768w, http:\/\/ekonomik.opole.pl\/eko3\/wp-content\/uploads\/2021\/06\/DSC_5273-1536x1022.jpg 1536w, http:\/\/ekonomik.opole.pl\/eko3\/wp-content\/uploads\/2021\/06\/DSC_5273-2048x1363.jpg 2048w, http:\/\/ekonomik.opole.pl\/eko3\/wp-content\/uploads\/2021\/06\/DSC_5273-1360x905.jpg 1360w, http:\/\/ekonomik.opole.pl\/eko3\/wp-content\/uploads\/2021\/06\/DSC_5273-453x301.jpg 453w, http:\/\/ekonomik.opole.pl\/eko3\/wp-content\/uploads\/2021\/06\/DSC_5273-906x603.jpg 906w, http:\/\/ekonomik.opole.pl\/eko3\/wp-content\/uploads\/2021\/06\/DSC_5273-340x226.jpg 340w\" sizes=\"(max-width: 1024px) 100vw, 1024px\" \/>\t\t\t\t\t\t\t\t<\/a>\n\t\t\t\t\t\t\t\t\t\t\t<figcaption class=\"widget-image-caption wp-caption-text\">Foto. Karina Ko\u017alik-Wieczorek<\/figcaption>\n\t\t\t\t\t\t\t\t\t\t<\/figure>\n\t\t\t\t\t\t\t\t<\/div>\n\t\t\t\t\t\t<\/div>\n\t\t\t\t<\/div>\n\t\t\t\t\t\t<\/div>\n\t\t\t\t\t<\/div>\n\t\t<\/div>\n\t\t\t\t<div class=\"elementor-column elementor-col-25 elementor-top-column elementor-element elementor-element-a2f31dc\" data-id=\"a2f31dc\" data-element_type=\"column\">\n\t\t\t<div class=\"elementor-column-wrap elementor-element-populated\">\n\t\t\t\t\t\t\t<div class=\"elementor-widget-wrap\">\n\t\t\t\t\t\t<div class=\"elementor-element elementor-element-076f3b7 elementor-widget elementor-widget-image\" data-id=\"076f3b7\" data-element_type=\"widget\" data-widget_type=\"image.default\">\n\t\t\t\t<div class=\"elementor-widget-container\">\n\t\t\t\t\t\t\t\t<div class=\"elementor-image\">\n\t\t\t\t\t\t\t\t\t<figure class=\"wp-caption\">\n\t\t\t\t\t\t\t\t\t\t\t<a href=\"http:\/\/ekonomik.opole.pl\/eko3\/wp-content\/uploads\/2021\/06\/DSC_5353-scaled.jpg\" data-elementor-open-lightbox=\"yes\" data-elementor-lightbox-title=\"OPOLSKIE OR\u0141Y 2021\">\n\t\t\t\t\t\t\t<img width=\"1024\" height=\"681\" src=\"http:\/\/ekonomik.opole.pl\/eko3\/wp-content\/uploads\/2021\/06\/DSC_5353-1024x681.jpg\" class=\"attachment-large size-large\" alt=\"\" loading=\"lazy\" srcset=\"http:\/\/ekonomik.opole.pl\/eko3\/wp-content\/uploads\/2021\/06\/DSC_5353-1024x681.jpg 1024w, http:\/\/ekonomik.opole.pl\/eko3\/wp-content\/uploads\/2021\/06\/DSC_5353-scaled-680x452.jpg 680w, http:\/\/ekonomik.opole.pl\/eko3\/wp-content\/uploads\/2021\/06\/DSC_5353-300x200.jpg 300w, http:\/\/ekonomik.opole.pl\/eko3\/wp-content\/uploads\/2021\/06\/DSC_5353-768x511.jpg 768w, http:\/\/ekonomik.opole.pl\/eko3\/wp-content\/uploads\/2021\/06\/DSC_5353-1536x1022.jpg 1536w, http:\/\/ekonomik.opole.pl\/eko3\/wp-content\/uploads\/2021\/06\/DSC_5353-2048x1363.jpg 2048w, http:\/\/ekonomik.opole.pl\/eko3\/wp-content\/uploads\/2021\/06\/DSC_5353-1360x905.jpg 1360w, http:\/\/ekonomik.opole.pl\/eko3\/wp-content\/uploads\/2021\/06\/DSC_5353-453x301.jpg 453w, http:\/\/ekonomik.opole.pl\/eko3\/wp-content\/uploads\/2021\/06\/DSC_5353-906x603.jpg 906w, http:\/\/ekonomik.opole.pl\/eko3\/wp-content\/uploads\/2021\/06\/DSC_5353-340x226.jpg 340w\" sizes=\"(max-width: 1024px) 100vw, 1024px\" \/>\t\t\t\t\t\t\t\t<\/a>\n\t\t\t\t\t\t\t\t\t\t\t<figcaption class=\"widget-image-caption wp-caption-text\">Foto. Karina Ko\u017alik-Wieczorek<\/figcaption>\n\t\t\t\t\t\t\t\t\t\t<\/figure>\n\t\t\t\t\t\t\t\t<\/div>\n\t\t\t\t\t\t<\/div>\n\t\t\t\t<\/div>\n\t\t\t\t\t\t<\/div>\n\t\t\t\t\t<\/div>\n\t\t<\/div>\n\t\t\t\t<div class=\"elementor-column elementor-col-25 elementor-top-column elementor-element elementor-element-88ac973\" data-id=\"88ac973\" data-element_type=\"column\">\n\t\t\t<div class=\"elementor-column-wrap elementor-element-populated\">\n\t\t\t\t\t\t\t<div class=\"elementor-widget-wrap\">\n\t\t\t\t\t\t<div class=\"elementor-element elementor-element-d0b461b elementor-widget elementor-widget-image\" data-id=\"d0b461b\" data-element_type=\"widget\" data-widget_type=\"image.default\">\n\t\t\t\t<div class=\"elementor-widget-container\">\n\t\t\t\t\t\t\t\t<div class=\"elementor-image\">\n\t\t\t\t\t\t\t\t\t<figure class=\"wp-caption\">\n\t\t\t\t\t\t\t\t\t\t\t<a href=\"http:\/\/ekonomik.opole.pl\/eko3\/wp-content\/uploads\/2021\/06\/DSC_5324-scaled.jpg\" data-elementor-open-lightbox=\"yes\" data-elementor-lightbox-title=\"OPOLSKIE OR\u0141Y 2021\">\n\t\t\t\t\t\t\t<img width=\"1024\" height=\"684\" src=\"http:\/\/ekonomik.opole.pl\/eko3\/wp-content\/uploads\/2021\/06\/DSC_5324-1024x684.jpg\" class=\"attachment-large size-large\" alt=\"\" loading=\"lazy\" srcset=\"http:\/\/ekonomik.opole.pl\/eko3\/wp-content\/uploads\/2021\/06\/DSC_5324-1024x684.jpg 1024w, http:\/\/ekonomik.opole.pl\/eko3\/wp-content\/uploads\/2021\/06\/DSC_5324-scaled-680x454.jpg 680w, http:\/\/ekonomik.opole.pl\/eko3\/wp-content\/uploads\/2021\/06\/DSC_5324-300x200.jpg 300w, http:\/\/ekonomik.opole.pl\/eko3\/wp-content\/uploads\/2021\/06\/DSC_5324-768x513.jpg 768w, http:\/\/ekonomik.opole.pl\/eko3\/wp-content\/uploads\/2021\/06\/DSC_5324-1536x1026.jpg 1536w, http:\/\/ekonomik.opole.pl\/eko3\/wp-content\/uploads\/2021\/06\/DSC_5324-2048x1368.jpg 2048w, http:\/\/ekonomik.opole.pl\/eko3\/wp-content\/uploads\/2021\/06\/DSC_5324-1360x908.jpg 1360w, http:\/\/ekonomik.opole.pl\/eko3\/wp-content\/uploads\/2021\/06\/DSC_5324-453x303.jpg 453w, http:\/\/ekonomik.opole.pl\/eko3\/wp-content\/uploads\/2021\/06\/DSC_5324-906x605.jpg 906w, http:\/\/ekonomik.opole.pl\/eko3\/wp-content\/uploads\/2021\/06\/DSC_5324-340x227.jpg 340w\" sizes=\"(max-width: 1024px) 100vw, 1024px\" \/>\t\t\t\t\t\t\t\t<\/a>\n\t\t\t\t\t\t\t\t\t\t\t<figcaption class=\"widget-image-caption wp-caption-text\">Foto. Karina Ko\u017alik-Wieczorek<\/figcaption>\n\t\t\t\t\t\t\t\t\t\t<\/figure>\n\t\t\t\t\t\t\t\t<\/div>\n\t\t\t\t\t\t<\/div>\n\t\t\t\t<\/div>\n\t\t\t\t\t\t<\/div>\n\t\t\t\t\t<\/div>\n\t\t<\/div>\n\t\t\t\t\t\t\t\t<\/div>\n\t\t\t\t\t<\/div>\n\t\t<\/section>\n\t\t\t\t<section class=\"elementor-section elementor-top-section elementor-element elementor-element-ad49774 elementor-section-boxed elementor-section-height-default elementor-section-height-default\" data-id=\"ad49774\" data-element_type=\"section\">\n\t\t\t\t\t\t<div class=\"elementor-container elementor-column-gap-default\">\n\t\t\t\t\t\t\t<div class=\"elementor-row\">\n\t\t\t\t\t<div class=\"elementor-column elementor-col-25 elementor-top-column elementor-element elementor-element-664618f\" data-id=\"664618f\" data-element_type=\"column\">\n\t\t\t<div class=\"elementor-column-wrap elementor-element-populated\">\n\t\t\t\t\t\t\t<div class=\"elementor-widget-wrap\">\n\t\t\t\t\t\t<div class=\"elementor-element elementor-element-df12ca3 elementor-widget elementor-widget-image\" data-id=\"df12ca3\" data-element_type=\"widget\" data-widget_type=\"image.default\">\n\t\t\t\t<div class=\"elementor-widget-container\">\n\t\t\t\t\t\t\t\t<div class=\"elementor-image\">\n\t\t\t\t\t\t\t\t\t<figure class=\"wp-caption\">\n\t\t\t\t\t\t\t\t\t\t\t<a href=\"http:\/\/ekonomik.opole.pl\/eko3\/wp-content\/uploads\/2021\/06\/DSC_5329-scaled.jpg\" data-elementor-open-lightbox=\"yes\" data-elementor-lightbox-title=\"OPOLSKIE OR\u0141Y 2021\">\n\t\t\t\t\t\t\t<img width=\"1024\" height=\"681\" src=\"http:\/\/ekonomik.opole.pl\/eko3\/wp-content\/uploads\/2021\/06\/DSC_5329-1024x681.jpg\" class=\"attachment-large size-large\" alt=\"\" loading=\"lazy\" srcset=\"http:\/\/ekonomik.opole.pl\/eko3\/wp-content\/uploads\/2021\/06\/DSC_5329-1024x681.jpg 1024w, http:\/\/ekonomik.opole.pl\/eko3\/wp-content\/uploads\/2021\/06\/DSC_5329-scaled-680x452.jpg 680w, http:\/\/ekonomik.opole.pl\/eko3\/wp-content\/uploads\/2021\/06\/DSC_5329-300x200.jpg 300w, http:\/\/ekonomik.opole.pl\/eko3\/wp-content\/uploads\/2021\/06\/DSC_5329-768x511.jpg 768w, http:\/\/ekonomik.opole.pl\/eko3\/wp-content\/uploads\/2021\/06\/DSC_5329-1536x1022.jpg 1536w, http:\/\/ekonomik.opole.pl\/eko3\/wp-content\/uploads\/2021\/06\/DSC_5329-2048x1363.jpg 2048w, http:\/\/ekonomik.opole.pl\/eko3\/wp-content\/uploads\/2021\/06\/DSC_5329-1360x905.jpg 1360w, http:\/\/ekonomik.opole.pl\/eko3\/wp-content\/uploads\/2021\/06\/DSC_5329-453x301.jpg 453w, http:\/\/ekonomik.opole.pl\/eko3\/wp-content\/uploads\/2021\/06\/DSC_5329-906x603.jpg 906w, http:\/\/ekonomik.opole.pl\/eko3\/wp-content\/uploads\/2021\/06\/DSC_5329-340x226.jpg 340w\" sizes=\"(max-width: 1024px) 100vw, 1024px\" \/>\t\t\t\t\t\t\t\t<\/a>\n\t\t\t\t\t\t\t\t\t\t\t<figcaption class=\"widget-image-caption wp-caption-text\">Foto. Karina Ko\u017alik-Wieczorek<\/figcaption>\n\t\t\t\t\t\t\t\t\t\t<\/figure>\n\t\t\t\t\t\t\t\t<\/div>\n\t\t\t\t\t\t<\/div>\n\t\t\t\t<\/div>\n\t\t\t\t\t\t<\/div>\n\t\t\t\t\t<\/div>\n\t\t<\/div>\n\t\t\t\t<div class=\"elementor-column elementor-col-25 elementor-top-column elementor-element elementor-element-bf682ce\" data-id=\"bf682ce\" data-element_type=\"column\">\n\t\t\t<div class=\"elementor-column-wrap elementor-element-populated\">\n\t\t\t\t\t\t\t<div class=\"elementor-widget-wrap\">\n\t\t\t\t\t\t<div class=\"elementor-element elementor-element-66f9cba elementor-widget elementor-widget-image\" data-id=\"66f9cba\" data-element_type=\"widget\" data-widget_type=\"image.default\">\n\t\t\t\t<div class=\"elementor-widget-container\">\n\t\t\t\t\t\t\t\t<div class=\"elementor-image\">\n\t\t\t\t\t\t\t\t\t<figure class=\"wp-caption\">\n\t\t\t\t\t\t\t\t\t\t\t<a href=\"http:\/\/ekonomik.opole.pl\/eko3\/wp-content\/uploads\/2021\/06\/DSC_5340-scaled.jpg\" data-elementor-open-lightbox=\"yes\" data-elementor-lightbox-title=\"OPOLSKIE OR\u0141Y 2021\">\n\t\t\t\t\t\t\t<img width=\"679\" height=\"1024\" src=\"http:\/\/ekonomik.opole.pl\/eko3\/wp-content\/uploads\/2021\/06\/DSC_5340-679x1024.jpg\" class=\"attachment-large size-large\" alt=\"\" loading=\"lazy\" srcset=\"http:\/\/ekonomik.opole.pl\/eko3\/wp-content\/uploads\/2021\/06\/DSC_5340-679x1024.jpg 679w, http:\/\/ekonomik.opole.pl\/eko3\/wp-content\/uploads\/2021\/06\/DSC_5340-scaled-680x1026.jpg 680w, http:\/\/ekonomik.opole.pl\/eko3\/wp-content\/uploads\/2021\/06\/DSC_5340-199x300.jpg 199w, http:\/\/ekonomik.opole.pl\/eko3\/wp-content\/uploads\/2021\/06\/DSC_5340-768x1159.jpg 768w, http:\/\/ekonomik.opole.pl\/eko3\/wp-content\/uploads\/2021\/06\/DSC_5340-1018x1536.jpg 1018w, http:\/\/ekonomik.opole.pl\/eko3\/wp-content\/uploads\/2021\/06\/DSC_5340-1357x2048.jpg 1357w, http:\/\/ekonomik.opole.pl\/eko3\/wp-content\/uploads\/2021\/06\/DSC_5340-1360x2052.jpg 1360w, http:\/\/ekonomik.opole.pl\/eko3\/wp-content\/uploads\/2021\/06\/DSC_5340-453x683.jpg 453w, http:\/\/ekonomik.opole.pl\/eko3\/wp-content\/uploads\/2021\/06\/DSC_5340-906x1367.jpg 906w, http:\/\/ekonomik.opole.pl\/eko3\/wp-content\/uploads\/2021\/06\/DSC_5340-340x513.jpg 340w, http:\/\/ekonomik.opole.pl\/eko3\/wp-content\/uploads\/2021\/06\/DSC_5340-scaled.jpg 1697w\" sizes=\"(max-width: 679px) 100vw, 679px\" \/>\t\t\t\t\t\t\t\t<\/a>\n\t\t\t\t\t\t\t\t\t\t\t<figcaption class=\"widget-image-caption wp-caption-text\">Foto. Karina Ko\u017alik-Wieczorek<\/figcaption>\n\t\t\t\t\t\t\t\t\t\t<\/figure>\n\t\t\t\t\t\t\t\t<\/div>\n\t\t\t\t\t\t<\/div>\n\t\t\t\t<\/div>\n\t\t\t\t\t\t<\/div>\n\t\t\t\t\t<\/div>\n\t\t<\/div>\n\t\t\t\t<div class=\"elementor-column elementor-col-25 elementor-top-column elementor-element elementor-element-3ac585c\" data-id=\"3ac585c\" data-element_type=\"column\">\n\t\t\t<div class=\"elementor-column-wrap elementor-element-populated\">\n\t\t\t\t\t\t\t<div class=\"elementor-widget-wrap\">\n\t\t\t\t\t\t<div class=\"elementor-element elementor-element-0e638cd elementor-widget elementor-widget-image\" data-id=\"0e638cd\" data-element_type=\"widget\" data-widget_type=\"image.default\">\n\t\t\t\t<div class=\"elementor-widget-container\">\n\t\t\t\t\t\t\t\t<div class=\"elementor-image\">\n\t\t\t\t\t\t\t\t\t<figure class=\"wp-caption\">\n\t\t\t\t\t\t\t\t\t\t\t<a href=\"http:\/\/ekonomik.opole.pl\/eko3\/wp-content\/uploads\/2021\/06\/DSC_5344-scaled.jpg\" data-elementor-open-lightbox=\"yes\" data-elementor-lightbox-title=\"DSC_5344\">\n\t\t\t\t\t\t\t<img width=\"681\" height=\"1024\" src=\"http:\/\/ekonomik.opole.pl\/eko3\/wp-content\/uploads\/2021\/06\/DSC_5344-681x1024.jpg\" class=\"attachment-large size-large\" alt=\"\" loading=\"lazy\" srcset=\"http:\/\/ekonomik.opole.pl\/eko3\/wp-content\/uploads\/2021\/06\/DSC_5344-681x1024.jpg 681w, http:\/\/ekonomik.opole.pl\/eko3\/wp-content\/uploads\/2021\/06\/DSC_5344-scaled-680x1022.jpg 680w, http:\/\/ekonomik.opole.pl\/eko3\/wp-content\/uploads\/2021\/06\/DSC_5344-200x300.jpg 200w, http:\/\/ekonomik.opole.pl\/eko3\/wp-content\/uploads\/2021\/06\/DSC_5344-768x1154.jpg 768w, http:\/\/ekonomik.opole.pl\/eko3\/wp-content\/uploads\/2021\/06\/DSC_5344-1022x1536.jpg 1022w, http:\/\/ekonomik.opole.pl\/eko3\/wp-content\/uploads\/2021\/06\/DSC_5344-1363x2048.jpg 1363w, http:\/\/ekonomik.opole.pl\/eko3\/wp-content\/uploads\/2021\/06\/DSC_5344-1360x2044.jpg 1360w, http:\/\/ekonomik.opole.pl\/eko3\/wp-content\/uploads\/2021\/06\/DSC_5344-453x681.jpg 453w, http:\/\/ekonomik.opole.pl\/eko3\/wp-content\/uploads\/2021\/06\/DSC_5344-906x1362.jpg 906w, http:\/\/ekonomik.opole.pl\/eko3\/wp-content\/uploads\/2021\/06\/DSC_5344-340x511.jpg 340w, http:\/\/ekonomik.opole.pl\/eko3\/wp-content\/uploads\/2021\/06\/DSC_5344-scaled.jpg 1703w\" sizes=\"(max-width: 681px) 100vw, 681px\" \/>\t\t\t\t\t\t\t\t<\/a>\n\t\t\t\t\t\t\t\t\t\t\t<figcaption class=\"widget-image-caption wp-caption-text\">Foto. Karina Ko\u017alik-Wieczorek<\/figcaption>\n\t\t\t\t\t\t\t\t\t\t<\/figure>\n\t\t\t\t\t\t\t\t<\/div>\n\t\t\t\t\t\t<\/div>\n\t\t\t\t<\/div>\n\t\t\t\t\t\t<\/div>\n\t\t\t\t\t<\/div>\n\t\t<\/div>\n\t\t\t\t<div class=\"elementor-column elementor-col-25 elementor-top-column elementor-element elementor-element-1e385d3\" data-id=\"1e385d3\" data-element_type=\"column\">\n\t\t\t<div class=\"elementor-column-wrap elementor-element-populated\">\n\t\t\t\t\t\t\t<div class=\"elementor-widget-wrap\">\n\t\t\t\t\t\t<div class=\"elementor-element elementor-element-9c955c8 elementor-widget elementor-widget-image\" data-id=\"9c955c8\" data-element_type=\"widget\" data-widget_type=\"image.default\">\n\t\t\t\t<div class=\"elementor-widget-container\">\n\t\t\t\t\t\t\t\t<div class=\"elementor-image\">\n\t\t\t\t\t\t\t\t\t<figure class=\"wp-caption\">\n\t\t\t\t\t\t\t\t\t\t\t<a href=\"http:\/\/ekonomik.opole.pl\/eko3\/wp-content\/uploads\/2021\/06\/DSC_5386-scaled.jpg\" data-elementor-open-lightbox=\"yes\" data-elementor-lightbox-title=\"DSC_5386\">\n\t\t\t\t\t\t\t<img width=\"1024\" height=\"681\" src=\"http:\/\/ekonomik.opole.pl\/eko3\/wp-content\/uploads\/2021\/06\/DSC_5386-1024x681.jpg\" class=\"attachment-large size-large\" alt=\"\" loading=\"lazy\" srcset=\"http:\/\/ekonomik.opole.pl\/eko3\/wp-content\/uploads\/2021\/06\/DSC_5386-1024x681.jpg 1024w, http:\/\/ekonomik.opole.pl\/eko3\/wp-content\/uploads\/2021\/06\/DSC_5386-scaled-680x452.jpg 680w, http:\/\/ekonomik.opole.pl\/eko3\/wp-content\/uploads\/2021\/06\/DSC_5386-300x200.jpg 300w, http:\/\/ekonomik.opole.pl\/eko3\/wp-content\/uploads\/2021\/06\/DSC_5386-768x511.jpg 768w, http:\/\/ekonomik.opole.pl\/eko3\/wp-content\/uploads\/2021\/06\/DSC_5386-1536x1022.jpg 1536w, http:\/\/ekonomik.opole.pl\/eko3\/wp-content\/uploads\/2021\/06\/DSC_5386-2048x1363.jpg 2048w, http:\/\/ekonomik.opole.pl\/eko3\/wp-content\/uploads\/2021\/06\/DSC_5386-1360x905.jpg 1360w, http:\/\/ekonomik.opole.pl\/eko3\/wp-content\/uploads\/2021\/06\/DSC_5386-453x301.jpg 453w, http:\/\/ekonomik.opole.pl\/eko3\/wp-content\/uploads\/2021\/06\/DSC_5386-906x603.jpg 906w, http:\/\/ekonomik.opole.pl\/eko3\/wp-content\/uploads\/2021\/06\/DSC_5386-340x226.jpg 340w\" sizes=\"(max-width: 1024px) 100vw, 1024px\" \/>\t\t\t\t\t\t\t\t<\/a>\n\t\t\t\t\t\t\t\t\t\t\t<figcaption class=\"widget-image-caption wp-caption-text\">Foto. Karina Ko\u017alik-Wieczorek<\/figcaption>\n\t\t\t\t\t\t\t\t\t\t<\/figure>\n\t\t\t\t\t\t\t\t<\/div>\n\t\t\t\t\t\t<\/div>\n\t\t\t\t<\/div>\n\t\t\t\t\t\t<\/div>\n\t\t\t\t\t<\/div>\n\t\t<\/div>\n\t\t\t\t\t\t\t\t<\/div>\n\t\t\t\t\t<\/div>\n\t\t<\/section>\n\t\t\t\t\t\t<\/div>\n\t\t\t\t\t\t<\/div>\n\t\t\t\t\t<\/div>\n\t\t","protected":false},"excerpt":{"rendered":"<p>Prezydent Opola &#8211; Arkadiusz Wi\u015bniewski uhonorowa\u0142 100 najlepszych uczni\u00f3w Opola. Na 65 laureat\u00f3w ze szk\u00f3\u0142 ponadpodstawowych, a\u017c 11 uczni\u00f3w Ekonomika otrzyma\u0142o zaszczytny tytu\u0142. W opolskim Amfiteatrze spotkali si\u0119 wybitni uczniowie &#8211; laureaci konkurs\u00f3w, olimpiad, turniej\u00f3w.\u00a0 11 uczni\u00f3w Ekonomika z tytu\u0142em &#8222;Opolskiego Or\u0142a&#8221; w zakresie wiedzy imi\u0119 i nazwisko ucznia klasa nazwisko opiekuna Anna Fiecek 3d&#8230;<\/p>\n","protected":false},"author":2,"featured_media":992738,"comment_status":"closed","ping_status":"open","sticky":false,"template":"","format":"standard","meta":{"inline_featured_image":false},"categories":[85,171],"tags":[157,168,165],"_links":{"self":[{"href":"http:\/\/ekonomik.opole.pl\/eko3\/wp-json\/wp\/v2\/posts\/992735"}],"collection":[{"href":"http:\/\/ekonomik.opole.pl\/eko3\/wp-json\/wp\/v2\/posts"}],"about":[{"href":"http:\/\/ekonomik.opole.pl\/eko3\/wp-json\/wp\/v2\/types\/post"}],"author":[{"embeddable":true,"href":"http:\/\/ekonomik.opole.pl\/eko3\/wp-json\/wp\/v2\/users\/2"}],"replies":[{"embeddable":true,"href":"http:\/\/ekonomik.opole.pl\/eko3\/wp-json\/wp\/v2\/comments?post=992735"}],"version-history":[{"count":7,"href":"http:\/\/ekonomik.opole.pl\/eko3\/wp-json\/wp\/v2\/posts\/992735\/revisions"}],"predecessor-version":[{"id":992753,"href":"http:\/\/ekonomik.opole.pl\/eko3\/wp-json\/wp\/v2\/posts\/992735\/revisions\/992753"}],"wp:featuredmedia":[{"embeddable":true,"href":"http:\/\/ekonomik.opole.pl\/eko3\/wp-json\/wp\/v2\/media\/992738"}],"wp:attachment":[{"href":"http:\/\/ekonomik.opole.pl\/eko3\/wp-json\/wp\/v2\/media?parent=992735"}],"wp:term":[{"taxonomy":"category","embeddable":true,"href":"http:\/\/ekonomik.opole.pl\/eko3\/wp-json\/wp\/v2\/categories?post=992735"},{"taxonomy":"post_tag","embeddable":true,"href":"http:\/\/ekonomik.opole.pl\/eko3\/wp-json\/wp\/v2\/tags?post=992735"}],"curies":[{"name":"wp","href":"https:\/\/api.w.org\/{rel}","templated":true}]}}