{"id":992754,"date":"2021-06-23T21:23:41","date_gmt":"2021-06-23T21:23:41","guid":{"rendered":"http:\/\/ekonomik.opole.pl\/eko3\/?p=992754"},"modified":"2021-06-23T21:35:22","modified_gmt":"2021-06-23T21:35:22","slug":"zblizamy-sie-do-mety","status":"publish","type":"post","link":"http:\/\/ekonomik.opole.pl\/eko3\/zblizamy-sie-do-mety\/","title":{"rendered":"Zbli\u017camy si\u0119 do mety!"},"content":{"rendered":"\t\t<div data-elementor-type=\"wp-post\" data-elementor-id=\"992754\" class=\"elementor elementor-992754\" data-elementor-settings=\"[]\">\n\t\t\t\t\t\t<div class=\"elementor-inner\">\n\t\t\t\t\t\t\t<div class=\"elementor-section-wrap\">\n\t\t\t\t\t\t\t<section class=\"elementor-section elementor-top-section elementor-element elementor-element-18605831 elementor-section-full_width elementor-section-height-default elementor-section-height-default\" data-id=\"18605831\" data-element_type=\"section\">\n\t\t\t\t\t\t<div class=\"elementor-container elementor-column-gap-default\">\n\t\t\t\t\t\t\t<div class=\"elementor-row\">\n\t\t\t\t\t<div class=\"elementor-column elementor-col-100 elementor-top-column elementor-element elementor-element-4740062e\" data-id=\"4740062e\" data-element_type=\"column\">\n\t\t\t<div class=\"elementor-column-wrap elementor-element-populated\">\n\t\t\t\t\t\t\t<div class=\"elementor-widget-wrap\">\n\t\t\t\t\t\t<div class=\"elementor-element elementor-element-2147b127 elementor-drop-cap-yes elementor-drop-cap-view-default elementor-widget elementor-widget-text-editor\" data-id=\"2147b127\" data-element_type=\"widget\" data-settings=\"{&quot;drop_cap&quot;:&quot;yes&quot;}\" data-widget_type=\"text-editor.default\">\n\t\t\t\t<div class=\"elementor-widget-container\">\n\t\t\t\t\t\t\t\t<div class=\"elementor-text-editor elementor-clearfix\">\n\t\t\t\t\t<p>Rok szkolny 2020\/2021 dobiega ko\u0144ca. Rozgrywki zawodowe i og\u00f3lnokszta\u0142c\u0105ce ko\u0144cz\u0105 si\u0119 z dniem 25 czerwca. Ten rok by\u0142 bardzo dynamiczny, zmienny, a czasem bardzo trudny.<br \/><br \/>Zapraszamy serdecznie na uroczysto\u015b\u0107 zako\u0144czenie roku szkolnego w pi\u0105tek o godzinie 9:00.<\/p>\t\t\t\t\t<\/div>\n\t\t\t\t\t\t<\/div>\n\t\t\t\t<\/div>\n\t\t\t\t<div class=\"elementor-element elementor-element-6036810c elementor-widget-divider--separator-type-pattern elementor-widget-divider--no-spacing elementor-widget-divider--view-line elementor-widget elementor-widget-divider\" data-id=\"6036810c\" data-element_type=\"widget\" data-widget_type=\"divider.default\">\n\t\t\t\t<div class=\"elementor-widget-container\">\n\t\t\t\t\t<div class=\"elementor-divider\" style=\"--divider-pattern-url: url(&quot;data:image\/svg+xml,%3Csvg xmlns=&#039;http:\/\/www.w3.org\/2000\/svg&#039; preserveAspectRatio=&#039;xMidYMid meet&#039; overflow=&#039;visible&#039; height=&#039;100%&#039; viewBox=&#039;0 0 126 26&#039; fill=&#039;black&#039; stroke=&#039;none&#039;%3E%3Cpath d=&#039;M3,10.2c2.6,0,2.6,2,2.6,3.2S4.4,16.5,3,16.5s-3-1.4-3-3.2S0.4,10.2,3,10.2z M18.8,10.2c1.7,0,3.2,1.4,3.2,3.2s-1.4,3.2-3.2,3.2c-1.7,0-3.2-1.4-3.2-3.2S17,10.2,18.8,10.2z M34.6,10.2c1.5,0,2.6,1.4,2.6,3.2s-0.5,3.2-1.9,3.2c-1.5,0-3.4-1.4-3.4-3.2S33.1,10.2,34.6,10.2z M50.5,10.2c1.7,0,3.2,1.4,3.2,3.2s-1.4,3.2-3.2,3.2c-1.7,0-3.3-0.9-3.3-2.6S48.7,10.2,50.5,10.2z M66.2,10.2c1.5,0,3.4,1.4,3.4,3.2s-1.9,3.2-3.4,3.2c-1.5,0-2.6-0.4-2.6-2.1S64.8,10.2,66.2,10.2z M82.2,10.2c1.7,0.8,2.6,1.4,2.6,3.2s-0.1,3.2-1.6,3.2c-1.5,0-3.7-1.4-3.7-3.2S80.5,9.4,82.2,10.2zM98.6,10.2c1.5,0,2.6,0.4,2.6,2.1s-1.2,4.2-2.6,4.2c-1.5,0-3.7-0.4-3.7-2.1S97.1,10.2,98.6,10.2z M113.4,10.2c1.2,0,2.2,0.9,2.2,3.2s-0.1,3.2-1.3,3.2s-3.1-1.4-3.1-3.2S112.2,10.2,113.4,10.2z&#039;\/%3E%3C\/svg%3E&quot;);\">\n\t\t\t<span class=\"elementor-divider-separator\">\n\t\t\t\t\t\t<\/span>\n\t\t<\/div>\n\t\t\t\t<\/div>\n\t\t\t\t<\/div>\n\t\t\t\t<div class=\"elementor-element elementor-element-4716c318 elementor-widget-divider--view-line elementor-widget elementor-widget-divider\" data-id=\"4716c318\" data-element_type=\"widget\" data-widget_type=\"divider.default\">\n\t\t\t\t<div class=\"elementor-widget-container\">\n\t\t\t\t\t<div class=\"elementor-divider\">\n\t\t\t<span class=\"elementor-divider-separator\">\n\t\t\t\t\t\t<\/span>\n\t\t<\/div>\n\t\t\t\t<\/div>\n\t\t\t\t<\/div>\n\t\t\t\t<div class=\"elementor-element elementor-element-dd5068a elementor-widget elementor-widget-heading\" data-id=\"dd5068a\" data-element_type=\"widget\" data-widget_type=\"heading.default\">\n\t\t\t\t<div class=\"elementor-widget-container\">\n\t\t\t<h3 class=\"elementor-heading-title elementor-size-default\">192 uczni\u00f3w otrzyma \u015bwiadectwo z wyr\u00f3\u017cnieniem! <\/h3>\t\t<\/div>\n\t\t\t\t<\/div>\n\t\t\t\t<div class=\"elementor-element elementor-element-76c12524 elementor-widget elementor-widget-text-editor\" data-id=\"76c12524\" data-element_type=\"widget\" data-widget_type=\"text-editor.default\">\n\t\t\t\t<div class=\"elementor-widget-container\">\n\t\t\t\t\t\t\t\t<div class=\"elementor-text-editor elementor-clearfix\">\n\t\t\t\t\t<p>To rekordowa ilo\u015b\u0107 \u015bwiadectw z wyr\u00f3\u017cnieniem. Na wszystkich uczni\u00f3w czeka zatem wyj\u0105tkowy prezent- worek (torba) wykonana przez zaprzyja\u017anion\u0105 Sp\u00f3\u0142dzielni\u0119 Socjaln\u0105 <span style=\"color: #0000ff;\"><a style=\"color: #0000ff;\" href=\"https:\/\/panato.org\/\"><strong><span style=\"color: #000080;\">Panato<\/span><\/strong><\/a><\/span> z Wroc\u0142awia z tygrysem zaprojektowanym przez ucznia klasy fotograficznej &#8211; Floriana Rychlika.\u00a0<\/p>\t\t\t\t\t<\/div>\n\t\t\t\t\t\t<\/div>\n\t\t\t\t<\/div>\n\t\t\t\t\t\t<\/div>\n\t\t\t\t\t<\/div>\n\t\t<\/div>\n\t\t\t\t\t\t\t\t<\/div>\n\t\t\t\t\t<\/div>\n\t\t<\/section>\n\t\t\t\t<section class=\"elementor-section elementor-top-section elementor-element elementor-element-b7f004c elementor-section-boxed elementor-section-height-default elementor-section-height-default\" data-id=\"b7f004c\" data-element_type=\"section\">\n\t\t\t\t\t\t<div class=\"elementor-container elementor-column-gap-default\">\n\t\t\t\t\t\t\t<div class=\"elementor-row\">\n\t\t\t\t\t<div class=\"elementor-column elementor-col-100 elementor-top-column elementor-element elementor-element-78f0d17\" data-id=\"78f0d17\" data-element_type=\"column\">\n\t\t\t<div class=\"elementor-column-wrap elementor-element-populated\">\n\t\t\t\t\t\t\t<div class=\"elementor-widget-wrap\">\n\t\t\t\t\t\t<div class=\"elementor-element elementor-element-2818e9c elementor-widget elementor-widget-spacer\" data-id=\"2818e9c\" data-element_type=\"widget\" data-widget_type=\"spacer.default\">\n\t\t\t\t<div class=\"elementor-widget-container\">\n\t\t\t\t\t<div class=\"elementor-spacer\">\n\t\t\t<div class=\"elementor-spacer-inner\"><\/div>\n\t\t<\/div>\n\t\t\t\t<\/div>\n\t\t\t\t<\/div>\n\t\t\t\t\t\t<\/div>\n\t\t\t\t\t<\/div>\n\t\t<\/div>\n\t\t\t\t\t\t\t\t<\/div>\n\t\t\t\t\t<\/div>\n\t\t<\/section>\n\t\t\t\t<section class=\"elementor-section elementor-top-section elementor-element elementor-element-eb195c6 elementor-section-boxed elementor-section-height-default elementor-section-height-default\" data-id=\"eb195c6\" data-element_type=\"section\">\n\t\t\t\t\t\t<div class=\"elementor-container elementor-column-gap-default\">\n\t\t\t\t\t\t\t<div class=\"elementor-row\">\n\t\t\t\t\t<div class=\"elementor-column elementor-col-20 elementor-top-column elementor-element elementor-element-df7e28f\" data-id=\"df7e28f\" data-element_type=\"column\">\n\t\t\t<div class=\"elementor-column-wrap elementor-element-populated\">\n\t\t\t\t\t\t\t<div class=\"elementor-widget-wrap\">\n\t\t\t\t\t\t<div class=\"elementor-element elementor-element-5510060 elementor-widget elementor-widget-image\" data-id=\"5510060\" data-element_type=\"widget\" data-widget_type=\"image.default\">\n\t\t\t\t<div class=\"elementor-widget-container\">\n\t\t\t\t\t\t\t\t<div class=\"elementor-image\">\n\t\t\t\t\t\t\t\t\t<figure class=\"wp-caption\">\n\t\t\t\t\t\t\t\t\t\t\t<a href=\"http:\/\/ekonomik.opole.pl\/eko3\/wp-content\/uploads\/2021\/06\/PPW6674-scaled.jpg\" data-elementor-open-lightbox=\"yes\" data-elementor-lightbox-title=\"Prezentacja nowych work\u00f3w z tygrysem\">\n\t\t\t\t\t\t\t<img width=\"1024\" height=\"708\" src=\"http:\/\/ekonomik.opole.pl\/eko3\/wp-content\/uploads\/2021\/06\/PPW6674-1024x708.jpg\" class=\"attachment-large size-large\" alt=\"\" loading=\"lazy\" srcset=\"http:\/\/ekonomik.opole.pl\/eko3\/wp-content\/uploads\/2021\/06\/PPW6674-1024x708.jpg 1024w, http:\/\/ekonomik.opole.pl\/eko3\/wp-content\/uploads\/2021\/06\/PPW6674-scaled-680x470.jpg 680w, http:\/\/ekonomik.opole.pl\/eko3\/wp-content\/uploads\/2021\/06\/PPW6674-300x207.jpg 300w, http:\/\/ekonomik.opole.pl\/eko3\/wp-content\/uploads\/2021\/06\/PPW6674-768x531.jpg 768w, http:\/\/ekonomik.opole.pl\/eko3\/wp-content\/uploads\/2021\/06\/PPW6674-1536x1062.jpg 1536w, http:\/\/ekonomik.opole.pl\/eko3\/wp-content\/uploads\/2021\/06\/PPW6674-2048x1415.jpg 2048w, http:\/\/ekonomik.opole.pl\/eko3\/wp-content\/uploads\/2021\/06\/PPW6674-1360x940.jpg 1360w, http:\/\/ekonomik.opole.pl\/eko3\/wp-content\/uploads\/2021\/06\/PPW6674-453x313.jpg 453w, http:\/\/ekonomik.opole.pl\/eko3\/wp-content\/uploads\/2021\/06\/PPW6674-906x626.jpg 906w, http:\/\/ekonomik.opole.pl\/eko3\/wp-content\/uploads\/2021\/06\/PPW6674-340x235.jpg 340w\" sizes=\"(max-width: 1024px) 100vw, 1024px\" \/>\t\t\t\t\t\t\t\t<\/a>\n\t\t\t\t\t\t\t\t\t\t\t<figcaption class=\"widget-image-caption wp-caption-text\">Fot. Piotr W\u00f3jcik | Na zdj\u0119ciu od lewej:  mgr Karina Ko\u017alik-Wieczorek, mgr Ewa Nowak-K\u00fcbler, mgr Patrycja Borczy\u0144ska<\/figcaption>\n\t\t\t\t\t\t\t\t\t\t<\/figure>\n\t\t\t\t\t\t\t\t<\/div>\n\t\t\t\t\t\t<\/div>\n\t\t\t\t<\/div>\n\t\t\t\t\t\t<\/div>\n\t\t\t\t\t<\/div>\n\t\t<\/div>\n\t\t\t\t<div class=\"elementor-column elementor-col-20 elementor-top-column elementor-element elementor-element-c5ded7e\" data-id=\"c5ded7e\" data-element_type=\"column\">\n\t\t\t<div class=\"elementor-column-wrap elementor-element-populated\">\n\t\t\t\t\t\t\t<div class=\"elementor-widget-wrap\">\n\t\t\t\t\t\t<div class=\"elementor-element elementor-element-bac8098 elementor-widget elementor-widget-image\" data-id=\"bac8098\" data-element_type=\"widget\" data-widget_type=\"image.default\">\n\t\t\t\t<div class=\"elementor-widget-container\">\n\t\t\t\t\t\t\t\t<div class=\"elementor-image\">\n\t\t\t\t\t\t\t\t\t<figure class=\"wp-caption\">\n\t\t\t\t\t\t\t\t\t\t\t<a href=\"http:\/\/ekonomik.opole.pl\/eko3\/wp-content\/uploads\/2021\/06\/PPW6699-scaled.jpg\" data-elementor-open-lightbox=\"yes\" data-elementor-lightbox-title=\"Zdj\u0119cie\">\n\t\t\t\t\t\t\t<img width=\"1024\" height=\"682\" src=\"http:\/\/ekonomik.opole.pl\/eko3\/wp-content\/uploads\/2021\/06\/PPW6699-1024x682.jpg\" class=\"attachment-large size-large\" alt=\"\" loading=\"lazy\" srcset=\"http:\/\/ekonomik.opole.pl\/eko3\/wp-content\/uploads\/2021\/06\/PPW6699-1024x682.jpg 1024w, http:\/\/ekonomik.opole.pl\/eko3\/wp-content\/uploads\/2021\/06\/PPW6699-scaled-680x453.jpg 680w, http:\/\/ekonomik.opole.pl\/eko3\/wp-content\/uploads\/2021\/06\/PPW6699-300x200.jpg 300w, http:\/\/ekonomik.opole.pl\/eko3\/wp-content\/uploads\/2021\/06\/PPW6699-768x511.jpg 768w, http:\/\/ekonomik.opole.pl\/eko3\/wp-content\/uploads\/2021\/06\/PPW6699-1536x1022.jpg 1536w, http:\/\/ekonomik.opole.pl\/eko3\/wp-content\/uploads\/2021\/06\/PPW6699-2048x1363.jpg 2048w, http:\/\/ekonomik.opole.pl\/eko3\/wp-content\/uploads\/2021\/06\/PPW6699-1360x905.jpg 1360w, http:\/\/ekonomik.opole.pl\/eko3\/wp-content\/uploads\/2021\/06\/PPW6699-453x302.jpg 453w, http:\/\/ekonomik.opole.pl\/eko3\/wp-content\/uploads\/2021\/06\/PPW6699-906x603.jpg 906w, http:\/\/ekonomik.opole.pl\/eko3\/wp-content\/uploads\/2021\/06\/PPW6699-340x226.jpg 340w\" sizes=\"(max-width: 1024px) 100vw, 1024px\" \/>\t\t\t\t\t\t\t\t<\/a>\n\t\t\t\t\t\t\t\t\t\t\t<figcaption class=\"widget-image-caption wp-caption-text\">Fot. Piotr W\u00f3jcik | Na zdj\u0119ciu mgr Beata Wi\u015bniewska<\/figcaption>\n\t\t\t\t\t\t\t\t\t\t<\/figure>\n\t\t\t\t\t\t\t\t<\/div>\n\t\t\t\t\t\t<\/div>\n\t\t\t\t<\/div>\n\t\t\t\t\t\t<\/div>\n\t\t\t\t\t<\/div>\n\t\t<\/div>\n\t\t\t\t<div class=\"elementor-column elementor-col-20 elementor-top-column elementor-element elementor-element-2e13026\" data-id=\"2e13026\" data-element_type=\"column\">\n\t\t\t<div class=\"elementor-column-wrap elementor-element-populated\">\n\t\t\t\t\t\t\t<div class=\"elementor-widget-wrap\">\n\t\t\t\t\t\t<div class=\"elementor-element elementor-element-8361a6d elementor-widget elementor-widget-image\" data-id=\"8361a6d\" data-element_type=\"widget\" data-widget_type=\"image.default\">\n\t\t\t\t<div class=\"elementor-widget-container\">\n\t\t\t\t\t\t\t\t<div class=\"elementor-image\">\n\t\t\t\t\t\t\t\t\t<figure class=\"wp-caption\">\n\t\t\t\t\t\t\t\t\t\t\t<a href=\"http:\/\/ekonomik.opole.pl\/eko3\/wp-content\/uploads\/2021\/06\/PPW6694-scaled.jpg\" data-elementor-open-lightbox=\"yes\" data-elementor-lightbox-title=\"Dyrekcja ZSEk\">\n\t\t\t\t\t\t\t<img width=\"1024\" height=\"695\" src=\"http:\/\/ekonomik.opole.pl\/eko3\/wp-content\/uploads\/2021\/06\/PPW6694-1024x695.jpg\" class=\"attachment-large size-large\" alt=\"\" loading=\"lazy\" srcset=\"http:\/\/ekonomik.opole.pl\/eko3\/wp-content\/uploads\/2021\/06\/PPW6694-1024x695.jpg 1024w, http:\/\/ekonomik.opole.pl\/eko3\/wp-content\/uploads\/2021\/06\/PPW6694-scaled-680x461.jpg 680w, http:\/\/ekonomik.opole.pl\/eko3\/wp-content\/uploads\/2021\/06\/PPW6694-300x204.jpg 300w, http:\/\/ekonomik.opole.pl\/eko3\/wp-content\/uploads\/2021\/06\/PPW6694-768x521.jpg 768w, http:\/\/ekonomik.opole.pl\/eko3\/wp-content\/uploads\/2021\/06\/PPW6694-1536x1042.jpg 1536w, http:\/\/ekonomik.opole.pl\/eko3\/wp-content\/uploads\/2021\/06\/PPW6694-2048x1390.jpg 2048w, http:\/\/ekonomik.opole.pl\/eko3\/wp-content\/uploads\/2021\/06\/PPW6694-1360x923.jpg 1360w, http:\/\/ekonomik.opole.pl\/eko3\/wp-content\/uploads\/2021\/06\/PPW6694-453x307.jpg 453w, http:\/\/ekonomik.opole.pl\/eko3\/wp-content\/uploads\/2021\/06\/PPW6694-906x615.jpg 906w, http:\/\/ekonomik.opole.pl\/eko3\/wp-content\/uploads\/2021\/06\/PPW6694-340x231.jpg 340w\" sizes=\"(max-width: 1024px) 100vw, 1024px\" \/>\t\t\t\t\t\t\t\t<\/a>\n\t\t\t\t\t\t\t\t\t\t\t<figcaption class=\"widget-image-caption wp-caption-text\">Fot. Piotr W\u00f3jcik | Na zdj\u0119ciu od lewej: mgr Ewa Nowak-K\u00fcbler, mgr Ma\u0142gorzata Radziszewska, mgr Beata Wi\u015bniewska<\/figcaption>\n\t\t\t\t\t\t\t\t\t\t<\/figure>\n\t\t\t\t\t\t\t\t<\/div>\n\t\t\t\t\t\t<\/div>\n\t\t\t\t<\/div>\n\t\t\t\t\t\t<\/div>\n\t\t\t\t\t<\/div>\n\t\t<\/div>\n\t\t\t\t<div class=\"elementor-column elementor-col-20 elementor-top-column elementor-element elementor-element-a52a909\" data-id=\"a52a909\" data-element_type=\"column\">\n\t\t\t<div class=\"elementor-column-wrap elementor-element-populated\">\n\t\t\t\t\t\t\t<div class=\"elementor-widget-wrap\">\n\t\t\t\t\t\t<div class=\"elementor-element elementor-element-f941298 elementor-widget elementor-widget-image\" data-id=\"f941298\" data-element_type=\"widget\" data-widget_type=\"image.default\">\n\t\t\t\t<div class=\"elementor-widget-container\">\n\t\t\t\t\t\t\t\t<div class=\"elementor-image\">\n\t\t\t\t\t\t\t\t\t<figure class=\"wp-caption\">\n\t\t\t\t\t\t\t\t\t\t\t<a href=\"http:\/\/ekonomik.opole.pl\/eko3\/wp-content\/uploads\/2021\/06\/PPW6682-scaled.jpg\" data-elementor-open-lightbox=\"yes\" data-elementor-lightbox-title=\"ZDJ\u0118CIE\">\n\t\t\t\t\t\t\t<img width=\"682\" height=\"1024\" src=\"http:\/\/ekonomik.opole.pl\/eko3\/wp-content\/uploads\/2021\/06\/PPW6682-682x1024.jpg\" class=\"attachment-large size-large\" alt=\"\" loading=\"lazy\" srcset=\"http:\/\/ekonomik.opole.pl\/eko3\/wp-content\/uploads\/2021\/06\/PPW6682-682x1024.jpg 682w, http:\/\/ekonomik.opole.pl\/eko3\/wp-content\/uploads\/2021\/06\/PPW6682-scaled-680x1022.jpg 680w, http:\/\/ekonomik.opole.pl\/eko3\/wp-content\/uploads\/2021\/06\/PPW6682-200x300.jpg 200w, http:\/\/ekonomik.opole.pl\/eko3\/wp-content\/uploads\/2021\/06\/PPW6682-768x1154.jpg 768w, http:\/\/ekonomik.opole.pl\/eko3\/wp-content\/uploads\/2021\/06\/PPW6682-1022x1536.jpg 1022w, http:\/\/ekonomik.opole.pl\/eko3\/wp-content\/uploads\/2021\/06\/PPW6682-1363x2048.jpg 1363w, http:\/\/ekonomik.opole.pl\/eko3\/wp-content\/uploads\/2021\/06\/PPW6682-1360x2043.jpg 1360w, http:\/\/ekonomik.opole.pl\/eko3\/wp-content\/uploads\/2021\/06\/PPW6682-453x681.jpg 453w, http:\/\/ekonomik.opole.pl\/eko3\/wp-content\/uploads\/2021\/06\/PPW6682-906x1361.jpg 906w, http:\/\/ekonomik.opole.pl\/eko3\/wp-content\/uploads\/2021\/06\/PPW6682-340x511.jpg 340w, http:\/\/ekonomik.opole.pl\/eko3\/wp-content\/uploads\/2021\/06\/PPW6682-scaled.jpg 1704w\" sizes=\"(max-width: 682px) 100vw, 682px\" \/>\t\t\t\t\t\t\t\t<\/a>\n\t\t\t\t\t\t\t\t\t\t\t<figcaption class=\"widget-image-caption wp-caption-text\">Fot. Karina Ko\u017alik-Wieczorek | Na zdj\u0119ciu od lewej: mgr Patrycja Borczy\u0144ska, mgr Piotr W\u00f3jcik, mgr Ewa Nowak-K\u00fcbler <\/figcaption>\n\t\t\t\t\t\t\t\t\t\t<\/figure>\n\t\t\t\t\t\t\t\t<\/div>\n\t\t\t\t\t\t<\/div>\n\t\t\t\t<\/div>\n\t\t\t\t\t\t<\/div>\n\t\t\t\t\t<\/div>\n\t\t<\/div>\n\t\t\t\t<div class=\"elementor-column elementor-col-20 elementor-top-column elementor-element elementor-element-779895f\" data-id=\"779895f\" data-element_type=\"column\">\n\t\t\t<div class=\"elementor-column-wrap elementor-element-populated\">\n\t\t\t\t\t\t\t<div class=\"elementor-widget-wrap\">\n\t\t\t\t\t\t<div class=\"elementor-element elementor-element-52400e5 elementor-widget elementor-widget-image\" data-id=\"52400e5\" data-element_type=\"widget\" data-widget_type=\"image.default\">\n\t\t\t\t<div class=\"elementor-widget-container\">\n\t\t\t\t\t\t\t\t<div class=\"elementor-image\">\n\t\t\t\t\t\t\t\t\t<figure class=\"wp-caption\">\n\t\t\t\t\t\t\t\t\t\t\t<a href=\"http:\/\/ekonomik.opole.pl\/eko3\/wp-content\/uploads\/2021\/06\/PPW6660-scaled.jpg\" data-elementor-open-lightbox=\"yes\" data-elementor-lightbox-title=\"Prezentacja nowych work\u00f3w z tygrysem\">\n\t\t\t\t\t\t\t<img width=\"1024\" height=\"682\" src=\"http:\/\/ekonomik.opole.pl\/eko3\/wp-content\/uploads\/2021\/06\/PPW6660-1024x682.jpg\" class=\"attachment-large size-large\" alt=\"\" loading=\"lazy\" srcset=\"http:\/\/ekonomik.opole.pl\/eko3\/wp-content\/uploads\/2021\/06\/PPW6660-1024x682.jpg 1024w, http:\/\/ekonomik.opole.pl\/eko3\/wp-content\/uploads\/2021\/06\/PPW6660-scaled-680x453.jpg 680w, http:\/\/ekonomik.opole.pl\/eko3\/wp-content\/uploads\/2021\/06\/PPW6660-300x200.jpg 300w, http:\/\/ekonomik.opole.pl\/eko3\/wp-content\/uploads\/2021\/06\/PPW6660-768x511.jpg 768w, http:\/\/ekonomik.opole.pl\/eko3\/wp-content\/uploads\/2021\/06\/PPW6660-1536x1022.jpg 1536w, http:\/\/ekonomik.opole.pl\/eko3\/wp-content\/uploads\/2021\/06\/PPW6660-2048x1363.jpg 2048w, http:\/\/ekonomik.opole.pl\/eko3\/wp-content\/uploads\/2021\/06\/PPW6660-1360x905.jpg 1360w, http:\/\/ekonomik.opole.pl\/eko3\/wp-content\/uploads\/2021\/06\/PPW6660-453x302.jpg 453w, http:\/\/ekonomik.opole.pl\/eko3\/wp-content\/uploads\/2021\/06\/PPW6660-906x603.jpg 906w, http:\/\/ekonomik.opole.pl\/eko3\/wp-content\/uploads\/2021\/06\/PPW6660-340x226.jpg 340w\" sizes=\"(max-width: 1024px) 100vw, 1024px\" \/>\t\t\t\t\t\t\t\t<\/a>\n\t\t\t\t\t\t\t\t\t\t\t<figcaption class=\"widget-image-caption wp-caption-text\">Fot. Piotr W\u00f3jcik | Na zdj\u0119ciu od lewej: mgr Patrycja Borczy\u0144ska, mgr Ewa Nowak-K\u00fcbler, mgr Karina Ko\u017alik-Wieczorek<\/figcaption>\n\t\t\t\t\t\t\t\t\t\t<\/figure>\n\t\t\t\t\t\t\t\t<\/div>\n\t\t\t\t\t\t<\/div>\n\t\t\t\t<\/div>\n\t\t\t\t\t\t<\/div>\n\t\t\t\t\t<\/div>\n\t\t<\/div>\n\t\t\t\t\t\t\t\t<\/div>\n\t\t\t\t\t<\/div>\n\t\t<\/section>\n\t\t\t\t\t\t<\/div>\n\t\t\t\t\t\t<\/div>\n\t\t\t\t\t<\/div>\n\t\t","protected":false},"excerpt":{"rendered":"<p>Rok szkolny 2020\/2021 dobiega ko\u0144ca. Rozgrywki zawodowe i og\u00f3lnokszta\u0142c\u0105ce ko\u0144cz\u0105 si\u0119 z dniem 25 czerwca. Ten rok by\u0142 bardzo dynamiczny, zmienny, a czasem bardzo trudny. Zapraszamy serdecznie na uroczysto\u015b\u0107 zako\u0144czenie roku szkolnego w pi\u0105tek o godzinie 9:00. 192 uczni\u00f3w otrzyma \u015bwiadectwo z wyr\u00f3\u017cnieniem! To rekordowa ilo\u015b\u0107 \u015bwiadectw z wyr\u00f3\u017cnieniem. Na wszystkich uczni\u00f3w czeka zatem wyj\u0105tkowy&#8230;<\/p>\n","protected":false},"author":2,"featured_media":992757,"comment_status":"closed","ping_status":"open","sticky":false,"template":"","format":"standard","meta":{"inline_featured_image":false},"categories":[85,115],"tags":[157,178,177],"_links":{"self":[{"href":"http:\/\/ekonomik.opole.pl\/eko3\/wp-json\/wp\/v2\/posts\/992754"}],"collection":[{"href":"http:\/\/ekonomik.opole.pl\/eko3\/wp-json\/wp\/v2\/posts"}],"about":[{"href":"http:\/\/ekonomik.opole.pl\/eko3\/wp-json\/wp\/v2\/types\/post"}],"author":[{"embeddable":true,"href":"http:\/\/ekonomik.opole.pl\/eko3\/wp-json\/wp\/v2\/users\/2"}],"replies":[{"embeddable":true,"href":"http:\/\/ekonomik.opole.pl\/eko3\/wp-json\/wp\/v2\/comments?post=992754"}],"version-history":[{"count":4,"href":"http:\/\/ekonomik.opole.pl\/eko3\/wp-json\/wp\/v2\/posts\/992754\/revisions"}],"predecessor-version":[{"id":992765,"href":"http:\/\/ekonomik.opole.pl\/eko3\/wp-json\/wp\/v2\/posts\/992754\/revisions\/992765"}],"wp:featuredmedia":[{"embeddable":true,"href":"http:\/\/ekonomik.opole.pl\/eko3\/wp-json\/wp\/v2\/media\/992757"}],"wp:attachment":[{"href":"http:\/\/ekonomik.opole.pl\/eko3\/wp-json\/wp\/v2\/media?parent=992754"}],"wp:term":[{"taxonomy":"category","embeddable":true,"href":"http:\/\/ekonomik.opole.pl\/eko3\/wp-json\/wp\/v2\/categories?post=992754"},{"taxonomy":"post_tag","embeddable":true,"href":"http:\/\/ekonomik.opole.pl\/eko3\/wp-json\/wp\/v2\/tags?post=992754"}],"curies":[{"name":"wp","href":"https:\/\/api.w.org\/{rel}","templated":true}]}}