{"id":992774,"date":"2021-06-24T20:01:42","date_gmt":"2021-06-24T20:01:42","guid":{"rendered":"http:\/\/ekonomik.opole.pl\/eko3\/?p=992774"},"modified":"2021-06-24T20:37:21","modified_gmt":"2021-06-24T20:37:21","slug":"kiermasz-podrecznikow","status":"publish","type":"post","link":"http:\/\/ekonomik.opole.pl\/eko3\/kiermasz-podrecznikow\/","title":{"rendered":"Kiermasz podr\u0119cznik\u00f3w"},"content":{"rendered":"\t\t<div data-elementor-type=\"wp-post\" data-elementor-id=\"992774\" class=\"elementor elementor-992774\" data-elementor-settings=\"[]\">\n\t\t\t\t\t\t<div class=\"elementor-inner\">\n\t\t\t\t\t\t\t<div class=\"elementor-section-wrap\">\n\t\t\t\t\t\t\t<section class=\"elementor-section elementor-top-section elementor-element elementor-element-311c073 elementor-section-boxed elementor-section-height-default elementor-section-height-default\" data-id=\"311c073\" data-element_type=\"section\">\n\t\t\t\t\t\t<div class=\"elementor-container elementor-column-gap-default\">\n\t\t\t\t\t\t\t<div class=\"elementor-row\">\n\t\t\t\t\t<div class=\"elementor-column elementor-col-100 elementor-top-column elementor-element elementor-element-b8c7aea\" data-id=\"b8c7aea\" data-element_type=\"column\">\n\t\t\t<div class=\"elementor-column-wrap elementor-element-populated\">\n\t\t\t\t\t\t\t<div class=\"elementor-widget-wrap\">\n\t\t\t\t\t\t<div class=\"elementor-element elementor-element-f47c08b elementor-position-left elementor-view-default elementor-vertical-align-top elementor-widget elementor-widget-icon-box\" data-id=\"f47c08b\" data-element_type=\"widget\" data-widget_type=\"icon-box.default\">\n\t\t\t\t<div class=\"elementor-widget-container\">\n\t\t\t\t\t<div class=\"elementor-icon-box-wrapper\">\n\t\t\t\t\t\t<div class=\"elementor-icon-box-icon\">\n\t\t\t\t<span class=\"elementor-icon elementor-animation-\" >\n\t\t\t\t<i aria-hidden=\"true\" class=\"fas fa-book-open\"><\/i>\t\t\t\t<\/span>\n\t\t\t<\/div>\n\t\t\t\t\t\t<div class=\"elementor-icon-box-content\">\n\t\t\t\t<h3 class=\"elementor-icon-box-title\">\n\t\t\t\t\t<span >Podr\u0119czniki na kolejny rok szkolny<\/span>\n\t\t\t\t<\/h3>\n\t\t\t\t\t\t\t\t<p class=\"elementor-icon-box-description\">Za chwil\u0119 koniec roku szkolnego i wydawa\u0142oby si\u0119, \u017ce wszyscy my\u015bl\u0105 ju\u017c tylko o upragnionych wakacjach. Jednak Miniprzedsi\u0119biorstwo Company z klasy 2F my\u015bli ju\u017c o tym, jak u\u0142atwi\u0107 Wam start w kolejnym roku szkolnym. <br>\nW dniach <b>2-3 wrze\u015bnia 2021 roku <\/b>podczas d\u0142ugiej przerwy (11:15-11:30) na parterze w holu szko\u0142y odb\u0119dzie si\u0119 <b>skup podr\u0119cznik\u00f3w<\/b>. Nast\u0119pnie w dniach 6-8 wrze\u015bnia 2021 r. w tym samym miejscu, podczas d\u0142ugiej przerwy b\u0119dziecie mieli mo\u017cliwo\u015b\u0107 zakupu u\u017cywanych ksi\u0105\u017cek.<\/p>\n\t\t\t\t\t\t\t<\/div>\n\t\t<\/div>\n\t\t\t\t<\/div>\n\t\t\t\t<\/div>\n\t\t\t\t<div class=\"elementor-element elementor-element-45a4cfb elementor-widget elementor-widget-spacer\" data-id=\"45a4cfb\" data-element_type=\"widget\" data-widget_type=\"spacer.default\">\n\t\t\t\t<div class=\"elementor-widget-container\">\n\t\t\t\t\t<div class=\"elementor-spacer\">\n\t\t\t<div class=\"elementor-spacer-inner\"><\/div>\n\t\t<\/div>\n\t\t\t\t<\/div>\n\t\t\t\t<\/div>\n\t\t\t\t<div class=\"elementor-element elementor-element-619452e elementor-widget elementor-widget-text-editor\" data-id=\"619452e\" data-element_type=\"widget\" data-widget_type=\"text-editor.default\">\n\t\t\t\t<div class=\"elementor-widget-container\">\n\t\t\t\t\t\t\t\t<div class=\"elementor-text-editor elementor-clearfix\">\n\t\t\t\t\t<p><i>Zapraszamy wszystkich zainteresowanych uczni\u00f3w do udzia\u0142u w kiermaszu!<\/i><\/p><p><em>Miniprzedsi\u0119biorstwo Company z klasy 2F<\/em><\/p>\t\t\t\t\t<\/div>\n\t\t\t\t\t\t<\/div>\n\t\t\t\t<\/div>\n\t\t\t\t\t\t<\/div>\n\t\t\t\t\t<\/div>\n\t\t<\/div>\n\t\t\t\t\t\t\t\t<\/div>\n\t\t\t\t\t<\/div>\n\t\t<\/section>\n\t\t\t\t\t\t<\/div>\n\t\t\t\t\t\t<\/div>\n\t\t\t\t\t<\/div>\n\t\t","protected":false},"excerpt":{"rendered":"<p>Podr\u0119czniki na kolejny rok szkolny Za chwil\u0119 koniec roku szkolnego i wydawa\u0142oby si\u0119, \u017ce wszyscy my\u015bl\u0105 ju\u017c tylko o upragnionych wakacjach. Jednak Miniprzedsi\u0119biorstwo Company z klasy 2F my\u015bli ju\u017c o tym, jak u\u0142atwi\u0107 Wam start w kolejnym roku szkolnym. W dniach 2-3 wrze\u015bnia 2021 roku podczas d\u0142ugiej przerwy (11:15-11:30) na parterze w holu szko\u0142y odb\u0119dzie&#8230;<\/p>\n","protected":false},"author":1,"featured_media":992776,"comment_status":"closed","ping_status":"closed","sticky":false,"template":"","format":"standard","meta":{"inline_featured_image":false},"categories":[115],"tags":[180,182,181],"_links":{"self":[{"href":"http:\/\/ekonomik.opole.pl\/eko3\/wp-json\/wp\/v2\/posts\/992774"}],"collection":[{"href":"http:\/\/ekonomik.opole.pl\/eko3\/wp-json\/wp\/v2\/posts"}],"about":[{"href":"http:\/\/ekonomik.opole.pl\/eko3\/wp-json\/wp\/v2\/types\/post"}],"author":[{"embeddable":true,"href":"http:\/\/ekonomik.opole.pl\/eko3\/wp-json\/wp\/v2\/users\/1"}],"replies":[{"embeddable":true,"href":"http:\/\/ekonomik.opole.pl\/eko3\/wp-json\/wp\/v2\/comments?post=992774"}],"version-history":[{"count":10,"href":"http:\/\/ekonomik.opole.pl\/eko3\/wp-json\/wp\/v2\/posts\/992774\/revisions"}],"predecessor-version":[{"id":992785,"href":"http:\/\/ekonomik.opole.pl\/eko3\/wp-json\/wp\/v2\/posts\/992774\/revisions\/992785"}],"wp:featuredmedia":[{"embeddable":true,"href":"http:\/\/ekonomik.opole.pl\/eko3\/wp-json\/wp\/v2\/media\/992776"}],"wp:attachment":[{"href":"http:\/\/ekonomik.opole.pl\/eko3\/wp-json\/wp\/v2\/media?parent=992774"}],"wp:term":[{"taxonomy":"category","embeddable":true,"href":"http:\/\/ekonomik.opole.pl\/eko3\/wp-json\/wp\/v2\/categories?post=992774"},{"taxonomy":"post_tag","embeddable":true,"href":"http:\/\/ekonomik.opole.pl\/eko3\/wp-json\/wp\/v2\/tags?post=992774"}],"curies":[{"name":"wp","href":"https:\/\/api.w.org\/{rel}","templated":true}]}}