{"id":992787,"date":"2021-06-26T06:44:01","date_gmt":"2021-06-26T04:44:01","guid":{"rendered":"http:\/\/ekonomik.opole.pl\/eko3\/?p=992787"},"modified":"2021-09-06T07:17:45","modified_gmt":"2021-09-06T05:17:45","slug":"list-ministra","status":"publish","type":"post","link":"http:\/\/ekonomik.opole.pl\/eko3\/list-ministra\/","title":{"rendered":"List Ministra Edukacji i Nauki na zako\u0144czenie zaj\u0119\u0107 dydaktyczno-wychowawczych w roku szkolnym 2020\/2021"},"content":{"rendered":"\t\t<div data-elementor-type=\"wp-post\" data-elementor-id=\"992787\" class=\"elementor elementor-992787\" data-elementor-settings=\"[]\">\n\t\t\t\t\t\t<div class=\"elementor-inner\">\n\t\t\t\t\t\t\t<div class=\"elementor-section-wrap\">\n\t\t\t\t\t\t\t<section class=\"elementor-section elementor-top-section elementor-element elementor-element-2be39b7 elementor-section-boxed elementor-section-height-default elementor-section-height-default\" data-id=\"2be39b7\" data-element_type=\"section\">\n\t\t\t\t\t\t<div class=\"elementor-container elementor-column-gap-default\">\n\t\t\t\t\t\t\t<div class=\"elementor-row\">\n\t\t\t\t\t<div class=\"elementor-column elementor-col-100 elementor-top-column elementor-element elementor-element-f9e7123\" data-id=\"f9e7123\" data-element_type=\"column\">\n\t\t\t<div class=\"elementor-column-wrap elementor-element-populated\">\n\t\t\t\t\t\t\t<div class=\"elementor-widget-wrap\">\n\t\t\t\t\t\t<div class=\"elementor-element elementor-element-9694588 elementor-widget elementor-widget-text-editor\" data-id=\"9694588\" data-element_type=\"widget\" data-widget_type=\"text-editor.default\">\n\t\t\t\t<div class=\"elementor-widget-container\">\n\t\t\t\t\t\t\t\t<div class=\"elementor-text-editor elementor-clearfix\">\n\t\t\t\t\t<p>Minister Edukacji i Nauki 24 czerwca br. skierowa\u0142 list do szk\u00f3\u0142 i plac\u00f3wek o\u015bwiatowych z okazji zako\u0144czenia zaj\u0119\u0107 dydaktyczno-wychowawczych. W li\u015bcie minister Przemys\u0142aw Czarnek podzi\u0119kowa\u0142 nauczycielom i dyrektorom szk\u00f3\u0142 za ca\u0142oroczn\u0105 prac\u0119, zaanga\u017cowanie oraz wspieranie m\u0142odych ludzi. Pogratulowa\u0142 tak\u017ce uczniom wynik\u00f3w w nauce oraz \u017cyczy\u0142 spokojnych i bezpiecznych wakacji.<\/p>\t\t\t\t\t<\/div>\n\t\t\t\t\t\t<\/div>\n\t\t\t\t<\/div>\n\t\t\t\t<div class=\"elementor-element elementor-element-6c9d69b elementor-position-right elementor-view-default elementor-vertical-align-top elementor-widget elementor-widget-icon-box\" data-id=\"6c9d69b\" data-element_type=\"widget\" data-widget_type=\"icon-box.default\">\n\t\t\t\t<div class=\"elementor-widget-container\">\n\t\t\t\t\t<div class=\"elementor-icon-box-wrapper\">\n\t\t\t\t\t\t<div class=\"elementor-icon-box-icon\">\n\t\t\t\t<a class=\"elementor-icon elementor-animation-\" href=\"http:\/\/ekonomik.opole.pl\/eko3\/wp-content\/uploads\/2021\/06\/listministranazakonczeniezajecdydaktycznowychowawczych20202021.pdf\" target=\"_blank\" rel=\"nofollow\">\n\t\t\t\t<i aria-hidden=\"true\" class=\"icon icon-documents\"><\/i>\t\t\t\t<\/a>\n\t\t\t<\/div>\n\t\t\t\t\t\t<div class=\"elementor-icon-box-content\">\n\t\t\t\t<h3 class=\"elementor-icon-box-title\">\n\t\t\t\t\t<a href=\"http:\/\/ekonomik.opole.pl\/eko3\/wp-content\/uploads\/2021\/06\/listministranazakonczeniezajecdydaktycznowychowawczych20202021.pdf\" target=\"_blank\" rel=\"nofollow\">List Ministra Edukacji i Nauki<\/a>\n\t\t\t\t<\/h3>\n\t\t\t\t\t\t\t<\/div>\n\t\t<\/div>\n\t\t\t\t<\/div>\n\t\t\t\t<\/div>\n\t\t\t\t<div class=\"elementor-element elementor-element-fb6b1ef elementor-widget elementor-widget-text-editor\" data-id=\"fb6b1ef\" data-element_type=\"widget\" data-widget_type=\"text-editor.default\">\n\t\t\t\t<div class=\"elementor-widget-container\">\n\t\t\t\t\t\t\t\t<div class=\"elementor-text-editor elementor-clearfix\">\n\t\t\t\t\t<p><a href=\"https:\/\/www.gov.pl\/web\/edukacja-i-nauka\/list-ministra-edukacji-i-nauki-na-zakonczenie-zajec-dydaktyczno-wychowawczych-w-roku-szkolnym-20202021\" target=\"_blank\" rel=\"noopener\">Czytaj wi\u0119cej na stronach Ministerstwa Edukacji i Nauki<\/a><\/p>\t\t\t\t\t<\/div>\n\t\t\t\t\t\t<\/div>\n\t\t\t\t<\/div>\n\t\t\t\t\t\t<\/div>\n\t\t\t\t\t<\/div>\n\t\t<\/div>\n\t\t\t\t\t\t\t\t<\/div>\n\t\t\t\t\t<\/div>\n\t\t<\/section>\n\t\t\t\t\t\t<\/div>\n\t\t\t\t\t\t<\/div>\n\t\t\t\t\t<\/div>\n\t\t","protected":false},"excerpt":{"rendered":"<p>Minister Edukacji i Nauki 24 czerwca br. skierowa\u0142 list do szk\u00f3\u0142 i plac\u00f3wek o\u015bwiatowych z okazji zako\u0144czenia zaj\u0119\u0107 dydaktyczno-wychowawczych. W li\u015bcie minister Przemys\u0142aw Czarnek podzi\u0119kowa\u0142 nauczycielom i dyrektorom szk\u00f3\u0142 za ca\u0142oroczn\u0105 prac\u0119, zaanga\u017cowanie oraz wspieranie m\u0142odych ludzi. Pogratulowa\u0142 tak\u017ce uczniom wynik\u00f3w w nauce oraz \u017cyczy\u0142 spokojnych i bezpiecznych wakacji. List Ministra Edukacji i Nauki Czytaj&#8230;<\/p>\n","protected":false},"author":1,"featured_media":992789,"comment_status":"closed","ping_status":"open","sticky":false,"template":"","format":"standard","meta":{"inline_featured_image":false},"categories":[185],"tags":[183,199,184],"_links":{"self":[{"href":"http:\/\/ekonomik.opole.pl\/eko3\/wp-json\/wp\/v2\/posts\/992787"}],"collection":[{"href":"http:\/\/ekonomik.opole.pl\/eko3\/wp-json\/wp\/v2\/posts"}],"about":[{"href":"http:\/\/ekonomik.opole.pl\/eko3\/wp-json\/wp\/v2\/types\/post"}],"author":[{"embeddable":true,"href":"http:\/\/ekonomik.opole.pl\/eko3\/wp-json\/wp\/v2\/users\/1"}],"replies":[{"embeddable":true,"href":"http:\/\/ekonomik.opole.pl\/eko3\/wp-json\/wp\/v2\/comments?post=992787"}],"version-history":[{"count":23,"href":"http:\/\/ekonomik.opole.pl\/eko3\/wp-json\/wp\/v2\/posts\/992787\/revisions"}],"predecessor-version":[{"id":992811,"href":"http:\/\/ekonomik.opole.pl\/eko3\/wp-json\/wp\/v2\/posts\/992787\/revisions\/992811"}],"wp:featuredmedia":[{"embeddable":true,"href":"http:\/\/ekonomik.opole.pl\/eko3\/wp-json\/wp\/v2\/media\/992789"}],"wp:attachment":[{"href":"http:\/\/ekonomik.opole.pl\/eko3\/wp-json\/wp\/v2\/media?parent=992787"}],"wp:term":[{"taxonomy":"category","embeddable":true,"href":"http:\/\/ekonomik.opole.pl\/eko3\/wp-json\/wp\/v2\/categories?post=992787"},{"taxonomy":"post_tag","embeddable":true,"href":"http:\/\/ekonomik.opole.pl\/eko3\/wp-json\/wp\/v2\/tags?post=992787"}],"curies":[{"name":"wp","href":"https:\/\/api.w.org\/{rel}","templated":true}]}}