{"id":992812,"date":"2021-06-26T09:55:09","date_gmt":"2021-06-26T07:55:09","guid":{"rendered":"http:\/\/ekonomik.opole.pl\/eko3\/?p=992812"},"modified":"2022-03-11T10:04:37","modified_gmt":"2022-03-11T09:04:37","slug":"srebrne-dziewczyny-z-ekonomika","status":"publish","type":"post","link":"http:\/\/ekonomik.opole.pl\/eko3\/srebrne-dziewczyny-z-ekonomika\/","title":{"rendered":"Srebrne dziewczyny z Ekonomika!"},"content":{"rendered":"\t\t<div data-elementor-type=\"wp-post\" data-elementor-id=\"992812\" class=\"elementor elementor-992812\" data-elementor-settings=\"[]\">\n\t\t\t\t\t\t<div class=\"elementor-inner\">\n\t\t\t\t\t\t\t<div class=\"elementor-section-wrap\">\n\t\t\t\t\t\t\t<section class=\"elementor-section elementor-top-section elementor-element elementor-element-21576e9 elementor-section-boxed elementor-section-height-default elementor-section-height-default\" data-id=\"21576e9\" data-element_type=\"section\">\n\t\t\t\t\t\t<div class=\"elementor-container elementor-column-gap-default\">\n\t\t\t\t\t\t\t<div class=\"elementor-row\">\n\t\t\t\t\t<div class=\"elementor-column elementor-col-100 elementor-top-column elementor-element elementor-element-e848a66\" data-id=\"e848a66\" data-element_type=\"column\">\n\t\t\t<div class=\"elementor-column-wrap elementor-element-populated\">\n\t\t\t\t\t\t\t<div class=\"elementor-widget-wrap\">\n\t\t\t\t\t\t<div class=\"elementor-element elementor-element-0f0e1a4 elementor-widget elementor-widget-heading\" data-id=\"0f0e1a4\" data-element_type=\"widget\" data-widget_type=\"heading.default\">\n\t\t\t\t<div class=\"elementor-widget-container\">\n\t\t\t<h2 class=\"elementor-heading-title elementor-size-default\">Drugie miejsce w Konkursie Pie\u015bni i Piosenki Patriotycznej<\/h2>\t\t<\/div>\n\t\t\t\t<\/div>\n\t\t\t\t<div class=\"elementor-element elementor-element-91cb7eb elementor-widget elementor-widget-text-editor\" data-id=\"91cb7eb\" data-element_type=\"widget\" data-widget_type=\"text-editor.default\">\n\t\t\t\t<div class=\"elementor-widget-container\">\n\t\t\t\t\t\t\t\t<div class=\"elementor-text-editor elementor-clearfix\">\n\t\t\t\t\t<p>Kwartet wokalny w sk\u0142adzie: <strong>Natalia Hurek<\/strong> (3D), <strong>Agnieszka Meja<\/strong> (2F), <strong>Laura Gadzi\u0144ska<\/strong> (2C), oraz <strong>Magdalena Ziajor<\/strong> (absolwentka Ekonomika) zdoby\u0142 drugie miejsce w Konkursie Pie\u015bni i Piosenki Patriotycznej organizowanym w formule online przez Klub Akademii Wojsk L\u0105dowych we Wroc\u0142awiu.<\/p>\t\t\t\t\t<\/div>\n\t\t\t\t\t\t<\/div>\n\t\t\t\t<\/div>\n\t\t\t\t<div class=\"elementor-element elementor-element-bd3ec38 elementor-widget elementor-widget-text-editor\" data-id=\"bd3ec38\" data-element_type=\"widget\" data-widget_type=\"text-editor.default\">\n\t\t\t\t<div class=\"elementor-widget-container\">\n\t\t\t\t\t\t\t\t<div class=\"elementor-text-editor elementor-clearfix\">\n\t\t\t\t\t<p>Zadaniem ka\u017cdego uczestnika konkursu by\u0142o przes\u0142anie dw\u00f3ch utwor\u00f3w: obowi\u0105zkowego z listy zamieszczonej przez organizatora (z podk\u0142adem) oraz dowolnego, o szeroko rozumianej tematyce patriotycznej. Nasza grupa zaprezentowa\u0142a dwie piosenki: \u201eTaki kraj\u201d (z podk\u0142adem) oraz \u201ePanie Generale\u201d (z akompaniamentem Weroniki Hellmann \u2013 pianistki z klasy 2F).<\/p>\t\t\t\t\t<\/div>\n\t\t\t\t\t\t<\/div>\n\t\t\t\t<\/div>\n\t\t\t\t<div class=\"elementor-element elementor-element-aa7f9d0 elementor-widget elementor-widget-text-editor\" data-id=\"aa7f9d0\" data-element_type=\"widget\" data-widget_type=\"text-editor.default\">\n\t\t\t\t<div class=\"elementor-widget-container\">\n\t\t\t\t\t\t\t\t<div class=\"elementor-text-editor elementor-clearfix\">\n\t\t\t\t\t<p>Og\u0142oszenie wynik\u00f3w odby\u0142o si\u0119 23 czerwca, a laureaci obecni na uroczysto\u015bci odebrali puchary, dyplomy i nagrody z r\u0105k Prorektora ds. Wojskowych p\u0142k. dr. in\u017c. Jacka Narlocha.<\/p>\t\t\t\t\t<\/div>\n\t\t\t\t\t\t<\/div>\n\t\t\t\t<\/div>\n\t\t\t\t<div class=\"elementor-element elementor-element-d7cf1e3 elementor-widget elementor-widget-text-editor\" data-id=\"d7cf1e3\" data-element_type=\"widget\" data-widget_type=\"text-editor.default\">\n\t\t\t\t<div class=\"elementor-widget-container\">\n\t\t\t\t\t\t\t\t<div class=\"elementor-text-editor elementor-clearfix\">\n\t\t\t\t\t<p>Sukces ten jest efektem wsp\u00f3\u0142pracy obecnych uczennic naszej szko\u0142y z absolwentk\u0105 klasy w zawodzie fototechnik, <strong>st. szer. pchor. Magdalen\u0105 Ziajor<\/strong> \u2013 studentk\u0105 pierwszego roku Akademii Wojsk L\u0105dowych im. Gen Tadeusza Ko\u015bciuszki we Wroc\u0142awiu, kt\u00f3ra nadal aktywnie wspiera dzia\u0142ania szkolnego zespo\u0142u wokalno-instrumentalnego <strong><em>Work in Progress<\/em><\/strong>.<\/p>\t\t\t\t\t<\/div>\n\t\t\t\t\t\t<\/div>\n\t\t\t\t<\/div>\n\t\t\t\t<div class=\"elementor-element elementor-element-20a6ae7 elementor-widget elementor-widget-text-editor\" data-id=\"20a6ae7\" data-element_type=\"widget\" data-widget_type=\"text-editor.default\">\n\t\t\t\t<div class=\"elementor-widget-container\">\n\t\t\t\t\t\t\t\t<div class=\"elementor-text-editor elementor-clearfix\">\n\t\t\t\t\t<p>Opiekunem grupy jest Pan <strong>Damian Ka\u017amierczak<\/strong>.<\/p>\t\t\t\t\t<\/div>\n\t\t\t\t\t\t<\/div>\n\t\t\t\t<\/div>\n\t\t\t\t<div class=\"elementor-element elementor-element-04b27ea elementor-widget elementor-widget-text-editor\" data-id=\"04b27ea\" data-element_type=\"widget\" data-widget_type=\"text-editor.default\">\n\t\t\t\t<div class=\"elementor-widget-container\">\n\t\t\t\t\t\t\t\t<div class=\"elementor-text-editor elementor-clearfix\">\n\t\t\t\t\t<p><em>Serdecznie gratulujemy i \u017cyczymy kolejnych sukces\u00f3w muzycznych<\/em>!<\/p>\t\t\t\t\t<\/div>\n\t\t\t\t\t\t<\/div>\n\t\t\t\t<\/div>\n\t\t\t\t\t\t<\/div>\n\t\t\t\t\t<\/div>\n\t\t<\/div>\n\t\t\t\t\t\t\t\t<\/div>\n\t\t\t\t\t<\/div>\n\t\t<\/section>\n\t\t\t\t\t\t<\/div>\n\t\t\t\t\t\t<\/div>\n\t\t\t\t\t<\/div>\n\t\t","protected":false},"excerpt":{"rendered":"<p>Drugie miejsce w Konkursie Pie\u015bni i Piosenki Patriotycznej Kwartet wokalny w sk\u0142adzie: Natalia Hurek (3D), Agnieszka Meja (2F), Laura Gadzi\u0144ska (2C), oraz Magdalena Ziajor (absolwentka Ekonomika) zdoby\u0142 drugie miejsce w Konkursie Pie\u015bni i Piosenki Patriotycznej organizowanym w formule online przez Klub Akademii Wojsk L\u0105dowych we Wroc\u0142awiu. Zadaniem ka\u017cdego uczestnika konkursu by\u0142o przes\u0142anie dw\u00f3ch utwor\u00f3w: obowi\u0105zkowego&#8230;<\/p>\n","protected":false},"author":1,"featured_media":992813,"comment_status":"closed","ping_status":"open","sticky":false,"template":"","format":"standard","meta":{"inline_featured_image":false},"categories":[186],"tags":[92,187,125,139],"_links":{"self":[{"href":"http:\/\/ekonomik.opole.pl\/eko3\/wp-json\/wp\/v2\/posts\/992812"}],"collection":[{"href":"http:\/\/ekonomik.opole.pl\/eko3\/wp-json\/wp\/v2\/posts"}],"about":[{"href":"http:\/\/ekonomik.opole.pl\/eko3\/wp-json\/wp\/v2\/types\/post"}],"author":[{"embeddable":true,"href":"http:\/\/ekonomik.opole.pl\/eko3\/wp-json\/wp\/v2\/users\/1"}],"replies":[{"embeddable":true,"href":"http:\/\/ekonomik.opole.pl\/eko3\/wp-json\/wp\/v2\/comments?post=992812"}],"version-history":[{"count":13,"href":"http:\/\/ekonomik.opole.pl\/eko3\/wp-json\/wp\/v2\/posts\/992812\/revisions"}],"predecessor-version":[{"id":992826,"href":"http:\/\/ekonomik.opole.pl\/eko3\/wp-json\/wp\/v2\/posts\/992812\/revisions\/992826"}],"wp:featuredmedia":[{"embeddable":true,"href":"http:\/\/ekonomik.opole.pl\/eko3\/wp-json\/wp\/v2\/media\/992813"}],"wp:attachment":[{"href":"http:\/\/ekonomik.opole.pl\/eko3\/wp-json\/wp\/v2\/media?parent=992812"}],"wp:term":[{"taxonomy":"category","embeddable":true,"href":"http:\/\/ekonomik.opole.pl\/eko3\/wp-json\/wp\/v2\/categories?post=992812"},{"taxonomy":"post_tag","embeddable":true,"href":"http:\/\/ekonomik.opole.pl\/eko3\/wp-json\/wp\/v2\/tags?post=992812"}],"curies":[{"name":"wp","href":"https:\/\/api.w.org\/{rel}","templated":true}]}}