{"id":992886,"date":"2021-06-30T06:36:11","date_gmt":"2021-06-30T04:36:11","guid":{"rendered":"http:\/\/ekonomik.opole.pl\/eko3\/?p=992886"},"modified":"2021-06-30T17:38:59","modified_gmt":"2021-06-30T15:38:59","slug":"prymus-opolszczyzny","status":"publish","type":"post","link":"http:\/\/ekonomik.opole.pl\/eko3\/prymus-opolszczyzny\/","title":{"rendered":"Nagroda Marsza\u0142ka Wojew\u00f3dztwa Opolskiego \u201ePrymus Opolszczyzny\u201d"},"content":{"rendered":"\t\t<div data-elementor-type=\"wp-post\" data-elementor-id=\"992886\" class=\"elementor elementor-992886\" data-elementor-settings=\"[]\">\n\t\t\t\t\t\t<div class=\"elementor-inner\">\n\t\t\t\t\t\t\t<div class=\"elementor-section-wrap\">\n\t\t\t\t\t\t\t<section class=\"elementor-section elementor-top-section elementor-element elementor-element-93e8083 elementor-section-boxed elementor-section-height-default elementor-section-height-default\" data-id=\"93e8083\" data-element_type=\"section\">\n\t\t\t\t\t\t<div class=\"elementor-container elementor-column-gap-default\">\n\t\t\t\t\t\t\t<div class=\"elementor-row\">\n\t\t\t\t\t<div class=\"elementor-column elementor-col-100 elementor-top-column elementor-element elementor-element-46922e9\" data-id=\"46922e9\" data-element_type=\"column\">\n\t\t\t<div class=\"elementor-column-wrap elementor-element-populated\">\n\t\t\t\t\t\t\t<div class=\"elementor-widget-wrap\">\n\t\t\t\t\t\t<div class=\"elementor-element elementor-element-40ec692 elementor-widget elementor-widget-text-editor\" data-id=\"40ec692\" data-element_type=\"widget\" data-widget_type=\"text-editor.default\">\n\t\t\t\t<div class=\"elementor-widget-container\">\n\t\t\t\t\t\t\t\t<div class=\"elementor-text-editor elementor-clearfix\">\n\t\t\t\t\t<p>Nagroda Marsza\u0142ka Wojew\u00f3dztwa Opolskiego <em>Prymus Opolszczyzny<\/em> za rok szkolny 2020\/21 przyznawana jest w dw\u00f3ch kategoriach: <strong>WIEDZA<\/strong> &#8211; do 30 nagr\u00f3d <em>Prymus Opolszczyzny<\/em>, dla uczni\u00f3w szk\u00f3\u0142 podstawowych i ponadpodstawowych oraz <strong>SZTUKA<\/strong> \u2013 do 30 nagr\u00f3d <em>Prymus Opolszczyzny<\/em>, dla uczni\u00f3w szk\u00f3\u0142 artystycznych oraz uczni\u00f3w z pozosta\u0142ych typ\u00f3w szk\u00f3\u0142, osi\u0105gaj\u0105cych sukcesy artystyczne.<\/p>\t\t\t\t\t<\/div>\n\t\t\t\t\t\t<\/div>\n\t\t\t\t<\/div>\n\t\t\t\t<div class=\"elementor-element elementor-element-8d87716 elementor-widget elementor-widget-text-editor\" data-id=\"8d87716\" data-element_type=\"widget\" data-widget_type=\"text-editor.default\">\n\t\t\t\t<div class=\"elementor-widget-container\">\n\t\t\t\t\t\t\t\t<div class=\"elementor-text-editor elementor-clearfix\">\n\t\t\t\t\t<p>Wzorem roku ubieg\u0142ego najlepsi uhonorowani zostan\u0105 nagrod\u0105 pieni\u0119\u017cn\u0105 w kwocie do 2 500 z\u0142.<\/p>\t\t\t\t\t<\/div>\n\t\t\t\t\t\t<\/div>\n\t\t\t\t<\/div>\n\t\t\t\t<div class=\"elementor-element elementor-element-8f93804 elementor-widget elementor-widget-text-editor\" data-id=\"8f93804\" data-element_type=\"widget\" data-widget_type=\"text-editor.default\">\n\t\t\t\t<div class=\"elementor-widget-container\">\n\t\t\t\t\t\t\t\t<div class=\"elementor-text-editor elementor-clearfix\">\n\t\t\t\t\t<p>Regulamin wraz z wnioskiem dost\u0119pny jest na stronie internetowej Urz\u0119du Marsza\u0142kowskiego Wojew\u00f3dztwa Opolskiego\u00a0<a href=\"https:\/\/www.opolskie.pl\/region\/nauka-i-edukacja\/\" target=\"_blank\" rel=\"noopener\">https:\/\/www.opolskie.pl\/region\/nauka-i-edukacja\/<\/a><\/p>\t\t\t\t\t<\/div>\n\t\t\t\t\t\t<\/div>\n\t\t\t\t<\/div>\n\t\t\t\t<div class=\"elementor-element elementor-element-489f3f5 elementor-widget elementor-widget-heading\" data-id=\"489f3f5\" data-element_type=\"widget\" data-widget_type=\"heading.default\">\n\t\t\t\t<div class=\"elementor-widget-container\">\n\t\t\t<h5 class=\"elementor-heading-title elementor-size-default\">Wniosek nale\u017cy z\u0142o\u017cy\u0107 w terminie od 25 czerwca do 9 lipca 2021 r.<\/h5>\t\t<\/div>\n\t\t\t\t<\/div>\n\t\t\t\t<section class=\"elementor-section elementor-inner-section elementor-element elementor-element-048e322 elementor-section-full_width elementor-section-height-default elementor-section-height-default\" data-id=\"048e322\" data-element_type=\"section\">\n\t\t\t\t\t\t<div class=\"elementor-container elementor-column-gap-default\">\n\t\t\t\t\t\t\t<div class=\"elementor-row\">\n\t\t\t\t\t<div class=\"elementor-column elementor-col-50 elementor-inner-column elementor-element elementor-element-9c7927a\" data-id=\"9c7927a\" data-element_type=\"column\">\n\t\t\t<div class=\"elementor-column-wrap elementor-element-populated\">\n\t\t\t\t\t\t\t<div class=\"elementor-widget-wrap\">\n\t\t\t\t\t\t<div class=\"elementor-element elementor-element-80caed2 elementor-widget elementor-widget-heading\" data-id=\"80caed2\" data-element_type=\"widget\" data-widget_type=\"heading.default\">\n\t\t\t\t<div class=\"elementor-widget-container\">\n\t\t\t<h5 class=\"elementor-heading-title elementor-size-default\">W kategorii WIEDZA:<\/h5>\t\t<\/div>\n\t\t\t\t<\/div>\n\t\t\t\t<div class=\"elementor-element elementor-element-1f33223 elementor-widget elementor-widget-text-editor\" data-id=\"1f33223\" data-element_type=\"widget\" data-widget_type=\"text-editor.default\">\n\t\t\t\t<div class=\"elementor-widget-container\">\n\t\t\t\t\t\t\t\t<div class=\"elementor-text-editor elementor-clearfix\">\n\t\t\t\t\t<p>Wniosek mo\u017cna z\u0142o\u017cy\u0107:<\/p>\t\t\t\t\t<\/div>\n\t\t\t\t\t\t<\/div>\n\t\t\t\t<\/div>\n\t\t\t\t<div class=\"elementor-element elementor-element-a001c58 elementor-widget elementor-widget-text-editor\" data-id=\"a001c58\" data-element_type=\"widget\" data-widget_type=\"text-editor.default\">\n\t\t\t\t<div class=\"elementor-widget-container\">\n\t\t\t\t\t\t\t\t<div class=\"elementor-text-editor elementor-clearfix\">\n\t\t\t\t\t<ul><li><strong>listownie<\/strong> (decyduje data stempla pocztowego) na adres:<br \/>Urz\u0105d Marsza\u0142kowski Wojew\u00f3dztwa Opolskiego Departament Edukacji i Rynku Pracy<br \/>45-082 Opole, ul. Piastowska 14<\/li><\/ul>\t\t\t\t\t<\/div>\n\t\t\t\t\t\t<\/div>\n\t\t\t\t<\/div>\n\t\t\t\t<div class=\"elementor-element elementor-element-6aaad41 elementor-widget elementor-widget-text-editor\" data-id=\"6aaad41\" data-element_type=\"widget\" data-widget_type=\"text-editor.default\">\n\t\t\t\t<div class=\"elementor-widget-container\">\n\t\t\t\t\t\t\t\t<div class=\"elementor-text-editor elementor-clearfix\">\n\t\t\t\t\t<ul><li><strong>za po\u015brednictwem platformy ePuap<\/strong> (decyduje data nadania przesy\u0142ki) na adres: \/q877fxtk55\/SkrytkaESP<\/li><\/ul>\t\t\t\t\t<\/div>\n\t\t\t\t\t\t<\/div>\n\t\t\t\t<\/div>\n\t\t\t\t<div class=\"elementor-element elementor-element-7e836df elementor-widget elementor-widget-text-editor\" data-id=\"7e836df\" data-element_type=\"widget\" data-widget_type=\"text-editor.default\">\n\t\t\t\t<div class=\"elementor-widget-container\">\n\t\t\t\t\t\t\t\t<div class=\"elementor-text-editor elementor-clearfix\">\n\t\t\t\t\t<ul><li><strong>bezpo\u015brednio w siedzibie Departamentu<\/strong>: jedynie w uzasadnionych przypadkach, po<br \/>wcze\u015bniejszym kontakcie telefonicznym z Departamentem Edukacji i Rynku Pracy. Tel. <a href=\"tel: +48774467838\">77 44 67 838<\/a> lub <a href=\"tel: +48774467837\">77 44 67 837<\/a>\u00a0<\/li><\/ul>\t\t\t\t\t<\/div>\n\t\t\t\t\t\t<\/div>\n\t\t\t\t<\/div>\n\t\t\t\t<div class=\"elementor-element elementor-element-0e578f8 elementor-widget elementor-widget-text-editor\" data-id=\"0e578f8\" data-element_type=\"widget\" data-widget_type=\"text-editor.default\">\n\t\t\t\t<div class=\"elementor-widget-container\">\n\t\t\t\t\t\t\t\t<div class=\"elementor-text-editor elementor-clearfix\">\n\t\t\t\t\t<p>W przypadku pyta\u0144: kontakt pod nr tel. 77 44 67 838\/837\/831 lub e-mail: <a href=\"mailto:dep@opolskie.pl\">dep@opolskie.pl<\/a><\/p>\t\t\t\t\t<\/div>\n\t\t\t\t\t\t<\/div>\n\t\t\t\t<\/div>\n\t\t\t\t\t\t<\/div>\n\t\t\t\t\t<\/div>\n\t\t<\/div>\n\t\t\t\t<div class=\"elementor-column elementor-col-50 elementor-inner-column elementor-element elementor-element-120d631\" data-id=\"120d631\" data-element_type=\"column\">\n\t\t\t<div class=\"elementor-column-wrap elementor-element-populated\">\n\t\t\t\t\t\t\t<div class=\"elementor-widget-wrap\">\n\t\t\t\t\t\t<div class=\"elementor-element elementor-element-6b1171a elementor-widget elementor-widget-heading\" data-id=\"6b1171a\" data-element_type=\"widget\" data-widget_type=\"heading.default\">\n\t\t\t\t<div class=\"elementor-widget-container\">\n\t\t\t<h5 class=\"elementor-heading-title elementor-size-default\">W kategorii SZTUKA:<\/h5>\t\t<\/div>\n\t\t\t\t<\/div>\n\t\t\t\t<div class=\"elementor-element elementor-element-8076db9 elementor-widget elementor-widget-text-editor\" data-id=\"8076db9\" data-element_type=\"widget\" data-widget_type=\"text-editor.default\">\n\t\t\t\t<div class=\"elementor-widget-container\">\n\t\t\t\t\t\t\t\t<div class=\"elementor-text-editor elementor-clearfix\">\n\t\t\t\t\t<p>Wniosek mo\u017cna z\u0142o\u017cy\u0107:<\/p>\t\t\t\t\t<\/div>\n\t\t\t\t\t\t<\/div>\n\t\t\t\t<\/div>\n\t\t\t\t<div class=\"elementor-element elementor-element-f030bdb elementor-widget elementor-widget-text-editor\" data-id=\"f030bdb\" data-element_type=\"widget\" data-widget_type=\"text-editor.default\">\n\t\t\t\t<div class=\"elementor-widget-container\">\n\t\t\t\t\t\t\t\t<div class=\"elementor-text-editor elementor-clearfix\">\n\t\t\t\t\t<ul><li><strong>listownie<\/strong> (decyduje data stempla pocztowego) na adres:<br \/>Urz\u0105d Marsza\u0142kowski Wojew\u00f3dztwa Opolskiego Departament Kultury, Sportu i Turystyki <br \/>45-082 Opole, ul. Piastowska 14<\/li><\/ul>\t\t\t\t\t<\/div>\n\t\t\t\t\t\t<\/div>\n\t\t\t\t<\/div>\n\t\t\t\t<div class=\"elementor-element elementor-element-8df1162 elementor-widget elementor-widget-text-editor\" data-id=\"8df1162\" data-element_type=\"widget\" data-widget_type=\"text-editor.default\">\n\t\t\t\t<div class=\"elementor-widget-container\">\n\t\t\t\t\t\t\t\t<div class=\"elementor-text-editor elementor-clearfix\">\n\t\t\t\t\t<ul><li><strong>za po\u015brednictwem platformy ePuap<\/strong> (decyduje data nadania przesy\u0142ki) na adres: \/q877fxtk55\/Skrytka ESP<\/li><\/ul>\t\t\t\t\t<\/div>\n\t\t\t\t\t\t<\/div>\n\t\t\t\t<\/div>\n\t\t\t\t<div class=\"elementor-element elementor-element-eefaea6 elementor-widget elementor-widget-text-editor\" data-id=\"eefaea6\" data-element_type=\"widget\" data-widget_type=\"text-editor.default\">\n\t\t\t\t<div class=\"elementor-widget-container\">\n\t\t\t\t\t\t\t\t<div class=\"elementor-text-editor elementor-clearfix\">\n\t\t\t\t\t<ul><li><strong>bezpo\u015brednio w siedzibie Departamentu<\/strong>: jedynie w uzasadnionych przypadkach, po<br \/>wcze\u015bniejszym kontakcie telefonicznym z Departamentem Kultury Sportu i Turystyki. Tel. <a href=\"tel: +48774429336\">77 44 29 336<\/a> lub <a href=\"tel: +48774429337\">77 44 29 337<\/a>\u00a0<\/li><\/ul>\t\t\t\t\t<\/div>\n\t\t\t\t\t\t<\/div>\n\t\t\t\t<\/div>\n\t\t\t\t<div class=\"elementor-element elementor-element-8528ca2 elementor-widget elementor-widget-text-editor\" data-id=\"8528ca2\" data-element_type=\"widget\" data-widget_type=\"text-editor.default\">\n\t\t\t\t<div class=\"elementor-widget-container\">\n\t\t\t\t\t\t\t\t<div class=\"elementor-text-editor elementor-clearfix\">\n\t\t\t\t\t<p>W przypadku pyta\u0144: kontakt pod nr tel. 77 44 29 336 \/337 lub e-mail: <a href=\"mailto:dks@opolskie.pl\">dks@opolskie.pl<\/a><\/p>\t\t\t\t\t<\/div>\n\t\t\t\t\t\t<\/div>\n\t\t\t\t<\/div>\n\t\t\t\t\t\t<\/div>\n\t\t\t\t\t<\/div>\n\t\t<\/div>\n\t\t\t\t\t\t\t\t<\/div>\n\t\t\t\t\t<\/div>\n\t\t<\/section>\n\t\t\t\t\t\t<\/div>\n\t\t\t\t\t<\/div>\n\t\t<\/div>\n\t\t\t\t\t\t\t\t<\/div>\n\t\t\t\t\t<\/div>\n\t\t<\/section>\n\t\t\t\t\t\t<\/div>\n\t\t\t\t\t\t<\/div>\n\t\t\t\t\t<\/div>\n\t\t","protected":false},"excerpt":{"rendered":"<p>Nagroda Marsza\u0142ka Wojew\u00f3dztwa Opolskiego Prymus Opolszczyzny za rok szkolny 2020\/21 przyznawana jest w dw\u00f3ch kategoriach: WIEDZA &#8211; do 30 nagr\u00f3d Prymus Opolszczyzny, dla uczni\u00f3w szk\u00f3\u0142 podstawowych i ponadpodstawowych oraz SZTUKA \u2013 do 30 nagr\u00f3d Prymus Opolszczyzny, dla uczni\u00f3w szk\u00f3\u0142 artystycznych oraz uczni\u00f3w z pozosta\u0142ych typ\u00f3w szk\u00f3\u0142, osi\u0105gaj\u0105cych sukcesy artystyczne. Wzorem roku ubieg\u0142ego najlepsi uhonorowani zostan\u0105&#8230;<\/p>\n","protected":false},"author":1,"featured_media":992902,"comment_status":"closed","ping_status":"open","sticky":false,"template":"","format":"standard","meta":{"inline_featured_image":false},"categories":[188],"tags":[192,189,159],"_links":{"self":[{"href":"http:\/\/ekonomik.opole.pl\/eko3\/wp-json\/wp\/v2\/posts\/992886"}],"collection":[{"href":"http:\/\/ekonomik.opole.pl\/eko3\/wp-json\/wp\/v2\/posts"}],"about":[{"href":"http:\/\/ekonomik.opole.pl\/eko3\/wp-json\/wp\/v2\/types\/post"}],"author":[{"embeddable":true,"href":"http:\/\/ekonomik.opole.pl\/eko3\/wp-json\/wp\/v2\/users\/1"}],"replies":[{"embeddable":true,"href":"http:\/\/ekonomik.opole.pl\/eko3\/wp-json\/wp\/v2\/comments?post=992886"}],"version-history":[{"count":33,"href":"http:\/\/ekonomik.opole.pl\/eko3\/wp-json\/wp\/v2\/posts\/992886\/revisions"}],"predecessor-version":[{"id":993096,"href":"http:\/\/ekonomik.opole.pl\/eko3\/wp-json\/wp\/v2\/posts\/992886\/revisions\/993096"}],"wp:featuredmedia":[{"embeddable":true,"href":"http:\/\/ekonomik.opole.pl\/eko3\/wp-json\/wp\/v2\/media\/992902"}],"wp:attachment":[{"href":"http:\/\/ekonomik.opole.pl\/eko3\/wp-json\/wp\/v2\/media?parent=992886"}],"wp:term":[{"taxonomy":"category","embeddable":true,"href":"http:\/\/ekonomik.opole.pl\/eko3\/wp-json\/wp\/v2\/categories?post=992886"},{"taxonomy":"post_tag","embeddable":true,"href":"http:\/\/ekonomik.opole.pl\/eko3\/wp-json\/wp\/v2\/tags?post=992886"}],"curies":[{"name":"wp","href":"https:\/\/api.w.org\/{rel}","templated":true}]}}