{"id":992967,"date":"2021-07-07T22:58:03","date_gmt":"2021-07-07T20:58:03","guid":{"rendered":"http:\/\/ekonomik.opole.pl\/eko3\/?p=992967"},"modified":"2021-07-07T23:11:08","modified_gmt":"2021-07-07T21:11:08","slug":"program-dobry-start","status":"publish","type":"post","link":"http:\/\/ekonomik.opole.pl\/eko3\/program-dobry-start\/","title":{"rendered":"Program &#8222;Dobry Start&#8221;"},"content":{"rendered":"\t\t<div data-elementor-type=\"wp-post\" data-elementor-id=\"992967\" class=\"elementor elementor-992967\" data-elementor-settings=\"[]\">\n\t\t\t\t\t\t<div class=\"elementor-inner\">\n\t\t\t\t\t\t\t<div class=\"elementor-section-wrap\">\n\t\t\t\t\t\t\t<section class=\"elementor-section elementor-top-section elementor-element elementor-element-71de878 elementor-section-boxed elementor-section-height-default elementor-section-height-default\" data-id=\"71de878\" data-element_type=\"section\">\n\t\t\t\t\t\t<div class=\"elementor-container elementor-column-gap-default\">\n\t\t\t\t\t\t\t<div class=\"elementor-row\">\n\t\t\t\t\t<div class=\"elementor-column elementor-col-100 elementor-top-column elementor-element elementor-element-899db1a\" data-id=\"899db1a\" data-element_type=\"column\">\n\t\t\t<div class=\"elementor-column-wrap elementor-element-populated\">\n\t\t\t\t\t\t\t<div class=\"elementor-widget-wrap\">\n\t\t\t\t\t\t<div class=\"elementor-element elementor-element-ecdfe22 elementor-widget elementor-widget-text-editor\" data-id=\"ecdfe22\" data-element_type=\"widget\" data-widget_type=\"text-editor.default\">\n\t\t\t\t<div class=\"elementor-widget-container\">\n\t\t\t\t\t\t\t\t<div class=\"elementor-text-editor elementor-clearfix\">\n\t\t\t\t\t<div>W roku szkolnym <strong>2021\/2022<\/strong> wniosek o \u015bwiadczenie z programu \u00a0\u201eDobry\u00a0<span style=\"letter-spacing: 0.2px;\">Start&#8221; mo\u017cna z\u0142o\u017cy\u0107 <strong>wy\u0142\u0105cznie drog\u0105 elektroniczn\u0105<\/strong> \u2013 za pomoc\u0105 portalu\u00a0<\/span><span style=\"letter-spacing: 0.2px;\">Platformy Us\u0142ug Elektronicznych (PUE) ZUS, bankowo\u015bci elektronicznej lub<\/span><\/div><div>portalu <a href=\"https:\/\/empatia.mpips.gov.pl\/\" target=\"_blank\" rel=\"noopener\">Emp@tia<\/a>.<\/div>\t\t\t\t\t<\/div>\n\t\t\t\t\t\t<\/div>\n\t\t\t\t<\/div>\n\t\t\t\t<div class=\"elementor-element elementor-element-e4a9871 elementor-widget elementor-widget-text-editor\" data-id=\"e4a9871\" data-element_type=\"widget\" data-widget_type=\"text-editor.default\">\n\t\t\t\t<div class=\"elementor-widget-container\">\n\t\t\t\t\t\t\t\t<div class=\"elementor-text-editor elementor-clearfix\">\n\t\t\t\t\t<div>\u00a0\u015awiadczenia b\u0119d\u0105 wyp\u0142acane wy\u0142\u0105cznie na rachunki\u00a0bankowe.<\/div>\t\t\t\t\t<\/div>\n\t\t\t\t\t\t<\/div>\n\t\t\t\t<\/div>\n\t\t\t\t<div class=\"elementor-element elementor-element-4df5321 elementor-widget elementor-widget-text-editor\" data-id=\"4df5321\" data-element_type=\"widget\" data-widget_type=\"text-editor.default\">\n\t\t\t\t<div class=\"elementor-widget-container\">\n\t\t\t\t\t\t\t\t<div class=\"elementor-text-editor elementor-clearfix\">\n\t\t\t\t\t<p>Wnioski\u00a0<strong>\u00a0<\/strong>drog\u0105\u00a0<strong>online\u00a0<\/strong> mo\u017cna sk\u0142ada\u0107 <strong>od 1 lipca<\/strong>\u00a0<strong>do 30 listopada.<\/strong><\/p>\t\t\t\t\t<\/div>\n\t\t\t\t\t\t<\/div>\n\t\t\t\t<\/div>\n\t\t\t\t<div class=\"elementor-element elementor-element-2f5ea24 elementor-align-center elementor-widget elementor-widget-button\" data-id=\"2f5ea24\" data-element_type=\"widget\" data-widget_type=\"button.default\">\n\t\t\t\t<div class=\"elementor-widget-container\">\n\t\t\t\t\t<div class=\"elementor-button-wrapper\">\n\t\t\t<a href=\"https:\/\/www.gov.pl\/web\/rodzina\/dobry-start\" target=\"_blank\" class=\"elementor-button-link elementor-button elementor-size-sm\" role=\"button\">\n\t\t\t\t\t\t<span class=\"elementor-button-content-wrapper\">\n\t\t\t\t\t\t<span class=\"elementor-button-text\">wi\u0119cej informacji o programie<\/span>\n\t\t<\/span>\n\t\t\t\t\t<\/a>\n\t\t<\/div>\n\t\t\t\t<\/div>\n\t\t\t\t<\/div>\n\t\t\t\t\t\t<\/div>\n\t\t\t\t\t<\/div>\n\t\t<\/div>\n\t\t\t\t\t\t\t\t<\/div>\n\t\t\t\t\t<\/div>\n\t\t<\/section>\n\t\t\t\t\t\t<\/div>\n\t\t\t\t\t\t<\/div>\n\t\t\t\t\t<\/div>\n\t\t","protected":false},"excerpt":{"rendered":"<p>W roku szkolnym 2021\/2022 wniosek o \u015bwiadczenie z programu &nbsp;\u201eDobry&nbsp;Start&#8221; mo\u017cna z\u0142o\u017cy\u0107 wy\u0142\u0105cznie drog\u0105 elektroniczn\u0105 \u2013 za pomoc\u0105 portalu&nbsp;Platformy Us\u0142ug Elektronicznych (PUE) ZUS, bankowo\u015bci elektronicznej lubportalu Emp@tia.&nbsp;\u015awiadczenia b\u0119d\u0105 wyp\u0142acane wy\u0142\u0105cznie na rachunki&nbsp;bankowe. Wnioski&nbsp;&nbsp;drog\u0105&nbsp;online&nbsp; mo\u017cna sk\u0142ada\u0107 od 1 lipca&nbsp;do 30 listopada. wi\u0119cej informacji o programie<\/p>\n","protected":false},"author":1,"featured_media":992969,"comment_status":"closed","ping_status":"open","sticky":false,"template":"","format":"standard","meta":{"inline_featured_image":false},"categories":[195],"tags":[193,194,156,191],"_links":{"self":[{"href":"http:\/\/ekonomik.opole.pl\/eko3\/wp-json\/wp\/v2\/posts\/992967"}],"collection":[{"href":"http:\/\/ekonomik.opole.pl\/eko3\/wp-json\/wp\/v2\/posts"}],"about":[{"href":"http:\/\/ekonomik.opole.pl\/eko3\/wp-json\/wp\/v2\/types\/post"}],"author":[{"embeddable":true,"href":"http:\/\/ekonomik.opole.pl\/eko3\/wp-json\/wp\/v2\/users\/1"}],"replies":[{"embeddable":true,"href":"http:\/\/ekonomik.opole.pl\/eko3\/wp-json\/wp\/v2\/comments?post=992967"}],"version-history":[{"count":5,"href":"http:\/\/ekonomik.opole.pl\/eko3\/wp-json\/wp\/v2\/posts\/992967\/revisions"}],"predecessor-version":[{"id":992974,"href":"http:\/\/ekonomik.opole.pl\/eko3\/wp-json\/wp\/v2\/posts\/992967\/revisions\/992974"}],"wp:featuredmedia":[{"embeddable":true,"href":"http:\/\/ekonomik.opole.pl\/eko3\/wp-json\/wp\/v2\/media\/992969"}],"wp:attachment":[{"href":"http:\/\/ekonomik.opole.pl\/eko3\/wp-json\/wp\/v2\/media?parent=992967"}],"wp:term":[{"taxonomy":"category","embeddable":true,"href":"http:\/\/ekonomik.opole.pl\/eko3\/wp-json\/wp\/v2\/categories?post=992967"},{"taxonomy":"post_tag","embeddable":true,"href":"http:\/\/ekonomik.opole.pl\/eko3\/wp-json\/wp\/v2\/tags?post=992967"}],"curies":[{"name":"wp","href":"https:\/\/api.w.org\/{rel}","templated":true}]}}