{"id":993037,"date":"2021-08-26T13:18:33","date_gmt":"2021-08-26T11:18:33","guid":{"rendered":"http:\/\/ekonomik.opole.pl\/eko3\/?p=993037"},"modified":"2021-09-01T07:47:22","modified_gmt":"2021-09-01T05:47:22","slug":"rozpoczecie-roku-szkolnego-2021-2022-w-zsek","status":"publish","type":"post","link":"http:\/\/ekonomik.opole.pl\/eko3\/rozpoczecie-roku-szkolnego-2021-2022-w-zsek\/","title":{"rendered":"Rozpocz\u0119cie roku szkolnego 2021\/2022 w ZSEk"},"content":{"rendered":"\t\t<div data-elementor-type=\"wp-post\" data-elementor-id=\"993037\" class=\"elementor elementor-993037\" data-elementor-settings=\"[]\">\n\t\t\t\t\t\t<div class=\"elementor-inner\">\n\t\t\t\t\t\t\t<div class=\"elementor-section-wrap\">\n\t\t\t\t\t\t\t<section class=\"elementor-section elementor-top-section elementor-element elementor-element-df44c05 elementor-section-full_width elementor-section-height-default elementor-section-height-default\" data-id=\"df44c05\" data-element_type=\"section\">\n\t\t\t\t\t\t<div class=\"elementor-container elementor-column-gap-default\">\n\t\t\t\t\t\t\t<div class=\"elementor-row\">\n\t\t\t\t\t<div class=\"elementor-column elementor-col-100 elementor-top-column elementor-element elementor-element-7929f09\" data-id=\"7929f09\" data-element_type=\"column\">\n\t\t\t<div class=\"elementor-column-wrap elementor-element-populated\">\n\t\t\t\t\t\t\t<div class=\"elementor-widget-wrap\">\n\t\t\t\t\t\t<div class=\"elementor-element elementor-element-be992a3 elementor-drop-cap-yes elementor-drop-cap-view-default elementor-widget elementor-widget-text-editor\" data-id=\"be992a3\" data-element_type=\"widget\" data-settings=\"{&quot;drop_cap&quot;:&quot;yes&quot;}\" data-widget_type=\"text-editor.default\">\n\t\t\t\t<div class=\"elementor-widget-container\">\n\t\t\t\t\t\t\t\t<div class=\"elementor-text-editor elementor-clearfix\">\n\t\t\t\t\t<p>Serdecznie zapraszamy <strong>1 wrze\u015bnia<\/strong> <strong>2021 r.<\/strong> na uroczyste rozpocz\u0119cie roku szkolnego 2021\/2022. Przypominamy o odpowiednim ubiorze. Poni\u017cej zamieszczamy harmonogram spotka\u0144 z wychowawcami i z dyrekcj\u0105 szko\u0142y.\u00a0<\/p><p>\u00a0<\/p>\t\t\t\t\t<\/div>\n\t\t\t\t\t\t<\/div>\n\t\t\t\t<\/div>\n\t\t\t\t<div class=\"elementor-element elementor-element-ec4c125 elementor-widget-divider--separator-type-pattern elementor-widget-divider--no-spacing elementor-widget-divider--view-line elementor-widget elementor-widget-divider\" data-id=\"ec4c125\" data-element_type=\"widget\" data-widget_type=\"divider.default\">\n\t\t\t\t<div class=\"elementor-widget-container\">\n\t\t\t\t\t<div class=\"elementor-divider\" style=\"--divider-pattern-url: url(&quot;data:image\/svg+xml,%3Csvg xmlns=&#039;http:\/\/www.w3.org\/2000\/svg&#039; preserveAspectRatio=&#039;xMidYMid meet&#039; overflow=&#039;visible&#039; height=&#039;100%&#039; viewBox=&#039;0 0 126 26&#039; fill=&#039;black&#039; stroke=&#039;none&#039;%3E%3Cpath d=&#039;M3,10.2c2.6,0,2.6,2,2.6,3.2S4.4,16.5,3,16.5s-3-1.4-3-3.2S0.4,10.2,3,10.2z M18.8,10.2c1.7,0,3.2,1.4,3.2,3.2s-1.4,3.2-3.2,3.2c-1.7,0-3.2-1.4-3.2-3.2S17,10.2,18.8,10.2z M34.6,10.2c1.5,0,2.6,1.4,2.6,3.2s-0.5,3.2-1.9,3.2c-1.5,0-3.4-1.4-3.4-3.2S33.1,10.2,34.6,10.2z M50.5,10.2c1.7,0,3.2,1.4,3.2,3.2s-1.4,3.2-3.2,3.2c-1.7,0-3.3-0.9-3.3-2.6S48.7,10.2,50.5,10.2z M66.2,10.2c1.5,0,3.4,1.4,3.4,3.2s-1.9,3.2-3.4,3.2c-1.5,0-2.6-0.4-2.6-2.1S64.8,10.2,66.2,10.2z M82.2,10.2c1.7,0.8,2.6,1.4,2.6,3.2s-0.1,3.2-1.6,3.2c-1.5,0-3.7-1.4-3.7-3.2S80.5,9.4,82.2,10.2zM98.6,10.2c1.5,0,2.6,0.4,2.6,2.1s-1.2,4.2-2.6,4.2c-1.5,0-3.7-0.4-3.7-2.1S97.1,10.2,98.6,10.2z M113.4,10.2c1.2,0,2.2,0.9,2.2,3.2s-0.1,3.2-1.3,3.2s-3.1-1.4-3.1-3.2S112.2,10.2,113.4,10.2z&#039;\/%3E%3C\/svg%3E&quot;);\">\n\t\t\t<span class=\"elementor-divider-separator\">\n\t\t\t\t\t\t<\/span>\n\t\t<\/div>\n\t\t\t\t<\/div>\n\t\t\t\t<\/div>\n\t\t\t\t<div class=\"elementor-element elementor-element-7275fc4 elementor-widget-divider--view-line elementor-widget elementor-widget-divider\" data-id=\"7275fc4\" data-element_type=\"widget\" data-widget_type=\"divider.default\">\n\t\t\t\t<div class=\"elementor-widget-container\">\n\t\t\t\t\t<div class=\"elementor-divider\">\n\t\t\t<span class=\"elementor-divider-separator\">\n\t\t\t\t\t\t<\/span>\n\t\t<\/div>\n\t\t\t\t<\/div>\n\t\t\t\t<\/div>\n\t\t\t\t<div class=\"elementor-element elementor-element-376e1d5 elementor-widget elementor-widget-heading\" data-id=\"376e1d5\" data-element_type=\"widget\" data-widget_type=\"heading.default\">\n\t\t\t\t<div class=\"elementor-widget-container\">\n\t\t\t<h3 class=\"elementor-heading-title elementor-size-default\">Harmonogram<\/h3>\t\t<\/div>\n\t\t\t\t<\/div>\n\t\t\t\t<div class=\"elementor-element elementor-element-ba0e35f elementor-widget elementor-widget-text-editor\" data-id=\"ba0e35f\" data-element_type=\"widget\" data-widget_type=\"text-editor.default\">\n\t\t\t\t<div class=\"elementor-widget-container\">\n\t\t\t\t\t\t\t\t<div class=\"elementor-text-editor elementor-clearfix\">\n\t\t\t\t\t<p>08.00 &#8211; Msza \u015awi\u0119ta w Ko\u015bciele \u015bw. Piotra i Paw\u0142a<\/p><p><strong>Ze wzgl\u0119du na pogod\u0119 uroczyste rozpocz\u0119cie roku szkolnego na boisku szkolnym zosta\u0142o odwo\u0142ane. Spotykamy si\u0119 o 9:15 w wyznaczonych salach.<\/strong><\/p><p>9.15-10.45 &#8211; Spotkanie klas I z wychowawcami w wyznaczonych salach.<\/p><p>9.15-10.15 &#8211; Spotkanie klas II-IV z wychowawcami w wyznaczonych salach.\u00a0<\/p>\t\t\t\t\t<\/div>\n\t\t\t\t\t\t<\/div>\n\t\t\t\t<\/div>\n\t\t\t\t<div class=\"elementor-element elementor-element-995a3dd elementor-widget elementor-widget-spacer\" data-id=\"995a3dd\" data-element_type=\"widget\" data-widget_type=\"spacer.default\">\n\t\t\t\t<div class=\"elementor-widget-container\">\n\t\t\t\t\t<div class=\"elementor-spacer\">\n\t\t\t<div class=\"elementor-spacer-inner\"><\/div>\n\t\t<\/div>\n\t\t\t\t<\/div>\n\t\t\t\t<\/div>\n\t\t\t\t\t\t<\/div>\n\t\t\t\t\t<\/div>\n\t\t<\/div>\n\t\t\t\t\t\t\t\t<\/div>\n\t\t\t\t\t<\/div>\n\t\t<\/section>\n\t\t\t\t<section class=\"elementor-section elementor-top-section elementor-element elementor-element-7b954e0 elementor-section-boxed elementor-section-height-default elementor-section-height-default\" data-id=\"7b954e0\" data-element_type=\"section\" data-settings=\"{&quot;background_background&quot;:&quot;classic&quot;}\">\n\t\t\t\t\t\t<div class=\"elementor-container elementor-column-gap-default\">\n\t\t\t\t\t\t\t<div class=\"elementor-row\">\n\t\t\t\t\t<div class=\"elementor-column elementor-col-100 elementor-top-column elementor-element elementor-element-7ff2a72\" data-id=\"7ff2a72\" data-element_type=\"column\">\n\t\t\t<div class=\"elementor-column-wrap elementor-element-populated\">\n\t\t\t\t\t\t\t<div class=\"elementor-widget-wrap\">\n\t\t\t\t\t\t<div class=\"elementor-element elementor-element-a3572d4 elementor-widget elementor-widget-text-editor\" data-id=\"a3572d4\" data-element_type=\"widget\" data-widget_type=\"text-editor.default\">\n\t\t\t\t<div class=\"elementor-widget-container\">\n\t\t\t\t\t\t\t\t<div class=\"elementor-text-editor elementor-clearfix\">\n\t\t\t\t\t <table>\n        <tbody>\n        <tr>\n        <td width=\"300\"><strong>Klasa<\/strong><\/td>\n        <td width=\"250\"><strong>Wychowawca<\/strong><\/td>\n        <td width=\"50\"><strong>sala<\/strong><\/td>\n        <\/tr>\n        <tr>\n        <td width=\"300\"><strong>1A <\/strong><br>gr 1 \u2013 technik fotografii i multimedi\u00f3w <br> gr. 2 \u2013 technik grafiki i poligrafii cyfrowej <\/td>\n        <td width=\"250\"><br>Sylwester Strzelec<\/td>\n        <td width=\"50\"><strong><br>2<\/strong><\/td>\n        <\/tr>\n        <tr>\n        <td width=\"300\"><strong>1B <\/strong><br>gr 1 \u2013 technik ekonomista <br> gr. 2 \u2013 technik programista <\/td>\n        <td width=\"250\"><br>Adam Skwira<\/td>\n        <td width=\"50\"><strong><br>35<\/strong><\/td>\n        <\/tr>\n        <tr>\n        <td width=\"300\"><strong>1C <\/strong><br>technik rachunkowo\u015bci<\/td>\n        <td width=\"250\"><br>Beata Klama<\/td>\n        <td width=\"50\"><strong><br>34<\/strong><\/td>\n        <\/tr>\n        <tr>\n        <td width=\"300\"><strong>1D <\/strong><br>technik ekonomista <\/td>\n        <td width=\"250\"><br>Izabela Go\u0142og\u00f3rska<\/td>\n        <td width=\"50\"><strong><br>6<\/strong><\/td>\n        <\/tr>\n        <tr>\n        <td width=\"300\"><strong>1E <\/strong><br>technik reklamy <\/td>\n        <td width=\"250\"><br>Mariusz Fr\u0105ckowiak<\/td>\n        <td width=\"50\"><strong><br>39<\/strong><\/td>\n        <\/tr>\n        <tr>\n        <td width=\"300\"><strong>1F <\/strong><br>technik logistyk <\/td>\n        <td width=\"250\"><br>Stanis\u0142aw Hadyna<\/td>\n        <td width=\"50\"><strong><br>33<\/strong><\/td>\n        <\/tr>\n        <tr>\n        <td width=\"300\"><strong>2A <\/strong><br>gr 1 \u2013 technik programista <br> gr. 2 \u2013 technik fotografii i multimedi\u00f3w <\/td>\n        <td width=\"250\"><br>Katarzyna \u017bukowska<\/td>\n        <td width=\"50\"><strong><br>28<\/strong><\/td>\n        <\/tr>\n        <tr>\n        <td width=\"300\"><strong>2B <\/strong><br>technik grafiki i poligrafii cyfrowej <\/td>\n        <td width=\"250\"><br>Monika Ku\u017anik<\/td>\n        <td width=\"50\"><strong><br>48<\/strong><\/td>\n        <\/tr>\n        <tr>\n        <td width=\"300\"><strong>2C <\/strong><br>technik rachunkowo\u015bci <\/td>\n        <td width=\"250\"><br>Anna Suchi\u0144ska<\/td>\n        <td width=\"50\"><strong><br>26<\/strong><\/td>\n        <\/tr>\n        <tr>\n        <td width=\"300\"><strong>2D <\/strong><br>technik ekonomista <\/td>\n        <td width=\"250\"><br>Anna Podleska<\/td>\n        <td width=\"50\"><strong><br>50<\/strong><\/td>\n        <\/tr>\n        <tr>\n        <td width=\"300\"><strong>2E <\/strong><br>technik reklamy <\/td>\n        <td width=\"250\"><br>Patrycja Borczy\u0144ska<\/td>\n        <td width=\"50\"><strong><br>41<\/strong><\/td>\n        <\/tr>\n        <tr>\n        <td width=\"300\"><strong>2F <\/strong><br>technik logistyk<\/td>\n        <td width=\"250\"><br>Jaros\u0142aw U\u0142amek<\/td>\n        <td width=\"50\"><strong><br>55<\/strong><\/td>\n        <\/tr>\n        <tr>\n        <td width=\"300\"><strong>2G <\/strong><br>technik logistyk <\/td>\n        <td width=\"250\"><br>Anna Rogowska<\/td>\n        <td width=\"50\"><strong><br>20<\/strong><\/td>\n        <\/tr>\n        <tr>\n        <td width=\"300\"><strong>3NA <\/strong><br>gr 1 \u2013 technik technik grafiki i poligrafii cyfrowej <br> gr. 2 \u2013 technik ekonomista <\/td>\n        <td width=\"250\"><br>Ma\u0142gorzata Ma\u0142ysiak<\/td>\n        <td width=\"50\"><strong><br>27<\/strong><\/td>\n        <\/tr>\n        <tr>\n        <td width=\"300\"><strong>3NB <\/strong><br>technik rachunkowo\u015bci<\/td>\n        <td width=\"250\"><br>Mariusz Wojas<\/td>\n        <td width=\"50\"><strong><br>38<\/strong><\/td>\n        <\/tr>\n        <tr>\n        <td width=\"300\"><strong>3NC <\/strong><br>gr 1 \u2013 technik fotografii i multimedi\u00f3w <br> gr. 2 \u2013 technik reklamy <\/td>\n        <td width=\"250\"><br>Anna Kornek<\/td>\n        <td width=\"50\"><strong><br>53<\/strong><\/td>\n        <\/tr>\n        <tr>\n        <td width=\"300\"><strong>3ND <\/strong><br>gr 1 \u2013 technik logistyk \u201esprawni jak \u017co\u0142nierze\u201d<br> gr. 2 \u2013 technik logistyk \u201eeurologistyk\u201d <\/td>\n        <td width=\"250\"><br>Ma\u0142gorzata Kochanowska<\/td>\n        <td width=\"50\"><strong><br>58<\/strong><\/td>\n        <\/tr>\n        <tr>\n        <td width=\"300\"><strong>3SE <\/strong><br>gr 1 \u2013 technik fotografii i multimedi\u00f3w <br> gr. 2 \u2013 technik grafiki i poligrafii cyfrowej <\/td>\n        <td width=\"250\"><br>Edyta Ko\u015bcielak<\/td>\n        <td width=\"50\"><strong><br>49<\/strong><\/td>\n        <\/tr>\n        <tr>\n        <td width=\"300\"><strong>3SF <\/strong><br>gr 1 \u2013 technik ekonomista <br> gr. 2 \u2013 technik rachunkowo\u015bci <\/td>\n        <td width=\"250\"><br>Tamara S\u0142odkowska\u2013Tram\u015b<\/td>\n        <td width=\"50\"><strong><br>22<\/strong><\/td>\n        <\/tr>\n        <tr>\n        <td width=\"300\"><strong>3SG <\/strong><br>technik reklamy<\/td>\n        <td width=\"250\"><br>Marta Polok<\/td>\n        <td width=\"50\"><strong><br>42<\/strong><\/td>\n        <\/tr>\n        <tr>\n        <td width=\"300\"><strong>3SH <\/strong><br>gr 1 \u2013 technik logistyk \u201esprawni jak \u017co\u0142nierze\u201d <br> gr. 2 \u2013 technik logistyk \u201eeurologistyk\u201d <\/td>\n        <td width=\"250\"><br>Dariusz Kordek<\/td>\n        <td width=\"50\"><strong><br>40<\/strong><\/td>\n        <\/tr>\n        <tr>\n        <td width=\"300\"><strong>4A <\/strong><br>technik fotografii i multimedi\u00f3w<\/td>\n        <td width=\"250\"><br>Piotr W\u00f3jcik <\/td>\n        <td width=\"50\"><strong><br>60<\/strong><\/td>\n        <\/tr>\n        <tr>\n        <td width=\"300\"><strong>4B <\/strong><br>technik grafiki i poligrafii cyfrowej<\/td>\n        <td width=\"250\"><br>Ewa Podwysocka  <\/td>\n        <td width=\"50\"><strong><br>45<\/strong><\/td>\n        <\/tr>\n        <tr>\n        <td width=\"300\"><strong>4C <\/strong><br>technik ekonomista<\/td>\n        <td width=\"250\"><br>Ma\u0142gorzata Rapacz  <\/td>\n        <td width=\"50\"><strong><br>25<\/strong><\/td>\n        <\/tr>\n        <tr>\n        <td width=\"300\"><strong>4D <\/strong><br>technik ekonomista<\/td>\n        <td width=\"250\"><br>Katarzyna Romanowska <\/td>\n        <td width=\"50\"><strong><br>31<\/strong><\/td>\n        <\/tr>\n        <tr>\n        <td width=\"300\"><strong>4E <\/strong><br>technik organizacji reklamy <\/td>\n        <td width=\"250\"><br>Urszula Izdebska<\/td>\n        <td width=\"50\"><strong><br>8<\/strong><\/td>\n        <\/tr>\n        <tr>\n        <td width=\"300\"><strong>4F <\/strong><br>technik logistyk \u201esprawni jak \u017co\u0142nierze\u201d <\/td>\n        <td width=\"250\"><br>Sebastian Tabo\u0142<\/td>\n        <td width=\"50\"><strong><br>30<\/strong><\/td>\n        <\/tr>\n        <tr>\n        <td width=\"300\"><strong>4G <\/strong><br>technik logistyk \u201eeurologistyk\u201d <\/td>\n        <td width=\"250\"><br>Alicja Chrabo\u0142<\/td>\n        <td width=\"50\"><strong><br>21<\/strong><\/td>\n        <\/tr>\n        <\/tbody>\n        <\/table>\t\t\t\t\t<\/div>\n\t\t\t\t\t\t<\/div>\n\t\t\t\t<\/div>\n\t\t\t\t\t\t<\/div>\n\t\t\t\t\t<\/div>\n\t\t<\/div>\n\t\t\t\t\t\t\t\t<\/div>\n\t\t\t\t\t<\/div>\n\t\t<\/section>\n\t\t\t\t\t\t<\/div>\n\t\t\t\t\t\t<\/div>\n\t\t\t\t\t<\/div>\n\t\t","protected":false},"excerpt":{"rendered":"<p>Serdecznie zapraszamy 1 wrze\u015bnia 2021 na uroczyste rozpocz\u0119cie roku szkolnego 2021\/2022, kt\u00f3re odb\u0119dzie si\u0119 na boisku szkolnym o godz. 9.00. Uroczysto\u015b\u0107 poprzedzona b\u0119dzie msz\u0105 w ko\u015bciele \u015bw. Piotra i Paw\u0142a o godz. 8.00.<br \/>\nPrzypominamy o odpowiednim ubiorze. <\/p>\n","protected":false},"author":1,"featured_media":991401,"comment_status":"closed","ping_status":"closed","sticky":false,"template":"","format":"standard","meta":{"inline_featured_image":false},"categories":[115,114],"tags":[198,197,196],"_links":{"self":[{"href":"http:\/\/ekonomik.opole.pl\/eko3\/wp-json\/wp\/v2\/posts\/993037"}],"collection":[{"href":"http:\/\/ekonomik.opole.pl\/eko3\/wp-json\/wp\/v2\/posts"}],"about":[{"href":"http:\/\/ekonomik.opole.pl\/eko3\/wp-json\/wp\/v2\/types\/post"}],"author":[{"embeddable":true,"href":"http:\/\/ekonomik.opole.pl\/eko3\/wp-json\/wp\/v2\/users\/1"}],"replies":[{"embeddable":true,"href":"http:\/\/ekonomik.opole.pl\/eko3\/wp-json\/wp\/v2\/comments?post=993037"}],"version-history":[{"count":15,"href":"http:\/\/ekonomik.opole.pl\/eko3\/wp-json\/wp\/v2\/posts\/993037\/revisions"}],"predecessor-version":[{"id":993301,"href":"http:\/\/ekonomik.opole.pl\/eko3\/wp-json\/wp\/v2\/posts\/993037\/revisions\/993301"}],"wp:featuredmedia":[{"embeddable":true,"href":"http:\/\/ekonomik.opole.pl\/eko3\/wp-json\/wp\/v2\/media\/991401"}],"wp:attachment":[{"href":"http:\/\/ekonomik.opole.pl\/eko3\/wp-json\/wp\/v2\/media?parent=993037"}],"wp:term":[{"taxonomy":"category","embeddable":true,"href":"http:\/\/ekonomik.opole.pl\/eko3\/wp-json\/wp\/v2\/categories?post=993037"},{"taxonomy":"post_tag","embeddable":true,"href":"http:\/\/ekonomik.opole.pl\/eko3\/wp-json\/wp\/v2\/tags?post=993037"}],"curies":[{"name":"wp","href":"https:\/\/api.w.org\/{rel}","templated":true}]}}