{"id":993091,"date":"2021-08-29T20:45:49","date_gmt":"2021-08-29T18:45:49","guid":{"rendered":"http:\/\/ekonomik.opole.pl\/eko3\/?p=993091"},"modified":"2021-08-29T20:59:44","modified_gmt":"2021-08-29T18:59:44","slug":"wspieramy-najlepszych","status":"publish","type":"post","link":"http:\/\/ekonomik.opole.pl\/eko3\/wspieramy-najlepszych\/","title":{"rendered":"Wspieramy Najlepszych"},"content":{"rendered":"\t\t<div data-elementor-type=\"wp-post\" data-elementor-id=\"993091\" class=\"elementor elementor-993091\" data-elementor-settings=\"[]\">\n\t\t\t\t\t\t<div class=\"elementor-inner\">\n\t\t\t\t\t\t\t<div class=\"elementor-section-wrap\">\n\t\t\t\t\t\t\t<section class=\"elementor-section elementor-top-section elementor-element elementor-element-fd0e928 elementor-section-boxed elementor-section-height-default elementor-section-height-default\" data-id=\"fd0e928\" data-element_type=\"section\">\n\t\t\t\t\t\t<div class=\"elementor-container elementor-column-gap-default\">\n\t\t\t\t\t\t\t<div class=\"elementor-row\">\n\t\t\t\t\t<div class=\"elementor-column elementor-col-100 elementor-top-column elementor-element elementor-element-e53641a\" data-id=\"e53641a\" data-element_type=\"column\">\n\t\t\t<div class=\"elementor-column-wrap elementor-element-populated\">\n\t\t\t\t\t\t\t<div class=\"elementor-widget-wrap\">\n\t\t\t\t\t\t<div class=\"elementor-element elementor-element-6e6268e elementor-widget elementor-widget-text-editor\" data-id=\"6e6268e\" data-element_type=\"widget\" data-widget_type=\"text-editor.default\">\n\t\t\t\t<div class=\"elementor-widget-container\">\n\t\t\t\t\t\t\t\t<div class=\"elementor-text-editor elementor-clearfix\">\n\t\t\t\t\t<p><strong>Zarz\u0105d Wojew\u00f3dztwa Opolskiego og\u0142asza w dniach od 13 do 24 wrze\u015bnia br. nab\u00f3r wniosk\u00f3w stypendialnych do programu stypendialnego \u201dWspieramy najlepszych IV\u201d, realizowanego w ramach Regionalnego Programu Operacyjnego Wojew\u00f3dztwa Opolskiego 2014-2020.<\/strong><\/p>\t\t\t\t\t<\/div>\n\t\t\t\t\t\t<\/div>\n\t\t\t\t<\/div>\n\t\t\t\t<div class=\"elementor-element elementor-element-6ad111c elementor-widget elementor-widget-text-editor\" data-id=\"6ad111c\" data-element_type=\"widget\" data-widget_type=\"text-editor.default\">\n\t\t\t\t<div class=\"elementor-widget-container\">\n\t\t\t\t\t\t\t\t<div class=\"elementor-text-editor elementor-clearfix\">\n\t\t\t\t\t<p>O stypendium mog\u0105 si\u0119 ubiega\u0107 uczniowie ze \u015bredni\u0105 ocen z ubieg\u0142ego roku szkolnego nie ni\u017csz\u0105 ni\u017c <strong>4,9<\/strong> oraz ze \u015bredni\u0105 nie ni\u017csz\u0105 ni\u017c <strong>4,7<\/strong> <strong>z trzech wybranych przedmiot\u00f3w<\/strong> matematycznych, przyrodniczych, informatycznych, j\u0119zyk\u00f3w obcych nowo\u017cytnych, przedsi\u0119biorczo\u015bci lub przedmiot\u00f3w z zakresu technologii informacyjno-komunikacyjnych. Wa\u017cne jest te\u017c <strong>kryterium dochodowe<\/strong> \u2013 stypendia s\u0105 dla uczni\u00f3w z rodzin, kt\u00f3rych przeci\u0119tny miesi\u0119czny doch\u00f3d uzyskany w 2020 r. na jednego cz\u0142onka rodziny nie przekracza <strong>1 685,00 z\u0142<\/strong> netto (w przypadku, gdy w rodzinie jest dziecko niepe\u0142nosprawne <strong>1 910,00 z\u0142<\/strong> netto).<\/p>\t\t\t\t\t<\/div>\n\t\t\t\t\t\t<\/div>\n\t\t\t\t<\/div>\n\t\t\t\t<div class=\"elementor-element elementor-element-ae9637b elementor-widget elementor-widget-spacer\" data-id=\"ae9637b\" data-element_type=\"widget\" data-widget_type=\"spacer.default\">\n\t\t\t\t<div class=\"elementor-widget-container\">\n\t\t\t\t\t<div class=\"elementor-spacer\">\n\t\t\t<div class=\"elementor-spacer-inner\"><\/div>\n\t\t<\/div>\n\t\t\t\t<\/div>\n\t\t\t\t<\/div>\n\t\t\t\t<div class=\"elementor-element elementor-element-6d66250 elementor-widget-divider--view-line elementor-widget elementor-widget-divider\" data-id=\"6d66250\" data-element_type=\"widget\" data-widget_type=\"divider.default\">\n\t\t\t\t<div class=\"elementor-widget-container\">\n\t\t\t\t\t<div class=\"elementor-divider\">\n\t\t\t<span class=\"elementor-divider-separator\">\n\t\t\t\t\t\t<\/span>\n\t\t<\/div>\n\t\t\t\t<\/div>\n\t\t\t\t<\/div>\n\t\t\t\t<div class=\"elementor-element elementor-element-51d348a elementor-widget elementor-widget-text-editor\" data-id=\"51d348a\" data-element_type=\"widget\" data-widget_type=\"text-editor.default\">\n\t\t\t\t<div class=\"elementor-widget-container\">\n\t\t\t\t\t\t\t\t<div class=\"elementor-text-editor elementor-clearfix\">\n\t\t\t\t\t<p>Szczeg\u00f3\u0142owych informacji udziela Departament Edukacji i Rynku Pracy pod numerem tel.:<\/p><p>77 44 67 830,\u00a077 44 67 831,\u00a077 44 67 834,\u00a077 44 67 835,\u00a077 44 67 837<\/p><p>Adres e-mail: <a href=\"mailto:wspieramynajlepszych@opolskie.pl\" target=\"_blank\" rel=\"noopener\">wspieramynajlepszych@opolskie.pl<\/a><\/p>\t\t\t\t\t<\/div>\n\t\t\t\t\t\t<\/div>\n\t\t\t\t<\/div>\n\t\t\t\t<div class=\"elementor-element elementor-element-5c9591c elementor-widget elementor-widget-text-editor\" data-id=\"5c9591c\" data-element_type=\"widget\" data-widget_type=\"text-editor.default\">\n\t\t\t\t<div class=\"elementor-widget-container\">\n\t\t\t\t\t\t\t\t<div class=\"elementor-text-editor elementor-clearfix\">\n\t\t\t\t\t<p>Regulamin oraz wz\u00f3r wniosku wraz z za\u0142\u0105cznikami dost\u0119pny jest na stronie internetowej\u00a0 www.opolskie.pl\u00a0 w zak\u0142adce REGION.<\/p>\t\t\t\t\t<\/div>\n\t\t\t\t\t\t<\/div>\n\t\t\t\t<\/div>\n\t\t\t\t<div class=\"elementor-element elementor-element-27639c3 elementor-widget elementor-widget-heading\" data-id=\"27639c3\" data-element_type=\"widget\" data-widget_type=\"heading.default\">\n\t\t\t\t<div class=\"elementor-widget-container\">\n\t\t\t<h5 class=\"elementor-heading-title elementor-size-default\"><a href=\"https:\/\/www.opolskie.pl\/region\/nauka-i-edukacja\/wspieramy-najlepszych-iv\/\">https:\/\/www.opolskie.pl\/region\/nauka-i-edukacja\/wspieramy-najlepszych-iv\/<\/a><\/h5>\t\t<\/div>\n\t\t\t\t<\/div>\n\t\t\t\t\t\t<\/div>\n\t\t\t\t\t<\/div>\n\t\t<\/div>\n\t\t\t\t\t\t\t\t<\/div>\n\t\t\t\t\t<\/div>\n\t\t<\/section>\n\t\t\t\t<section class=\"elementor-section elementor-top-section elementor-element elementor-element-96e8784 elementor-section-boxed elementor-section-height-default elementor-section-height-default\" data-id=\"96e8784\" data-element_type=\"section\">\n\t\t\t\t\t\t<div class=\"elementor-container elementor-column-gap-default\">\n\t\t\t\t\t\t\t<div class=\"elementor-row\">\n\t\t\t\t\t<div class=\"elementor-column elementor-col-100 elementor-top-column elementor-element elementor-element-bfdff61\" data-id=\"bfdff61\" data-element_type=\"column\">\n\t\t\t<div class=\"elementor-column-wrap elementor-element-populated\">\n\t\t\t\t\t\t\t<div class=\"elementor-widget-wrap\">\n\t\t\t\t\t\t<div class=\"elementor-element elementor-element-8a5c864 elementor-widget elementor-widget-spacer\" data-id=\"8a5c864\" data-element_type=\"widget\" data-widget_type=\"spacer.default\">\n\t\t\t\t<div class=\"elementor-widget-container\">\n\t\t\t\t\t<div class=\"elementor-spacer\">\n\t\t\t<div class=\"elementor-spacer-inner\"><\/div>\n\t\t<\/div>\n\t\t\t\t<\/div>\n\t\t\t\t<\/div>\n\t\t\t\t<div class=\"elementor-element elementor-element-3355a3d elementor-widget-divider--view-line elementor-widget elementor-widget-divider\" data-id=\"3355a3d\" data-element_type=\"widget\" data-widget_type=\"divider.default\">\n\t\t\t\t<div class=\"elementor-widget-container\">\n\t\t\t\t\t<div class=\"elementor-divider\">\n\t\t\t<span class=\"elementor-divider-separator\">\n\t\t\t\t\t\t<\/span>\n\t\t<\/div>\n\t\t\t\t<\/div>\n\t\t\t\t<\/div>\n\t\t\t\t<div class=\"elementor-element elementor-element-2fc5871 elementor-widget elementor-widget-text-editor\" data-id=\"2fc5871\" data-element_type=\"widget\" data-widget_type=\"text-editor.default\">\n\t\t\t\t<div class=\"elementor-widget-container\">\n\t\t\t\t\t\t\t\t<div class=\"elementor-text-editor elementor-clearfix\">\n\t\t\t\t\t<p>Wnioski mo\u017cna sk\u0142ada\u0107:<\/p>\t\t\t\t\t<\/div>\n\t\t\t\t\t\t<\/div>\n\t\t\t\t<\/div>\n\t\t\t\t<div class=\"elementor-element elementor-element-f79e20d elementor-widget elementor-widget-text-editor\" data-id=\"f79e20d\" data-element_type=\"widget\" data-widget_type=\"text-editor.default\">\n\t\t\t\t<div class=\"elementor-widget-container\">\n\t\t\t\t\t\t\t\t<div class=\"elementor-text-editor elementor-clearfix\">\n\t\t\t\t\t<ul><li><strong>listownie<\/strong> (decyduje data stempla pocztowego) na adres:<br \/>Urz\u0105d Marsza\u0142kowski Wojew\u00f3dztwa Opolskiego Departament Edukacji i Rynku Pracy<br \/>45-082 Opole, ul. Piastowska 14<\/li><\/ul>\t\t\t\t\t<\/div>\n\t\t\t\t\t\t<\/div>\n\t\t\t\t<\/div>\n\t\t\t\t<div class=\"elementor-element elementor-element-fe09493 elementor-widget elementor-widget-text-editor\" data-id=\"fe09493\" data-element_type=\"widget\" data-widget_type=\"text-editor.default\">\n\t\t\t\t<div class=\"elementor-widget-container\">\n\t\t\t\t\t\t\t\t<div class=\"elementor-text-editor elementor-clearfix\">\n\t\t\t\t\t<ul><li><strong>za po\u015brednictwem platformy ePuap<\/strong> (decyduje data nadania przesy\u0142ki) na adres: \/q877fxtk55\/SkrytkaESP<\/li><\/ul>\t\t\t\t\t<\/div>\n\t\t\t\t\t\t<\/div>\n\t\t\t\t<\/div>\n\t\t\t\t<div class=\"elementor-element elementor-element-27468c9 elementor-widget elementor-widget-text-editor\" data-id=\"27468c9\" data-element_type=\"widget\" data-widget_type=\"text-editor.default\">\n\t\t\t\t<div class=\"elementor-widget-container\">\n\t\t\t\t\t\t\t\t<div class=\"elementor-text-editor elementor-clearfix\">\n\t\t\t\t\t<ul><li><strong>osobi\u015bcie<\/strong>: do skrzynki podawczej na terenie urz\u0119du: Urz\u0105d Marsza\u0142kowski Wojew\u00f3dztwa Opolskiego, ul. Piastowska 14, 45-082 Opole<\/li><\/ul>\t\t\t\t\t<\/div>\n\t\t\t\t\t\t<\/div>\n\t\t\t\t<\/div>\n\t\t\t\t<div class=\"elementor-element elementor-element-c61d8f5 elementor-widget elementor-widget-spacer\" data-id=\"c61d8f5\" data-element_type=\"widget\" data-widget_type=\"spacer.default\">\n\t\t\t\t<div class=\"elementor-widget-container\">\n\t\t\t\t\t<div class=\"elementor-spacer\">\n\t\t\t<div class=\"elementor-spacer-inner\"><\/div>\n\t\t<\/div>\n\t\t\t\t<\/div>\n\t\t\t\t<\/div>\n\t\t\t\t<div class=\"elementor-element elementor-element-9457776 elementor-widget elementor-widget-image\" data-id=\"9457776\" data-element_type=\"widget\" data-widget_type=\"image.default\">\n\t\t\t\t<div class=\"elementor-widget-container\">\n\t\t\t\t\t\t\t\t<div class=\"elementor-image\">\n\t\t\t\t\t\t\t\t\t\t\t\t<img width=\"727\" height=\"1024\" src=\"http:\/\/ekonomik.opole.pl\/eko3\/wp-content\/uploads\/2021\/08\/Wspieramy_najlepszych_2021-727x1024.jpg\" class=\"attachment-large size-large\" alt=\"Plakat informacyjny programu stypendialnego &quot;Wspieramy Najlepszych IV&quot;\" loading=\"lazy\" srcset=\"http:\/\/ekonomik.opole.pl\/eko3\/wp-content\/uploads\/2021\/08\/Wspieramy_najlepszych_2021-727x1024.jpg 727w, http:\/\/ekonomik.opole.pl\/eko3\/wp-content\/uploads\/2021\/08\/Wspieramy_najlepszych_2021-213x300.jpg 213w, http:\/\/ekonomik.opole.pl\/eko3\/wp-content\/uploads\/2021\/08\/Wspieramy_najlepszych_2021-768x1081.jpg 768w, http:\/\/ekonomik.opole.pl\/eko3\/wp-content\/uploads\/2021\/08\/Wspieramy_najlepszych_2021-1091x1536.jpg 1091w, http:\/\/ekonomik.opole.pl\/eko3\/wp-content\/uploads\/2021\/08\/Wspieramy_najlepszych_2021-1455x2048.jpg 1455w, http:\/\/ekonomik.opole.pl\/eko3\/wp-content\/uploads\/2021\/08\/Wspieramy_najlepszych_2021-1360x1915.jpg 1360w, http:\/\/ekonomik.opole.pl\/eko3\/wp-content\/uploads\/2021\/08\/Wspieramy_najlepszych_2021-680x957.jpg 680w, http:\/\/ekonomik.opole.pl\/eko3\/wp-content\/uploads\/2021\/08\/Wspieramy_najlepszych_2021.jpg 1505w\" sizes=\"(max-width: 727px) 100vw, 727px\" \/>\t\t\t\t\t\t\t\t\t\t\t\t\t\t<\/div>\n\t\t\t\t\t\t<\/div>\n\t\t\t\t<\/div>\n\t\t\t\t\t\t<\/div>\n\t\t\t\t\t<\/div>\n\t\t<\/div>\n\t\t\t\t\t\t\t\t<\/div>\n\t\t\t\t\t<\/div>\n\t\t<\/section>\n\t\t\t\t\t\t<\/div>\n\t\t\t\t\t\t<\/div>\n\t\t\t\t\t<\/div>\n\t\t","protected":false},"excerpt":{"rendered":"<p>Zarz\u0105d Wojew\u00f3dztwa Opolskiego og\u0142asza w dniach od 13 do 24 wrze\u015bnia br. nab\u00f3r wniosk\u00f3w stypendialnych do programu stypendialnego \u201dWspieramy najlepszych IV\u201d, realizowanego w ramach Regionalnego Programu Operacyjnego Wojew\u00f3dztwa Opolskiego 2014-2020.<\/p>\n","protected":false},"author":1,"featured_media":992902,"comment_status":"closed","ping_status":"open","sticky":false,"template":"","format":"standard","meta":{"inline_featured_image":false},"categories":[188],"tags":[],"_links":{"self":[{"href":"http:\/\/ekonomik.opole.pl\/eko3\/wp-json\/wp\/v2\/posts\/993091"}],"collection":[{"href":"http:\/\/ekonomik.opole.pl\/eko3\/wp-json\/wp\/v2\/posts"}],"about":[{"href":"http:\/\/ekonomik.opole.pl\/eko3\/wp-json\/wp\/v2\/types\/post"}],"author":[{"embeddable":true,"href":"http:\/\/ekonomik.opole.pl\/eko3\/wp-json\/wp\/v2\/users\/1"}],"replies":[{"embeddable":true,"href":"http:\/\/ekonomik.opole.pl\/eko3\/wp-json\/wp\/v2\/comments?post=993091"}],"version-history":[{"count":35,"href":"http:\/\/ekonomik.opole.pl\/eko3\/wp-json\/wp\/v2\/posts\/993091\/revisions"}],"predecessor-version":[{"id":993129,"href":"http:\/\/ekonomik.opole.pl\/eko3\/wp-json\/wp\/v2\/posts\/993091\/revisions\/993129"}],"wp:featuredmedia":[{"embeddable":true,"href":"http:\/\/ekonomik.opole.pl\/eko3\/wp-json\/wp\/v2\/media\/992902"}],"wp:attachment":[{"href":"http:\/\/ekonomik.opole.pl\/eko3\/wp-json\/wp\/v2\/media?parent=993091"}],"wp:term":[{"taxonomy":"category","embeddable":true,"href":"http:\/\/ekonomik.opole.pl\/eko3\/wp-json\/wp\/v2\/categories?post=993091"},{"taxonomy":"post_tag","embeddable":true,"href":"http:\/\/ekonomik.opole.pl\/eko3\/wp-json\/wp\/v2\/tags?post=993091"}],"curies":[{"name":"wp","href":"https:\/\/api.w.org\/{rel}","templated":true}]}}