{"id":993187,"date":"2021-08-30T23:12:57","date_gmt":"2021-08-30T21:12:57","guid":{"rendered":"http:\/\/ekonomik.opole.pl\/eko3\/?p=993187"},"modified":"2021-08-30T23:20:44","modified_gmt":"2021-08-30T21:20:44","slug":"oryginalni-tworczy-i-zaangazowani-mistrzowie-zawodu-2021","status":"publish","type":"post","link":"http:\/\/ekonomik.opole.pl\/eko3\/oryginalni-tworczy-i-zaangazowani-mistrzowie-zawodu-2021\/","title":{"rendered":"Oryginalni, tw\u00f3rczy i zaanga\u017cowani -Mistrzowie Zawodu 2021"},"content":{"rendered":"\t\t<div data-elementor-type=\"wp-post\" data-elementor-id=\"993187\" class=\"elementor elementor-993187\" data-elementor-settings=\"[]\">\n\t\t\t\t\t\t<div class=\"elementor-inner\">\n\t\t\t\t\t\t\t<div class=\"elementor-section-wrap\">\n\t\t\t\t\t\t\t<section class=\"elementor-section elementor-top-section elementor-element elementor-element-7bea0556 elementor-section-full_width elementor-section-height-default elementor-section-height-default\" data-id=\"7bea0556\" data-element_type=\"section\">\n\t\t\t\t\t\t<div class=\"elementor-container elementor-column-gap-default\">\n\t\t\t\t\t\t\t<div class=\"elementor-row\">\n\t\t\t\t\t<div class=\"elementor-column elementor-col-100 elementor-top-column elementor-element elementor-element-30cb582e\" data-id=\"30cb582e\" data-element_type=\"column\">\n\t\t\t<div class=\"elementor-column-wrap elementor-element-populated\">\n\t\t\t\t\t\t\t<div class=\"elementor-widget-wrap\">\n\t\t\t\t\t\t<div class=\"elementor-element elementor-element-4b677e6c elementor-drop-cap-yes elementor-drop-cap-view-default elementor-widget elementor-widget-text-editor\" data-id=\"4b677e6c\" data-element_type=\"widget\" data-settings=\"{&quot;drop_cap&quot;:&quot;yes&quot;}\" data-widget_type=\"text-editor.default\">\n\t\t\t\t<div class=\"elementor-widget-container\">\n\t\t\t\t\t\t\t\t<div class=\"elementor-text-editor elementor-clearfix\">\n\t\t\t\t\t<p>Ju\u017c za chwil\u0119 startujemy z nowym rokiem szkolnym. Czeka Nas du\u017co wyzwa\u0144, ciekawych relacji i masa nowych obowi\u0105zk\u00f3w. Przypominamy sylwetki Mistrz\u00f3w Zawodu 2021 &#8211; tytu\u0142y, kt\u00f3re wr\u0119czyli\u015bmy najlepszym zawodowcom na zako\u0144czenie roku szkolnego.\u00a0<\/p><p>Oryginalni, skrupulatni i bardzo zaanga\u017cowani. W ich ka\u017cdym dzia\u0142aniu czu\u0107 by\u0142o pasj\u0119 i entuzjazm. To uczniowie, kt\u00f3rzy w ubieg\u0142ym roku zachwycili projektami, zdj\u0119ciami, filmami, zdolno\u015bciami organizacyjnymi, zwyci\u0119skimi olimpiadami i postaw\u0105.<\/p><p>Ich dzia\u0142ania na pewno zapisz\u0105 si\u0119 w historii tej szko\u0142y. Za to im serdecznie dzi\u0119kujemy w imieniu Dyrekcji Ekonomika, Przewodnicz\u0105cych Komisji Przedmiotowych i nauczycieli &#8211; zawodowc\u00f3w.<\/p><p>MISTRZ\u00a0<a class=\" xil3i\" tabindex=\"0\" href=\"https:\/\/www.instagram.com\/explore\/tags\/ekonomia\/\">#EKONOMIA<\/a>\u00a0\u265f Anna Fiecek<br \/>MISTRZ\u00a0<a class=\" xil3i\" tabindex=\"0\" href=\"https:\/\/www.instagram.com\/explore\/tags\/logistyka\/\">#LOGISTYKA<\/a>\u00a0\u265f Mateusz Korzeniec<br \/>MISTRZ\u00a0<a class=\" xil3i\" tabindex=\"0\" href=\"https:\/\/www.instagram.com\/explore\/tags\/fotografia\/\">#FOTOGRAFIA<\/a>\u00a0\u265f Florian Rychlik<br \/>MISTRZ\u00a0<a class=\" xil3i\" tabindex=\"0\" href=\"https:\/\/www.instagram.com\/explore\/tags\/grafika\/\">#GRAFIKA<\/a>\u00a0\u265f Wit Chruszcz<br \/>MISTRZ\u00a0<a class=\" xil3i\" tabindex=\"0\" href=\"https:\/\/www.instagram.com\/explore\/tags\/rekalma\/\">#REKALMA<\/a>\u00a0\u265f Agata Frydrych<br \/>MISTRZ\u00a0<a class=\" xil3i\" tabindex=\"0\" href=\"https:\/\/www.instagram.com\/explore\/tags\/operatorki_filmowej\/\">#OPERATORKI_FILMOWEJ<\/a>\u00a0\u265fMicha\u0142 Cio\u0142eszy\u0144ski<\/p>\t\t\t\t\t<\/div>\n\t\t\t\t\t\t<\/div>\n\t\t\t\t<\/div>\n\t\t\t\t<div class=\"elementor-element elementor-element-7765a0e6 elementor-widget-divider--separator-type-pattern elementor-widget-divider--no-spacing elementor-widget-divider--view-line elementor-widget elementor-widget-divider\" data-id=\"7765a0e6\" data-element_type=\"widget\" data-widget_type=\"divider.default\">\n\t\t\t\t<div class=\"elementor-widget-container\">\n\t\t\t\t\t<div class=\"elementor-divider\" style=\"--divider-pattern-url: url(&quot;data:image\/svg+xml,%3Csvg xmlns=&#039;http:\/\/www.w3.org\/2000\/svg&#039; preserveAspectRatio=&#039;xMidYMid meet&#039; overflow=&#039;visible&#039; height=&#039;100%&#039; viewBox=&#039;0 0 126 26&#039; fill=&#039;black&#039; stroke=&#039;none&#039;%3E%3Cpath d=&#039;M3,10.2c2.6,0,2.6,2,2.6,3.2S4.4,16.5,3,16.5s-3-1.4-3-3.2S0.4,10.2,3,10.2z M18.8,10.2c1.7,0,3.2,1.4,3.2,3.2s-1.4,3.2-3.2,3.2c-1.7,0-3.2-1.4-3.2-3.2S17,10.2,18.8,10.2z M34.6,10.2c1.5,0,2.6,1.4,2.6,3.2s-0.5,3.2-1.9,3.2c-1.5,0-3.4-1.4-3.4-3.2S33.1,10.2,34.6,10.2z M50.5,10.2c1.7,0,3.2,1.4,3.2,3.2s-1.4,3.2-3.2,3.2c-1.7,0-3.3-0.9-3.3-2.6S48.7,10.2,50.5,10.2z M66.2,10.2c1.5,0,3.4,1.4,3.4,3.2s-1.9,3.2-3.4,3.2c-1.5,0-2.6-0.4-2.6-2.1S64.8,10.2,66.2,10.2z M82.2,10.2c1.7,0.8,2.6,1.4,2.6,3.2s-0.1,3.2-1.6,3.2c-1.5,0-3.7-1.4-3.7-3.2S80.5,9.4,82.2,10.2zM98.6,10.2c1.5,0,2.6,0.4,2.6,2.1s-1.2,4.2-2.6,4.2c-1.5,0-3.7-0.4-3.7-2.1S97.1,10.2,98.6,10.2z M113.4,10.2c1.2,0,2.2,0.9,2.2,3.2s-0.1,3.2-1.3,3.2s-3.1-1.4-3.1-3.2S112.2,10.2,113.4,10.2z&#039;\/%3E%3C\/svg%3E&quot;);\">\n\t\t\t<span class=\"elementor-divider-separator\">\n\t\t\t\t\t\t<\/span>\n\t\t<\/div>\n\t\t\t\t<\/div>\n\t\t\t\t<\/div>\n\t\t\t\t<div class=\"elementor-element elementor-element-e2b92e0 elementor-widget elementor-widget-image\" data-id=\"e2b92e0\" data-element_type=\"widget\" data-widget_type=\"image.default\">\n\t\t\t\t<div class=\"elementor-widget-container\">\n\t\t\t\t\t\t\t\t<div class=\"elementor-image\">\n\t\t\t\t\t\t\t\t\t<figure class=\"wp-caption\">\n\t\t\t\t\t\t\t\t\t\t<img width=\"1024\" height=\"655\" src=\"http:\/\/ekonomik.opole.pl\/eko3\/wp-content\/uploads\/2021\/08\/Mistrzowie-Zawodu-2021-1-1024x655.jpg\" class=\"attachment-large size-large\" alt=\"\" loading=\"lazy\" srcset=\"http:\/\/ekonomik.opole.pl\/eko3\/wp-content\/uploads\/2021\/08\/Mistrzowie-Zawodu-2021-1-1024x655.jpg 1024w, http:\/\/ekonomik.opole.pl\/eko3\/wp-content\/uploads\/2021\/08\/Mistrzowie-Zawodu-2021-1-300x192.jpg 300w, http:\/\/ekonomik.opole.pl\/eko3\/wp-content\/uploads\/2021\/08\/Mistrzowie-Zawodu-2021-1-768x491.jpg 768w, http:\/\/ekonomik.opole.pl\/eko3\/wp-content\/uploads\/2021\/08\/Mistrzowie-Zawodu-2021-1-1536x982.jpg 1536w, http:\/\/ekonomik.opole.pl\/eko3\/wp-content\/uploads\/2021\/08\/Mistrzowie-Zawodu-2021-1-2048x1309.jpg 2048w, http:\/\/ekonomik.opole.pl\/eko3\/wp-content\/uploads\/2021\/08\/Mistrzowie-Zawodu-2021-1-1360x869.jpg 1360w, http:\/\/ekonomik.opole.pl\/eko3\/wp-content\/uploads\/2021\/08\/Mistrzowie-Zawodu-2021-1-680x435.jpg 680w\" sizes=\"(max-width: 1024px) 100vw, 1024px\" \/>\t\t\t\t\t\t\t\t\t\t\t<figcaption class=\"widget-image-caption wp-caption-text\">Fot. G. Hussak \/ Na zdj\u0119ciu od lewej: Mateusz Korzeniec, Micha\u0142 Cio\u0142eszy\u0144ski, Agata Frydrych, Ewa Nowak-K\u00fcbler, Wit Chruszcz, Florian Rychlik. Anna Fiecek <\/figcaption>\n\t\t\t\t\t\t\t\t\t\t<\/figure>\n\t\t\t\t\t\t\t\t<\/div>\n\t\t\t\t\t\t<\/div>\n\t\t\t\t<\/div>\n\t\t\t\t<div class=\"elementor-element elementor-element-7d41e4 elementor-widget-divider--view-line elementor-widget elementor-widget-divider\" data-id=\"7d41e4\" data-element_type=\"widget\" data-widget_type=\"divider.default\">\n\t\t\t\t<div class=\"elementor-widget-container\">\n\t\t\t\t\t<div class=\"elementor-divider\">\n\t\t\t<span class=\"elementor-divider-separator\">\n\t\t\t\t\t\t<\/span>\n\t\t<\/div>\n\t\t\t\t<\/div>\n\t\t\t\t<\/div>\n\t\t\t\t\t\t<\/div>\n\t\t\t\t\t<\/div>\n\t\t<\/div>\n\t\t\t\t\t\t\t\t<\/div>\n\t\t\t\t\t<\/div>\n\t\t<\/section>\n\t\t\t\t\t\t<\/div>\n\t\t\t\t\t\t<\/div>\n\t\t\t\t\t<\/div>\n\t\t","protected":false},"excerpt":{"rendered":"<p>Ju\u017c za chwil\u0119 startujemy z nowym rokiem szkolnym. Czeka Nas du\u017co wyzwa\u0144, ciekawych relacji i masa nowych obowi\u0105zk\u00f3w. Przypominamy sylwetki Mistrz\u00f3w Zawodu 2021 &#8211; tytu\u0142y, kt\u00f3re wr\u0119czyli\u015bmy najlepszym zawodowcom na zako\u0144czenie roku szkolnego.\u00a0 Oryginalni, skrupulatni i bardzo zaanga\u017cowani. W ich ka\u017cdym dzia\u0142aniu czu\u0107 by\u0142o pasj\u0119 i entuzjazm. To uczniowie, kt\u00f3rzy w ubieg\u0142ym roku zachwycili projektami,&#8230;<\/p>\n","protected":false},"author":2,"featured_media":993205,"comment_status":"closed","ping_status":"open","sticky":false,"template":"","format":"standard","meta":{"inline_featured_image":false},"categories":[85,186],"tags":[179],"_links":{"self":[{"href":"http:\/\/ekonomik.opole.pl\/eko3\/wp-json\/wp\/v2\/posts\/993187"}],"collection":[{"href":"http:\/\/ekonomik.opole.pl\/eko3\/wp-json\/wp\/v2\/posts"}],"about":[{"href":"http:\/\/ekonomik.opole.pl\/eko3\/wp-json\/wp\/v2\/types\/post"}],"author":[{"embeddable":true,"href":"http:\/\/ekonomik.opole.pl\/eko3\/wp-json\/wp\/v2\/users\/2"}],"replies":[{"embeddable":true,"href":"http:\/\/ekonomik.opole.pl\/eko3\/wp-json\/wp\/v2\/comments?post=993187"}],"version-history":[{"count":16,"href":"http:\/\/ekonomik.opole.pl\/eko3\/wp-json\/wp\/v2\/posts\/993187\/revisions"}],"predecessor-version":[{"id":993214,"href":"http:\/\/ekonomik.opole.pl\/eko3\/wp-json\/wp\/v2\/posts\/993187\/revisions\/993214"}],"wp:featuredmedia":[{"embeddable":true,"href":"http:\/\/ekonomik.opole.pl\/eko3\/wp-json\/wp\/v2\/media\/993205"}],"wp:attachment":[{"href":"http:\/\/ekonomik.opole.pl\/eko3\/wp-json\/wp\/v2\/media?parent=993187"}],"wp:term":[{"taxonomy":"category","embeddable":true,"href":"http:\/\/ekonomik.opole.pl\/eko3\/wp-json\/wp\/v2\/categories?post=993187"},{"taxonomy":"post_tag","embeddable":true,"href":"http:\/\/ekonomik.opole.pl\/eko3\/wp-json\/wp\/v2\/tags?post=993187"}],"curies":[{"name":"wp","href":"https:\/\/api.w.org\/{rel}","templated":true}]}}