{"id":993313,"date":"2021-09-02T07:19:00","date_gmt":"2021-09-02T05:19:00","guid":{"rendered":"http:\/\/ekonomik.opole.pl\/eko3\/?p=993313"},"modified":"2021-09-06T07:34:40","modified_gmt":"2021-09-06T05:34:40","slug":"list-ministra-rozpoczecie-nauki-2021","status":"publish","type":"post","link":"http:\/\/ekonomik.opole.pl\/eko3\/list-ministra-rozpoczecie-nauki-2021\/","title":{"rendered":"List Ministra Edukacji i Nauki z okazji rozpocz\u0119cia roku szkolnego 2021\/2022"},"content":{"rendered":"\t\t<div data-elementor-type=\"wp-post\" data-elementor-id=\"993313\" class=\"elementor elementor-993313\" data-elementor-settings=\"[]\">\n\t\t\t\t\t\t<div class=\"elementor-inner\">\n\t\t\t\t\t\t\t<div class=\"elementor-section-wrap\">\n\t\t\t\t\t\t\t<section class=\"elementor-section elementor-top-section elementor-element elementor-element-3bd62f5 elementor-section-boxed elementor-section-height-default elementor-section-height-default\" data-id=\"3bd62f5\" data-element_type=\"section\">\n\t\t\t\t\t\t<div class=\"elementor-container elementor-column-gap-default\">\n\t\t\t\t\t\t\t<div class=\"elementor-row\">\n\t\t\t\t\t<div class=\"elementor-column elementor-col-100 elementor-top-column elementor-element elementor-element-7d941d7\" data-id=\"7d941d7\" data-element_type=\"column\">\n\t\t\t<div class=\"elementor-column-wrap elementor-element-populated\">\n\t\t\t\t\t\t\t<div class=\"elementor-widget-wrap\">\n\t\t\t\t\t\t<div class=\"elementor-element elementor-element-7a34107 elementor-widget elementor-widget-text-editor\" data-id=\"7a34107\" data-element_type=\"widget\" data-widget_type=\"text-editor.default\">\n\t\t\t\t<div class=\"elementor-widget-container\">\n\t\t\t\t\t\t\t\t<div class=\"elementor-text-editor elementor-clearfix\">\n\t\t\t\t\t<p>Z okazji rozpocz\u0119cia roku szkolnego 2021\/2022 Minister Edukacji i Nauki skierowa\u0142 list do dyrektor\u00f3w szk\u00f3\u0142, nauczycieli oraz uczni\u00f3w. Przedstawi\u0142 w nim dzia\u0142ania MEiN zwi\u0105zane z bezpiecznym powrotem do szk\u00f3\u0142 oraz wsparciem uczni\u00f3w po d\u0142ugotrwa\u0142ym okresie nauki zdalnej<\/p>\t\t\t\t\t<\/div>\n\t\t\t\t\t\t<\/div>\n\t\t\t\t<\/div>\n\t\t\t\t<div class=\"elementor-element elementor-element-1f8f103 elementor-position-right elementor-view-default elementor-vertical-align-top elementor-widget elementor-widget-icon-box\" data-id=\"1f8f103\" data-element_type=\"widget\" data-widget_type=\"icon-box.default\">\n\t\t\t\t<div class=\"elementor-widget-container\">\n\t\t\t\t\t<div class=\"elementor-icon-box-wrapper\">\n\t\t\t\t\t\t<div class=\"elementor-icon-box-icon\">\n\t\t\t\t<a class=\"elementor-icon elementor-animation-\" href=\"http:\/\/ekonomik.opole.pl\/eko3\/wp-content\/uploads\/2021\/09\/listministraedukacjiinaukirozpoczecierokuszkolnego20212022.pdf\" target=\"_blank\" rel=\"nofollow\">\n\t\t\t\t<i aria-hidden=\"true\" class=\"icon icon-documents\"><\/i>\t\t\t\t<\/a>\n\t\t\t<\/div>\n\t\t\t\t\t\t<div class=\"elementor-icon-box-content\">\n\t\t\t\t<h3 class=\"elementor-icon-box-title\">\n\t\t\t\t\t<a href=\"http:\/\/ekonomik.opole.pl\/eko3\/wp-content\/uploads\/2021\/09\/listministraedukacjiinaukirozpoczecierokuszkolnego20212022.pdf\" target=\"_blank\" rel=\"nofollow\">List Ministra Edukacji i Nauki<\/a>\n\t\t\t\t<\/h3>\n\t\t\t\t\t\t\t<\/div>\n\t\t<\/div>\n\t\t\t\t<\/div>\n\t\t\t\t<\/div>\n\t\t\t\t<div class=\"elementor-element elementor-element-bddeabb elementor-widget elementor-widget-text-editor\" data-id=\"bddeabb\" data-element_type=\"widget\" data-widget_type=\"text-editor.default\">\n\t\t\t\t<div class=\"elementor-widget-container\">\n\t\t\t\t\t\t\t\t<div class=\"elementor-text-editor elementor-clearfix\">\n\t\t\t\t\t<p><a href=\"https:\/\/www.gov.pl\/web\/edukacja-i-nauka\/rozpoczecie-roku-szkolnego-20212022--list-ministra-edukacji-i-nauki\" target=\"_blank\" rel=\"noopener\">Czytaj wi\u0119cej na stronach Ministerstwa Edukacji i Nauki<\/a><\/p>\t\t\t\t\t<\/div>\n\t\t\t\t\t\t<\/div>\n\t\t\t\t<\/div>\n\t\t\t\t\t\t<\/div>\n\t\t\t\t\t<\/div>\n\t\t<\/div>\n\t\t\t\t\t\t\t\t<\/div>\n\t\t\t\t\t<\/div>\n\t\t<\/section>\n\t\t\t\t\t\t<\/div>\n\t\t\t\t\t\t<\/div>\n\t\t\t\t\t<\/div>\n\t\t","protected":false},"excerpt":{"rendered":"<p>Z okazji rozpocz\u0119cia roku szkolnego 2021\/2022 Minister Edukacji i Nauki skierowa\u0142 list do dyrektor\u00f3w szk\u00f3\u0142, nauczycieli oraz uczni\u00f3w. Przedstawi\u0142 w nim dzia\u0142ania MEiN zwi\u0105zane z bezpiecznym powrotem do szk\u00f3\u0142 oraz wsparciem uczni\u00f3w po d\u0142ugotrwa\u0142ym okresie nauki zdalnej List Ministra Edukacji i Nauki Czytaj wi\u0119cej na stronach Ministerstwa Edukacji i Nauki<\/p>\n","protected":false},"author":1,"featured_media":993330,"comment_status":"closed","ping_status":"open","sticky":false,"template":"","format":"standard","meta":{"inline_featured_image":false},"categories":[185],"tags":[183,199,184],"_links":{"self":[{"href":"http:\/\/ekonomik.opole.pl\/eko3\/wp-json\/wp\/v2\/posts\/993313"}],"collection":[{"href":"http:\/\/ekonomik.opole.pl\/eko3\/wp-json\/wp\/v2\/posts"}],"about":[{"href":"http:\/\/ekonomik.opole.pl\/eko3\/wp-json\/wp\/v2\/types\/post"}],"author":[{"embeddable":true,"href":"http:\/\/ekonomik.opole.pl\/eko3\/wp-json\/wp\/v2\/users\/1"}],"replies":[{"embeddable":true,"href":"http:\/\/ekonomik.opole.pl\/eko3\/wp-json\/wp\/v2\/comments?post=993313"}],"version-history":[{"count":15,"href":"http:\/\/ekonomik.opole.pl\/eko3\/wp-json\/wp\/v2\/posts\/993313\/revisions"}],"predecessor-version":[{"id":993331,"href":"http:\/\/ekonomik.opole.pl\/eko3\/wp-json\/wp\/v2\/posts\/993313\/revisions\/993331"}],"wp:featuredmedia":[{"embeddable":true,"href":"http:\/\/ekonomik.opole.pl\/eko3\/wp-json\/wp\/v2\/media\/993330"}],"wp:attachment":[{"href":"http:\/\/ekonomik.opole.pl\/eko3\/wp-json\/wp\/v2\/media?parent=993313"}],"wp:term":[{"taxonomy":"category","embeddable":true,"href":"http:\/\/ekonomik.opole.pl\/eko3\/wp-json\/wp\/v2\/categories?post=993313"},{"taxonomy":"post_tag","embeddable":true,"href":"http:\/\/ekonomik.opole.pl\/eko3\/wp-json\/wp\/v2\/tags?post=993313"}],"curies":[{"name":"wp","href":"https:\/\/api.w.org\/{rel}","templated":true}]}}