{"id":993440,"date":"2021-09-13T21:40:19","date_gmt":"2021-09-13T19:40:19","guid":{"rendered":"http:\/\/ekonomik.opole.pl\/eko3\/?p=993440"},"modified":"2021-09-14T07:39:54","modified_gmt":"2021-09-14T05:39:54","slug":"mrm","status":"publish","type":"post","link":"http:\/\/ekonomik.opole.pl\/eko3\/mrm\/","title":{"rendered":"Rusza #AkcjaRekrutacja do M\u0142odzie\u017cowej Rady Miasta Opola!"},"content":{"rendered":"\t\t<div data-elementor-type=\"wp-post\" data-elementor-id=\"993440\" class=\"elementor elementor-993440\" data-elementor-settings=\"[]\">\n\t\t\t\t\t\t<div class=\"elementor-inner\">\n\t\t\t\t\t\t\t<div class=\"elementor-section-wrap\">\n\t\t\t\t\t\t\t<section class=\"elementor-section elementor-top-section elementor-element elementor-element-40a69d5 elementor-section-boxed elementor-section-height-default elementor-section-height-default\" data-id=\"40a69d5\" data-element_type=\"section\">\n\t\t\t\t\t\t<div class=\"elementor-container elementor-column-gap-default\">\n\t\t\t\t\t\t\t<div class=\"elementor-row\">\n\t\t\t\t\t<div class=\"elementor-column elementor-col-100 elementor-top-column elementor-element elementor-element-9c20570\" data-id=\"9c20570\" data-element_type=\"column\">\n\t\t\t<div class=\"elementor-column-wrap elementor-element-populated\">\n\t\t\t\t\t\t\t<div class=\"elementor-widget-wrap\">\n\t\t\t\t\t\t<div class=\"elementor-element elementor-element-4416def elementor-widget elementor-widget-heading\" data-id=\"4416def\" data-element_type=\"widget\" data-widget_type=\"heading.default\">\n\t\t\t\t<div class=\"elementor-widget-container\">\n\t\t\t<h2 class=\"elementor-heading-title elementor-size-default\">#AkcjaRekrutacja <\/h2>\t\t<\/div>\n\t\t\t\t<\/div>\n\t\t\t\t<div class=\"elementor-element elementor-element-a6802ef elementor-widget elementor-widget-text-editor\" data-id=\"a6802ef\" data-element_type=\"widget\" data-widget_type=\"text-editor.default\">\n\t\t\t\t<div class=\"elementor-widget-container\">\n\t\t\t\t\t\t\t\t<div class=\"elementor-text-editor elementor-clearfix\">\n\t\t\t\t\t<p><em>W zwi\u0105zku z podejmowan\u0105 przez nas inicjatyw\u0105 jak\u0105 jest <strong>stworzenie komisji tematycznych<\/strong> dzia\u0142aj\u0105cych przy M\u0142odzie\u017cowej Radzie Miasta Opola, chcieliby\u015bmy serdecznie poprosi\u0107 Was o wsp\u00f3\u0142prac\u0119.<\/em><\/p><p><em>Komisje b\u0119d\u0105 dzia\u0142a\u0107 w 4 nast\u0119puj\u0105cych obszarach tematycznych:\u00a0<\/em><\/p><ul><li><em>sport i kultura,<\/em><\/li><li><em>ochrona \u015brodowiska i infrastruktura,<\/em><\/li><li><em>r\u00f3wne traktowanie<\/em><\/li><li><em>promocja warto\u015bci i postaw.<\/em><\/li><\/ul><p><em>Do komisji mo\u017ce zg\u0142osi\u0107 si\u0119 dowolna ilo\u015b\u0107 os\u00f3b z ka\u017cdej szko\u0142y.<\/em><\/p><p><em>W listopadzie planowane jest powo\u0142anie komisji edukacji (ds. kontakt\u00f3w z Samorz\u0105dami Uczniowskimi).<\/em><\/p>\t\t\t\t\t<\/div>\n\t\t\t\t\t\t<\/div>\n\t\t\t\t<\/div>\n\t\t\t\t<div class=\"elementor-element elementor-element-ee5adda elementor-widget elementor-widget-text-editor\" data-id=\"ee5adda\" data-element_type=\"widget\" data-widget_type=\"text-editor.default\">\n\t\t\t\t<div class=\"elementor-widget-container\">\n\t\t\t\t\t\t\t\t<div class=\"elementor-text-editor elementor-clearfix\">\n\t\t\t\t\t<p style=\"margin-bottom: 1em; font-style: normal; font-variant-ligatures: normal; font-variant-caps: normal; font-weight: 400; font-size: 16px; font-family: Montserrat, sans-serif; letter-spacing: 0.2px;\"><em><strong>Rekrutacja potrwa od 13 wrze\u015bnia do 1 pa\u017adziernika 2021 r.<\/strong><\/em><\/p>\t\t\t\t\t<\/div>\n\t\t\t\t\t\t<\/div>\n\t\t\t\t<\/div>\n\t\t\t\t<div class=\"elementor-element elementor-element-857b701 elementor-widget elementor-widget-text-editor\" data-id=\"857b701\" data-element_type=\"widget\" data-widget_type=\"text-editor.default\">\n\t\t\t\t<div class=\"elementor-widget-container\">\n\t\t\t\t\t\t\t\t<div class=\"elementor-text-editor elementor-clearfix\">\n\t\t\t\t\t<p><em>W razie jakichkolwiek w\u0105tpliwo\u015bci mo\u017cna kontaktowa\u0107 si\u0119 mailowo: <a href=\"mailto:mlodziezoweopole@gmail.com\" target=\"_blank\" rel=\"noopener\">mlodziezoweopole@gmail.com<\/a>, pod nr. tel. 537 635 550 lub przez media spo\u0142eczno\u015bciowe.<\/em><\/p>\t\t\t\t\t<\/div>\n\t\t\t\t\t\t<\/div>\n\t\t\t\t<\/div>\n\t\t\t\t<div class=\"elementor-element elementor-element-cd2bf5f elementor-widget elementor-widget-text-editor\" data-id=\"cd2bf5f\" data-element_type=\"widget\" data-widget_type=\"text-editor.default\">\n\t\t\t\t<div class=\"elementor-widget-container\">\n\t\t\t\t\t\t\t\t<div class=\"elementor-text-editor elementor-clearfix\">\n\t\t\t\t\t<p>MRM<\/p>\t\t\t\t\t<\/div>\n\t\t\t\t\t\t<\/div>\n\t\t\t\t<\/div>\n\t\t\t\t<div class=\"elementor-element elementor-element-96154e1 elementor-widget elementor-widget-spacer\" data-id=\"96154e1\" data-element_type=\"widget\" data-widget_type=\"spacer.default\">\n\t\t\t\t<div class=\"elementor-widget-container\">\n\t\t\t\t\t<div class=\"elementor-spacer\">\n\t\t\t<div class=\"elementor-spacer-inner\"><\/div>\n\t\t<\/div>\n\t\t\t\t<\/div>\n\t\t\t\t<\/div>\n\t\t\t\t\t\t<\/div>\n\t\t\t\t\t<\/div>\n\t\t<\/div>\n\t\t\t\t\t\t\t\t<\/div>\n\t\t\t\t\t<\/div>\n\t\t<\/section>\n\t\t\t\t<section class=\"elementor-section elementor-top-section elementor-element elementor-element-13ec552 elementor-section-boxed elementor-section-height-default elementor-section-height-default\" data-id=\"13ec552\" data-element_type=\"section\" data-settings=\"{&quot;background_background&quot;:&quot;classic&quot;}\">\n\t\t\t\t\t\t<div class=\"elementor-container elementor-column-gap-default\">\n\t\t\t\t\t\t\t<div class=\"elementor-row\">\n\t\t\t\t\t<div class=\"elementor-column elementor-col-100 elementor-top-column elementor-element elementor-element-de5e959\" data-id=\"de5e959\" data-element_type=\"column\">\n\t\t\t<div class=\"elementor-column-wrap elementor-element-populated\">\n\t\t\t\t\t\t\t<div class=\"elementor-widget-wrap\">\n\t\t\t\t\t\t<div class=\"elementor-element elementor-element-29b9af9 elementor-widget elementor-widget-text-editor\" data-id=\"29b9af9\" data-element_type=\"widget\" data-widget_type=\"text-editor.default\">\n\t\t\t\t<div class=\"elementor-widget-container\">\n\t\t\t\t\t\t\t\t<div class=\"elementor-text-editor elementor-clearfix\">\n\t\t\t\t\t<p>Elektroniczny formularz rekrutacyjny, przez kt\u00f3ry mo\u017cna zg\u0142osi\u0107 si\u0119 do dzia\u0142alno\u015bci w poszczeg\u00f3lnej komisji znajduje si\u0119 pod linkiem:<br \/><br \/><\/p>\t\t\t\t\t<\/div>\n\t\t\t\t\t\t<\/div>\n\t\t\t\t<\/div>\n\t\t\t\t<div class=\"elementor-element elementor-element-92b1f0b elementor-align-center elementor-widget elementor-widget-button\" data-id=\"92b1f0b\" data-element_type=\"widget\" data-widget_type=\"button.default\">\n\t\t\t\t<div class=\"elementor-widget-container\">\n\t\t\t\t\t<div class=\"elementor-button-wrapper\">\n\t\t\t<a href=\"https:\/\/forms.gle\/NZxoUrGKKwHZVvNL6\" target=\"_blank\" class=\"elementor-button-link elementor-button elementor-size-sm\" role=\"button\">\n\t\t\t\t\t\t<span class=\"elementor-button-content-wrapper\">\n\t\t\t\t\t\t<span class=\"elementor-button-text\">Formularz rekrutacyjny<\/span>\n\t\t<\/span>\n\t\t\t\t\t<\/a>\n\t\t<\/div>\n\t\t\t\t<\/div>\n\t\t\t\t<\/div>\n\t\t\t\t\t\t<\/div>\n\t\t\t\t\t<\/div>\n\t\t<\/div>\n\t\t\t\t\t\t\t\t<\/div>\n\t\t\t\t\t<\/div>\n\t\t<\/section>\n\t\t\t\t<section class=\"elementor-section elementor-top-section elementor-element elementor-element-9eda407 elementor-section-boxed elementor-section-height-default elementor-section-height-default\" data-id=\"9eda407\" data-element_type=\"section\">\n\t\t\t\t\t\t<div class=\"elementor-container elementor-column-gap-default\">\n\t\t\t\t\t\t\t<div class=\"elementor-row\">\n\t\t\t\t\t<div class=\"elementor-column elementor-col-100 elementor-top-column elementor-element elementor-element-aeacfbb\" data-id=\"aeacfbb\" data-element_type=\"column\">\n\t\t\t<div class=\"elementor-column-wrap elementor-element-populated\">\n\t\t\t\t\t\t\t<div class=\"elementor-widget-wrap\">\n\t\t\t\t\t\t<div class=\"elementor-element elementor-element-221fcd4 elementor-widget elementor-widget-spacer\" data-id=\"221fcd4\" data-element_type=\"widget\" data-widget_type=\"spacer.default\">\n\t\t\t\t<div class=\"elementor-widget-container\">\n\t\t\t\t\t<div class=\"elementor-spacer\">\n\t\t\t<div class=\"elementor-spacer-inner\"><\/div>\n\t\t<\/div>\n\t\t\t\t<\/div>\n\t\t\t\t<\/div>\n\t\t\t\t<div class=\"elementor-element elementor-element-1d27a1e elementor-widget-divider--view-line elementor-widget elementor-widget-divider\" data-id=\"1d27a1e\" data-element_type=\"widget\" data-widget_type=\"divider.default\">\n\t\t\t\t<div class=\"elementor-widget-container\">\n\t\t\t\t\t<div class=\"elementor-divider\">\n\t\t\t<span class=\"elementor-divider-separator\">\n\t\t\t\t\t\t<\/span>\n\t\t<\/div>\n\t\t\t\t<\/div>\n\t\t\t\t<\/div>\n\t\t\t\t<div class=\"elementor-element elementor-element-4c2aab3 elementor-widget elementor-widget-heading\" data-id=\"4c2aab3\" data-element_type=\"widget\" data-widget_type=\"heading.default\">\n\t\t\t\t<div class=\"elementor-widget-container\">\n\t\t\t<h6 class=\"elementor-heading-title elementor-size-default\">sortuj aktualno\u015bci wed\u0142ug wybranych kategorii:<\/h6>\t\t<\/div>\n\t\t\t\t<\/div>\n\t\t\t\t\t\t<\/div>\n\t\t\t\t\t<\/div>\n\t\t<\/div>\n\t\t\t\t\t\t\t\t<\/div>\n\t\t\t\t\t<\/div>\n\t\t<\/section>\n\t\t\t\t<section class=\"elementor-section elementor-top-section elementor-element elementor-element-1e1cf655 elementor-section-boxed elementor-section-height-default elementor-section-height-default\" data-id=\"1e1cf655\" data-element_type=\"section\" data-settings=\"{&quot;background_background&quot;:&quot;classic&quot;}\">\n\t\t\t\t\t\t<div class=\"elementor-container elementor-column-gap-default\">\n\t\t\t\t\t\t\t<div class=\"elementor-row\">\n\t\t\t\t\t<div class=\"elementor-column elementor-col-100 elementor-top-column elementor-element elementor-element-28ae695a\" data-id=\"28ae695a\" data-element_type=\"column\">\n\t\t\t<div class=\"elementor-column-wrap elementor-element-populated\">\n\t\t\t\t\t\t\t<div class=\"elementor-widget-wrap\">\n\t\t\t\t\t\t<div class=\"elementor-element elementor-element-f170930 elementor-align-left elementor-widget elementor-widget-post-info\" data-id=\"f170930\" data-element_type=\"widget\" data-widget_type=\"post-info.default\">\n\t\t\t\t<div class=\"elementor-widget-container\">\n\t\t\t\t\t<ul class=\"elementor-icon-list-items elementor-post-info\">\n\t\t\t\t\t<li class=\"elementor-icon-list-item elementor-repeater-item-59e5d2e\" itemprop=\"about\">\n\t\t\t\t\t\t\t\t\t\t\t\t\t<span class=\"elementor-icon-list-text elementor-post-info__item elementor-post-info__item--type-terms\">\n\t\t\t\t\t\t\t\t\t\t<span class=\"elementor-post-info__terms-list\">\n\t\t\t\t<a href=\"http:\/\/ekonomik.opole.pl\/eko3\/tag\/mlodziezowa-rada-miasta-opola\/\" class=\"elementor-post-info__terms-list-item\">M\u0142odzie\u017cowa Rada Miasta Opola<\/a>, <a href=\"http:\/\/ekonomik.opole.pl\/eko3\/tag\/samorzad-uczniowski\/\" class=\"elementor-post-info__terms-list-item\">Samorz\u0105d Uczniowski<\/a>\t\t\t\t<\/span>\n\t\t\t\t\t<\/span>\n\t\t\t\t\t\t\t\t<\/li>\n\t\t\t\t<\/ul>\n\t\t\t\t<\/div>\n\t\t\t\t<\/div>\n\t\t\t\t<div class=\"elementor-element elementor-element-60e3a103 elementor-post-navigation-borders-yes elementor-widget elementor-widget-post-navigation\" data-id=\"60e3a103\" data-element_type=\"widget\" data-widget_type=\"post-navigation.default\">\n\t\t\t\t<div class=\"elementor-widget-container\">\n\t\t\t\t\t<div class=\"elementor-post-navigation\">\n\t\t\t<div class=\"elementor-post-navigation__prev elementor-post-navigation__link\">\n\t\t\t\t<a href=\"http:\/\/ekonomik.opole.pl\/eko3\/uczniowie-ekonomika-w-ogolnopolskim-finale-konkursu-o-podatkach\/\" rel=\"prev\"><span class=\"elementor-post-navigation__link__prev\"><span class=\"post-navigation__prev--label\">poprzedni wpis<\/span><span class=\"post-navigation__prev--title\">Uczniowie Ekonomika w Og\u00f3lnopolskim finale Konkursu o Podatkach<\/span><\/span><\/a>\t\t\t<\/div>\n\t\t\t\t\t\t\t<div class=\"elementor-post-navigation__separator-wrapper\">\n\t\t\t\t\t<div class=\"elementor-post-navigation__separator\"><\/div>\n\t\t\t\t<\/div>\n\t\t\t\t\t\t<div class=\"elementor-post-navigation__next elementor-post-navigation__link\">\n\t\t\t\t<a href=\"http:\/\/ekonomik.opole.pl\/eko3\/jarmark-franciszkanski-w-opolu-z-muzycznym-udzialem-uczniow-zsek\/\" rel=\"next\"><span class=\"elementor-post-navigation__link__next\"><span class=\"post-navigation__next--label\">nast\u0119pny wpis<\/span><span class=\"post-navigation__next--title\">Jarmark Franciszka\u0144ski w Opolu z muzycznym udzia\u0142em naszych uczni\u00f3w!<\/span><\/span><\/a>\t\t\t<\/div>\n\t\t<\/div>\n\t\t\t\t<\/div>\n\t\t\t\t<\/div>\n\t\t\t\t\t\t<\/div>\n\t\t\t\t\t<\/div>\n\t\t<\/div>\n\t\t\t\t\t\t\t\t<\/div>\n\t\t\t\t\t<\/div>\n\t\t<\/section>\n\t\t\t\t<section class=\"elementor-section elementor-top-section elementor-element elementor-element-63d696b1 elementor-section-boxed elementor-section-height-default elementor-section-height-default\" data-id=\"63d696b1\" data-element_type=\"section\" data-settings=\"{&quot;background_background&quot;:&quot;classic&quot;}\">\n\t\t\t\t\t\t<div class=\"elementor-container elementor-column-gap-default\">\n\t\t\t\t\t\t\t<div class=\"elementor-row\">\n\t\t\t\t\t<div class=\"elementor-column elementor-col-100 elementor-top-column elementor-element elementor-element-ebb54be\" data-id=\"ebb54be\" data-element_type=\"column\">\n\t\t\t<div class=\"elementor-column-wrap elementor-element-populated\">\n\t\t\t\t\t\t\t<div class=\"elementor-widget-wrap\">\n\t\t\t\t\t\t<div class=\"elementor-element elementor-element-36780074 elementor-grid-tablet-3 elementor-grid-3 elementor-grid-mobile-1 elementor-posts--thumbnail-top elementor-widget elementor-widget-posts\" data-id=\"36780074\" data-element_type=\"widget\" data-settings=\"{&quot;classic_columns_tablet&quot;:&quot;3&quot;,&quot;classic_columns&quot;:&quot;3&quot;,&quot;classic_columns_mobile&quot;:&quot;1&quot;,&quot;classic_row_gap&quot;:{&quot;unit&quot;:&quot;px&quot;,&quot;size&quot;:35,&quot;sizes&quot;:[]}}\" data-widget_type=\"posts.classic\">\n\t\t\t\t<div class=\"elementor-widget-container\">\n\t\t\t\t\t<div class=\"elementor-posts-container elementor-posts elementor-posts--skin-classic elementor-grid\">\n\t\t\t\t<article class=\"elementor-post elementor-grid-item post-999392 post type-post status-publish format-standard has-post-thumbnail hentry category-stypendium\">\n\t\t\t\t<a class=\"elementor-post__thumbnail__link\" href=\"http:\/\/ekonomik.opole.pl\/eko3\/marszalkowski-program-stypendialny-dla-uczniow-szkol-i-placowek-ksztalcenia-zawodowego-wojewodztwa-opolskiego-etap-ii\/\" >\n\t\t\t<div class=\"elementor-post__thumbnail\"><img width=\"212\" height=\"300\" src=\"http:\/\/ekonomik.opole.pl\/eko3\/wp-content\/uploads\/2026\/08\/plakat-212x300.webp\" class=\"attachment-medium size-medium\" alt=\"\" loading=\"lazy\" srcset=\"http:\/\/ekonomik.opole.pl\/eko3\/wp-content\/uploads\/2026\/08\/plakat-212x300.webp 212w, http:\/\/ekonomik.opole.pl\/eko3\/wp-content\/uploads\/2026\/08\/plakat-724x1024.webp 724w, http:\/\/ekonomik.opole.pl\/eko3\/wp-content\/uploads\/2026\/08\/plakat-768x1086.webp 768w, http:\/\/ekonomik.opole.pl\/eko3\/wp-content\/uploads\/2026\/08\/plakat-680x962.webp 680w, http:\/\/ekonomik.opole.pl\/eko3\/wp-content\/uploads\/2026\/08\/plakat.webp 1086w\" sizes=\"(max-width: 212px) 100vw, 212px\" \/><\/div>\n\t\t<\/a>\n\t\t\t\t<div class=\"elementor-post__text\">\n\t\t\t\t<h3 class=\"elementor-post__title\">\n\t\t\t<a href=\"http:\/\/ekonomik.opole.pl\/eko3\/marszalkowski-program-stypendialny-dla-uczniow-szkol-i-placowek-ksztalcenia-zawodowego-wojewodztwa-opolskiego-etap-ii\/\" >\n\t\t\t\tMarsza\u0142kowski Program Stypendialny dla uczni\u00f3w szk\u00f3\u0142 i plac\u00f3wek kszta\u0142cenia zawodowego wojew\u00f3dztwa opolskiego \u2013 etap II\t\t\t<\/a>\n\t\t<\/h3>\n\t\t\t\t<div class=\"elementor-post__meta-data\">\n\t\t\t\t\t<span class=\"elementor-post-date\">\n\t\t\t26 sierpnia, 2026\t\t<\/span>\n\t\t\t\t<\/div>\n\t\t\t\t<div class=\"elementor-post__excerpt\">\n\t\t\t<p>Zarz\u0105d Wojew\u00f3dztwa Opolskiego og\u0142asza nab\u00f3r wniosk\u00f3w o przyznanie stypendium w ramach projektu \u201eMarsza\u0142kowski Program Stypendialny dla uczni\u00f3w szk\u00f3\u0142 i plac\u00f3wek kszta\u0142cenia zawodowego wojew\u00f3dztwa opolskiego \u2013<\/p>\n\t\t<\/div>\n\t\t\t\t\t<a class=\"elementor-post__read-more\" href=\"http:\/\/ekonomik.opole.pl\/eko3\/marszalkowski-program-stypendialny-dla-uczniow-szkol-i-placowek-ksztalcenia-zawodowego-wojewodztwa-opolskiego-etap-ii\/\" >\n\t\t\t\tCzytaj wi\u0119cej...\t\t\t<\/a>\n\t\t\t\t<\/div>\n\t\t\t\t<\/article>\n\t\t\t\t<article class=\"elementor-post elementor-grid-item post-999389 post type-post status-publish format-standard has-post-thumbnail hentry category-informacja\">\n\t\t\t\t<a class=\"elementor-post__thumbnail__link\" href=\"http:\/\/ekonomik.opole.pl\/eko3\/uroczyste-rozpoczecie-roku-szkolnego-2026-2027\/\" >\n\t\t\t<div class=\"elementor-post__thumbnail\"><img width=\"300\" height=\"200\" src=\"http:\/\/ekonomik.opole.pl\/eko3\/wp-content\/uploads\/2026\/08\/rrk-300x200.webp\" class=\"attachment-medium size-medium\" alt=\"\" loading=\"lazy\" srcset=\"http:\/\/ekonomik.opole.pl\/eko3\/wp-content\/uploads\/2026\/08\/rrk-300x200.webp 300w, http:\/\/ekonomik.opole.pl\/eko3\/wp-content\/uploads\/2026\/08\/rrk-1024x682.webp 1024w, http:\/\/ekonomik.opole.pl\/eko3\/wp-content\/uploads\/2026\/08\/rrk-768x511.webp 768w, http:\/\/ekonomik.opole.pl\/eko3\/wp-content\/uploads\/2026\/08\/rrk-680x453.webp 680w, http:\/\/ekonomik.opole.pl\/eko3\/wp-content\/uploads\/2026\/08\/rrk.webp 1200w\" sizes=\"(max-width: 300px) 100vw, 300px\" \/><\/div>\n\t\t<\/a>\n\t\t\t\t<div class=\"elementor-post__text\">\n\t\t\t\t<h3 class=\"elementor-post__title\">\n\t\t\t<a href=\"http:\/\/ekonomik.opole.pl\/eko3\/uroczyste-rozpoczecie-roku-szkolnego-2026-2027\/\" >\n\t\t\t\tUroczyste rozpocz\u0119cie roku szkolnego 2026\/2027\t\t\t<\/a>\n\t\t<\/h3>\n\t\t\t\t<div class=\"elementor-post__meta-data\">\n\t\t\t\t\t<span class=\"elementor-post-date\">\n\t\t\t26 sierpnia, 2026\t\t<\/span>\n\t\t\t\t<\/div>\n\t\t\t\t<div class=\"elementor-post__excerpt\">\n\t\t\t<p>Rozpocz\u0119cie odb\u0119dzie si\u0119 wed\u0142ug harmonogramu: godz. 8.00 \u2013 msza \u015bw. dla ch\u0119tnych uczni\u00f3w w ko\u015bciele \u015bw. Piotra i Paw\u0142a godz. 9.00 \u2013 rozpocz\u0119cie roku szkolnego<\/p>\n\t\t<\/div>\n\t\t\t\t\t<a class=\"elementor-post__read-more\" href=\"http:\/\/ekonomik.opole.pl\/eko3\/uroczyste-rozpoczecie-roku-szkolnego-2026-2027\/\" >\n\t\t\t\tCzytaj wi\u0119cej...\t\t\t<\/a>\n\t\t\t\t<\/div>\n\t\t\t\t<\/article>\n\t\t\t\t<article class=\"elementor-post elementor-grid-item post-999386 post type-post status-publish format-standard has-post-thumbnail hentry category-informacja\">\n\t\t\t\t<a class=\"elementor-post__thumbnail__link\" href=\"http:\/\/ekonomik.opole.pl\/eko3\/szkola-zamknieta-w-dniu-14-08\/\" >\n\t\t\t<div class=\"elementor-post__thumbnail\"><img width=\"300\" height=\"209\" src=\"http:\/\/ekonomik.opole.pl\/eko3\/wp-content\/uploads\/2025\/04\/pexels-photo-16213402-300x209.webp\" class=\"attachment-medium size-medium\" alt=\"\" loading=\"lazy\" srcset=\"http:\/\/ekonomik.opole.pl\/eko3\/wp-content\/uploads\/2025\/04\/pexels-photo-16213402-300x209.webp 300w, http:\/\/ekonomik.opole.pl\/eko3\/wp-content\/uploads\/2025\/04\/pexels-photo-16213402-1024x712.webp 1024w, http:\/\/ekonomik.opole.pl\/eko3\/wp-content\/uploads\/2025\/04\/pexels-photo-16213402-768x534.webp 768w, http:\/\/ekonomik.opole.pl\/eko3\/wp-content\/uploads\/2025\/04\/pexels-photo-16213402-1536x1068.webp 1536w, http:\/\/ekonomik.opole.pl\/eko3\/wp-content\/uploads\/2025\/04\/pexels-photo-16213402-1360x946.webp 1360w, http:\/\/ekonomik.opole.pl\/eko3\/wp-content\/uploads\/2025\/04\/pexels-photo-16213402-680x473.webp 680w, http:\/\/ekonomik.opole.pl\/eko3\/wp-content\/uploads\/2025\/04\/pexels-photo-16213402.webp 1600w\" sizes=\"(max-width: 300px) 100vw, 300px\" \/><\/div>\n\t\t<\/a>\n\t\t\t\t<div class=\"elementor-post__text\">\n\t\t\t\t<h3 class=\"elementor-post__title\">\n\t\t\t<a href=\"http:\/\/ekonomik.opole.pl\/eko3\/szkola-zamknieta-w-dniu-14-08\/\" >\n\t\t\t\tSzko\u0142a zamkni\u0119ta w dniu 14.08\t\t\t<\/a>\n\t\t<\/h3>\n\t\t\t\t<div class=\"elementor-post__meta-data\">\n\t\t\t\t\t<span class=\"elementor-post-date\">\n\t\t\t13 sierpnia, 2026\t\t<\/span>\n\t\t\t\t<\/div>\n\t\t\t\t<div class=\"elementor-post__excerpt\">\n\t\t\t<p>Uprzejmie informujemy, \u017ce w dniu 14.08 (pi\u0105tek) budynek szko\u0142y b\u0119dzie zamkni\u0119ty. Zapraszamy ponownie w poniedzia\u0142ek.<\/p>\n\t\t<\/div>\n\t\t\t\t\t<a class=\"elementor-post__read-more\" href=\"http:\/\/ekonomik.opole.pl\/eko3\/szkola-zamknieta-w-dniu-14-08\/\" >\n\t\t\t\tCzytaj wi\u0119cej...\t\t\t<\/a>\n\t\t\t\t<\/div>\n\t\t\t\t<\/article>\n\t\t\t\t<\/div>\n\t\t\t\t<\/div>\n\t\t\t\t<\/div>\n\t\t\t\t\t\t<\/div>\n\t\t\t\t\t<\/div>\n\t\t<\/div>\n\t\t\t\t\t\t\t\t<\/div>\n\t\t\t\t\t<\/div>\n\t\t<\/section>\n\t\t\t\t\t\t<\/div>\n\t\t\t\t\t\t<\/div>\n\t\t\t\t\t<\/div>\n\t\t","protected":false},"excerpt":{"rendered":"<p>#AkcjaRekrutacja W zwi\u0105zku z podejmowan\u0105 przez nas inicjatyw\u0105 jak\u0105 jest stworzenie komisji tematycznych dzia\u0142aj\u0105cych przy M\u0142odzie\u017cowej Radzie Miasta Opola, chcieliby\u015bmy serdecznie poprosi\u0107 Was o wsp\u00f3\u0142prac\u0119. Komisje b\u0119d\u0105 dzia\u0142a\u0107 w 4 nast\u0119puj\u0105cych obszarach tematycznych:\u00a0 sport i kultura, ochrona \u015brodowiska i infrastruktura, r\u00f3wne traktowanie promocja warto\u015bci i postaw. Do komisji mo\u017ce zg\u0142osi\u0107 si\u0119 dowolna ilo\u015b\u0107 os\u00f3b z&#8230;<\/p>\n","protected":false},"author":1,"featured_media":993445,"comment_status":"closed","ping_status":"open","sticky":false,"template":"","format":"standard","meta":{"inline_featured_image":false},"categories":[131],"tags":[201,130],"_links":{"self":[{"href":"http:\/\/ekonomik.opole.pl\/eko3\/wp-json\/wp\/v2\/posts\/993440"}],"collection":[{"href":"http:\/\/ekonomik.opole.pl\/eko3\/wp-json\/wp\/v2\/posts"}],"about":[{"href":"http:\/\/ekonomik.opole.pl\/eko3\/wp-json\/wp\/v2\/types\/post"}],"author":[{"embeddable":true,"href":"http:\/\/ekonomik.opole.pl\/eko3\/wp-json\/wp\/v2\/users\/1"}],"replies":[{"embeddable":true,"href":"http:\/\/ekonomik.opole.pl\/eko3\/wp-json\/wp\/v2\/comments?post=993440"}],"version-history":[{"count":22,"href":"http:\/\/ekonomik.opole.pl\/eko3\/wp-json\/wp\/v2\/posts\/993440\/revisions"}],"predecessor-version":[{"id":993465,"href":"http:\/\/ekonomik.opole.pl\/eko3\/wp-json\/wp\/v2\/posts\/993440\/revisions\/993465"}],"wp:featuredmedia":[{"embeddable":true,"href":"http:\/\/ekonomik.opole.pl\/eko3\/wp-json\/wp\/v2\/media\/993445"}],"wp:attachment":[{"href":"http:\/\/ekonomik.opole.pl\/eko3\/wp-json\/wp\/v2\/media?parent=993440"}],"wp:term":[{"taxonomy":"category","embeddable":true,"href":"http:\/\/ekonomik.opole.pl\/eko3\/wp-json\/wp\/v2\/categories?post=993440"},{"taxonomy":"post_tag","embeddable":true,"href":"http:\/\/ekonomik.opole.pl\/eko3\/wp-json\/wp\/v2\/tags?post=993440"}],"curies":[{"name":"wp","href":"https:\/\/api.w.org\/{rel}","templated":true}]}}