{"id":993515,"date":"2021-09-21T07:13:34","date_gmt":"2021-09-21T05:13:34","guid":{"rendered":"http:\/\/ekonomik.opole.pl\/eko3\/?p=993515"},"modified":"2021-09-21T07:29:44","modified_gmt":"2021-09-21T05:29:44","slug":"jarmark-franciszkanski-w-opolu-z-muzycznym-udzialem-uczniow-zsek","status":"publish","type":"post","link":"http:\/\/ekonomik.opole.pl\/eko3\/jarmark-franciszkanski-w-opolu-z-muzycznym-udzialem-uczniow-zsek\/","title":{"rendered":"Jarmark Franciszka\u0144ski w Opolu z muzycznym udzia\u0142em naszych uczni\u00f3w!"},"content":{"rendered":"\t\t<div data-elementor-type=\"wp-post\" data-elementor-id=\"993515\" class=\"elementor elementor-993515\" data-elementor-settings=\"[]\">\n\t\t\t\t\t\t<div class=\"elementor-inner\">\n\t\t\t\t\t\t\t<div class=\"elementor-section-wrap\">\n\t\t\t\t\t\t\t<section class=\"elementor-section elementor-top-section elementor-element elementor-element-2352ee96 elementor-section-boxed elementor-section-height-default elementor-section-height-default\" data-id=\"2352ee96\" data-element_type=\"section\">\n\t\t\t\t\t\t<div class=\"elementor-container elementor-column-gap-default\">\n\t\t\t\t\t\t\t<div class=\"elementor-row\">\n\t\t\t\t\t<div class=\"elementor-column elementor-col-100 elementor-top-column elementor-element elementor-element-29dcb301\" data-id=\"29dcb301\" data-element_type=\"column\">\n\t\t\t<div class=\"elementor-column-wrap elementor-element-populated\">\n\t\t\t\t\t\t\t<div class=\"elementor-widget-wrap\">\n\t\t\t\t\t\t<div class=\"elementor-element elementor-element-1465d050 elementor-invisible elementor-widget elementor-widget-heading\" data-id=\"1465d050\" data-element_type=\"widget\" data-settings=\"{&quot;_animation&quot;:&quot;fadeIn&quot;,&quot;_animation_delay&quot;:500}\" data-widget_type=\"heading.default\">\n\t\t\t\t<div class=\"elementor-widget-container\">\n\t\t\t<h2 class=\"elementor-heading-title elementor-size-default\">Muzycy z Ekonomika na opolskiej scenie<\/h2>\t\t<\/div>\n\t\t\t\t<\/div>\n\t\t\t\t<div class=\"elementor-element elementor-element-47982484 elementor-widget elementor-widget-text-editor\" data-id=\"47982484\" data-element_type=\"widget\" data-widget_type=\"text-editor.default\">\n\t\t\t\t<div class=\"elementor-widget-container\">\n\t\t\t\t\t\t\t\t<div class=\"elementor-text-editor elementor-clearfix\">\n\t\t\t\t\t<p class=\"gwp01f219a8_MsoNormal\">Na scenie XXXI Jarmarku Franciszka\u0144skiego w Opolu zaprezentowali si\u0119 laureaci Przegl\u0105du Piosenki Religijnej, zorganizowanego przez katolickie szko\u0142y Stowarzyszenia Przyjaci\u00f3\u0142 Szk\u00f3\u0142 Katolickich w Opolu.\u00a0<\/p>\t\t\t\t\t<\/div>\n\t\t\t\t\t\t<\/div>\n\t\t\t\t<\/div>\n\t\t\t\t<div class=\"elementor-element elementor-element-508851eb elementor-widget elementor-widget-text-editor\" data-id=\"508851eb\" data-element_type=\"widget\" data-widget_type=\"text-editor.default\">\n\t\t\t\t<div class=\"elementor-widget-container\">\n\t\t\t\t\t\t\t\t<div class=\"elementor-text-editor elementor-clearfix\">\n\t\t\t\t\t<p>W\u015br\u00f3d wykonawc\u00f3w zaprezentowa\u0142a si\u0119 nasza uczennica, <strong>Natalia Hurek<\/strong> z klasy 4D \u2013 laureatka 1 miejsca w kategorii solist\u00f3w oraz szkolna grupa wokalno-instrumentalna <strong>\u201eWork in Progress\u201d<\/strong> \u2013 zdobywcy 2 miejsca w kategorii zespo\u0142\u00f3w.<\/p>\t\t\t\t\t<\/div>\n\t\t\t\t\t\t<\/div>\n\t\t\t\t<\/div>\n\t\t\t\t<div class=\"elementor-element elementor-element-69bb25d elementor-widget elementor-widget-text-editor\" data-id=\"69bb25d\" data-element_type=\"widget\" data-widget_type=\"text-editor.default\">\n\t\t\t\t<div class=\"elementor-widget-container\">\n\t\t\t\t\t\t\t\t<div class=\"elementor-text-editor elementor-clearfix\">\n\t\t\t\t\t<p class=\"gwp01f219a8_MsoNormal\">Natalia wykona\u0142a \u201eYou Say\u201d z repertuaru Lauren Daigle, natomiast zesp\u00f3\u0142 Work in Progress \u201eNadejdzie dzie\u0144\u201d z repertuaru TGD.<\/p>\t\t\t\t\t<\/div>\n\t\t\t\t\t\t<\/div>\n\t\t\t\t<\/div>\n\t\t\t\t<div class=\"elementor-element elementor-element-0caa34b elementor-widget elementor-widget-spacer\" data-id=\"0caa34b\" data-element_type=\"widget\" data-widget_type=\"spacer.default\">\n\t\t\t\t<div class=\"elementor-widget-container\">\n\t\t\t\t\t<div class=\"elementor-spacer\">\n\t\t\t<div class=\"elementor-spacer-inner\"><\/div>\n\t\t<\/div>\n\t\t\t\t<\/div>\n\t\t\t\t<\/div>\n\t\t\t\t\t\t<\/div>\n\t\t\t\t\t<\/div>\n\t\t<\/div>\n\t\t\t\t\t\t\t\t<\/div>\n\t\t\t\t\t<\/div>\n\t\t<\/section>\n\t\t\t\t<section class=\"elementor-section elementor-top-section elementor-element elementor-element-4f9a312 elementor-section-boxed elementor-section-height-default elementor-section-height-default\" data-id=\"4f9a312\" data-element_type=\"section\">\n\t\t\t\t\t\t<div class=\"elementor-container elementor-column-gap-default\">\n\t\t\t\t\t\t\t<div class=\"elementor-row\">\n\t\t\t\t\t<div class=\"elementor-column elementor-col-100 elementor-top-column elementor-element elementor-element-cc09228\" data-id=\"cc09228\" data-element_type=\"column\">\n\t\t\t<div class=\"elementor-column-wrap elementor-element-populated\">\n\t\t\t\t\t\t\t<div class=\"elementor-widget-wrap\">\n\t\t\t\t\t\t<div class=\"elementor-element elementor-element-087ce72 elementor-widget-divider--view-line elementor-widget elementor-widget-divider\" data-id=\"087ce72\" data-element_type=\"widget\" data-widget_type=\"divider.default\">\n\t\t\t\t<div class=\"elementor-widget-container\">\n\t\t\t\t\t<div class=\"elementor-divider\">\n\t\t\t<span class=\"elementor-divider-separator\">\n\t\t\t\t\t\t<\/span>\n\t\t<\/div>\n\t\t\t\t<\/div>\n\t\t\t\t<\/div>\n\t\t\t\t<div class=\"elementor-element elementor-element-67ac97c elementor-view-default elementor-position-top elementor-vertical-align-top elementor-widget elementor-widget-icon-box\" data-id=\"67ac97c\" data-element_type=\"widget\" data-widget_type=\"icon-box.default\">\n\t\t\t\t<div class=\"elementor-widget-container\">\n\t\t\t\t\t<div class=\"elementor-icon-box-wrapper\">\n\t\t\t\t\t\t<div class=\"elementor-icon-box-icon\">\n\t\t\t\t<span class=\"elementor-icon elementor-animation-\" >\n\t\t\t\t<i aria-hidden=\"true\" class=\"fas fa-music\"><\/i>\t\t\t\t<\/span>\n\t\t\t<\/div>\n\t\t\t\t\t\t<div class=\"elementor-icon-box-content\">\n\t\t\t\t<h3 class=\"elementor-icon-box-title\">\n\t\t\t\t\t<span >\u201e\u015apiewa\u0107 ka\u017cdy mo\u017ce\u2026\u201d<\/span>\n\t\t\t\t<\/h3>\n\t\t\t\t\t\t\t\t<p class=\"elementor-icon-box-description\">... dlatego wszystkich wokalist\u00f3w i instrumentalist\u00f3w, kt\u00f3rzy pragn\u0105 rozwija\u0107 swoje pasje muzyczne w zespole \"Work in Progress\", zach\u0119camy do kontaktu z Panem Damianem Ka\u017amierczakiem \u2013 opiekunem grupy.<\/p>\n\t\t\t\t\t\t\t<\/div>\n\t\t<\/div>\n\t\t\t\t<\/div>\n\t\t\t\t<\/div>\n\t\t\t\t\t\t<\/div>\n\t\t\t\t\t<\/div>\n\t\t<\/div>\n\t\t\t\t\t\t\t\t<\/div>\n\t\t\t\t\t<\/div>\n\t\t<\/section>\n\t\t\t\t<section class=\"elementor-section elementor-top-section elementor-element elementor-element-1d1ca9a elementor-section-boxed elementor-section-height-default elementor-section-height-default\" data-id=\"1d1ca9a\" data-element_type=\"section\">\n\t\t\t\t\t\t<div class=\"elementor-container elementor-column-gap-default\">\n\t\t\t\t\t\t\t<div class=\"elementor-row\">\n\t\t\t\t\t<div class=\"elementor-column elementor-col-100 elementor-top-column elementor-element elementor-element-7d87220\" data-id=\"7d87220\" data-element_type=\"column\">\n\t\t\t<div class=\"elementor-column-wrap elementor-element-populated\">\n\t\t\t\t\t\t\t<div class=\"elementor-widget-wrap\">\n\t\t\t\t\t\t<div class=\"elementor-element elementor-element-4305d4e elementor-widget-divider--view-line elementor-widget elementor-widget-divider\" data-id=\"4305d4e\" data-element_type=\"widget\" data-widget_type=\"divider.default\">\n\t\t\t\t<div class=\"elementor-widget-container\">\n\t\t\t\t\t<div class=\"elementor-divider\">\n\t\t\t<span class=\"elementor-divider-separator\">\n\t\t\t\t\t\t<\/span>\n\t\t<\/div>\n\t\t\t\t<\/div>\n\t\t\t\t<\/div>\n\t\t\t\t<div class=\"elementor-element elementor-element-cdc2768 elementor-widget elementor-widget-spacer\" data-id=\"cdc2768\" data-element_type=\"widget\" data-widget_type=\"spacer.default\">\n\t\t\t\t<div class=\"elementor-widget-container\">\n\t\t\t\t\t<div class=\"elementor-spacer\">\n\t\t\t<div class=\"elementor-spacer-inner\"><\/div>\n\t\t<\/div>\n\t\t\t\t<\/div>\n\t\t\t\t<\/div>\n\t\t\t\t<div class=\"elementor-element elementor-element-bd3820d elementor-widget elementor-widget-image\" data-id=\"bd3820d\" data-element_type=\"widget\" data-widget_type=\"image.default\">\n\t\t\t\t<div class=\"elementor-widget-container\">\n\t\t\t\t\t\t\t\t<div class=\"elementor-image\">\n\t\t\t\t\t\t\t\t\t<figure class=\"wp-caption\">\n\t\t\t\t\t\t\t\t\t\t<img width=\"810\" height=\"540\" src=\"http:\/\/ekonomik.opole.pl\/eko3\/wp-content\/uploads\/2021\/09\/1.jpg\" class=\"attachment-large size-large\" alt=\"Jarmark Franciszka\u0144ski w Opolu\" loading=\"lazy\" srcset=\"http:\/\/ekonomik.opole.pl\/eko3\/wp-content\/uploads\/2021\/09\/1.jpg 810w, http:\/\/ekonomik.opole.pl\/eko3\/wp-content\/uploads\/2021\/09\/1-300x200.jpg 300w, http:\/\/ekonomik.opole.pl\/eko3\/wp-content\/uploads\/2021\/09\/1-768x512.jpg 768w, http:\/\/ekonomik.opole.pl\/eko3\/wp-content\/uploads\/2021\/09\/1-680x453.jpg 680w\" sizes=\"(max-width: 810px) 100vw, 810px\" \/>\t\t\t\t\t\t\t\t\t\t\t<figcaption class=\"widget-image-caption wp-caption-text\">Jarmar Franciszka\u0144ski w Opolu, na scenie \"Work in Progress\". Fot. Krzysztof Piotr Czajor<\/figcaption>\n\t\t\t\t\t\t\t\t\t\t<\/figure>\n\t\t\t\t\t\t\t\t<\/div>\n\t\t\t\t\t\t<\/div>\n\t\t\t\t<\/div>\n\t\t\t\t\t\t<\/div>\n\t\t\t\t\t<\/div>\n\t\t<\/div>\n\t\t\t\t\t\t\t\t<\/div>\n\t\t\t\t\t<\/div>\n\t\t<\/section>\n\t\t\t\t<section class=\"elementor-section elementor-top-section elementor-element elementor-element-792494f2 elementor-section-boxed elementor-section-height-default elementor-section-height-default\" data-id=\"792494f2\" data-element_type=\"section\">\n\t\t\t\t\t\t<div class=\"elementor-container elementor-column-gap-default\">\n\t\t\t\t\t\t\t<div class=\"elementor-row\">\n\t\t\t\t\t<div class=\"elementor-column elementor-col-100 elementor-top-column elementor-element elementor-element-28d46970\" data-id=\"28d46970\" data-element_type=\"column\">\n\t\t\t<div class=\"elementor-column-wrap elementor-element-populated\">\n\t\t\t\t\t\t\t<div class=\"elementor-widget-wrap\">\n\t\t\t\t\t\t<div class=\"elementor-element elementor-element-f59b71c elementor-widget elementor-widget-spacer\" data-id=\"f59b71c\" data-element_type=\"widget\" data-widget_type=\"spacer.default\">\n\t\t\t\t<div class=\"elementor-widget-container\">\n\t\t\t\t\t<div class=\"elementor-spacer\">\n\t\t\t<div class=\"elementor-spacer-inner\"><\/div>\n\t\t<\/div>\n\t\t\t\t<\/div>\n\t\t\t\t<\/div>\n\t\t\t\t\t\t<\/div>\n\t\t\t\t\t<\/div>\n\t\t<\/div>\n\t\t\t\t\t\t\t\t<\/div>\n\t\t\t\t\t<\/div>\n\t\t<\/section>\n\t\t\t\t<section class=\"elementor-section elementor-top-section elementor-element elementor-element-38931996 elementor-section-boxed elementor-section-height-default elementor-section-height-default\" data-id=\"38931996\" data-element_type=\"section\">\n\t\t\t\t\t\t<div class=\"elementor-container elementor-column-gap-default\">\n\t\t\t\t\t\t\t<div class=\"elementor-row\">\n\t\t\t\t\t<div class=\"elementor-column elementor-col-100 elementor-top-column elementor-element elementor-element-187a4ef0\" data-id=\"187a4ef0\" data-element_type=\"column\">\n\t\t\t<div class=\"elementor-column-wrap elementor-element-populated\">\n\t\t\t\t\t\t\t<div class=\"elementor-widget-wrap\">\n\t\t\t\t\t\t<div class=\"elementor-element elementor-element-271d103e elementor-widget-divider--view-line elementor-widget elementor-widget-divider\" data-id=\"271d103e\" data-element_type=\"widget\" data-widget_type=\"divider.default\">\n\t\t\t\t<div class=\"elementor-widget-container\">\n\t\t\t\t\t<div class=\"elementor-divider\">\n\t\t\t<span class=\"elementor-divider-separator\">\n\t\t\t\t\t\t<\/span>\n\t\t<\/div>\n\t\t\t\t<\/div>\n\t\t\t\t<\/div>\n\t\t\t\t\t\t<\/div>\n\t\t\t\t\t<\/div>\n\t\t<\/div>\n\t\t\t\t\t\t\t\t<\/div>\n\t\t\t\t\t<\/div>\n\t\t<\/section>\n\t\t\t\t<section class=\"elementor-section elementor-top-section elementor-element elementor-element-7bdc1ebc elementor-section-boxed elementor-section-height-default elementor-section-height-default\" data-id=\"7bdc1ebc\" data-element_type=\"section\">\n\t\t\t\t\t\t<div class=\"elementor-container elementor-column-gap-default\">\n\t\t\t\t\t\t\t<div class=\"elementor-row\">\n\t\t\t\t\t<div class=\"elementor-column elementor-col-100 elementor-top-column elementor-element elementor-element-5a27a400\" data-id=\"5a27a400\" data-element_type=\"column\">\n\t\t\t<div class=\"elementor-column-wrap elementor-element-populated\">\n\t\t\t\t\t\t\t<div class=\"elementor-widget-wrap\">\n\t\t\t\t\t\t<div class=\"elementor-element elementor-element-29c71643 elementor-widget elementor-widget-heading\" data-id=\"29c71643\" data-element_type=\"widget\" data-widget_type=\"heading.default\">\n\t\t\t\t<div class=\"elementor-widget-container\">\n\t\t\t<h6 class=\"elementor-heading-title elementor-size-default\">sortuj wed\u0142ug wybranych tag\u00f3w i kategorii:<\/h6>\t\t<\/div>\n\t\t\t\t<\/div>\n\t\t\t\t\t\t<\/div>\n\t\t\t\t\t<\/div>\n\t\t<\/div>\n\t\t\t\t\t\t\t\t<\/div>\n\t\t\t\t\t<\/div>\n\t\t<\/section>\n\t\t\t\t<section class=\"elementor-section elementor-top-section elementor-element elementor-element-2862e4cb elementor-section-boxed elementor-section-height-default elementor-section-height-default\" data-id=\"2862e4cb\" data-element_type=\"section\" data-settings=\"{&quot;background_background&quot;:&quot;classic&quot;}\">\n\t\t\t\t\t\t<div class=\"elementor-container elementor-column-gap-default\">\n\t\t\t\t\t\t\t<div class=\"elementor-row\">\n\t\t\t\t\t<div class=\"elementor-column elementor-col-100 elementor-top-column elementor-element elementor-element-6df7ba87\" data-id=\"6df7ba87\" data-element_type=\"column\">\n\t\t\t<div class=\"elementor-column-wrap elementor-element-populated\">\n\t\t\t\t\t\t\t<div class=\"elementor-widget-wrap\">\n\t\t\t\t\t\t<div class=\"elementor-element elementor-element-2f6481e4 elementor-align-left elementor-widget elementor-widget-post-info\" data-id=\"2f6481e4\" data-element_type=\"widget\" data-widget_type=\"post-info.default\">\n\t\t\t\t<div class=\"elementor-widget-container\">\n\t\t\t\t\t<ul class=\"elementor-icon-list-items elementor-post-info\">\n\t\t\t\t\t<li class=\"elementor-icon-list-item elementor-repeater-item-59e5d2e\" itemprop=\"about\">\n\t\t\t\t\t\t\t\t\t\t\t\t\t<span class=\"elementor-icon-list-text elementor-post-info__item elementor-post-info__item--type-terms\">\n\t\t\t\t\t\t\t\t\t\t<span class=\"elementor-post-info__terms-list\">\n\t\t\t\t<a href=\"http:\/\/ekonomik.opole.pl\/eko3\/tag\/muzyka\/\" class=\"elementor-post-info__terms-list-item\">Muzyka<\/a>, <a href=\"http:\/\/ekonomik.opole.pl\/eko3\/tag\/work-in-progress\/\" class=\"elementor-post-info__terms-list-item\">Work in Progress<\/a>\t\t\t\t<\/span>\n\t\t\t\t\t<\/span>\n\t\t\t\t\t\t\t\t<\/li>\n\t\t\t\t<\/ul>\n\t\t\t\t<\/div>\n\t\t\t\t<\/div>\n\t\t\t\t<div class=\"elementor-element elementor-element-40de7b6e elementor-post-navigation-borders-yes elementor-widget elementor-widget-post-navigation\" data-id=\"40de7b6e\" data-element_type=\"widget\" data-widget_type=\"post-navigation.default\">\n\t\t\t\t<div class=\"elementor-widget-container\">\n\t\t\t\t\t<div class=\"elementor-post-navigation\">\n\t\t\t<div class=\"elementor-post-navigation__prev elementor-post-navigation__link\">\n\t\t\t\t<a href=\"http:\/\/ekonomik.opole.pl\/eko3\/mrm\/\" rel=\"prev\"><span class=\"elementor-post-navigation__link__prev\"><span class=\"post-navigation__prev--label\">poprzedni wpis<\/span><span class=\"post-navigation__prev--title\">Rusza #AkcjaRekrutacja do M\u0142odzie\u017cowej Rady Miasta Opola!<\/span><\/span><\/a>\t\t\t<\/div>\n\t\t\t\t\t\t\t<div class=\"elementor-post-navigation__separator-wrapper\">\n\t\t\t\t\t<div class=\"elementor-post-navigation__separator\"><\/div>\n\t\t\t\t<\/div>\n\t\t\t\t\t\t<div class=\"elementor-post-navigation__next elementor-post-navigation__link\">\n\t\t\t\t<a href=\"http:\/\/ekonomik.opole.pl\/eko3\/work-in-progress-na-deskach-filharmonii-opolskiej\/\" rel=\"next\"><span class=\"elementor-post-navigation__link__next\"><span class=\"post-navigation__next--label\">nast\u0119pny wpis<\/span><span class=\"post-navigation__next--title\">Work in Progress na deskach Filharmonii Opolskiej!<\/span><\/span><\/a>\t\t\t<\/div>\n\t\t<\/div>\n\t\t\t\t<\/div>\n\t\t\t\t<\/div>\n\t\t\t\t\t\t<\/div>\n\t\t\t\t\t<\/div>\n\t\t<\/div>\n\t\t\t\t\t\t\t\t<\/div>\n\t\t\t\t\t<\/div>\n\t\t<\/section>\n\t\t\t\t<section class=\"elementor-section elementor-top-section elementor-element elementor-element-14cee3d9 elementor-section-boxed elementor-section-height-default elementor-section-height-default\" data-id=\"14cee3d9\" data-element_type=\"section\" data-settings=\"{&quot;background_background&quot;:&quot;classic&quot;}\">\n\t\t\t\t\t\t<div class=\"elementor-container elementor-column-gap-default\">\n\t\t\t\t\t\t\t<div class=\"elementor-row\">\n\t\t\t\t\t<div class=\"elementor-column elementor-col-100 elementor-top-column elementor-element elementor-element-2737296d\" data-id=\"2737296d\" data-element_type=\"column\">\n\t\t\t<div class=\"elementor-column-wrap elementor-element-populated\">\n\t\t\t\t\t\t\t<div class=\"elementor-widget-wrap\">\n\t\t\t\t\t\t<div class=\"elementor-element elementor-element-1e621046 elementor-grid-tablet-3 elementor-grid-3 elementor-grid-mobile-1 elementor-posts--thumbnail-top elementor-widget elementor-widget-posts\" data-id=\"1e621046\" data-element_type=\"widget\" data-settings=\"{&quot;classic_columns_tablet&quot;:&quot;3&quot;,&quot;classic_columns&quot;:&quot;3&quot;,&quot;classic_columns_mobile&quot;:&quot;1&quot;,&quot;classic_row_gap&quot;:{&quot;unit&quot;:&quot;px&quot;,&quot;size&quot;:35,&quot;sizes&quot;:[]}}\" data-widget_type=\"posts.classic\">\n\t\t\t\t<div class=\"elementor-widget-container\">\n\t\t\t\t\t<div class=\"elementor-posts-container elementor-posts elementor-posts--skin-classic elementor-grid\">\n\t\t\t\t<article class=\"elementor-post elementor-grid-item post-999392 post type-post status-publish format-standard has-post-thumbnail hentry category-stypendium\">\n\t\t\t\t<a class=\"elementor-post__thumbnail__link\" href=\"http:\/\/ekonomik.opole.pl\/eko3\/marszalkowski-program-stypendialny-dla-uczniow-szkol-i-placowek-ksztalcenia-zawodowego-wojewodztwa-opolskiego-etap-ii\/\" >\n\t\t\t<div class=\"elementor-post__thumbnail\"><img width=\"212\" height=\"300\" src=\"http:\/\/ekonomik.opole.pl\/eko3\/wp-content\/uploads\/2026\/08\/plakat-212x300.webp\" class=\"attachment-medium size-medium\" alt=\"\" loading=\"lazy\" srcset=\"http:\/\/ekonomik.opole.pl\/eko3\/wp-content\/uploads\/2026\/08\/plakat-212x300.webp 212w, http:\/\/ekonomik.opole.pl\/eko3\/wp-content\/uploads\/2026\/08\/plakat-724x1024.webp 724w, http:\/\/ekonomik.opole.pl\/eko3\/wp-content\/uploads\/2026\/08\/plakat-768x1086.webp 768w, http:\/\/ekonomik.opole.pl\/eko3\/wp-content\/uploads\/2026\/08\/plakat-680x962.webp 680w, http:\/\/ekonomik.opole.pl\/eko3\/wp-content\/uploads\/2026\/08\/plakat.webp 1086w\" sizes=\"(max-width: 212px) 100vw, 212px\" \/><\/div>\n\t\t<\/a>\n\t\t\t\t<div class=\"elementor-post__text\">\n\t\t\t\t<h3 class=\"elementor-post__title\">\n\t\t\t<a href=\"http:\/\/ekonomik.opole.pl\/eko3\/marszalkowski-program-stypendialny-dla-uczniow-szkol-i-placowek-ksztalcenia-zawodowego-wojewodztwa-opolskiego-etap-ii\/\" >\n\t\t\t\tMarsza\u0142kowski Program Stypendialny dla uczni\u00f3w szk\u00f3\u0142 i plac\u00f3wek kszta\u0142cenia zawodowego wojew\u00f3dztwa opolskiego \u2013 etap II\t\t\t<\/a>\n\t\t<\/h3>\n\t\t\t\t<div class=\"elementor-post__meta-data\">\n\t\t\t\t\t<span class=\"elementor-post-date\">\n\t\t\t26 sierpnia, 2026\t\t<\/span>\n\t\t\t\t<\/div>\n\t\t\t\t<div class=\"elementor-post__excerpt\">\n\t\t\t<p>Zarz\u0105d Wojew\u00f3dztwa Opolskiego og\u0142asza nab\u00f3r wniosk\u00f3w o przyznanie stypendium w ramach projektu \u201eMarsza\u0142kowski Program Stypendialny dla uczni\u00f3w szk\u00f3\u0142 i plac\u00f3wek kszta\u0142cenia zawodowego wojew\u00f3dztwa opolskiego \u2013<\/p>\n\t\t<\/div>\n\t\t\t\t\t<a class=\"elementor-post__read-more\" href=\"http:\/\/ekonomik.opole.pl\/eko3\/marszalkowski-program-stypendialny-dla-uczniow-szkol-i-placowek-ksztalcenia-zawodowego-wojewodztwa-opolskiego-etap-ii\/\" >\n\t\t\t\tCzytaj wi\u0119cej...\t\t\t<\/a>\n\t\t\t\t<\/div>\n\t\t\t\t<\/article>\n\t\t\t\t<article class=\"elementor-post elementor-grid-item post-999389 post type-post status-publish format-standard has-post-thumbnail hentry category-informacja\">\n\t\t\t\t<a class=\"elementor-post__thumbnail__link\" href=\"http:\/\/ekonomik.opole.pl\/eko3\/uroczyste-rozpoczecie-roku-szkolnego-2026-2027\/\" >\n\t\t\t<div class=\"elementor-post__thumbnail\"><img width=\"300\" height=\"200\" src=\"http:\/\/ekonomik.opole.pl\/eko3\/wp-content\/uploads\/2026\/08\/rrk-300x200.webp\" class=\"attachment-medium size-medium\" alt=\"\" loading=\"lazy\" srcset=\"http:\/\/ekonomik.opole.pl\/eko3\/wp-content\/uploads\/2026\/08\/rrk-300x200.webp 300w, http:\/\/ekonomik.opole.pl\/eko3\/wp-content\/uploads\/2026\/08\/rrk-1024x682.webp 1024w, http:\/\/ekonomik.opole.pl\/eko3\/wp-content\/uploads\/2026\/08\/rrk-768x511.webp 768w, http:\/\/ekonomik.opole.pl\/eko3\/wp-content\/uploads\/2026\/08\/rrk-680x453.webp 680w, http:\/\/ekonomik.opole.pl\/eko3\/wp-content\/uploads\/2026\/08\/rrk.webp 1200w\" sizes=\"(max-width: 300px) 100vw, 300px\" \/><\/div>\n\t\t<\/a>\n\t\t\t\t<div class=\"elementor-post__text\">\n\t\t\t\t<h3 class=\"elementor-post__title\">\n\t\t\t<a href=\"http:\/\/ekonomik.opole.pl\/eko3\/uroczyste-rozpoczecie-roku-szkolnego-2026-2027\/\" >\n\t\t\t\tUroczyste rozpocz\u0119cie roku szkolnego 2026\/2027\t\t\t<\/a>\n\t\t<\/h3>\n\t\t\t\t<div class=\"elementor-post__meta-data\">\n\t\t\t\t\t<span class=\"elementor-post-date\">\n\t\t\t26 sierpnia, 2026\t\t<\/span>\n\t\t\t\t<\/div>\n\t\t\t\t<div class=\"elementor-post__excerpt\">\n\t\t\t<p>Rozpocz\u0119cie odb\u0119dzie si\u0119 wed\u0142ug harmonogramu: godz. 8.00 \u2013 msza \u015bw. dla ch\u0119tnych uczni\u00f3w w ko\u015bciele \u015bw. Piotra i Paw\u0142a godz. 9.00 \u2013 rozpocz\u0119cie roku szkolnego<\/p>\n\t\t<\/div>\n\t\t\t\t\t<a class=\"elementor-post__read-more\" href=\"http:\/\/ekonomik.opole.pl\/eko3\/uroczyste-rozpoczecie-roku-szkolnego-2026-2027\/\" >\n\t\t\t\tCzytaj wi\u0119cej...\t\t\t<\/a>\n\t\t\t\t<\/div>\n\t\t\t\t<\/article>\n\t\t\t\t<article class=\"elementor-post elementor-grid-item post-999386 post type-post status-publish format-standard has-post-thumbnail hentry category-informacja\">\n\t\t\t\t<a class=\"elementor-post__thumbnail__link\" href=\"http:\/\/ekonomik.opole.pl\/eko3\/szkola-zamknieta-w-dniu-14-08\/\" >\n\t\t\t<div class=\"elementor-post__thumbnail\"><img width=\"300\" height=\"209\" src=\"http:\/\/ekonomik.opole.pl\/eko3\/wp-content\/uploads\/2025\/04\/pexels-photo-16213402-300x209.webp\" class=\"attachment-medium size-medium\" alt=\"\" loading=\"lazy\" srcset=\"http:\/\/ekonomik.opole.pl\/eko3\/wp-content\/uploads\/2025\/04\/pexels-photo-16213402-300x209.webp 300w, http:\/\/ekonomik.opole.pl\/eko3\/wp-content\/uploads\/2025\/04\/pexels-photo-16213402-1024x712.webp 1024w, http:\/\/ekonomik.opole.pl\/eko3\/wp-content\/uploads\/2025\/04\/pexels-photo-16213402-768x534.webp 768w, http:\/\/ekonomik.opole.pl\/eko3\/wp-content\/uploads\/2025\/04\/pexels-photo-16213402-1536x1068.webp 1536w, http:\/\/ekonomik.opole.pl\/eko3\/wp-content\/uploads\/2025\/04\/pexels-photo-16213402-1360x946.webp 1360w, http:\/\/ekonomik.opole.pl\/eko3\/wp-content\/uploads\/2025\/04\/pexels-photo-16213402-680x473.webp 680w, http:\/\/ekonomik.opole.pl\/eko3\/wp-content\/uploads\/2025\/04\/pexels-photo-16213402.webp 1600w\" sizes=\"(max-width: 300px) 100vw, 300px\" \/><\/div>\n\t\t<\/a>\n\t\t\t\t<div class=\"elementor-post__text\">\n\t\t\t\t<h3 class=\"elementor-post__title\">\n\t\t\t<a href=\"http:\/\/ekonomik.opole.pl\/eko3\/szkola-zamknieta-w-dniu-14-08\/\" >\n\t\t\t\tSzko\u0142a zamkni\u0119ta w dniu 14.08\t\t\t<\/a>\n\t\t<\/h3>\n\t\t\t\t<div class=\"elementor-post__meta-data\">\n\t\t\t\t\t<span class=\"elementor-post-date\">\n\t\t\t13 sierpnia, 2026\t\t<\/span>\n\t\t\t\t<\/div>\n\t\t\t\t<div class=\"elementor-post__excerpt\">\n\t\t\t<p>Uprzejmie informujemy, \u017ce w dniu 14.08 (pi\u0105tek) budynek szko\u0142y b\u0119dzie zamkni\u0119ty. Zapraszamy ponownie w poniedzia\u0142ek.<\/p>\n\t\t<\/div>\n\t\t\t\t\t<a class=\"elementor-post__read-more\" href=\"http:\/\/ekonomik.opole.pl\/eko3\/szkola-zamknieta-w-dniu-14-08\/\" >\n\t\t\t\tCzytaj wi\u0119cej...\t\t\t<\/a>\n\t\t\t\t<\/div>\n\t\t\t\t<\/article>\n\t\t\t\t<\/div>\n\t\t\t\t<\/div>\n\t\t\t\t<\/div>\n\t\t\t\t\t\t<\/div>\n\t\t\t\t\t<\/div>\n\t\t<\/div>\n\t\t\t\t\t\t\t\t<\/div>\n\t\t\t\t\t<\/div>\n\t\t<\/section>\n\t\t\t\t\t\t<\/div>\n\t\t\t\t\t\t<\/div>\n\t\t\t\t\t<\/div>\n\t\t","protected":false},"excerpt":{"rendered":"<p>Jarmark Franciszka\u0144ski w Opolu z muzycznym udzia\u0142em uczni\u00f3w Ekonomika: Natalii Hurek z klasy 4D oraz grupy wokalno-instrumentalnej &#8222;Work in Progress&#8221;.<\/p>\n","protected":false},"author":1,"featured_media":993524,"comment_status":"closed","ping_status":"open","sticky":false,"template":"","format":"standard","meta":{"inline_featured_image":false},"categories":[202,186],"tags":[125,139],"_links":{"self":[{"href":"http:\/\/ekonomik.opole.pl\/eko3\/wp-json\/wp\/v2\/posts\/993515"}],"collection":[{"href":"http:\/\/ekonomik.opole.pl\/eko3\/wp-json\/wp\/v2\/posts"}],"about":[{"href":"http:\/\/ekonomik.opole.pl\/eko3\/wp-json\/wp\/v2\/types\/post"}],"author":[{"embeddable":true,"href":"http:\/\/ekonomik.opole.pl\/eko3\/wp-json\/wp\/v2\/users\/1"}],"replies":[{"embeddable":true,"href":"http:\/\/ekonomik.opole.pl\/eko3\/wp-json\/wp\/v2\/comments?post=993515"}],"version-history":[{"count":31,"href":"http:\/\/ekonomik.opole.pl\/eko3\/wp-json\/wp\/v2\/posts\/993515\/revisions"}],"predecessor-version":[{"id":993548,"href":"http:\/\/ekonomik.opole.pl\/eko3\/wp-json\/wp\/v2\/posts\/993515\/revisions\/993548"}],"wp:featuredmedia":[{"embeddable":true,"href":"http:\/\/ekonomik.opole.pl\/eko3\/wp-json\/wp\/v2\/media\/993524"}],"wp:attachment":[{"href":"http:\/\/ekonomik.opole.pl\/eko3\/wp-json\/wp\/v2\/media?parent=993515"}],"wp:term":[{"taxonomy":"category","embeddable":true,"href":"http:\/\/ekonomik.opole.pl\/eko3\/wp-json\/wp\/v2\/categories?post=993515"},{"taxonomy":"post_tag","embeddable":true,"href":"http:\/\/ekonomik.opole.pl\/eko3\/wp-json\/wp\/v2\/tags?post=993515"}],"curies":[{"name":"wp","href":"https:\/\/api.w.org\/{rel}","templated":true}]}}