{"id":993583,"date":"2021-09-28T08:38:52","date_gmt":"2021-09-28T06:38:52","guid":{"rendered":"http:\/\/ekonomik.opole.pl\/eko3\/?p=993583"},"modified":"2021-09-28T08:52:37","modified_gmt":"2021-09-28T06:52:37","slug":"work-in-progress-na-deskach-filharmonii-opolskiej","status":"publish","type":"post","link":"http:\/\/ekonomik.opole.pl\/eko3\/work-in-progress-na-deskach-filharmonii-opolskiej\/","title":{"rendered":"Work in Progress na deskach Filharmonii Opolskiej!"},"content":{"rendered":"\t\t<div data-elementor-type=\"wp-post\" data-elementor-id=\"993583\" class=\"elementor elementor-993583\" data-elementor-settings=\"[]\">\n\t\t\t\t\t\t<div class=\"elementor-inner\">\n\t\t\t\t\t\t\t<div class=\"elementor-section-wrap\">\n\t\t\t\t\t\t\t<section class=\"elementor-section elementor-top-section elementor-element elementor-element-3843292f elementor-section-content-middle elementor-section-boxed elementor-section-height-default elementor-section-height-default\" data-id=\"3843292f\" data-element_type=\"section\">\n\t\t\t\t\t\t<div class=\"elementor-container elementor-column-gap-default\">\n\t\t\t\t\t\t\t<div class=\"elementor-row\">\n\t\t\t\t\t<div class=\"elementor-column elementor-col-50 elementor-top-column elementor-element elementor-element-701774a\" data-id=\"701774a\" data-element_type=\"column\">\n\t\t\t<div class=\"elementor-column-wrap elementor-element-populated\">\n\t\t\t\t\t\t\t<div class=\"elementor-widget-wrap\">\n\t\t\t\t\t\t<div class=\"elementor-element elementor-element-6a49e807 elementor-widget elementor-widget-heading\" data-id=\"6a49e807\" data-element_type=\"widget\" data-widget_type=\"heading.default\">\n\t\t\t\t<div class=\"elementor-widget-container\">\n\t\t\t<h2 class=\"elementor-heading-title elementor-size-default\">W sali koncertowej Filharmonii Opolskiej<\/h2>\t\t<\/div>\n\t\t\t\t<\/div>\n\t\t\t\t<div class=\"elementor-element elementor-element-378d32c4 elementor-widget elementor-widget-text-editor\" data-id=\"378d32c4\" data-element_type=\"widget\" data-widget_type=\"text-editor.default\">\n\t\t\t\t<div class=\"elementor-widget-container\">\n\t\t\t\t\t\t\t\t<div class=\"elementor-text-editor elementor-clearfix\">\n\t\t\t\t\t<p>25 wrze\u015bnia 2021 r. na zaproszenie Instytutu \u015al\u0105skiego w sali koncertowej Filharmonii Opolskiej wyst\u0105pi\u0142 szkolny zesp\u00f3\u0142 wokalno-instrumentalny Work in Progress pod dyrygentur\u0105 Pana Damiana Ka\u017amierczaka.<\/p><div id=\"gtx-trans\" style=\"position: absolute; left: -34px; top: -15px;\"><div class=\"gtx-trans-icon\">\u00a0<\/div><\/div>\t\t\t\t\t<\/div>\n\t\t\t\t\t\t<\/div>\n\t\t\t\t<\/div>\n\t\t\t\t\t\t<\/div>\n\t\t\t\t\t<\/div>\n\t\t<\/div>\n\t\t\t\t<div class=\"elementor-column elementor-col-50 elementor-top-column elementor-element elementor-element-3ef8b3c5\" data-id=\"3ef8b3c5\" data-element_type=\"column\">\n\t\t\t<div class=\"elementor-column-wrap elementor-element-populated\">\n\t\t\t\t\t\t\t<div class=\"elementor-widget-wrap\">\n\t\t\t\t\t\t<div class=\"elementor-element elementor-element-ee50666 elementor-widget elementor-widget-image\" data-id=\"ee50666\" data-element_type=\"widget\" data-widget_type=\"image.default\">\n\t\t\t\t<div class=\"elementor-widget-container\">\n\t\t\t\t\t\t\t\t<div class=\"elementor-image\">\n\t\t\t\t\t\t\t\t\t\t\t\t<img width=\"1024\" height=\"768\" src=\"http:\/\/ekonomik.opole.pl\/eko3\/wp-content\/uploads\/2021\/09\/IMG_2316-1024x768.jpg\" class=\"attachment-large size-large\" alt=\"Work in Progress na deskach Filharmonii Opolskiej\" loading=\"lazy\" srcset=\"http:\/\/ekonomik.opole.pl\/eko3\/wp-content\/uploads\/2021\/09\/IMG_2316-1024x768.jpg 1024w, http:\/\/ekonomik.opole.pl\/eko3\/wp-content\/uploads\/2021\/09\/IMG_2316-300x225.jpg 300w, http:\/\/ekonomik.opole.pl\/eko3\/wp-content\/uploads\/2021\/09\/IMG_2316-768x576.jpg 768w, http:\/\/ekonomik.opole.pl\/eko3\/wp-content\/uploads\/2021\/09\/IMG_2316-1536x1152.jpg 1536w, http:\/\/ekonomik.opole.pl\/eko3\/wp-content\/uploads\/2021\/09\/IMG_2316-2048x1536.jpg 2048w, http:\/\/ekonomik.opole.pl\/eko3\/wp-content\/uploads\/2021\/09\/IMG_2316-1360x1020.jpg 1360w, http:\/\/ekonomik.opole.pl\/eko3\/wp-content\/uploads\/2021\/09\/IMG_2316-680x510.jpg 680w\" sizes=\"(max-width: 1024px) 100vw, 1024px\" \/>\t\t\t\t\t\t\t\t\t\t\t\t\t\t<\/div>\n\t\t\t\t\t\t<\/div>\n\t\t\t\t<\/div>\n\t\t\t\t\t\t<\/div>\n\t\t\t\t\t<\/div>\n\t\t<\/div>\n\t\t\t\t\t\t\t\t<\/div>\n\t\t\t\t\t<\/div>\n\t\t<\/section>\n\t\t\t\t<section class=\"elementor-section elementor-top-section elementor-element elementor-element-5f65cbc elementor-section-boxed elementor-section-height-default elementor-section-height-default\" data-id=\"5f65cbc\" data-element_type=\"section\">\n\t\t\t\t\t\t<div class=\"elementor-container elementor-column-gap-default\">\n\t\t\t\t\t\t\t<div class=\"elementor-row\">\n\t\t\t\t\t<div class=\"elementor-column elementor-col-100 elementor-top-column elementor-element elementor-element-410044a2\" data-id=\"410044a2\" data-element_type=\"column\">\n\t\t\t<div class=\"elementor-column-wrap elementor-element-populated\">\n\t\t\t\t\t\t\t<div class=\"elementor-widget-wrap\">\n\t\t\t\t\t\t<div class=\"elementor-element elementor-element-72d34eb4 elementor-widget elementor-widget-text-editor\" data-id=\"72d34eb4\" data-element_type=\"widget\" data-widget_type=\"text-editor.default\">\n\t\t\t\t<div class=\"elementor-widget-container\">\n\t\t\t\t\t\t\t\t<div class=\"elementor-text-editor elementor-clearfix\">\n\t\t\t\t\t<p>Grupa swoim koncertem u\u015bwietni\u0142a uroczyst\u0105 gal\u0119 z okazji jubileuszu 30-lecia istnienia Nagrody im. Jana i Wojciecha Wawrzynk\u00f3w po\u0142\u0105czon\u0105 z wystaw\u0105 upami\u0119tniaj\u0105c\u0105 rodzin\u0119 Wawrzynk\u00f3w, kt\u00f3ra od trzech dekad co roku finansuje nagrod\u0119 przyznawan\u0105 za\u00a0najlepsz\u0105 prac\u0119 magistersk\u0105 po\u015bwi\u0119con\u0105 problematyce \u015bl\u0105skiej.<\/p>\t\t\t\t\t<\/div>\n\t\t\t\t\t\t<\/div>\n\t\t\t\t<\/div>\n\t\t\t\t<div class=\"elementor-element elementor-element-b1f451c elementor-widget elementor-widget-text-editor\" data-id=\"b1f451c\" data-element_type=\"widget\" data-widget_type=\"text-editor.default\">\n\t\t\t\t<div class=\"elementor-widget-container\">\n\t\t\t\t\t\t\t\t<div class=\"elementor-text-editor elementor-clearfix\">\n\t\t\t\t\t<p class=\"gwp68c06db7_MsoNormal\">Podczas godzinnego koncertu nasze wokalistki i instrumentalistki zaprezentowa\u0142y dwana\u015bcie utwor\u00f3w zespo\u0142owych, duet i trzy utwory solowe. Repertuar by\u0142 niezwykle zr\u00f3\u017cnicowany, pojawi\u0142y si\u0119 zar\u00f3wno piosenki grupy Sound&amp;Grace, TGD, Kodaline jak i utwory takich artyst\u00f3w jak Michael Jackson, Alessia Cara, Sarsa, Dana Lerska, Halina Mlynkova oraz Krzysztof Krawczyk.\u00a0 Organizatorzy i uczestnicy gali byli pod ogromnym wra\u017ceniem poziomu artystycznego koncertu, talentu naszych solistek oraz jednolitego brzmienia ca\u0142ego zespo\u0142u.<\/p>\t\t\t\t\t<\/div>\n\t\t\t\t\t\t<\/div>\n\t\t\t\t<\/div>\n\t\t\t\t<div class=\"elementor-element elementor-element-eee8334 elementor-widget elementor-widget-text-editor\" data-id=\"eee8334\" data-element_type=\"widget\" data-widget_type=\"text-editor.default\">\n\t\t\t\t<div class=\"elementor-widget-container\">\n\t\t\t\t\t\t\t\t<div class=\"elementor-text-editor elementor-clearfix\">\n\t\t\t\t\t<div class=\"Message-content\">\n<div id=\"gwp68c06db7\">\n<div id=\"gwp68c06db7h\">\n<div class=\"gwp68c06db7b\" lang=\"PL\" data-message-body=\"true\">\n<div class=\"gwp68c06db7_WordSection1\">\n<p class=\"gwp68c06db7_MsoNormal\">Dla naszych uczennic koncert na deskach Filharmonii Opolskiej to zwie\u0144czenie marze\u0144 i pi\u0119kne podsumowanie dotychczasowej dzia\u0142alno\u015bci zespo\u0142u, kt\u00f3rego marka rozpoznawalna jest w ca\u0142ym wojew\u00f3dztwie.<\/p>\n<\/div>\n<\/div>\n<\/div>\n<\/div>\n<\/div>\n<div class=\"Message-attachments\">&nbsp;<\/div>\t\t\t\t\t<\/div>\n\t\t\t\t\t\t<\/div>\n\t\t\t\t<\/div>\n\t\t\t\t<div class=\"elementor-element elementor-element-ba23d55 elementor-widget elementor-widget-image\" data-id=\"ba23d55\" data-element_type=\"widget\" data-widget_type=\"image.default\">\n\t\t\t\t<div class=\"elementor-widget-container\">\n\t\t\t\t\t\t\t\t<div class=\"elementor-image\">\n\t\t\t\t\t\t\t\t\t\t\t\t<img width=\"1024\" height=\"768\" src=\"http:\/\/ekonomik.opole.pl\/eko3\/wp-content\/uploads\/2021\/09\/IMG_2322-1024x768.jpg\" class=\"attachment-large size-large\" alt=\"Work in Progress na deskach Filharmonii Opolskiej\" loading=\"lazy\" srcset=\"http:\/\/ekonomik.opole.pl\/eko3\/wp-content\/uploads\/2021\/09\/IMG_2322-1024x768.jpg 1024w, http:\/\/ekonomik.opole.pl\/eko3\/wp-content\/uploads\/2021\/09\/IMG_2322-300x225.jpg 300w, http:\/\/ekonomik.opole.pl\/eko3\/wp-content\/uploads\/2021\/09\/IMG_2322-768x576.jpg 768w, http:\/\/ekonomik.opole.pl\/eko3\/wp-content\/uploads\/2021\/09\/IMG_2322-1536x1152.jpg 1536w, http:\/\/ekonomik.opole.pl\/eko3\/wp-content\/uploads\/2021\/09\/IMG_2322-2048x1536.jpg 2048w, http:\/\/ekonomik.opole.pl\/eko3\/wp-content\/uploads\/2021\/09\/IMG_2322-1360x1020.jpg 1360w, http:\/\/ekonomik.opole.pl\/eko3\/wp-content\/uploads\/2021\/09\/IMG_2322-680x510.jpg 680w\" sizes=\"(max-width: 1024px) 100vw, 1024px\" \/>\t\t\t\t\t\t\t\t\t\t\t\t\t\t<\/div>\n\t\t\t\t\t\t<\/div>\n\t\t\t\t<\/div>\n\t\t\t\t\t\t<\/div>\n\t\t\t\t\t<\/div>\n\t\t<\/div>\n\t\t\t\t\t\t\t\t<\/div>\n\t\t\t\t\t<\/div>\n\t\t<\/section>\n\t\t\t\t<section class=\"elementor-section elementor-top-section elementor-element elementor-element-3fd88d8b elementor-section-boxed elementor-section-height-default elementor-section-height-default\" data-id=\"3fd88d8b\" data-element_type=\"section\">\n\t\t\t\t\t\t<div class=\"elementor-container elementor-column-gap-default\">\n\t\t\t\t\t\t\t<div class=\"elementor-row\">\n\t\t\t\t\t<div class=\"elementor-column elementor-col-100 elementor-top-column elementor-element elementor-element-ebba48e\" data-id=\"ebba48e\" data-element_type=\"column\">\n\t\t\t<div class=\"elementor-column-wrap elementor-element-populated\">\n\t\t\t\t\t\t\t<div class=\"elementor-widget-wrap\">\n\t\t\t\t\t\t<div class=\"elementor-element elementor-element-5830b35d elementor-widget elementor-widget-spacer\" data-id=\"5830b35d\" data-element_type=\"widget\" data-widget_type=\"spacer.default\">\n\t\t\t\t<div class=\"elementor-widget-container\">\n\t\t\t\t\t<div class=\"elementor-spacer\">\n\t\t\t<div class=\"elementor-spacer-inner\"><\/div>\n\t\t<\/div>\n\t\t\t\t<\/div>\n\t\t\t\t<\/div>\n\t\t\t\t\t\t<\/div>\n\t\t\t\t\t<\/div>\n\t\t<\/div>\n\t\t\t\t\t\t\t\t<\/div>\n\t\t\t\t\t<\/div>\n\t\t<\/section>\n\t\t\t\t<section class=\"elementor-section elementor-top-section elementor-element elementor-element-2400816c elementor-section-boxed elementor-section-height-default elementor-section-height-default\" data-id=\"2400816c\" data-element_type=\"section\">\n\t\t\t\t\t\t<div class=\"elementor-container elementor-column-gap-default\">\n\t\t\t\t\t\t\t<div class=\"elementor-row\">\n\t\t\t\t\t<div class=\"elementor-column elementor-col-100 elementor-top-column elementor-element elementor-element-61e418df\" data-id=\"61e418df\" data-element_type=\"column\">\n\t\t\t<div class=\"elementor-column-wrap elementor-element-populated\">\n\t\t\t\t\t\t\t<div class=\"elementor-widget-wrap\">\n\t\t\t\t\t\t<div class=\"elementor-element elementor-element-598947ad elementor-widget-divider--view-line elementor-widget elementor-widget-divider\" data-id=\"598947ad\" data-element_type=\"widget\" data-widget_type=\"divider.default\">\n\t\t\t\t<div class=\"elementor-widget-container\">\n\t\t\t\t\t<div class=\"elementor-divider\">\n\t\t\t<span class=\"elementor-divider-separator\">\n\t\t\t\t\t\t<\/span>\n\t\t<\/div>\n\t\t\t\t<\/div>\n\t\t\t\t<\/div>\n\t\t\t\t\t\t<\/div>\n\t\t\t\t\t<\/div>\n\t\t<\/div>\n\t\t\t\t\t\t\t\t<\/div>\n\t\t\t\t\t<\/div>\n\t\t<\/section>\n\t\t\t\t<section class=\"elementor-section elementor-top-section elementor-element elementor-element-61d8749b elementor-section-boxed elementor-section-height-default elementor-section-height-default\" data-id=\"61d8749b\" data-element_type=\"section\">\n\t\t\t\t\t\t<div class=\"elementor-container elementor-column-gap-default\">\n\t\t\t\t\t\t\t<div class=\"elementor-row\">\n\t\t\t\t\t<div class=\"elementor-column elementor-col-100 elementor-top-column elementor-element elementor-element-76ac5d4a\" data-id=\"76ac5d4a\" data-element_type=\"column\">\n\t\t\t<div class=\"elementor-column-wrap elementor-element-populated\">\n\t\t\t\t\t\t\t<div class=\"elementor-widget-wrap\">\n\t\t\t\t\t\t<div class=\"elementor-element elementor-element-41fe1edd elementor-widget elementor-widget-heading\" data-id=\"41fe1edd\" data-element_type=\"widget\" data-widget_type=\"heading.default\">\n\t\t\t\t<div class=\"elementor-widget-container\">\n\t\t\t<h6 class=\"elementor-heading-title elementor-size-default\">sortuj wed\u0142ug wybranych tag\u00f3w i kategorii:<\/h6>\t\t<\/div>\n\t\t\t\t<\/div>\n\t\t\t\t\t\t<\/div>\n\t\t\t\t\t<\/div>\n\t\t<\/div>\n\t\t\t\t\t\t\t\t<\/div>\n\t\t\t\t\t<\/div>\n\t\t<\/section>\n\t\t\t\t\t\t<\/div>\n\t\t\t\t\t\t<\/div>\n\t\t\t\t\t<\/div>\n\t\t","protected":false},"excerpt":{"rendered":"<p>W sali koncertowej Filharmonii Opolskiej 25 wrze\u015bnia 2021 r. na zaproszenie Instytutu \u015al\u0105skiego w sali koncertowej Filharmonii Opolskiej wyst\u0105pi\u0142 szkolny zesp\u00f3\u0142 wokalno-instrumentalny Work in Progress pod dyrygentur\u0105 Pana Damiana Ka\u017amierczaka. Grupa swoim koncertem u\u015bwietni\u0142a uroczyst\u0105 gal\u0119 z okazji jubileuszu 30-lecia istnienia Nagrody im. Jana i Wojciecha Wawrzynk\u00f3w po\u0142\u0105czon\u0105 z wystaw\u0105 upami\u0119tniaj\u0105c\u0105 rodzin\u0119 Wawrzynk\u00f3w, kt\u00f3ra od&#8230;<\/p>\n","protected":false},"author":1,"featured_media":993594,"comment_status":"closed","ping_status":"open","sticky":false,"template":"","format":"standard","meta":{"inline_featured_image":false},"categories":[202,186],"tags":[203,125,139],"_links":{"self":[{"href":"http:\/\/ekonomik.opole.pl\/eko3\/wp-json\/wp\/v2\/posts\/993583"}],"collection":[{"href":"http:\/\/ekonomik.opole.pl\/eko3\/wp-json\/wp\/v2\/posts"}],"about":[{"href":"http:\/\/ekonomik.opole.pl\/eko3\/wp-json\/wp\/v2\/types\/post"}],"author":[{"embeddable":true,"href":"http:\/\/ekonomik.opole.pl\/eko3\/wp-json\/wp\/v2\/users\/1"}],"replies":[{"embeddable":true,"href":"http:\/\/ekonomik.opole.pl\/eko3\/wp-json\/wp\/v2\/comments?post=993583"}],"version-history":[{"count":9,"href":"http:\/\/ekonomik.opole.pl\/eko3\/wp-json\/wp\/v2\/posts\/993583\/revisions"}],"predecessor-version":[{"id":993595,"href":"http:\/\/ekonomik.opole.pl\/eko3\/wp-json\/wp\/v2\/posts\/993583\/revisions\/993595"}],"wp:featuredmedia":[{"embeddable":true,"href":"http:\/\/ekonomik.opole.pl\/eko3\/wp-json\/wp\/v2\/media\/993594"}],"wp:attachment":[{"href":"http:\/\/ekonomik.opole.pl\/eko3\/wp-json\/wp\/v2\/media?parent=993583"}],"wp:term":[{"taxonomy":"category","embeddable":true,"href":"http:\/\/ekonomik.opole.pl\/eko3\/wp-json\/wp\/v2\/categories?post=993583"},{"taxonomy":"post_tag","embeddable":true,"href":"http:\/\/ekonomik.opole.pl\/eko3\/wp-json\/wp\/v2\/tags?post=993583"}],"curies":[{"name":"wp","href":"https:\/\/api.w.org\/{rel}","templated":true}]}}