{"id":993657,"date":"2021-10-02T08:28:10","date_gmt":"2021-10-02T06:28:10","guid":{"rendered":"http:\/\/ekonomik.opole.pl\/eko3\/?p=993657"},"modified":"2021-10-02T09:00:11","modified_gmt":"2021-10-02T07:00:11","slug":"kolejne-sukcesy-zuzanny-kacperak","status":"publish","type":"post","link":"http:\/\/ekonomik.opole.pl\/eko3\/kolejne-sukcesy-zuzanny-kacperak\/","title":{"rendered":"Kolejne sukcesy Zuzanny Kacperak"},"content":{"rendered":"\t\t<div data-elementor-type=\"wp-post\" data-elementor-id=\"993657\" class=\"elementor elementor-993657\" data-elementor-settings=\"[]\">\n\t\t\t\t\t\t<div class=\"elementor-inner\">\n\t\t\t\t\t\t\t<div class=\"elementor-section-wrap\">\n\t\t\t\t\t\t\t<section class=\"elementor-section elementor-top-section elementor-element elementor-element-2c8cbb93 elementor-section-full_width elementor-section-height-default elementor-section-height-default\" data-id=\"2c8cbb93\" data-element_type=\"section\">\n\t\t\t\t\t\t<div class=\"elementor-container elementor-column-gap-default\">\n\t\t\t\t\t\t\t<div class=\"elementor-row\">\n\t\t\t\t\t<div class=\"elementor-column elementor-col-100 elementor-top-column elementor-element elementor-element-47176d45\" data-id=\"47176d45\" data-element_type=\"column\">\n\t\t\t<div class=\"elementor-column-wrap elementor-element-populated\">\n\t\t\t\t\t\t\t<div class=\"elementor-widget-wrap\">\n\t\t\t\t\t\t<div class=\"elementor-element elementor-element-40350d46 elementor-widget-divider--separator-type-pattern elementor-widget-divider--no-spacing elementor-widget-divider--view-line elementor-widget elementor-widget-divider\" data-id=\"40350d46\" data-element_type=\"widget\" data-widget_type=\"divider.default\">\n\t\t\t\t<div class=\"elementor-widget-container\">\n\t\t\t\t\t<div class=\"elementor-divider\" style=\"--divider-pattern-url: url(&quot;data:image\/svg+xml,%3Csvg xmlns=&#039;http:\/\/www.w3.org\/2000\/svg&#039; preserveAspectRatio=&#039;xMidYMid meet&#039; overflow=&#039;visible&#039; height=&#039;100%&#039; viewBox=&#039;0 0 126 26&#039; fill=&#039;black&#039; stroke=&#039;none&#039;%3E%3Cpath d=&#039;M3,10.2c2.6,0,2.6,2,2.6,3.2S4.4,16.5,3,16.5s-3-1.4-3-3.2S0.4,10.2,3,10.2z M18.8,10.2c1.7,0,3.2,1.4,3.2,3.2s-1.4,3.2-3.2,3.2c-1.7,0-3.2-1.4-3.2-3.2S17,10.2,18.8,10.2z M34.6,10.2c1.5,0,2.6,1.4,2.6,3.2s-0.5,3.2-1.9,3.2c-1.5,0-3.4-1.4-3.4-3.2S33.1,10.2,34.6,10.2z M50.5,10.2c1.7,0,3.2,1.4,3.2,3.2s-1.4,3.2-3.2,3.2c-1.7,0-3.3-0.9-3.3-2.6S48.7,10.2,50.5,10.2z M66.2,10.2c1.5,0,3.4,1.4,3.4,3.2s-1.9,3.2-3.4,3.2c-1.5,0-2.6-0.4-2.6-2.1S64.8,10.2,66.2,10.2z M82.2,10.2c1.7,0.8,2.6,1.4,2.6,3.2s-0.1,3.2-1.6,3.2c-1.5,0-3.7-1.4-3.7-3.2S80.5,9.4,82.2,10.2zM98.6,10.2c1.5,0,2.6,0.4,2.6,2.1s-1.2,4.2-2.6,4.2c-1.5,0-3.7-0.4-3.7-2.1S97.1,10.2,98.6,10.2z M113.4,10.2c1.2,0,2.2,0.9,2.2,3.2s-0.1,3.2-1.3,3.2s-3.1-1.4-3.1-3.2S112.2,10.2,113.4,10.2z&#039;\/%3E%3C\/svg%3E&quot;);\">\n\t\t\t<span class=\"elementor-divider-separator\">\n\t\t\t\t\t\t<\/span>\n\t\t<\/div>\n\t\t\t\t<\/div>\n\t\t\t\t<\/div>\n\t\t\t\t<div class=\"elementor-element elementor-element-4a912c43 elementor-drop-cap-yes elementor-drop-cap-view-default elementor-widget elementor-widget-text-editor\" data-id=\"4a912c43\" data-element_type=\"widget\" data-settings=\"{&quot;drop_cap&quot;:&quot;yes&quot;}\" data-widget_type=\"text-editor.default\">\n\t\t\t\t<div class=\"elementor-widget-container\">\n\t\t\t\t\t\t\t\t<div class=\"elementor-text-editor elementor-clearfix\">\n\t\t\t\t\t<p>Po zdobyciu\u00a0I nagrody w Og\u00f3lnopolskim Konkursie Filmowym <em>Jednominut\u00f3wka<\/em> Zuzia spr\u00f3bowa\u0142a swoich si\u0142 w konkursach fotograficznych. I na tym polu zosta\u0142a dostrze\u017cona i wyr\u00f3\u017cniona.\u00a0W konkursie Zdj\u0119cie Roku, organizowanym przez Zamojskie Towarzystwo Fotograficzne i Zamojski Dom Kultury, fotografia Zuzy zatytu\u0142owana <em>\u015arodek <\/em>zosta\u0142a zakwalifikowana do wystawy pokonkursowej.\u00a0<\/p>\t\t\t\t\t<\/div>\n\t\t\t\t\t\t<\/div>\n\t\t\t\t<\/div>\n\t\t\t\t<section class=\"elementor-section elementor-inner-section elementor-element elementor-element-3afd1359 elementor-section-content-top elementor-section-boxed elementor-section-height-default elementor-section-height-default\" data-id=\"3afd1359\" data-element_type=\"section\">\n\t\t\t\t\t\t<div class=\"elementor-container elementor-column-gap-default\">\n\t\t\t\t\t\t\t<div class=\"elementor-row\">\n\t\t\t\t\t<div class=\"elementor-column elementor-col-50 elementor-inner-column elementor-element elementor-element-37d1875b\" data-id=\"37d1875b\" data-element_type=\"column\">\n\t\t\t<div class=\"elementor-column-wrap elementor-element-populated\">\n\t\t\t\t\t\t\t<div class=\"elementor-widget-wrap\">\n\t\t\t\t\t\t<div class=\"elementor-element elementor-element-aab1cc9 elementor-widget elementor-widget-text-editor\" data-id=\"aab1cc9\" data-element_type=\"widget\" data-widget_type=\"text-editor.default\">\n\t\t\t\t<div class=\"elementor-widget-container\">\n\t\t\t\t\t\t\t\t<div class=\"elementor-text-editor elementor-clearfix\">\n\t\t\t\t\t<p>To niezwyk\u0142e wyr\u00f3\u017cnienie, poniewa\u017c na konkurs wp\u0142yn\u0119\u0142o ok. 2000 prac \u2013 a w kategorii m\u0142odzie\u017cowej udzia\u0142 wzi\u0119\u0142o 350 uczestnik\u00f3w z ca\u0142ej Polski.<\/p>\t\t\t\t\t<\/div>\n\t\t\t\t\t\t<\/div>\n\t\t\t\t<\/div>\n\t\t\t\t<div class=\"elementor-element elementor-element-d60eeae elementor-widget elementor-widget-text-editor\" data-id=\"d60eeae\" data-element_type=\"widget\" data-widget_type=\"text-editor.default\">\n\t\t\t\t<div class=\"elementor-widget-container\">\n\t\t\t\t\t\t\t\t<div class=\"elementor-text-editor elementor-clearfix\">\n\t\t\t\t\t<p>Na kolejny sukces nie musieli\u015bmy d\u0142ugo czeka\u0107\u00a0<span style=\"font-family: Montserrat, sans-serif; font-size: 16px; font-style: normal; font-variant-ligatures: normal; font-variant-caps: normal; font-weight: 400; letter-spacing: 0.2px;\">\u2013\u00a0<\/span>w IV Mi\u0119dzynarodowym Festiwalu Fotografii \u2013 Rydu\u0142towy 2021 Zuza zdoby\u0142a wyr\u00f3\u017cnienie dla najm\u0142odszych uczestnik\u00f3w festiwalu. Tytu\u0142 tegorocznego konkursu to:\u00a0<span style=\"letter-spacing: 0.2px;\"><em><strong>WINNI<\/strong><\/em>.<\/span><\/p><p><span style=\"letter-spacing: 0.2px;\">Uczestnicy mieli za zadanie zaprezentowa\u0107 problem ochrony naszej planety i jej mieszka\u0144c\u00f3w przed wszechogarniaj\u0105c\u0105 dewastacj\u0105 \u015brodowiska. Uczennica 3e niezwykle sugestywnie przedstawi\u0142a problem. Na zdj\u0119ciu zatytu\u0142owanym <em>Ostatkiem si\u0142<\/em> uwieczni\u0142a kawa\u0142ek wro\u015bni\u0119tego niegdy\u015b w p\u0142ot \u017cywop\u0142otu, kt\u00f3rego, mimo braku \u017cycia, nie uda\u0142o si\u0119 w \u017caden spos\u00f3b usun\u0105\u0107.<\/span><\/p>\t\t\t\t\t<\/div>\n\t\t\t\t\t\t<\/div>\n\t\t\t\t<\/div>\n\t\t\t\t<div class=\"elementor-element elementor-element-5452ac3 elementor-widget elementor-widget-text-editor\" data-id=\"5452ac3\" data-element_type=\"widget\" data-widget_type=\"text-editor.default\">\n\t\t\t\t<div class=\"elementor-widget-container\">\n\t\t\t\t\t\t\t\t<div class=\"elementor-text-editor elementor-clearfix\">\n\t\t\t\t\t<p>G\u0142\u0119boka wra\u017cliwo\u015b\u0107 Zuzanny, jej subtelny i oszcz\u0119dny styl jest niezwykle wyrazisty w swojej symbolice.<\/p>\t\t\t\t\t<\/div>\n\t\t\t\t\t\t<\/div>\n\t\t\t\t<\/div>\n\t\t\t\t<div class=\"elementor-element elementor-element-28fdbb0 elementor-blockquote--skin-boxed elementor-blockquote--button-color-official elementor-widget elementor-widget-blockquote\" data-id=\"28fdbb0\" data-element_type=\"widget\" data-widget_type=\"blockquote.default\">\n\t\t\t\t<div class=\"elementor-widget-container\">\n\t\t\t\t\t<blockquote class=\"elementor-blockquote\">\n\t\t\t<p class=\"elementor-blockquote__content\">\n\t\t\t\tZuzia to osoba, kt\u00f3ra ch\u0119tnie uczestniczy w kreatywnych dzia\u0142aniach, niesamowita wyobra\u017ania, nietuzinkowo\u015b\u0107 i zaanga\u017cowanie pozwalaj\u0105 Zuzannie realizowa\u0107 \u015bwietne, doceniane na wielu p\u0142aszczyznach projekty\t\t\t<\/p>\n\t\t\t\t\t\t\t<footer>\n\t\t\t\t\t\t\t\t\t\t\t<cite class=\"elementor-blockquote__author\">Edyta Ko\u015bcielak<\/cite>\n\t\t\t\t\t\t\t\t\t\t\t\t\t\t<\/footer>\n\t\t\t\t\t<\/blockquote>\n\t\t\t\t<\/div>\n\t\t\t\t<\/div>\n\t\t\t\t\t\t<\/div>\n\t\t\t\t\t<\/div>\n\t\t<\/div>\n\t\t\t\t<div class=\"elementor-column elementor-col-50 elementor-inner-column elementor-element elementor-element-4beee61d\" data-id=\"4beee61d\" data-element_type=\"column\">\n\t\t\t<div class=\"elementor-column-wrap elementor-element-populated\">\n\t\t\t\t\t\t\t<div class=\"elementor-widget-wrap\">\n\t\t\t\t\t\t<div class=\"elementor-element elementor-element-44b22850 elementor-widget elementor-widget-image\" data-id=\"44b22850\" data-element_type=\"widget\" data-widget_type=\"image.default\">\n\t\t\t\t<div class=\"elementor-widget-container\">\n\t\t\t\t\t\t\t\t<div class=\"elementor-image\">\n\t\t\t\t\t\t\t\t\t<figure class=\"wp-caption\">\n\t\t\t\t\t\t\t\t\t\t<img width=\"686\" height=\"1024\" src=\"http:\/\/ekonomik.opole.pl\/eko3\/wp-content\/uploads\/2021\/10\/M_kacperak_zuzanna_srodek-686x1024.jpg\" class=\"attachment-large size-large\" alt=\"&quot;\u015arodek&quot; Zuzanna Kacperak\" loading=\"lazy\" srcset=\"http:\/\/ekonomik.opole.pl\/eko3\/wp-content\/uploads\/2021\/10\/M_kacperak_zuzanna_srodek-686x1024.jpg 686w, http:\/\/ekonomik.opole.pl\/eko3\/wp-content\/uploads\/2021\/10\/M_kacperak_zuzanna_srodek-201x300.jpg 201w, http:\/\/ekonomik.opole.pl\/eko3\/wp-content\/uploads\/2021\/10\/M_kacperak_zuzanna_srodek-768x1147.jpg 768w, http:\/\/ekonomik.opole.pl\/eko3\/wp-content\/uploads\/2021\/10\/M_kacperak_zuzanna_srodek-1028x1536.jpg 1028w, http:\/\/ekonomik.opole.pl\/eko3\/wp-content\/uploads\/2021\/10\/M_kacperak_zuzanna_srodek-1371x2048.jpg 1371w, http:\/\/ekonomik.opole.pl\/eko3\/wp-content\/uploads\/2021\/10\/M_kacperak_zuzanna_srodek-1360x2031.jpg 1360w, http:\/\/ekonomik.opole.pl\/eko3\/wp-content\/uploads\/2021\/10\/M_kacperak_zuzanna_srodek-680x1016.jpg 680w, http:\/\/ekonomik.opole.pl\/eko3\/wp-content\/uploads\/2021\/10\/M_kacperak_zuzanna_srodek-scaled.jpg 1714w\" sizes=\"(max-width: 686px) 100vw, 686px\" \/>\t\t\t\t\t\t\t\t\t\t\t<figcaption class=\"widget-image-caption wp-caption-text\">\"\u015arodek\" Zuzanna Kacperak<\/figcaption>\n\t\t\t\t\t\t\t\t\t\t<\/figure>\n\t\t\t\t\t\t\t\t<\/div>\n\t\t\t\t\t\t<\/div>\n\t\t\t\t<\/div>\n\t\t\t\t\t\t<\/div>\n\t\t\t\t\t<\/div>\n\t\t<\/div>\n\t\t\t\t\t\t\t\t<\/div>\n\t\t\t\t\t<\/div>\n\t\t<\/section>\n\t\t\t\t<div class=\"elementor-element elementor-element-0ef4e54 elementor-widget-divider--separator-type-pattern elementor-widget-divider--no-spacing elementor-widget-divider--view-line elementor-widget elementor-widget-divider\" data-id=\"0ef4e54\" data-element_type=\"widget\" data-widget_type=\"divider.default\">\n\t\t\t\t<div class=\"elementor-widget-container\">\n\t\t\t\t\t<div class=\"elementor-divider\" style=\"--divider-pattern-url: url(&quot;data:image\/svg+xml,%3Csvg xmlns=&#039;http:\/\/www.w3.org\/2000\/svg&#039; preserveAspectRatio=&#039;xMidYMid meet&#039; overflow=&#039;visible&#039; height=&#039;100%&#039; viewBox=&#039;0 0 126 26&#039; fill=&#039;black&#039; stroke=&#039;none&#039;%3E%3Cpath d=&#039;M3,10.2c2.6,0,2.6,2,2.6,3.2S4.4,16.5,3,16.5s-3-1.4-3-3.2S0.4,10.2,3,10.2z M18.8,10.2c1.7,0,3.2,1.4,3.2,3.2s-1.4,3.2-3.2,3.2c-1.7,0-3.2-1.4-3.2-3.2S17,10.2,18.8,10.2z M34.6,10.2c1.5,0,2.6,1.4,2.6,3.2s-0.5,3.2-1.9,3.2c-1.5,0-3.4-1.4-3.4-3.2S33.1,10.2,34.6,10.2z M50.5,10.2c1.7,0,3.2,1.4,3.2,3.2s-1.4,3.2-3.2,3.2c-1.7,0-3.3-0.9-3.3-2.6S48.7,10.2,50.5,10.2z M66.2,10.2c1.5,0,3.4,1.4,3.4,3.2s-1.9,3.2-3.4,3.2c-1.5,0-2.6-0.4-2.6-2.1S64.8,10.2,66.2,10.2z M82.2,10.2c1.7,0.8,2.6,1.4,2.6,3.2s-0.1,3.2-1.6,3.2c-1.5,0-3.7-1.4-3.7-3.2S80.5,9.4,82.2,10.2zM98.6,10.2c1.5,0,2.6,0.4,2.6,2.1s-1.2,4.2-2.6,4.2c-1.5,0-3.7-0.4-3.7-2.1S97.1,10.2,98.6,10.2z M113.4,10.2c1.2,0,2.2,0.9,2.2,3.2s-0.1,3.2-1.3,3.2s-3.1-1.4-3.1-3.2S112.2,10.2,113.4,10.2z&#039;\/%3E%3C\/svg%3E&quot;);\">\n\t\t\t<span class=\"elementor-divider-separator\">\n\t\t\t\t\t\t<\/span>\n\t\t<\/div>\n\t\t\t\t<\/div>\n\t\t\t\t<\/div>\n\t\t\t\t\t\t<\/div>\n\t\t\t\t\t<\/div>\n\t\t<\/div>\n\t\t\t\t\t\t\t\t<\/div>\n\t\t\t\t\t<\/div>\n\t\t<\/section>\n\t\t\t\t<section class=\"elementor-section elementor-top-section elementor-element elementor-element-3d7562e8 elementor-section-full_width elementor-section-height-default elementor-section-height-default\" data-id=\"3d7562e8\" data-element_type=\"section\">\n\t\t\t\t\t\t<div class=\"elementor-container elementor-column-gap-default\">\n\t\t\t\t\t\t\t<div class=\"elementor-row\">\n\t\t\t\t\t<div class=\"elementor-column elementor-col-100 elementor-top-column elementor-element elementor-element-114e7234\" data-id=\"114e7234\" data-element_type=\"column\">\n\t\t\t<div class=\"elementor-column-wrap elementor-element-populated\">\n\t\t\t\t\t\t\t<div class=\"elementor-widget-wrap\">\n\t\t\t\t\t\t<div class=\"elementor-element elementor-element-22b2bd80 elementor-widget elementor-widget-spacer\" data-id=\"22b2bd80\" data-element_type=\"widget\" data-widget_type=\"spacer.default\">\n\t\t\t\t<div class=\"elementor-widget-container\">\n\t\t\t\t\t<div class=\"elementor-spacer\">\n\t\t\t<div class=\"elementor-spacer-inner\"><\/div>\n\t\t<\/div>\n\t\t\t\t<\/div>\n\t\t\t\t<\/div>\n\t\t\t\t<div class=\"elementor-element elementor-element-65fc3d17 elementor-widget-divider--view-line elementor-widget elementor-widget-divider\" data-id=\"65fc3d17\" data-element_type=\"widget\" data-widget_type=\"divider.default\">\n\t\t\t\t<div class=\"elementor-widget-container\">\n\t\t\t\t\t<div class=\"elementor-divider\">\n\t\t\t<span class=\"elementor-divider-separator\">\n\t\t\t\t\t\t<\/span>\n\t\t<\/div>\n\t\t\t\t<\/div>\n\t\t\t\t<\/div>\n\t\t\t\t<div class=\"elementor-element elementor-element-6269d38e elementor-widget elementor-widget-heading\" data-id=\"6269d38e\" data-element_type=\"widget\" data-widget_type=\"heading.default\">\n\t\t\t\t<div class=\"elementor-widget-container\">\n\t\t\t<h6 class=\"elementor-heading-title elementor-size-default\">sortuj wed\u0142ug wybranych tag\u00f3w i kategorii:<\/h6>\t\t<\/div>\n\t\t\t\t<\/div>\n\t\t\t\t\t\t<\/div>\n\t\t\t\t\t<\/div>\n\t\t<\/div>\n\t\t\t\t\t\t\t\t<\/div>\n\t\t\t\t\t<\/div>\n\t\t<\/section>\n\t\t\t\t<section class=\"elementor-section elementor-top-section elementor-element elementor-element-af97e10 elementor-section-boxed elementor-section-height-default elementor-section-height-default\" data-id=\"af97e10\" data-element_type=\"section\">\n\t\t\t\t\t\t<div class=\"elementor-container elementor-column-gap-default\">\n\t\t\t\t\t\t\t<div class=\"elementor-row\">\n\t\t\t\t\t<div class=\"elementor-column elementor-col-100 elementor-top-column elementor-element elementor-element-ff3418c\" data-id=\"ff3418c\" data-element_type=\"column\">\n\t\t\t<div class=\"elementor-column-wrap\">\n\t\t\t\t\t\t\t<div class=\"elementor-widget-wrap\">\n\t\t\t\t\t\t\t\t<\/div>\n\t\t\t\t\t<\/div>\n\t\t<\/div>\n\t\t\t\t\t\t\t\t<\/div>\n\t\t\t\t\t<\/div>\n\t\t<\/section>\n\t\t\t\t\t\t<\/div>\n\t\t\t\t\t\t<\/div>\n\t\t\t\t\t<\/div>\n\t\t","protected":false},"excerpt":{"rendered":"<p>Po zdobyciu\u00a0I nagrody w Og\u00f3lnopolskim Konkursie Filmowym Jednominut\u00f3wka Zuzia spr\u00f3bowa\u0142a swoich si\u0142 w konkursach fotograficznych. I na tym polu zosta\u0142a dostrze\u017cona i wyr\u00f3\u017cniona.\u00a0W konkursie Zdj\u0119cie Roku, organizowanym przez Zamojskie Towarzystwo Fotograficzne i Zamojski Dom Kultury, fotografia Zuzy zatytu\u0142owana \u015arodek zosta\u0142a zakwalifikowana do wystawy pokonkursowej.\u00a0 To niezwyk\u0142e wyr\u00f3\u017cnienie, poniewa\u017c na konkurs wp\u0142yn\u0119\u0142o ok. 2000 prac \u2013&#8230;<\/p>\n","protected":false},"author":1,"featured_media":993663,"comment_status":"closed","ping_status":"open","sticky":false,"template":"","format":"standard","meta":{"inline_featured_image":false},"categories":[186],"tags":[204,129,205,190,166],"_links":{"self":[{"href":"http:\/\/ekonomik.opole.pl\/eko3\/wp-json\/wp\/v2\/posts\/993657"}],"collection":[{"href":"http:\/\/ekonomik.opole.pl\/eko3\/wp-json\/wp\/v2\/posts"}],"about":[{"href":"http:\/\/ekonomik.opole.pl\/eko3\/wp-json\/wp\/v2\/types\/post"}],"author":[{"embeddable":true,"href":"http:\/\/ekonomik.opole.pl\/eko3\/wp-json\/wp\/v2\/users\/1"}],"replies":[{"embeddable":true,"href":"http:\/\/ekonomik.opole.pl\/eko3\/wp-json\/wp\/v2\/comments?post=993657"}],"version-history":[{"count":17,"href":"http:\/\/ekonomik.opole.pl\/eko3\/wp-json\/wp\/v2\/posts\/993657\/revisions"}],"predecessor-version":[{"id":993677,"href":"http:\/\/ekonomik.opole.pl\/eko3\/wp-json\/wp\/v2\/posts\/993657\/revisions\/993677"}],"wp:featuredmedia":[{"embeddable":true,"href":"http:\/\/ekonomik.opole.pl\/eko3\/wp-json\/wp\/v2\/media\/993663"}],"wp:attachment":[{"href":"http:\/\/ekonomik.opole.pl\/eko3\/wp-json\/wp\/v2\/media?parent=993657"}],"wp:term":[{"taxonomy":"category","embeddable":true,"href":"http:\/\/ekonomik.opole.pl\/eko3\/wp-json\/wp\/v2\/categories?post=993657"},{"taxonomy":"post_tag","embeddable":true,"href":"http:\/\/ekonomik.opole.pl\/eko3\/wp-json\/wp\/v2\/tags?post=993657"}],"curies":[{"name":"wp","href":"https:\/\/api.w.org\/{rel}","templated":true}]}}