{"id":993837,"date":"2021-10-08T18:28:55","date_gmt":"2021-10-08T16:28:55","guid":{"rendered":"http:\/\/ekonomik.opole.pl\/eko3\/?p=993837"},"modified":"2021-10-08T18:30:54","modified_gmt":"2021-10-08T16:30:54","slug":"lekkoatleci-z-ekonomika-powtorzyli-sukces-na-zawodach-wojewodzkich","status":"publish","type":"post","link":"http:\/\/ekonomik.opole.pl\/eko3\/lekkoatleci-z-ekonomika-powtorzyli-sukces-na-zawodach-wojewodzkich\/","title":{"rendered":"Lekkoatleci z Ekonomika powt\u00f3rzyli sukces na zawodach wojew\u00f3dzkich"},"content":{"rendered":"\t\t<div data-elementor-type=\"wp-post\" data-elementor-id=\"993837\" class=\"elementor elementor-993837\" data-elementor-settings=\"[]\">\n\t\t\t\t\t\t<div class=\"elementor-inner\">\n\t\t\t\t\t\t\t<div class=\"elementor-section-wrap\">\n\t\t\t\t\t\t\t<section class=\"elementor-section elementor-top-section elementor-element elementor-element-6ca7173 elementor-section-boxed elementor-section-height-default elementor-section-height-default\" data-id=\"6ca7173\" data-element_type=\"section\">\n\t\t\t\t\t\t<div class=\"elementor-container elementor-column-gap-default\">\n\t\t\t\t\t\t\t<div class=\"elementor-row\">\n\t\t\t\t\t<div class=\"elementor-column elementor-col-100 elementor-top-column elementor-element elementor-element-93cd832\" data-id=\"93cd832\" data-element_type=\"column\">\n\t\t\t<div class=\"elementor-column-wrap elementor-element-populated\">\n\t\t\t\t\t\t\t<div class=\"elementor-widget-wrap\">\n\t\t\t\t\t\t<div class=\"elementor-element elementor-element-f7781cf elementor-invisible elementor-widget elementor-widget-heading\" data-id=\"f7781cf\" data-element_type=\"widget\" data-settings=\"{&quot;_animation&quot;:&quot;fadeIn&quot;,&quot;_animation_delay&quot;:500}\" data-widget_type=\"heading.default\">\n\t\t\t\t<div class=\"elementor-widget-container\">\n\t\t\t<h2 class=\"elementor-heading-title elementor-size-default\">Br\u0105z na zawodach wojew\u00f3dzkich<\/h2>\t\t<\/div>\n\t\t\t\t<\/div>\n\t\t\t\t<div class=\"elementor-element elementor-element-3eb60bf elementor-widget elementor-widget-text-editor\" data-id=\"3eb60bf\" data-element_type=\"widget\" data-widget_type=\"text-editor.default\">\n\t\t\t\t<div class=\"elementor-widget-container\">\n\t\t\t\t\t\t\t\t<div class=\"elementor-text-editor elementor-clearfix\">\n\t\t\t\t\t<p>Najpierw w Mistrzostwach Opola, a dwa dni p\u00f3\u017aniej na zawodach WOJEW\u00d3DZKICH nasi uczniowie &#8211; sportowcy ponownie stan\u0119li na podium! i wywalczyli <strong>BR\u0104ZOWE MEDALE.\u00a0<\/strong><\/p><p><br \/>W biegu mieszanym 4 x 400 metr\u00f3w nasz\u0105 szko\u0142\u0119 reprezentowali:<\/p><p>\u0141ukasz Szenawa 3A<br \/>Agnieszka Krok 3D\u00a0<br \/>Joanna Hellbach 1F\u00a0<br \/>Aleks Stok\u0142osa 4F<br \/>Opiekun: Pani Janina Ficek<\/p>\t\t\t\t\t<\/div>\n\t\t\t\t\t\t<\/div>\n\t\t\t\t<\/div>\n\t\t\t\t<div class=\"elementor-element elementor-element-54f0ef5 elementor-position-right elementor-view-default elementor-vertical-align-top elementor-widget elementor-widget-icon-box\" data-id=\"54f0ef5\" data-element_type=\"widget\" data-widget_type=\"icon-box.default\">\n\t\t\t\t<div class=\"elementor-widget-container\">\n\t\t\t\t\t<div class=\"elementor-icon-box-wrapper\">\n\t\t\t\t\t\t<div class=\"elementor-icon-box-icon\">\n\t\t\t\t<span class=\"elementor-icon elementor-animation-\" >\n\t\t\t\t<i aria-hidden=\"true\" class=\"fas fa-trophy\"><\/i>\t\t\t\t<\/span>\n\t\t\t<\/div>\n\t\t\t\t\t\t<div class=\"elementor-icon-box-content\">\n\t\t\t\t<h3 class=\"elementor-icon-box-title\">\n\t\t\t\t\t<span >Gratulacje<\/span>\n\t\t\t\t<\/h3>\n\t\t\t\t\t\t\t<\/div>\n\t\t<\/div>\n\t\t\t\t<\/div>\n\t\t\t\t<\/div>\n\t\t\t\t<div class=\"elementor-element elementor-element-9b972c4 elementor-widget elementor-widget-image\" data-id=\"9b972c4\" data-element_type=\"widget\" data-widget_type=\"image.default\">\n\t\t\t\t<div class=\"elementor-widget-container\">\n\t\t\t\t\t\t\t\t<div class=\"elementor-image\">\n\t\t\t\t\t\t\t\t\t\t\t\t<img width=\"1024\" height=\"680\" src=\"http:\/\/ekonomik.opole.pl\/eko3\/wp-content\/uploads\/2021\/10\/sztafeta-1024x680.jpg\" class=\"attachment-large size-large\" alt=\"Br\u0105zowy medal w sztafecie dla Ekonomika\" loading=\"lazy\" srcset=\"http:\/\/ekonomik.opole.pl\/eko3\/wp-content\/uploads\/2021\/10\/sztafeta-1024x680.jpg 1024w, http:\/\/ekonomik.opole.pl\/eko3\/wp-content\/uploads\/2021\/10\/sztafeta-300x199.jpg 300w, http:\/\/ekonomik.opole.pl\/eko3\/wp-content\/uploads\/2021\/10\/sztafeta-768x510.jpg 768w, http:\/\/ekonomik.opole.pl\/eko3\/wp-content\/uploads\/2021\/10\/sztafeta-1536x1020.jpg 1536w, http:\/\/ekonomik.opole.pl\/eko3\/wp-content\/uploads\/2021\/10\/sztafeta-1360x903.jpg 1360w, http:\/\/ekonomik.opole.pl\/eko3\/wp-content\/uploads\/2021\/10\/sztafeta-680x451.jpg 680w, http:\/\/ekonomik.opole.pl\/eko3\/wp-content\/uploads\/2021\/10\/sztafeta.jpg 1600w\" sizes=\"(max-width: 1024px) 100vw, 1024px\" \/>\t\t\t\t\t\t\t\t\t\t\t\t\t\t<\/div>\n\t\t\t\t\t\t<\/div>\n\t\t\t\t<\/div>\n\t\t\t\t<div class=\"elementor-element elementor-element-8e9b689 elementor-widget elementor-widget-spacer\" data-id=\"8e9b689\" data-element_type=\"widget\" data-widget_type=\"spacer.default\">\n\t\t\t\t<div class=\"elementor-widget-container\">\n\t\t\t\t\t<div class=\"elementor-spacer\">\n\t\t\t<div class=\"elementor-spacer-inner\"><\/div>\n\t\t<\/div>\n\t\t\t\t<\/div>\n\t\t\t\t<\/div>\n\t\t\t\t\t\t<\/div>\n\t\t\t\t\t<\/div>\n\t\t<\/div>\n\t\t\t\t\t\t\t\t<\/div>\n\t\t\t\t\t<\/div>\n\t\t<\/section>\n\t\t\t\t<section class=\"elementor-section elementor-top-section elementor-element elementor-element-427b453 elementor-section-boxed elementor-section-height-default elementor-section-height-default\" data-id=\"427b453\" data-element_type=\"section\">\n\t\t\t\t\t\t<div class=\"elementor-container elementor-column-gap-default\">\n\t\t\t\t\t\t\t<div class=\"elementor-row\">\n\t\t\t\t\t<div class=\"elementor-column elementor-col-100 elementor-top-column elementor-element elementor-element-6c977aa\" data-id=\"6c977aa\" data-element_type=\"column\">\n\t\t\t<div class=\"elementor-column-wrap elementor-element-populated\">\n\t\t\t\t\t\t\t<div class=\"elementor-widget-wrap\">\n\t\t\t\t\t\t<div class=\"elementor-element elementor-element-ce5761c elementor-widget-divider--view-line elementor-widget elementor-widget-divider\" data-id=\"ce5761c\" data-element_type=\"widget\" data-widget_type=\"divider.default\">\n\t\t\t\t<div class=\"elementor-widget-container\">\n\t\t\t\t\t<div class=\"elementor-divider\">\n\t\t\t<span class=\"elementor-divider-separator\">\n\t\t\t\t\t\t<\/span>\n\t\t<\/div>\n\t\t\t\t<\/div>\n\t\t\t\t<\/div>\n\t\t\t\t\t\t<\/div>\n\t\t\t\t\t<\/div>\n\t\t<\/div>\n\t\t\t\t\t\t\t\t<\/div>\n\t\t\t\t\t<\/div>\n\t\t<\/section>\n\t\t\t\t<section class=\"elementor-section elementor-top-section elementor-element elementor-element-3f3c8a4 elementor-section-boxed elementor-section-height-default elementor-section-height-default\" data-id=\"3f3c8a4\" data-element_type=\"section\">\n\t\t\t\t\t\t<div class=\"elementor-container elementor-column-gap-default\">\n\t\t\t\t\t\t\t<div class=\"elementor-row\">\n\t\t\t\t\t<div class=\"elementor-column elementor-col-100 elementor-top-column elementor-element elementor-element-dd894a6\" data-id=\"dd894a6\" data-element_type=\"column\">\n\t\t\t<div class=\"elementor-column-wrap elementor-element-populated\">\n\t\t\t\t\t\t\t<div class=\"elementor-widget-wrap\">\n\t\t\t\t\t\t<div class=\"elementor-element elementor-element-310fd9a elementor-widget elementor-widget-heading\" data-id=\"310fd9a\" data-element_type=\"widget\" data-widget_type=\"heading.default\">\n\t\t\t\t<div class=\"elementor-widget-container\">\n\t\t\t<h6 class=\"elementor-heading-title elementor-size-default\">sortuj wed\u0142ug wybranych tag\u00f3w i kategorii:<\/h6>\t\t<\/div>\n\t\t\t\t<\/div>\n\t\t\t\t\t\t<\/div>\n\t\t\t\t\t<\/div>\n\t\t<\/div>\n\t\t\t\t\t\t\t\t<\/div>\n\t\t\t\t\t<\/div>\n\t\t<\/section>\n\t\t\t\t\t\t<\/div>\n\t\t\t\t\t\t<\/div>\n\t\t\t\t\t<\/div>\n\t\t","protected":false},"excerpt":{"rendered":"<p>Br\u0105z na zawodach wojew\u00f3dzkich Najpierw w Mistrzostwach Opola, a dwa dni p\u00f3\u017aniej na zawodach WOJEW\u00d3DZKICH nasi uczniowie &#8211; sportowcy ponownie stan\u0119li na podium! i wywalczyli BR\u0104ZOWE MEDALE.&nbsp; W biegu mieszanym 4 x 400 metr\u00f3w nasz\u0105 szko\u0142\u0119 reprezentowali: \u0141ukasz Szenawa 3A Agnieszka Krok 3D&nbsp; Joanna Hellbach 1F&nbsp; Aleks Stok\u0142osa 4F Opiekun: Pani Janina Ficek Gratulacje sortuj&#8230;<\/p>\n","protected":false},"author":1,"featured_media":993839,"comment_status":"closed","ping_status":"open","sticky":false,"template":"","format":"standard","meta":{"inline_featured_image":false},"categories":[134],"tags":[210,209,190,126],"_links":{"self":[{"href":"http:\/\/ekonomik.opole.pl\/eko3\/wp-json\/wp\/v2\/posts\/993837"}],"collection":[{"href":"http:\/\/ekonomik.opole.pl\/eko3\/wp-json\/wp\/v2\/posts"}],"about":[{"href":"http:\/\/ekonomik.opole.pl\/eko3\/wp-json\/wp\/v2\/types\/post"}],"author":[{"embeddable":true,"href":"http:\/\/ekonomik.opole.pl\/eko3\/wp-json\/wp\/v2\/users\/1"}],"replies":[{"embeddable":true,"href":"http:\/\/ekonomik.opole.pl\/eko3\/wp-json\/wp\/v2\/comments?post=993837"}],"version-history":[{"count":8,"href":"http:\/\/ekonomik.opole.pl\/eko3\/wp-json\/wp\/v2\/posts\/993837\/revisions"}],"predecessor-version":[{"id":993847,"href":"http:\/\/ekonomik.opole.pl\/eko3\/wp-json\/wp\/v2\/posts\/993837\/revisions\/993847"}],"wp:featuredmedia":[{"embeddable":true,"href":"http:\/\/ekonomik.opole.pl\/eko3\/wp-json\/wp\/v2\/media\/993839"}],"wp:attachment":[{"href":"http:\/\/ekonomik.opole.pl\/eko3\/wp-json\/wp\/v2\/media?parent=993837"}],"wp:term":[{"taxonomy":"category","embeddable":true,"href":"http:\/\/ekonomik.opole.pl\/eko3\/wp-json\/wp\/v2\/categories?post=993837"},{"taxonomy":"post_tag","embeddable":true,"href":"http:\/\/ekonomik.opole.pl\/eko3\/wp-json\/wp\/v2\/tags?post=993837"}],"curies":[{"name":"wp","href":"https:\/\/api.w.org\/{rel}","templated":true}]}}