{"id":993877,"date":"2021-10-14T13:26:20","date_gmt":"2021-10-14T11:26:20","guid":{"rendered":"http:\/\/ekonomik.opole.pl\/eko3\/?p=993877"},"modified":"2021-10-14T13:30:14","modified_gmt":"2021-10-14T11:30:14","slug":"list-ministra-edukacji-i-nauki-z-okazji-dnia-edukacji-narodowej","status":"publish","type":"post","link":"http:\/\/ekonomik.opole.pl\/eko3\/list-ministra-edukacji-i-nauki-z-okazji-dnia-edukacji-narodowej\/","title":{"rendered":"List Ministra Edukacji i Nauki z okazji Dnia Edukacji Narodowej"},"content":{"rendered":"\t\t<div data-elementor-type=\"wp-post\" data-elementor-id=\"993877\" class=\"elementor elementor-993877\" data-elementor-settings=\"[]\">\n\t\t\t\t\t\t<div class=\"elementor-inner\">\n\t\t\t\t\t\t\t<div class=\"elementor-section-wrap\">\n\t\t\t\t\t\t\t<section class=\"elementor-section elementor-top-section elementor-element elementor-element-8aa1749 elementor-section-boxed elementor-section-height-default elementor-section-height-default\" data-id=\"8aa1749\" data-element_type=\"section\">\n\t\t\t\t\t\t<div class=\"elementor-container elementor-column-gap-default\">\n\t\t\t\t\t\t\t<div class=\"elementor-row\">\n\t\t\t\t\t<div class=\"elementor-column elementor-col-100 elementor-top-column elementor-element elementor-element-003ce43\" data-id=\"003ce43\" data-element_type=\"column\">\n\t\t\t<div class=\"elementor-column-wrap elementor-element-populated\">\n\t\t\t\t\t\t\t<div class=\"elementor-widget-wrap\">\n\t\t\t\t\t\t<div class=\"elementor-element elementor-element-705f8c44 elementor-widget elementor-widget-text-editor\" data-id=\"705f8c44\" data-element_type=\"widget\" data-widget_type=\"text-editor.default\">\n\t\t\t\t<div class=\"elementor-widget-container\">\n\t\t\t\t\t\t\t\t<div class=\"elementor-text-editor elementor-clearfix\">\n\t\t\t\t\t<p>Minister Edukacji i Nauki Przemys\u0142aw Czarnek skierowa\u0142 list do dyrektor\u00f3w, nauczycieli i wychowawc\u00f3w, a tak\u017ce pracownik\u00f3w o\u015bwiaty z okazji Dnia Edukacji Narodowej. W swoim li\u015bcie minister przekaza\u0142 wyrazy najwy\u017cszego uznania i szacunku.\u00a0<\/p>\t\t\t\t\t<\/div>\n\t\t\t\t\t\t<\/div>\n\t\t\t\t<\/div>\n\t\t\t\t<div class=\"elementor-element elementor-element-056d895 elementor-widget elementor-widget-text-editor\" data-id=\"056d895\" data-element_type=\"widget\" data-widget_type=\"text-editor.default\">\n\t\t\t\t<div class=\"elementor-widget-container\">\n\t\t\t\t\t\t\t\t<div class=\"elementor-text-editor elementor-clearfix\">\n\t\t\t\t\t<p>\u2013 Ka\u017cdego dnia pomagaj\u0105 Pa\u0144stwo zdobywa\u0107 uczniom now\u0105 wiedz\u0119, inspiruj\u0105 ich do rozwijania pasji i talent\u00f3w, a tak\u017ce przygotowuj\u0105 do wej\u015bcia w doros\u0142e \u017cycie, do podj\u0119cia w przysz\u0142o\u015bci nowych r\u00f3l spo\u0142ecznych. Serdecznie za to dzi\u0119kuj\u0119 \u2013 podkre\u015bli\u0142 Minister Edukacji i Nauki.\u00a0<\/p><p>Ponadto w korespondencji minister Przemys\u0142aw Czarnek przedstawi\u0142 dzia\u0142ania MEiN zwi\u0105zane z odbudowywaniem presti\u017cu zawodu nauczyciela. Minister wspomnia\u0142 o propozycjach resortu dotycz\u0105cych wzrostu wynagrodzenia, a tak\u017ce zmianach w zakresie czasu pracy oraz awansu zawodowego.\u00a0<\/p><p>Minister Edukacji i Nauki wspomnia\u0142 o wsp\u00f3lnym przedsi\u0119wzi\u0119ciu MEiN i Centrum GovTech \u201eLaboratoria przysz\u0142o\u015bci\u201d. Dzi\u0119ki tej inicjatywnie mo\u017cliwe b\u0119dzie wsparcie szk\u00f3\u0142 w nowoczesne narz\u0119dzia jakimi s\u0105 m.in. drukarki 3D czy roboty. Minister wyrazi\u0142 tak\u017ce zadowolenie z du\u017cego zaanga\u017cowania szk\u00f3\u0142 i \u015brodowiska o\u015bwiatowego w program \u201ePoznaj Polsk\u0119\u201d. \u2013To znakomity spos\u00f3b na urozmaicenie i wzbogacenie zaj\u0119\u0107 lekcyjnych, a tak\u017ce na\u00a0przybli\u017cenie m\u0142odym ludziom historii oraz bogactwa polskiego dziedzictwa narodowego &#8211; podkre\u015bli\u0142 minister Przemys\u0142aw Czarnek.<\/p>\t\t\t\t\t<\/div>\n\t\t\t\t\t\t<\/div>\n\t\t\t\t<\/div>\n\t\t\t\t<div class=\"elementor-element elementor-element-c5b739b elementor-widget elementor-widget-spacer\" data-id=\"c5b739b\" data-element_type=\"widget\" data-widget_type=\"spacer.default\">\n\t\t\t\t<div class=\"elementor-widget-container\">\n\t\t\t\t\t<div class=\"elementor-spacer\">\n\t\t\t<div class=\"elementor-spacer-inner\"><\/div>\n\t\t<\/div>\n\t\t\t\t<\/div>\n\t\t\t\t<\/div>\n\t\t\t\t<div class=\"elementor-element elementor-element-7d845fd elementor-widget elementor-widget-button\" data-id=\"7d845fd\" data-element_type=\"widget\" data-widget_type=\"button.default\">\n\t\t\t\t<div class=\"elementor-widget-container\">\n\t\t\t\t\t<div class=\"elementor-button-wrapper\">\n\t\t\t<a href=\"http:\/\/ekonomik.opole.pl\/eko3\/wp-content\/uploads\/2021\/10\/20211013_list_ministra_edukacji_i_nauki_dzien_edukacji_narodowej.pdf\" target=\"_blank\" rel=\"nofollow\" class=\"elementor-button-link elementor-button elementor-size-sm\" role=\"button\">\n\t\t\t\t\t\t<span class=\"elementor-button-content-wrapper\">\n\t\t\t\t\t\t<span class=\"elementor-button-icon elementor-align-icon-left\">\n\t\t\t\t<i aria-hidden=\"true\" class=\"far fa-file-pdf\"><\/i>\t\t\t<\/span>\n\t\t\t\t\t\t<span class=\"elementor-button-text\">List Ministra Edukacji i Nauki<\/span>\n\t\t<\/span>\n\t\t\t\t\t<\/a>\n\t\t<\/div>\n\t\t\t\t<\/div>\n\t\t\t\t<\/div>\n\t\t\t\t\t\t<\/div>\n\t\t\t\t\t<\/div>\n\t\t<\/div>\n\t\t\t\t\t\t\t\t<\/div>\n\t\t\t\t\t<\/div>\n\t\t<\/section>\n\t\t\t\t<section class=\"elementor-section elementor-top-section elementor-element elementor-element-268ae061 elementor-section-boxed elementor-section-height-default elementor-section-height-default\" data-id=\"268ae061\" data-element_type=\"section\">\n\t\t\t\t\t\t<div class=\"elementor-container elementor-column-gap-default\">\n\t\t\t\t\t\t\t<div class=\"elementor-row\">\n\t\t\t\t\t<div class=\"elementor-column elementor-col-100 elementor-top-column elementor-element elementor-element-2f0498cc\" data-id=\"2f0498cc\" data-element_type=\"column\">\n\t\t\t<div class=\"elementor-column-wrap elementor-element-populated\">\n\t\t\t\t\t\t\t<div class=\"elementor-widget-wrap\">\n\t\t\t\t\t\t<div class=\"elementor-element elementor-element-1ff100c9 elementor-widget elementor-widget-spacer\" data-id=\"1ff100c9\" data-element_type=\"widget\" data-widget_type=\"spacer.default\">\n\t\t\t\t<div class=\"elementor-widget-container\">\n\t\t\t\t\t<div class=\"elementor-spacer\">\n\t\t\t<div class=\"elementor-spacer-inner\"><\/div>\n\t\t<\/div>\n\t\t\t\t<\/div>\n\t\t\t\t<\/div>\n\t\t\t\t\t\t<\/div>\n\t\t\t\t\t<\/div>\n\t\t<\/div>\n\t\t\t\t\t\t\t\t<\/div>\n\t\t\t\t\t<\/div>\n\t\t<\/section>\n\t\t\t\t<section class=\"elementor-section elementor-top-section elementor-element elementor-element-77022cb elementor-section-boxed elementor-section-height-default elementor-section-height-default\" data-id=\"77022cb\" data-element_type=\"section\">\n\t\t\t\t\t\t<div class=\"elementor-container elementor-column-gap-default\">\n\t\t\t\t\t\t\t<div class=\"elementor-row\">\n\t\t\t\t\t<div class=\"elementor-column elementor-col-100 elementor-top-column elementor-element elementor-element-5fb83d2f\" data-id=\"5fb83d2f\" data-element_type=\"column\">\n\t\t\t<div class=\"elementor-column-wrap elementor-element-populated\">\n\t\t\t\t\t\t\t<div class=\"elementor-widget-wrap\">\n\t\t\t\t\t\t<div class=\"elementor-element elementor-element-60fc85e8 elementor-widget-divider--view-line elementor-widget elementor-widget-divider\" data-id=\"60fc85e8\" data-element_type=\"widget\" data-widget_type=\"divider.default\">\n\t\t\t\t<div class=\"elementor-widget-container\">\n\t\t\t\t\t<div class=\"elementor-divider\">\n\t\t\t<span class=\"elementor-divider-separator\">\n\t\t\t\t\t\t<\/span>\n\t\t<\/div>\n\t\t\t\t<\/div>\n\t\t\t\t<\/div>\n\t\t\t\t\t\t<\/div>\n\t\t\t\t\t<\/div>\n\t\t<\/div>\n\t\t\t\t\t\t\t\t<\/div>\n\t\t\t\t\t<\/div>\n\t\t<\/section>\n\t\t\t\t<section class=\"elementor-section elementor-top-section elementor-element elementor-element-36207e81 elementor-section-boxed elementor-section-height-default elementor-section-height-default\" data-id=\"36207e81\" data-element_type=\"section\">\n\t\t\t\t\t\t<div class=\"elementor-container elementor-column-gap-default\">\n\t\t\t\t\t\t\t<div class=\"elementor-row\">\n\t\t\t\t\t<div class=\"elementor-column elementor-col-100 elementor-top-column elementor-element elementor-element-6c2a55d7\" data-id=\"6c2a55d7\" data-element_type=\"column\">\n\t\t\t<div class=\"elementor-column-wrap elementor-element-populated\">\n\t\t\t\t\t\t\t<div class=\"elementor-widget-wrap\">\n\t\t\t\t\t\t<div class=\"elementor-element elementor-element-503702d7 elementor-widget elementor-widget-heading\" data-id=\"503702d7\" data-element_type=\"widget\" data-widget_type=\"heading.default\">\n\t\t\t\t<div class=\"elementor-widget-container\">\n\t\t\t<h6 class=\"elementor-heading-title elementor-size-default\">sortuj wed\u0142ug wybranych tag\u00f3w i kategorii:<\/h6>\t\t<\/div>\n\t\t\t\t<\/div>\n\t\t\t\t\t\t<\/div>\n\t\t\t\t\t<\/div>\n\t\t<\/div>\n\t\t\t\t\t\t\t\t<\/div>\n\t\t\t\t\t<\/div>\n\t\t<\/section>\n\t\t\t\t\t\t<\/div>\n\t\t\t\t\t\t<\/div>\n\t\t\t\t\t<\/div>\n\t\t","protected":false},"excerpt":{"rendered":"<p>Minister Edukacji i Nauki Przemys\u0142aw Czarnek skierowa\u0142 list do dyrektor\u00f3w, nauczycieli i wychowawc\u00f3w, a tak\u017ce pracownik\u00f3w o\u015bwiaty z okazji Dnia Edukacji Narodowej. W swoim li\u015bcie minister przekaza\u0142 wyrazy najwy\u017cszego uznania i szacunku.\u00a0 \u2013 Ka\u017cdego dnia pomagaj\u0105 Pa\u0144stwo zdobywa\u0107 uczniom now\u0105 wiedz\u0119, inspiruj\u0105 ich do rozwijania pasji i talent\u00f3w, a tak\u017ce przygotowuj\u0105 do wej\u015bcia w doros\u0142e&#8230;<\/p>\n","protected":false},"author":1,"featured_media":993883,"comment_status":"closed","ping_status":"open","sticky":false,"template":"","format":"standard","meta":{"inline_featured_image":false},"categories":[185],"tags":[211,213,199],"_links":{"self":[{"href":"http:\/\/ekonomik.opole.pl\/eko3\/wp-json\/wp\/v2\/posts\/993877"}],"collection":[{"href":"http:\/\/ekonomik.opole.pl\/eko3\/wp-json\/wp\/v2\/posts"}],"about":[{"href":"http:\/\/ekonomik.opole.pl\/eko3\/wp-json\/wp\/v2\/types\/post"}],"author":[{"embeddable":true,"href":"http:\/\/ekonomik.opole.pl\/eko3\/wp-json\/wp\/v2\/users\/1"}],"replies":[{"embeddable":true,"href":"http:\/\/ekonomik.opole.pl\/eko3\/wp-json\/wp\/v2\/comments?post=993877"}],"version-history":[{"count":11,"href":"http:\/\/ekonomik.opole.pl\/eko3\/wp-json\/wp\/v2\/posts\/993877\/revisions"}],"predecessor-version":[{"id":993891,"href":"http:\/\/ekonomik.opole.pl\/eko3\/wp-json\/wp\/v2\/posts\/993877\/revisions\/993891"}],"wp:featuredmedia":[{"embeddable":true,"href":"http:\/\/ekonomik.opole.pl\/eko3\/wp-json\/wp\/v2\/media\/993883"}],"wp:attachment":[{"href":"http:\/\/ekonomik.opole.pl\/eko3\/wp-json\/wp\/v2\/media?parent=993877"}],"wp:term":[{"taxonomy":"category","embeddable":true,"href":"http:\/\/ekonomik.opole.pl\/eko3\/wp-json\/wp\/v2\/categories?post=993877"},{"taxonomy":"post_tag","embeddable":true,"href":"http:\/\/ekonomik.opole.pl\/eko3\/wp-json\/wp\/v2\/tags?post=993877"}],"curies":[{"name":"wp","href":"https:\/\/api.w.org\/{rel}","templated":true}]}}