{"id":993892,"date":"2021-10-14T14:45:56","date_gmt":"2021-10-14T12:45:56","guid":{"rendered":"http:\/\/ekonomik.opole.pl\/eko3\/?p=993892"},"modified":"2021-10-14T14:47:08","modified_gmt":"2021-10-14T12:47:08","slug":"zyczenia-z-okazji-dnia-edukacji-narodowej","status":"publish","type":"post","link":"http:\/\/ekonomik.opole.pl\/eko3\/zyczenia-z-okazji-dnia-edukacji-narodowej\/","title":{"rendered":"\u017byczenia z okazji Dnia Edukacji Narodowej"},"content":{"rendered":"\t\t<div data-elementor-type=\"wp-post\" data-elementor-id=\"993892\" class=\"elementor elementor-993892\" data-elementor-settings=\"[]\">\n\t\t\t\t\t\t<div class=\"elementor-inner\">\n\t\t\t\t\t\t\t<div class=\"elementor-section-wrap\">\n\t\t\t\t\t\t\t<section class=\"elementor-section elementor-top-section elementor-element elementor-element-5192f25 elementor-section-boxed elementor-section-height-default elementor-section-height-default\" data-id=\"5192f25\" data-element_type=\"section\">\n\t\t\t\t\t\t<div class=\"elementor-container elementor-column-gap-default\">\n\t\t\t\t\t\t\t<div class=\"elementor-row\">\n\t\t\t\t\t<div class=\"elementor-column elementor-col-100 elementor-top-column elementor-element elementor-element-019125e\" data-id=\"019125e\" data-element_type=\"column\">\n\t\t\t<div class=\"elementor-column-wrap elementor-element-populated\">\n\t\t\t\t\t\t\t<div class=\"elementor-widget-wrap\">\n\t\t\t\t\t\t<div class=\"elementor-element elementor-element-661c8e5 elementor-widget elementor-widget-spacer\" data-id=\"661c8e5\" data-element_type=\"widget\" data-widget_type=\"spacer.default\">\n\t\t\t\t<div class=\"elementor-widget-container\">\n\t\t\t\t\t<div class=\"elementor-spacer\">\n\t\t\t<div class=\"elementor-spacer-inner\"><\/div>\n\t\t<\/div>\n\t\t\t\t<\/div>\n\t\t\t\t<\/div>\n\t\t\t\t<div class=\"elementor-element elementor-element-4817fc3 elementor-widget elementor-widget-text-editor\" data-id=\"4817fc3\" data-element_type=\"widget\" data-widget_type=\"text-editor.default\">\n\t\t\t\t<div class=\"elementor-widget-container\">\n\t\t\t\t\t\t\t\t<div class=\"elementor-text-editor elementor-clearfix\">\n\t\t\t\t\t<p><em>Szanowni Pa\u0144stwo,<\/em><\/p><p><em>w zwi\u0105zku ze zbli\u017caj\u0105cym si\u0119 Dniem Edukacji Narodowej przesy\u0142am \u017cyczenia skierowane przez Prezydenta Miasta Opola do wszystkich Pracownik\u00f3w O\u015bwiaty w Opolu.<\/em><\/p><p><em>Do\u0142\u0105czaj\u0105c si\u0119, wraz z zespo\u0142em pracownik\u00f3w Wydzia\u0142u O\u015bwiaty, do s\u0142\u00f3w Pana Prezydenta, \u017cycz\u0119 Pa\u0144stwu jak najwi\u0119cej zdrowia i pomy\u015blno\u015bci, zapa\u0142u i wytrwa\u0142o\u015bci we wszystkich dzia\u0142aniach pedagogicznych i nieustaj\u0105cego entuzjazmu w trudnej misji kierowania przedszkolem, szko\u0142\u0105 czy plac\u00f3wk\u0105 o\u015bwiatow\u0105, a tak\u017ce wielu pi\u0119knych chwil w \u017cyciu osobistym.<\/em><\/p><p><em>Z wyrazami szacunku<\/em><\/p><p>Aleksander Iszczuk<\/p><p><span style=\"letter-spacing: 0.2px;\">Naczelnik\u00a0<\/span><span style=\"letter-spacing: 0.2px;\">Wydzia\u0142u O\u015bwiaty<\/span><\/p>\t\t\t\t\t<\/div>\n\t\t\t\t\t\t<\/div>\n\t\t\t\t<\/div>\n\t\t\t\t\t\t<\/div>\n\t\t\t\t\t<\/div>\n\t\t<\/div>\n\t\t\t\t\t\t\t\t<\/div>\n\t\t\t\t\t<\/div>\n\t\t<\/section>\n\t\t\t\t<section class=\"elementor-section elementor-top-section elementor-element elementor-element-4bc4f991 elementor-section-boxed elementor-section-height-default elementor-section-height-default\" data-id=\"4bc4f991\" data-element_type=\"section\">\n\t\t\t\t\t\t<div class=\"elementor-container elementor-column-gap-default\">\n\t\t\t\t\t\t\t<div class=\"elementor-row\">\n\t\t\t\t\t<div class=\"elementor-column elementor-col-100 elementor-top-column elementor-element elementor-element-7b7a494f\" data-id=\"7b7a494f\" data-element_type=\"column\">\n\t\t\t<div class=\"elementor-column-wrap elementor-element-populated\">\n\t\t\t\t\t\t\t<div class=\"elementor-widget-wrap\">\n\t\t\t\t\t\t<div class=\"elementor-element elementor-element-25a1d558 elementor-widget elementor-widget-spacer\" data-id=\"25a1d558\" data-element_type=\"widget\" data-widget_type=\"spacer.default\">\n\t\t\t\t<div class=\"elementor-widget-container\">\n\t\t\t\t\t<div class=\"elementor-spacer\">\n\t\t\t<div class=\"elementor-spacer-inner\"><\/div>\n\t\t<\/div>\n\t\t\t\t<\/div>\n\t\t\t\t<\/div>\n\t\t\t\t<div class=\"elementor-element elementor-element-ec959de elementor-widget elementor-widget-button\" data-id=\"ec959de\" data-element_type=\"widget\" data-widget_type=\"button.default\">\n\t\t\t\t<div class=\"elementor-widget-container\">\n\t\t\t\t\t<div class=\"elementor-button-wrapper\">\n\t\t\t<a href=\"http:\/\/ekonomik.opole.pl\/eko3\/wp-content\/uploads\/2021\/10\/zyczenia-z-okazji-Dnia-Edukacji-Narodowej.pdf\" target=\"_blank\" rel=\"nofollow\" class=\"elementor-button-link elementor-button elementor-size-sm\" role=\"button\">\n\t\t\t\t\t\t<span class=\"elementor-button-content-wrapper\">\n\t\t\t\t\t\t<span class=\"elementor-button-icon elementor-align-icon-left\">\n\t\t\t\t<i aria-hidden=\"true\" class=\"far fa-file-pdf\"><\/i>\t\t\t<\/span>\n\t\t\t\t\t\t<span class=\"elementor-button-text\">List Prezydenta Miasta<\/span>\n\t\t<\/span>\n\t\t\t\t\t<\/a>\n\t\t<\/div>\n\t\t\t\t<\/div>\n\t\t\t\t<\/div>\n\t\t\t\t\t\t<\/div>\n\t\t\t\t\t<\/div>\n\t\t<\/div>\n\t\t\t\t\t\t\t\t<\/div>\n\t\t\t\t\t<\/div>\n\t\t<\/section>\n\t\t\t\t<section class=\"elementor-section elementor-top-section elementor-element elementor-element-8786689 elementor-section-boxed elementor-section-height-default elementor-section-height-default\" data-id=\"8786689\" data-element_type=\"section\">\n\t\t\t\t\t\t<div class=\"elementor-container elementor-column-gap-default\">\n\t\t\t\t\t\t\t<div class=\"elementor-row\">\n\t\t\t\t\t<div class=\"elementor-column elementor-col-100 elementor-top-column elementor-element elementor-element-36e4d50e\" data-id=\"36e4d50e\" data-element_type=\"column\">\n\t\t\t<div class=\"elementor-column-wrap elementor-element-populated\">\n\t\t\t\t\t\t\t<div class=\"elementor-widget-wrap\">\n\t\t\t\t\t\t<div class=\"elementor-element elementor-element-30b84646 elementor-widget-divider--view-line elementor-widget elementor-widget-divider\" data-id=\"30b84646\" data-element_type=\"widget\" data-widget_type=\"divider.default\">\n\t\t\t\t<div class=\"elementor-widget-container\">\n\t\t\t\t\t<div class=\"elementor-divider\">\n\t\t\t<span class=\"elementor-divider-separator\">\n\t\t\t\t\t\t<\/span>\n\t\t<\/div>\n\t\t\t\t<\/div>\n\t\t\t\t<\/div>\n\t\t\t\t\t\t<\/div>\n\t\t\t\t\t<\/div>\n\t\t<\/div>\n\t\t\t\t\t\t\t\t<\/div>\n\t\t\t\t\t<\/div>\n\t\t<\/section>\n\t\t\t\t<section class=\"elementor-section elementor-top-section elementor-element elementor-element-5a109976 elementor-section-boxed elementor-section-height-default elementor-section-height-default\" data-id=\"5a109976\" data-element_type=\"section\">\n\t\t\t\t\t\t<div class=\"elementor-container elementor-column-gap-default\">\n\t\t\t\t\t\t\t<div class=\"elementor-row\">\n\t\t\t\t\t<div class=\"elementor-column elementor-col-100 elementor-top-column elementor-element elementor-element-6cdffafe\" data-id=\"6cdffafe\" data-element_type=\"column\">\n\t\t\t<div class=\"elementor-column-wrap elementor-element-populated\">\n\t\t\t\t\t\t\t<div class=\"elementor-widget-wrap\">\n\t\t\t\t\t\t<div class=\"elementor-element elementor-element-2fa60e7c elementor-widget elementor-widget-heading\" data-id=\"2fa60e7c\" data-element_type=\"widget\" data-widget_type=\"heading.default\">\n\t\t\t\t<div class=\"elementor-widget-container\">\n\t\t\t<h6 class=\"elementor-heading-title elementor-size-default\">sortuj wed\u0142ug wybranych tag\u00f3w i kategorii:<\/h6>\t\t<\/div>\n\t\t\t\t<\/div>\n\t\t\t\t\t\t<\/div>\n\t\t\t\t\t<\/div>\n\t\t<\/div>\n\t\t\t\t\t\t\t\t<\/div>\n\t\t\t\t\t<\/div>\n\t\t<\/section>\n\t\t\t\t\t\t<\/div>\n\t\t\t\t\t\t<\/div>\n\t\t\t\t\t<\/div>\n\t\t","protected":false},"excerpt":{"rendered":"<p>Szanowni Pa\u0144stwo, w zwi\u0105zku ze zbli\u017caj\u0105cym si\u0119 Dniem Edukacji Narodowej przesy\u0142am \u017cyczenia skierowane przez Prezydenta Miasta Opola do wszystkich Pracownik\u00f3w O\u015bwiaty w Opolu. Do\u0142\u0105czaj\u0105c si\u0119, wraz z zespo\u0142em pracownik\u00f3w Wydzia\u0142u O\u015bwiaty, do s\u0142\u00f3w Pana Prezydenta, \u017cycz\u0119 Pa\u0144stwu jak najwi\u0119cej zdrowia i pomy\u015blno\u015bci, zapa\u0142u i wytrwa\u0142o\u015bci we wszystkich dzia\u0142aniach pedagogicznych i nieustaj\u0105cego entuzjazmu w trudnej misji&#8230;<\/p>\n","protected":false},"author":1,"featured_media":993894,"comment_status":"closed","ping_status":"open","sticky":false,"template":"","format":"standard","meta":{"inline_featured_image":false},"categories":[114],"tags":[211,212,168,214],"_links":{"self":[{"href":"http:\/\/ekonomik.opole.pl\/eko3\/wp-json\/wp\/v2\/posts\/993892"}],"collection":[{"href":"http:\/\/ekonomik.opole.pl\/eko3\/wp-json\/wp\/v2\/posts"}],"about":[{"href":"http:\/\/ekonomik.opole.pl\/eko3\/wp-json\/wp\/v2\/types\/post"}],"author":[{"embeddable":true,"href":"http:\/\/ekonomik.opole.pl\/eko3\/wp-json\/wp\/v2\/users\/1"}],"replies":[{"embeddable":true,"href":"http:\/\/ekonomik.opole.pl\/eko3\/wp-json\/wp\/v2\/comments?post=993892"}],"version-history":[{"count":11,"href":"http:\/\/ekonomik.opole.pl\/eko3\/wp-json\/wp\/v2\/posts\/993892\/revisions"}],"predecessor-version":[{"id":993905,"href":"http:\/\/ekonomik.opole.pl\/eko3\/wp-json\/wp\/v2\/posts\/993892\/revisions\/993905"}],"wp:featuredmedia":[{"embeddable":true,"href":"http:\/\/ekonomik.opole.pl\/eko3\/wp-json\/wp\/v2\/media\/993894"}],"wp:attachment":[{"href":"http:\/\/ekonomik.opole.pl\/eko3\/wp-json\/wp\/v2\/media?parent=993892"}],"wp:term":[{"taxonomy":"category","embeddable":true,"href":"http:\/\/ekonomik.opole.pl\/eko3\/wp-json\/wp\/v2\/categories?post=993892"},{"taxonomy":"post_tag","embeddable":true,"href":"http:\/\/ekonomik.opole.pl\/eko3\/wp-json\/wp\/v2\/tags?post=993892"}],"curies":[{"name":"wp","href":"https:\/\/api.w.org\/{rel}","templated":true}]}}