{"id":993954,"date":"2021-10-22T15:59:05","date_gmt":"2021-10-22T13:59:05","guid":{"rendered":"http:\/\/ekonomik.opole.pl\/eko3\/?p=993954"},"modified":"2021-10-22T20:17:58","modified_gmt":"2021-10-22T18:17:58","slug":"mini-przedsiebiorstwo-econom-company","status":"publish","type":"post","link":"http:\/\/ekonomik.opole.pl\/eko3\/mini-przedsiebiorstwo-econom-company\/","title":{"rendered":"Mini-przedsi\u0119biorstwo &#8222;Econom Company&#8221;"},"content":{"rendered":"\t\t<div data-elementor-type=\"wp-post\" data-elementor-id=\"993954\" class=\"elementor elementor-993954\" data-elementor-settings=\"[]\">\n\t\t\t\t\t\t<div class=\"elementor-inner\">\n\t\t\t\t\t\t\t<div class=\"elementor-section-wrap\">\n\t\t\t\t\t\t\t<section class=\"elementor-section elementor-top-section elementor-element elementor-element-40f8f540 elementor-section-boxed elementor-section-height-default elementor-section-height-default\" data-id=\"40f8f540\" data-element_type=\"section\">\n\t\t\t\t\t\t<div class=\"elementor-container elementor-column-gap-default\">\n\t\t\t\t\t\t\t<div class=\"elementor-row\">\n\t\t\t\t\t<div class=\"elementor-column elementor-col-100 elementor-top-column elementor-element elementor-element-2ea11068\" data-id=\"2ea11068\" data-element_type=\"column\">\n\t\t\t<div class=\"elementor-column-wrap elementor-element-populated\">\n\t\t\t\t\t\t\t<div class=\"elementor-widget-wrap\">\n\t\t\t\t\t\t<div class=\"elementor-element elementor-element-768d96ed elementor-invisible elementor-widget elementor-widget-heading\" data-id=\"768d96ed\" data-element_type=\"widget\" data-settings=\"{&quot;_animation&quot;:&quot;fadeIn&quot;,&quot;_animation_delay&quot;:500}\" data-widget_type=\"heading.default\">\n\t\t\t\t<div class=\"elementor-widget-container\">\n\t\t\t<h2 class=\"elementor-heading-title elementor-size-default\">Fina\u0142 VIII edycji Wojew\u00f3dzkiego Konkursu Przedsi\u0119biorczo\u015bci i Wiedzy o Gospodarce<\/h2>\t\t<\/div>\n\t\t\t\t<\/div>\n\t\t\t\t<div class=\"elementor-element elementor-element-38135dad elementor-widget elementor-widget-text-editor\" data-id=\"38135dad\" data-element_type=\"widget\" data-widget_type=\"text-editor.default\">\n\t\t\t\t<div class=\"elementor-widget-container\">\n\t\t\t\t\t\t\t\t<div class=\"elementor-text-editor elementor-clearfix\">\n\t\t\t\t\t<p>W dniu <strong>20.10.2021 r.<\/strong> odby\u0142a si\u0119 VIII edycja Wojew\u00f3dzkiego Konkursu Przedsi\u0119biorczo\u015bci i Wiedzy o Gospodarce dla uczni\u00f3w szk\u00f3\u0142 podstawowych wojew\u00f3dztwa opolskiego.\u00a0<\/p>\t\t\t\t\t<\/div>\n\t\t\t\t\t\t<\/div>\n\t\t\t\t<\/div>\n\t\t\t\t<div class=\"elementor-element elementor-element-3312e9c elementor-widget elementor-widget-spacer\" data-id=\"3312e9c\" data-element_type=\"widget\" data-widget_type=\"spacer.default\">\n\t\t\t\t<div class=\"elementor-widget-container\">\n\t\t\t\t\t<div class=\"elementor-spacer\">\n\t\t\t<div class=\"elementor-spacer-inner\"><\/div>\n\t\t<\/div>\n\t\t\t\t<\/div>\n\t\t\t\t<\/div>\n\t\t\t\t<div class=\"elementor-element elementor-element-5872eb4b elementor-widget elementor-widget-text-editor\" data-id=\"5872eb4b\" data-element_type=\"widget\" data-widget_type=\"text-editor.default\">\n\t\t\t\t<div class=\"elementor-widget-container\">\n\t\t\t\t\t\t\t\t<div class=\"elementor-text-editor elementor-clearfix\">\n\t\t\t\t\t<p><em>Jako mini-przedsi\u0119biorstwo &#8222;Econom Company&#8221; mieli\u015bmy mo\u017cliwo\u015b\u0107 wspom\u00f3c organizacj\u0119 Wojew\u00f3dzkiego Konkursu Przedsi\u0119biorczo\u015bci i Wiedzy o Gospodarce.<\/em><\/p>\t\t\t\t\t<\/div>\n\t\t\t\t\t\t<\/div>\n\t\t\t\t<\/div>\n\t\t\t\t<div class=\"elementor-element elementor-element-eacdee4 elementor-widget elementor-widget-text-editor\" data-id=\"eacdee4\" data-element_type=\"widget\" data-widget_type=\"text-editor.default\">\n\t\t\t\t<div class=\"elementor-widget-container\">\n\t\t\t\t\t\t\t\t<div class=\"elementor-text-editor elementor-clearfix\">\n\t\t\t\t\t<p><em>Przygotowali\u015bmy program artystyczny i prowadzili\u015bmy gal\u0119. Dzie\u0144 wydarzenia poprzedzony by\u0142 szeregiem pr\u00f3b, w kt\u00f3re zaanga\u017cowali si\u0119 opiekun mini-przedsi\u0119biorstwa pani Tamara S\u0142odkowska-Tram\u015b oraz wszyscy wsp\u00f3lnicy firmy, czyli uczniowie klasy 3F. Przygotowali\u015bmy spektakl pt. \u201eShrek i zderzenie z biurokracj\u0105\u201d w ca\u0142o\u015bci opracowane przez prezesa \u2013 Mateusza Radiemerskiego i wiceprezesa firmy \u2013 Szymona Springera. Gal\u0119 prowadzili Martyna Gorzellik oraz Klaudiusz Bewko. Za opraw\u0119 muzyczn\u0105 odpowiada\u0142y Karolina Jurkiewicz i Weronika Hellmann.<\/em><\/p>\t\t\t\t\t<\/div>\n\t\t\t\t\t\t<\/div>\n\t\t\t\t<\/div>\n\t\t\t\t<div class=\"elementor-element elementor-element-5c58a1e elementor-widget elementor-widget-text-editor\" data-id=\"5c58a1e\" data-element_type=\"widget\" data-widget_type=\"text-editor.default\">\n\t\t\t\t<div class=\"elementor-widget-container\">\n\t\t\t\t\t\t\t\t<div class=\"elementor-text-editor elementor-clearfix\">\n\t\t\t\t\t<p><em>Wszystkim zaanga\u017cowanym w prace nad przygotowaniem uroczysto\u015bci serdecznie dzi\u0119kujemy.<\/em><\/p>\t\t\t\t\t<\/div>\n\t\t\t\t\t\t<\/div>\n\t\t\t\t<\/div>\n\t\t\t\t<div class=\"elementor-element elementor-element-a43b051 elementor-widget elementor-widget-spacer\" data-id=\"a43b051\" data-element_type=\"widget\" data-widget_type=\"spacer.default\">\n\t\t\t\t<div class=\"elementor-widget-container\">\n\t\t\t\t\t<div class=\"elementor-spacer\">\n\t\t\t<div class=\"elementor-spacer-inner\"><\/div>\n\t\t<\/div>\n\t\t\t\t<\/div>\n\t\t\t\t<\/div>\n\t\t\t\t<div class=\"elementor-element elementor-element-5ecd24c elementor-widget elementor-widget-text-editor\" data-id=\"5ecd24c\" data-element_type=\"widget\" data-widget_type=\"text-editor.default\">\n\t\t\t\t<div class=\"elementor-widget-container\">\n\t\t\t\t\t\t\t\t<div class=\"elementor-text-editor elementor-clearfix\">\n\t\t\t\t\t<p>Cz\u0142onkowie <br \/>mini-przedsi\u0119biorstwa<\/p>\t\t\t\t\t<\/div>\n\t\t\t\t\t\t<\/div>\n\t\t\t\t<\/div>\n\t\t\t\t\t\t<\/div>\n\t\t\t\t\t<\/div>\n\t\t<\/div>\n\t\t\t\t\t\t\t\t<\/div>\n\t\t\t\t\t<\/div>\n\t\t<\/section>\n\t\t\t\t<section class=\"elementor-section elementor-top-section elementor-element elementor-element-86e2032 elementor-section-boxed elementor-section-height-default elementor-section-height-default\" data-id=\"86e2032\" data-element_type=\"section\">\n\t\t\t\t\t\t<div class=\"elementor-container elementor-column-gap-default\">\n\t\t\t\t\t\t\t<div class=\"elementor-row\">\n\t\t\t\t\t<div class=\"elementor-column elementor-col-100 elementor-top-column elementor-element elementor-element-ceadc42\" data-id=\"ceadc42\" data-element_type=\"column\">\n\t\t\t<div class=\"elementor-column-wrap elementor-element-populated\">\n\t\t\t\t\t\t\t<div class=\"elementor-widget-wrap\">\n\t\t\t\t\t\t<div class=\"elementor-element elementor-element-e536a9c elementor-widget elementor-widget-gallery\" data-id=\"e536a9c\" data-element_type=\"widget\" data-settings=\"{&quot;gallery_layout&quot;:&quot;justified&quot;,&quot;lazyload&quot;:&quot;yes&quot;,&quot;ideal_row_height&quot;:{&quot;unit&quot;:&quot;px&quot;,&quot;size&quot;:200,&quot;sizes&quot;:[]},&quot;ideal_row_height_tablet&quot;:{&quot;unit&quot;:&quot;px&quot;,&quot;size&quot;:150,&quot;sizes&quot;:[]},&quot;ideal_row_height_mobile&quot;:{&quot;unit&quot;:&quot;px&quot;,&quot;size&quot;:150,&quot;sizes&quot;:[]},&quot;gap&quot;:{&quot;unit&quot;:&quot;px&quot;,&quot;size&quot;:10,&quot;sizes&quot;:[]},&quot;gap_tablet&quot;:{&quot;unit&quot;:&quot;px&quot;,&quot;size&quot;:10,&quot;sizes&quot;:[]},&quot;gap_mobile&quot;:{&quot;unit&quot;:&quot;px&quot;,&quot;size&quot;:10,&quot;sizes&quot;:[]},&quot;link_to&quot;:&quot;file&quot;,&quot;overlay_background&quot;:&quot;yes&quot;,&quot;content_hover_animation&quot;:&quot;fade-in&quot;}\" data-widget_type=\"gallery.default\">\n\t\t\t\t<div class=\"elementor-widget-container\">\n\t\t\t\t\t<div class=\"elementor-gallery__container\">\n\t\t\t\t\t\t\t<a class=\"e-gallery-item elementor-gallery-item elementor-animated-content\" href=\"http:\/\/ekonomik.opole.pl\/eko3\/wp-content\/uploads\/2021\/10\/mini-przedsiebiorstwo15.jpg\" data-elementor-open-lightbox=\"yes\" data-elementor-lightbox-slideshow=\"all-e536a9c\" data-elementor-lightbox-title=\"20.10.2021 r. Fina\u0142 VIII edycji Wojew\u00f3dzkiego Konkursu Przedsi\u0119biorczo\u015bci i Wiedzy o Gospodarce (15)\" data-elementor-lightbox-description=\"20.10.2021 r. Fina\u0142 VIII edycji Wojew\u00f3dzkiego Konkursu Przedsi\u0119biorczo\u015bci i Wiedzy o Gospodarce\">\n\t\t\t\t\t<div class=\"e-gallery-image elementor-gallery-item__image\" data-thumbnail=\"http:\/\/ekonomik.opole.pl\/eko3\/wp-content\/uploads\/2021\/10\/mini-przedsiebiorstwo15-300x200.jpg\" data-width=\"300\" data-height=\"200\" alt=\"20.10.2021 r. Fina\u0142 VIII edycji Wojew\u00f3dzkiego Konkursu Przedsi\u0119biorczo\u015bci i Wiedzy o Gospodarce\" ><\/div>\n\t\t\t\t\t\t\t\t\t\t<div class=\"elementor-gallery-item__overlay\"><\/div>\n\t\t\t\t\t\t\t\t\t\t\t\t\t\t<\/a>\n\t\t\t\t\t\t\t<a class=\"e-gallery-item elementor-gallery-item elementor-animated-content\" href=\"http:\/\/ekonomik.opole.pl\/eko3\/wp-content\/uploads\/2021\/10\/mini-przedsiebiorstwo13.jpg\" data-elementor-open-lightbox=\"yes\" data-elementor-lightbox-slideshow=\"all-e536a9c\" data-elementor-lightbox-title=\"20.10.2021 r. Fina\u0142 VIII edycji Wojew\u00f3dzkiego Konkursu Przedsi\u0119biorczo\u015bci i Wiedzy o Gospodarce (13)\" data-elementor-lightbox-description=\"20.10.2021 r. Fina\u0142 VIII edycji Wojew\u00f3dzkiego Konkursu Przedsi\u0119biorczo\u015bci i Wiedzy o Gospodarce\">\n\t\t\t\t\t<div class=\"e-gallery-image elementor-gallery-item__image\" data-thumbnail=\"http:\/\/ekonomik.opole.pl\/eko3\/wp-content\/uploads\/2021\/10\/mini-przedsiebiorstwo13-200x300.jpg\" data-width=\"200\" data-height=\"300\" alt=\"20.10.2021 r. Fina\u0142 VIII edycji Wojew\u00f3dzkiego Konkursu Przedsi\u0119biorczo\u015bci i Wiedzy o Gospodarce\" ><\/div>\n\t\t\t\t\t\t\t\t\t\t<div class=\"elementor-gallery-item__overlay\"><\/div>\n\t\t\t\t\t\t\t\t\t\t\t\t\t\t<\/a>\n\t\t\t\t\t\t\t<a class=\"e-gallery-item elementor-gallery-item elementor-animated-content\" href=\"http:\/\/ekonomik.opole.pl\/eko3\/wp-content\/uploads\/2021\/10\/mini-przedsiebiorstwo07.jpg\" data-elementor-open-lightbox=\"yes\" data-elementor-lightbox-slideshow=\"all-e536a9c\" data-elementor-lightbox-title=\"20.10.2021 r. Fina\u0142 VIII edycji Wojew\u00f3dzkiego Konkursu Przedsi\u0119biorczo\u015bci i Wiedzy o Gospodarce (07)\" data-elementor-lightbox-description=\"20.10.2021 r. Fina\u0142 VIII edycji Wojew\u00f3dzkiego Konkursu Przedsi\u0119biorczo\u015bci i Wiedzy o Gospodarce\">\n\t\t\t\t\t<div class=\"e-gallery-image elementor-gallery-item__image\" data-thumbnail=\"http:\/\/ekonomik.opole.pl\/eko3\/wp-content\/uploads\/2021\/10\/mini-przedsiebiorstwo07-300x300.jpg\" data-width=\"300\" data-height=\"300\" alt=\"20.10.2021 r. Fina\u0142 VIII edycji Wojew\u00f3dzkiego Konkursu Przedsi\u0119biorczo\u015bci i Wiedzy o Gospodarce\" ><\/div>\n\t\t\t\t\t\t\t\t\t\t<div class=\"elementor-gallery-item__overlay\"><\/div>\n\t\t\t\t\t\t\t\t\t\t\t\t\t\t<\/a>\n\t\t\t\t\t\t\t<a class=\"e-gallery-item elementor-gallery-item elementor-animated-content\" href=\"http:\/\/ekonomik.opole.pl\/eko3\/wp-content\/uploads\/2021\/10\/mini-przedsiebiorstwo11.jpg\" data-elementor-open-lightbox=\"yes\" data-elementor-lightbox-slideshow=\"all-e536a9c\" data-elementor-lightbox-title=\"20.10.2021 r. Fina\u0142 VIII edycji Wojew\u00f3dzkiego Konkursu Przedsi\u0119biorczo\u015bci i Wiedzy o Gospodarce (11)\" data-elementor-lightbox-description=\"20.10.2021 r. Fina\u0142 VIII edycji Wojew\u00f3dzkiego Konkursu Przedsi\u0119biorczo\u015bci i Wiedzy o Gospodarce\">\n\t\t\t\t\t<div class=\"e-gallery-image elementor-gallery-item__image\" data-thumbnail=\"http:\/\/ekonomik.opole.pl\/eko3\/wp-content\/uploads\/2021\/10\/mini-przedsiebiorstwo11-200x300.jpg\" data-width=\"200\" data-height=\"300\" alt=\"20.10.2021 r. Fina\u0142 VIII edycji Wojew\u00f3dzkiego Konkursu Przedsi\u0119biorczo\u015bci i Wiedzy o Gospodarce\" ><\/div>\n\t\t\t\t\t\t\t\t\t\t<div class=\"elementor-gallery-item__overlay\"><\/div>\n\t\t\t\t\t\t\t\t\t\t\t\t\t\t<\/a>\n\t\t\t\t\t\t\t<a class=\"e-gallery-item elementor-gallery-item elementor-animated-content\" href=\"http:\/\/ekonomik.opole.pl\/eko3\/wp-content\/uploads\/2021\/10\/mini-przedsiebiorstwo12.jpg\" data-elementor-open-lightbox=\"yes\" data-elementor-lightbox-slideshow=\"all-e536a9c\" data-elementor-lightbox-title=\"20.10.2021 r. Fina\u0142 VIII edycji Wojew\u00f3dzkiego Konkursu Przedsi\u0119biorczo\u015bci i Wiedzy o Gospodarce (12)\" data-elementor-lightbox-description=\"20.10.2021 r. Fina\u0142 VIII edycji Wojew\u00f3dzkiego Konkursu Przedsi\u0119biorczo\u015bci i Wiedzy o Gospodarce\">\n\t\t\t\t\t<div class=\"e-gallery-image elementor-gallery-item__image\" data-thumbnail=\"http:\/\/ekonomik.opole.pl\/eko3\/wp-content\/uploads\/2021\/10\/mini-przedsiebiorstwo12-300x300.jpg\" data-width=\"300\" data-height=\"300\" alt=\"20.10.2021 r. Fina\u0142 VIII edycji Wojew\u00f3dzkiego Konkursu Przedsi\u0119biorczo\u015bci i Wiedzy o Gospodarce\" ><\/div>\n\t\t\t\t\t\t\t\t\t\t<div class=\"elementor-gallery-item__overlay\"><\/div>\n\t\t\t\t\t\t\t\t\t\t\t\t\t\t<\/a>\n\t\t\t\t\t\t\t<a class=\"e-gallery-item elementor-gallery-item elementor-animated-content\" href=\"http:\/\/ekonomik.opole.pl\/eko3\/wp-content\/uploads\/2021\/10\/mini-przedsiebiorstwo06.jpg\" data-elementor-open-lightbox=\"yes\" data-elementor-lightbox-slideshow=\"all-e536a9c\" data-elementor-lightbox-title=\"20.10.2021 r. Fina\u0142 VIII edycji Wojew\u00f3dzkiego Konkursu Przedsi\u0119biorczo\u015bci i Wiedzy o Gospodarce (06)\" data-elementor-lightbox-description=\"20.10.2021 r. Fina\u0142 VIII edycji Wojew\u00f3dzkiego Konkursu Przedsi\u0119biorczo\u015bci i Wiedzy o Gospodarce\">\n\t\t\t\t\t<div class=\"e-gallery-image elementor-gallery-item__image\" data-thumbnail=\"http:\/\/ekonomik.opole.pl\/eko3\/wp-content\/uploads\/2021\/10\/mini-przedsiebiorstwo06-300x300.jpg\" data-width=\"300\" data-height=\"300\" alt=\"20.10.2021 r. Fina\u0142 VIII edycji Wojew\u00f3dzkiego Konkursu Przedsi\u0119biorczo\u015bci i Wiedzy o Gospodarce\" ><\/div>\n\t\t\t\t\t\t\t\t\t\t<div class=\"elementor-gallery-item__overlay\"><\/div>\n\t\t\t\t\t\t\t\t\t\t\t\t\t\t<\/a>\n\t\t\t\t\t\t\t<a class=\"e-gallery-item elementor-gallery-item elementor-animated-content\" href=\"http:\/\/ekonomik.opole.pl\/eko3\/wp-content\/uploads\/2021\/10\/mini-przedsiebiorstwo08.jpg\" data-elementor-open-lightbox=\"yes\" data-elementor-lightbox-slideshow=\"all-e536a9c\" data-elementor-lightbox-title=\"20.10.2021 r. Fina\u0142 VIII edycji Wojew\u00f3dzkiego Konkursu Przedsi\u0119biorczo\u015bci i Wiedzy o Gospodarce (08)\" data-elementor-lightbox-description=\"20.10.2021 r. Fina\u0142 VIII edycji Wojew\u00f3dzkiego Konkursu Przedsi\u0119biorczo\u015bci i Wiedzy o Gospodarce\">\n\t\t\t\t\t<div class=\"e-gallery-image elementor-gallery-item__image\" data-thumbnail=\"http:\/\/ekonomik.opole.pl\/eko3\/wp-content\/uploads\/2021\/10\/mini-przedsiebiorstwo08-300x300.jpg\" data-width=\"300\" data-height=\"300\" alt=\"20.10.2021 r. Fina\u0142 VIII edycji Wojew\u00f3dzkiego Konkursu Przedsi\u0119biorczo\u015bci i Wiedzy o Gospodarce\" ><\/div>\n\t\t\t\t\t\t\t\t\t\t<div class=\"elementor-gallery-item__overlay\"><\/div>\n\t\t\t\t\t\t\t\t\t\t\t\t\t\t<\/a>\n\t\t\t\t\t\t\t<a class=\"e-gallery-item elementor-gallery-item elementor-animated-content\" href=\"http:\/\/ekonomik.opole.pl\/eko3\/wp-content\/uploads\/2021\/10\/mini-przedsiebiorstwo04.jpg\" data-elementor-open-lightbox=\"yes\" data-elementor-lightbox-slideshow=\"all-e536a9c\" data-elementor-lightbox-title=\"20.10.2021 r. Fina\u0142 VIII edycji Wojew\u00f3dzkiego Konkursu Przedsi\u0119biorczo\u015bci i Wiedzy o Gospodarce (04)\" data-elementor-lightbox-description=\"20.10.2021 r. Fina\u0142 VIII edycji Wojew\u00f3dzkiego Konkursu Przedsi\u0119biorczo\u015bci i Wiedzy o Gospodarce\">\n\t\t\t\t\t<div class=\"e-gallery-image elementor-gallery-item__image\" data-thumbnail=\"http:\/\/ekonomik.opole.pl\/eko3\/wp-content\/uploads\/2021\/10\/mini-przedsiebiorstwo04-300x200.jpg\" data-width=\"300\" data-height=\"200\" alt=\"20.10.2021 r. Fina\u0142 VIII edycji Wojew\u00f3dzkiego Konkursu Przedsi\u0119biorczo\u015bci i Wiedzy o Gospodarce\" ><\/div>\n\t\t\t\t\t\t\t\t\t\t<div class=\"elementor-gallery-item__overlay\"><\/div>\n\t\t\t\t\t\t\t\t\t\t\t\t\t\t<\/a>\n\t\t\t\t\t\t\t<a class=\"e-gallery-item elementor-gallery-item elementor-animated-content\" href=\"http:\/\/ekonomik.opole.pl\/eko3\/wp-content\/uploads\/2021\/10\/mini-przedsiebiorstwo10.jpg\" data-elementor-open-lightbox=\"yes\" data-elementor-lightbox-slideshow=\"all-e536a9c\" data-elementor-lightbox-title=\"20.10.2021 r. Fina\u0142 VIII edycji Wojew\u00f3dzkiego Konkursu Przedsi\u0119biorczo\u015bci i Wiedzy o Gospodarce (10)\" data-elementor-lightbox-description=\"20.10.2021 r. Fina\u0142 VIII edycji Wojew\u00f3dzkiego Konkursu Przedsi\u0119biorczo\u015bci i Wiedzy o Gospodarce\">\n\t\t\t\t\t<div class=\"e-gallery-image elementor-gallery-item__image\" data-thumbnail=\"http:\/\/ekonomik.opole.pl\/eko3\/wp-content\/uploads\/2021\/10\/mini-przedsiebiorstwo10-300x300.jpg\" data-width=\"300\" data-height=\"300\" alt=\"20.10.2021 r. Fina\u0142 VIII edycji Wojew\u00f3dzkiego Konkursu Przedsi\u0119biorczo\u015bci i Wiedzy o Gospodarce\" ><\/div>\n\t\t\t\t\t\t\t\t\t\t<div class=\"elementor-gallery-item__overlay\"><\/div>\n\t\t\t\t\t\t\t\t\t\t\t\t\t\t<\/a>\n\t\t\t\t\t\t\t<a class=\"e-gallery-item elementor-gallery-item elementor-animated-content\" href=\"http:\/\/ekonomik.opole.pl\/eko3\/wp-content\/uploads\/2021\/10\/mini-przedsiebiorstwo14.jpg\" data-elementor-open-lightbox=\"yes\" data-elementor-lightbox-slideshow=\"all-e536a9c\" data-elementor-lightbox-title=\"20.10.2021 r. Fina\u0142 VIII edycji Wojew\u00f3dzkiego Konkursu Przedsi\u0119biorczo\u015bci i Wiedzy o Gospodarce (14)\" data-elementor-lightbox-description=\"20.10.2021 r. Fina\u0142 VIII edycji Wojew\u00f3dzkiego Konkursu Przedsi\u0119biorczo\u015bci i Wiedzy o Gospodarce\">\n\t\t\t\t\t<div class=\"e-gallery-image elementor-gallery-item__image\" data-thumbnail=\"http:\/\/ekonomik.opole.pl\/eko3\/wp-content\/uploads\/2021\/10\/mini-przedsiebiorstwo14-200x300.jpg\" data-width=\"200\" data-height=\"300\" alt=\"20.10.2021 r. Fina\u0142 VIII edycji Wojew\u00f3dzkiego Konkursu Przedsi\u0119biorczo\u015bci i Wiedzy o Gospodarce\" ><\/div>\n\t\t\t\t\t\t\t\t\t\t<div class=\"elementor-gallery-item__overlay\"><\/div>\n\t\t\t\t\t\t\t\t\t\t\t\t\t\t<\/a>\n\t\t\t\t\t\t\t<a class=\"e-gallery-item elementor-gallery-item elementor-animated-content\" href=\"http:\/\/ekonomik.opole.pl\/eko3\/wp-content\/uploads\/2021\/10\/mini-przedsiebiorstwo03.jpg\" data-elementor-open-lightbox=\"yes\" data-elementor-lightbox-slideshow=\"all-e536a9c\" data-elementor-lightbox-title=\"20.10.2021 r. Fina\u0142 VIII edycji Wojew\u00f3dzkiego Konkursu Przedsi\u0119biorczo\u015bci i Wiedzy o Gospodarce (03)\" data-elementor-lightbox-description=\"20.10.2021 r. Fina\u0142 VIII edycji Wojew\u00f3dzkiego Konkursu Przedsi\u0119biorczo\u015bci i Wiedzy o Gospodarce\">\n\t\t\t\t\t<div class=\"e-gallery-image elementor-gallery-item__image\" data-thumbnail=\"http:\/\/ekonomik.opole.pl\/eko3\/wp-content\/uploads\/2021\/10\/mini-przedsiebiorstwo03-300x200.jpg\" data-width=\"300\" data-height=\"200\" alt=\"20.10.2021 r. Fina\u0142 VIII edycji Wojew\u00f3dzkiego Konkursu Przedsi\u0119biorczo\u015bci i Wiedzy o Gospodarce\" ><\/div>\n\t\t\t\t\t\t\t\t\t\t<div class=\"elementor-gallery-item__overlay\"><\/div>\n\t\t\t\t\t\t\t\t\t\t\t\t\t\t<\/a>\n\t\t\t\t\t\t\t<a class=\"e-gallery-item elementor-gallery-item elementor-animated-content\" href=\"http:\/\/ekonomik.opole.pl\/eko3\/wp-content\/uploads\/2021\/10\/mini-przedsiebiorstwo02.jpg\" data-elementor-open-lightbox=\"yes\" data-elementor-lightbox-slideshow=\"all-e536a9c\" data-elementor-lightbox-title=\"20.10.2021 r. Fina\u0142 VIII edycji Wojew\u00f3dzkiego Konkursu Przedsi\u0119biorczo\u015bci i Wiedzy o Gospodarce (02)\" data-elementor-lightbox-description=\"20.10.2021 r. Fina\u0142 VIII edycji Wojew\u00f3dzkiego Konkursu Przedsi\u0119biorczo\u015bci i Wiedzy o Gospodarce\">\n\t\t\t\t\t<div class=\"e-gallery-image elementor-gallery-item__image\" data-thumbnail=\"http:\/\/ekonomik.opole.pl\/eko3\/wp-content\/uploads\/2021\/10\/mini-przedsiebiorstwo02-300x200.jpg\" data-width=\"300\" data-height=\"200\" alt=\"20.10.2021 r. Fina\u0142 VIII edycji Wojew\u00f3dzkiego Konkursu Przedsi\u0119biorczo\u015bci i Wiedzy o Gospodarce\" ><\/div>\n\t\t\t\t\t\t\t\t\t\t<div class=\"elementor-gallery-item__overlay\"><\/div>\n\t\t\t\t\t\t\t\t\t\t\t\t\t\t<\/a>\n\t\t\t\t\t\t\t<a class=\"e-gallery-item elementor-gallery-item elementor-animated-content\" href=\"http:\/\/ekonomik.opole.pl\/eko3\/wp-content\/uploads\/2021\/10\/mini-przedsiebiorstwo09.jpg\" data-elementor-open-lightbox=\"yes\" data-elementor-lightbox-slideshow=\"all-e536a9c\" data-elementor-lightbox-title=\"20.10.2021 r. Fina\u0142 VIII edycji Wojew\u00f3dzkiego Konkursu Przedsi\u0119biorczo\u015bci i Wiedzy o Gospodarce (09)\" data-elementor-lightbox-description=\"20.10.2021 r. Fina\u0142 VIII edycji Wojew\u00f3dzkiego Konkursu Przedsi\u0119biorczo\u015bci i Wiedzy o Gospodarce\">\n\t\t\t\t\t<div class=\"e-gallery-image elementor-gallery-item__image\" data-thumbnail=\"http:\/\/ekonomik.opole.pl\/eko3\/wp-content\/uploads\/2021\/10\/mini-przedsiebiorstwo09-200x300.jpg\" data-width=\"200\" data-height=\"300\" alt=\"20.10.2021 r. Fina\u0142 VIII edycji Wojew\u00f3dzkiego Konkursu Przedsi\u0119biorczo\u015bci i Wiedzy o Gospodarce\" ><\/div>\n\t\t\t\t\t\t\t\t\t\t<div class=\"elementor-gallery-item__overlay\"><\/div>\n\t\t\t\t\t\t\t\t\t\t\t\t\t\t<\/a>\n\t\t\t\t\t<\/div>\n\t\t\t<\/div>\n\t\t\t\t<\/div>\n\t\t\t\t\t\t<\/div>\n\t\t\t\t\t<\/div>\n\t\t<\/div>\n\t\t\t\t\t\t\t\t<\/div>\n\t\t\t\t\t<\/div>\n\t\t<\/section>\n\t\t\t\t<section class=\"elementor-section elementor-top-section elementor-element elementor-element-7edec9e8 elementor-section-boxed elementor-section-height-default elementor-section-height-default\" data-id=\"7edec9e8\" data-element_type=\"section\">\n\t\t\t\t\t\t<div class=\"elementor-container elementor-column-gap-default\">\n\t\t\t\t\t\t\t<div class=\"elementor-row\">\n\t\t\t\t\t<div class=\"elementor-column elementor-col-100 elementor-top-column elementor-element elementor-element-1e73b0c0\" data-id=\"1e73b0c0\" data-element_type=\"column\">\n\t\t\t<div class=\"elementor-column-wrap elementor-element-populated\">\n\t\t\t\t\t\t\t<div class=\"elementor-widget-wrap\">\n\t\t\t\t\t\t<div class=\"elementor-element elementor-element-a8eb8c7 elementor-widget elementor-widget-spacer\" data-id=\"a8eb8c7\" data-element_type=\"widget\" data-widget_type=\"spacer.default\">\n\t\t\t\t<div class=\"elementor-widget-container\">\n\t\t\t\t\t<div class=\"elementor-spacer\">\n\t\t\t<div class=\"elementor-spacer-inner\"><\/div>\n\t\t<\/div>\n\t\t\t\t<\/div>\n\t\t\t\t<\/div>\n\t\t\t\t\t\t<\/div>\n\t\t\t\t\t<\/div>\n\t\t<\/div>\n\t\t\t\t\t\t\t\t<\/div>\n\t\t\t\t\t<\/div>\n\t\t<\/section>\n\t\t\t\t<section class=\"elementor-section elementor-top-section elementor-element elementor-element-1c4ead4c elementor-section-boxed elementor-section-height-default elementor-section-height-default\" data-id=\"1c4ead4c\" data-element_type=\"section\">\n\t\t\t\t\t\t<div class=\"elementor-container elementor-column-gap-default\">\n\t\t\t\t\t\t\t<div class=\"elementor-row\">\n\t\t\t\t\t<div class=\"elementor-column elementor-col-100 elementor-top-column elementor-element elementor-element-1f25c35\" data-id=\"1f25c35\" data-element_type=\"column\">\n\t\t\t<div class=\"elementor-column-wrap elementor-element-populated\">\n\t\t\t\t\t\t\t<div class=\"elementor-widget-wrap\">\n\t\t\t\t\t\t<div class=\"elementor-element elementor-element-651fb9 elementor-widget-divider--view-line elementor-widget elementor-widget-divider\" data-id=\"651fb9\" data-element_type=\"widget\" data-widget_type=\"divider.default\">\n\t\t\t\t<div class=\"elementor-widget-container\">\n\t\t\t\t\t<div class=\"elementor-divider\">\n\t\t\t<span class=\"elementor-divider-separator\">\n\t\t\t\t\t\t<\/span>\n\t\t<\/div>\n\t\t\t\t<\/div>\n\t\t\t\t<\/div>\n\t\t\t\t\t\t<\/div>\n\t\t\t\t\t<\/div>\n\t\t<\/div>\n\t\t\t\t\t\t\t\t<\/div>\n\t\t\t\t\t<\/div>\n\t\t<\/section>\n\t\t\t\t<section class=\"elementor-section elementor-top-section elementor-element elementor-element-432b465 elementor-section-boxed elementor-section-height-default elementor-section-height-default\" data-id=\"432b465\" data-element_type=\"section\">\n\t\t\t\t\t\t<div class=\"elementor-container elementor-column-gap-default\">\n\t\t\t\t\t\t\t<div class=\"elementor-row\">\n\t\t\t\t\t<div class=\"elementor-column elementor-col-100 elementor-top-column elementor-element elementor-element-8ac5dcc\" data-id=\"8ac5dcc\" data-element_type=\"column\">\n\t\t\t<div class=\"elementor-column-wrap elementor-element-populated\">\n\t\t\t\t\t\t\t<div class=\"elementor-widget-wrap\">\n\t\t\t\t\t\t<div class=\"elementor-element elementor-element-454caa3c elementor-widget elementor-widget-heading\" data-id=\"454caa3c\" data-element_type=\"widget\" data-widget_type=\"heading.default\">\n\t\t\t\t<div class=\"elementor-widget-container\">\n\t\t\t<h6 class=\"elementor-heading-title elementor-size-default\">sortuj wed\u0142ug wybranych tag\u00f3w i kategorii:<\/h6>\t\t<\/div>\n\t\t\t\t<\/div>\n\t\t\t\t\t\t<\/div>\n\t\t\t\t\t<\/div>\n\t\t<\/div>\n\t\t\t\t\t\t\t\t<\/div>\n\t\t\t\t\t<\/div>\n\t\t<\/section>\n\t\t\t\t\t\t<\/div>\n\t\t\t\t\t\t<\/div>\n\t\t\t\t\t<\/div>\n\t\t","protected":false},"excerpt":{"rendered":"<p>Fina\u0142 VIII edycji Wojew\u00f3dzkiego Konkursu Przedsi\u0119biorczo\u015bci i Wiedzy o Gospodarce W dniu 20.10.2021 r. odby\u0142a si\u0119 VIII edycja Wojew\u00f3dzkiego Konkursu Przedsi\u0119biorczo\u015bci i Wiedzy o Gospodarce dla uczni\u00f3w szk\u00f3\u0142 podstawowych wojew\u00f3dztwa opolskiego.\u00a0 Jako mini-przedsi\u0119biorstwo &#8222;Econom Company&#8221; mieli\u015bmy mo\u017cliwo\u015b\u0107 wspom\u00f3c organizacj\u0119 Wojew\u00f3dzkiego Konkursu Przedsi\u0119biorczo\u015bci i Wiedzy o Gospodarce. Przygotowali\u015bmy program artystyczny i prowadzili\u015bmy gal\u0119. Dzie\u0144 wydarzenia poprzedzony&#8230;<\/p>\n","protected":false},"author":1,"featured_media":993962,"comment_status":"closed","ping_status":"open","sticky":false,"template":"","format":"standard","meta":{"inline_featured_image":false},"categories":[221],"tags":[117],"_links":{"self":[{"href":"http:\/\/ekonomik.opole.pl\/eko3\/wp-json\/wp\/v2\/posts\/993954"}],"collection":[{"href":"http:\/\/ekonomik.opole.pl\/eko3\/wp-json\/wp\/v2\/posts"}],"about":[{"href":"http:\/\/ekonomik.opole.pl\/eko3\/wp-json\/wp\/v2\/types\/post"}],"author":[{"embeddable":true,"href":"http:\/\/ekonomik.opole.pl\/eko3\/wp-json\/wp\/v2\/users\/1"}],"replies":[{"embeddable":true,"href":"http:\/\/ekonomik.opole.pl\/eko3\/wp-json\/wp\/v2\/comments?post=993954"}],"version-history":[{"count":20,"href":"http:\/\/ekonomik.opole.pl\/eko3\/wp-json\/wp\/v2\/posts\/993954\/revisions"}],"predecessor-version":[{"id":993990,"href":"http:\/\/ekonomik.opole.pl\/eko3\/wp-json\/wp\/v2\/posts\/993954\/revisions\/993990"}],"wp:featuredmedia":[{"embeddable":true,"href":"http:\/\/ekonomik.opole.pl\/eko3\/wp-json\/wp\/v2\/media\/993962"}],"wp:attachment":[{"href":"http:\/\/ekonomik.opole.pl\/eko3\/wp-json\/wp\/v2\/media?parent=993954"}],"wp:term":[{"taxonomy":"category","embeddable":true,"href":"http:\/\/ekonomik.opole.pl\/eko3\/wp-json\/wp\/v2\/categories?post=993954"},{"taxonomy":"post_tag","embeddable":true,"href":"http:\/\/ekonomik.opole.pl\/eko3\/wp-json\/wp\/v2\/tags?post=993954"}],"curies":[{"name":"wp","href":"https:\/\/api.w.org\/{rel}","templated":true}]}}