{"id":993991,"date":"2021-10-22T16:00:01","date_gmt":"2021-10-22T14:00:01","guid":{"rendered":"http:\/\/ekonomik.opole.pl\/eko3\/?p=993991"},"modified":"2021-10-24T14:05:48","modified_gmt":"2021-10-24T12:05:48","slug":"final-viii-edycji-wojewodzkiego-konkursu-przedsiebiorczosci-i-wiedzy-o-gospodarce-juz-za-nami","status":"publish","type":"post","link":"http:\/\/ekonomik.opole.pl\/eko3\/final-viii-edycji-wojewodzkiego-konkursu-przedsiebiorczosci-i-wiedzy-o-gospodarce-juz-za-nami\/","title":{"rendered":"Fina\u0142 VIII edycji Wojew\u00f3dzkiego Konkursu Przedsi\u0119biorczo\u015bci i Wiedzy o Gospodarce ju\u017c za nami"},"content":{"rendered":"\t\t<div data-elementor-type=\"wp-post\" data-elementor-id=\"993991\" class=\"elementor elementor-993991\" data-elementor-settings=\"[]\">\n\t\t\t\t\t\t<div class=\"elementor-inner\">\n\t\t\t\t\t\t\t<div class=\"elementor-section-wrap\">\n\t\t\t\t\t\t\t<section class=\"elementor-section elementor-top-section elementor-element elementor-element-ae1965d elementor-section-content-middle elementor-section-boxed elementor-section-height-default elementor-section-height-default\" data-id=\"ae1965d\" data-element_type=\"section\">\n\t\t\t\t\t\t<div class=\"elementor-container elementor-column-gap-default\">\n\t\t\t\t\t\t\t<div class=\"elementor-row\">\n\t\t\t\t\t<div class=\"elementor-column elementor-col-50 elementor-top-column elementor-element elementor-element-652e91b5\" data-id=\"652e91b5\" data-element_type=\"column\">\n\t\t\t<div class=\"elementor-column-wrap elementor-element-populated\">\n\t\t\t\t\t\t\t<div class=\"elementor-widget-wrap\">\n\t\t\t\t\t\t<div class=\"elementor-element elementor-element-27d6ad1a elementor-widget elementor-widget-heading\" data-id=\"27d6ad1a\" data-element_type=\"widget\" data-widget_type=\"heading.default\">\n\t\t\t\t<div class=\"elementor-widget-container\">\n\t\t\t<h2 class=\"elementor-heading-title elementor-size-default\">Ekonomia w szkole<\/h2>\t\t<\/div>\n\t\t\t\t<\/div>\n\t\t\t\t<div class=\"elementor-element elementor-element-42e8f4a5 elementor-widget elementor-widget-text-editor\" data-id=\"42e8f4a5\" data-element_type=\"widget\" data-widget_type=\"text-editor.default\">\n\t\t\t\t<div class=\"elementor-widget-container\">\n\t\t\t\t\t\t\t\t<div class=\"elementor-text-editor elementor-clearfix\">\n\t\t\t\t\t<p>Dnia 20 pa\u017adziernika 2021 r. w Zespole Szk\u00f3\u0142 Ekonomicznych w Opolu odby\u0142 si\u0119 fina\u0142 VIII edycji Wojew\u00f3dzkiego Konkursu Przedsi\u0119biorczo\u015bci i Wiedzy o Gospodarce, skierowanego do uczni\u00f3w szk\u00f3\u0142 podstawowych.\u00a0<\/p>\t\t\t\t\t<\/div>\n\t\t\t\t\t\t<\/div>\n\t\t\t\t<\/div>\n\t\t\t\t\t\t<\/div>\n\t\t\t\t\t<\/div>\n\t\t<\/div>\n\t\t\t\t<div class=\"elementor-column elementor-col-50 elementor-top-column elementor-element elementor-element-5e63cdb8\" data-id=\"5e63cdb8\" data-element_type=\"column\" data-settings=\"{&quot;background_background&quot;:&quot;classic&quot;}\">\n\t\t\t<div class=\"elementor-column-wrap elementor-element-populated\">\n\t\t\t\t\t<div class=\"elementor-background-overlay\"><\/div>\n\t\t\t\t\t\t\t<div class=\"elementor-widget-wrap\">\n\t\t\t\t\t\t<div class=\"elementor-element elementor-element-28f11dd elementor-widget elementor-widget-spacer\" data-id=\"28f11dd\" data-element_type=\"widget\" data-widget_type=\"spacer.default\">\n\t\t\t\t<div class=\"elementor-widget-container\">\n\t\t\t\t\t<div class=\"elementor-spacer\">\n\t\t\t<div class=\"elementor-spacer-inner\"><\/div>\n\t\t<\/div>\n\t\t\t\t<\/div>\n\t\t\t\t<\/div>\n\t\t\t\t\t\t<\/div>\n\t\t\t\t\t<\/div>\n\t\t<\/div>\n\t\t\t\t\t\t\t\t<\/div>\n\t\t\t\t\t<\/div>\n\t\t<\/section>\n\t\t\t\t<section class=\"elementor-section elementor-top-section elementor-element elementor-element-5c1216f6 elementor-section-boxed elementor-section-height-default elementor-section-height-default\" data-id=\"5c1216f6\" data-element_type=\"section\">\n\t\t\t\t\t\t<div class=\"elementor-container elementor-column-gap-default\">\n\t\t\t\t\t\t\t<div class=\"elementor-row\">\n\t\t\t\t\t<div class=\"elementor-column elementor-col-100 elementor-top-column elementor-element elementor-element-4e0169a2\" data-id=\"4e0169a2\" data-element_type=\"column\">\n\t\t\t<div class=\"elementor-column-wrap elementor-element-populated\">\n\t\t\t\t\t\t\t<div class=\"elementor-widget-wrap\">\n\t\t\t\t\t\t<div class=\"elementor-element elementor-element-177fbf69 elementor-widget elementor-widget-text-editor\" data-id=\"177fbf69\" data-element_type=\"widget\" data-widget_type=\"text-editor.default\">\n\t\t\t\t<div class=\"elementor-widget-container\">\n\t\t\t\t\t\t\t\t<div class=\"elementor-text-editor elementor-clearfix\">\n\t\t\t\t\t<p>Gal\u0119 fina\u0142ow\u0105 prowadzi\u0142o mini-przedsi\u0119biorstwo klasy 3f <em>Ekonom Company<\/em> funkcjonuj\u0105ce w szkole pod kierunkiem Pani Tamary S\u0142odkowskiej-Tram\u015b.\u00a0 Zgromadzonej publiczno\u015bci przedstawi\u0142o \u015bwietne przedstawienie pt. \u201eShrek i zdarzenie z biurokracj\u0105\u201d. Uroczysto\u015b\u0107 umila\u0142 tak\u017ce wspania\u0142y wyst\u0119p szkolnego ch\u00f3ru <em>Work In Progress<\/em> pod kierunkiem Pana Damiana Ka\u017amierczaka.<\/p>\t\t\t\t\t<\/div>\n\t\t\t\t\t\t<\/div>\n\t\t\t\t<\/div>\n\t\t\t\t<div class=\"elementor-element elementor-element-510acf4 elementor-widget elementor-widget-text-editor\" data-id=\"510acf4\" data-element_type=\"widget\" data-widget_type=\"text-editor.default\">\n\t\t\t\t<div class=\"elementor-widget-container\">\n\t\t\t\t\t\t\t\t<div class=\"elementor-text-editor elementor-clearfix\">\n\t\t\t\t\t<p>Celem konkursu by\u0142o przede wszystkim promowanie wiedzy ekonomicznej i postaw przedsi\u0119biorczych w\u015br\u00f3d m\u0142odzie\u017cy. Do pierwszego etapu konkursu przyst\u0105pi\u0142o <strong>277<\/strong> uczni\u00f3w. W rywalizacji fina\u0142owej zmagali si\u0119 uczniowie z nast\u0119puj\u0105cych\u00a0 szk\u00f3\u0142 naszego wojew\u00f3dztwa:<\/p>\t\t\t\t\t<\/div>\n\t\t\t\t\t\t<\/div>\n\t\t\t\t<\/div>\n\t\t\t\t<div class=\"elementor-element elementor-element-1fd50c9b elementor-widget elementor-widget-text-editor\" data-id=\"1fd50c9b\" data-element_type=\"widget\" data-widget_type=\"text-editor.default\">\n\t\t\t\t<div class=\"elementor-widget-container\">\n\t\t\t\t\t\t\t\t<div class=\"elementor-text-editor elementor-clearfix\">\n\t\t\t\t\t<ul><li>Publicznej Szko\u0142y Podstawowej im. Marka Prawego w Jemielnicy;<\/li><li>Publicznej Szko\u0142y Podstawowej im. ks. Jana Twardowskiego w Komprachcicach;<\/li><li>Publicznej Szko\u0142y Podstawowej im. Josepha von Eichendorffa w Kro\u015bnicy;<\/li><li>Publicznej Szko\u0142y Podstawowej Nr 1 im. Obro\u0144c\u00f3w Westerplatte w Opolu;<\/li><li>Publicznej Szko\u0142y Podstawowej Nr 2 im. Polskich Olimpijczyk\u00f3w w Opolu;<\/li><li>Publicznej Szko\u0142y Podstawowej nr 8 im. Gustawa Morcinka w Opolu;<\/li><li>Publicznej Szko\u0142y Podstawowej nr 14 im. Adama Mickiewicza w Opolu;<\/li><li>Publicznej Szko\u0142y Podstawowej nr 15 im. Kr\u00f3lowej Jadwigi w Opolu;<\/li><li>Publicznej Szko\u0142y Podstawowej nr 20 im. Ksi\u0119cia Jana Dobrego W Opolu.<\/li><\/ul>\t\t\t\t\t<\/div>\n\t\t\t\t\t\t<\/div>\n\t\t\t\t<\/div>\n\t\t\t\t<div class=\"elementor-element elementor-element-2b65219 elementor-widget elementor-widget-spacer\" data-id=\"2b65219\" data-element_type=\"widget\" data-widget_type=\"spacer.default\">\n\t\t\t\t<div class=\"elementor-widget-container\">\n\t\t\t\t\t<div class=\"elementor-spacer\">\n\t\t\t<div class=\"elementor-spacer-inner\"><\/div>\n\t\t<\/div>\n\t\t\t\t<\/div>\n\t\t\t\t<\/div>\n\t\t\t\t<div class=\"elementor-element elementor-element-78880c7 elementor-widget elementor-widget-heading\" data-id=\"78880c7\" data-element_type=\"widget\" data-widget_type=\"heading.default\">\n\t\t\t\t<div class=\"elementor-widget-container\">\n\t\t\t<h5 class=\"elementor-heading-title elementor-size-default\">Fina\u0142 konkursu sk\u0142ada\u0142 si\u0119 z dw\u00f3ch etap\u00f3w:<\/h5>\t\t<\/div>\n\t\t\t\t<\/div>\n\t\t\t\t<div class=\"elementor-element elementor-element-f04c9d4 elementor-widget elementor-widget-text-editor\" data-id=\"f04c9d4\" data-element_type=\"widget\" data-widget_type=\"text-editor.default\">\n\t\t\t\t<div class=\"elementor-widget-container\">\n\t\t\t\t\t\t\t\t<div class=\"elementor-text-editor elementor-clearfix\">\n\t\t\t\t\t<ol><li>Wszyscy uczestnicy fina\u0142u rozwi\u0105zywali test sprawdzaj\u0105cy wiedz\u0119 ekonomiczn\u0105 obj\u0119t\u0105 tematyk\u0105 Konkursu w sali komputerowej na Platformie Moodle.<\/li><li>Uczestnicy, kt\u00f3rzy najlepiej wypadli w cz\u0119\u015bci testowej (6 uczni\u00f3w), przedstawiali swoje prezentacje multimedialne, na jeden wybrany przez siebie temat:<\/li><\/ol>\t\t\t\t\t<\/div>\n\t\t\t\t\t\t<\/div>\n\t\t\t\t<\/div>\n\t\t\t\t<div class=\"elementor-element elementor-element-4bd51de elementor-icon-list--layout-traditional elementor-list-item-link-full_width elementor-widget elementor-widget-icon-list\" data-id=\"4bd51de\" data-element_type=\"widget\" data-widget_type=\"icon-list.default\">\n\t\t\t\t<div class=\"elementor-widget-container\">\n\t\t\t\t\t<ul class=\"elementor-icon-list-items\">\n\t\t\t\t\t\t\t<li class=\"elementor-icon-list-item\">\n\t\t\t\t\t\t\t\t\t\t\t<span class=\"elementor-icon-list-icon\">\n\t\t\t\t\t\t\t<i aria-hidden=\"true\" class=\"fas fa-chevron-circle-right\"><\/i>\t\t\t\t\t\t<\/span>\n\t\t\t\t\t\t\t\t\t\t<span class=\"elementor-icon-list-text\">Emigracja zarobkowa \u2013 szansa czy zagro\u017cenie?<\/span>\n\t\t\t\t\t\t\t\t\t<\/li>\n\t\t\t\t\t\t\t\t<li class=\"elementor-icon-list-item\">\n\t\t\t\t\t\t\t\t\t\t\t<span class=\"elementor-icon-list-icon\">\n\t\t\t\t\t\t\t<i aria-hidden=\"true\" class=\"fas fa-chevron-circle-right\"><\/i>\t\t\t\t\t\t<\/span>\n\t\t\t\t\t\t\t\t\t\t<span class=\"elementor-icon-list-text\">Obr\u00f3t got\u00f3wkowy i bezgot\u00f3wkowy.<\/span>\n\t\t\t\t\t\t\t\t\t<\/li>\n\t\t\t\t\t\t\t\t<li class=\"elementor-icon-list-item\">\n\t\t\t\t\t\t\t\t\t\t\t<span class=\"elementor-icon-list-icon\">\n\t\t\t\t\t\t\t<i aria-hidden=\"true\" class=\"fas fa-chevron-circle-right\"><\/i>\t\t\t\t\t\t<\/span>\n\t\t\t\t\t\t\t\t\t\t<span class=\"elementor-icon-list-text\">Skutki gospodarcze COVID 19.<\/span>\n\t\t\t\t\t\t\t\t\t<\/li>\n\t\t\t\t\t\t<\/ul>\n\t\t\t\t<\/div>\n\t\t\t\t<\/div>\n\t\t\t\t\t\t<\/div>\n\t\t\t\t\t<\/div>\n\t\t<\/div>\n\t\t\t\t\t\t\t\t<\/div>\n\t\t\t\t\t<\/div>\n\t\t<\/section>\n\t\t\t\t<section class=\"elementor-section elementor-top-section elementor-element elementor-element-6942c5d elementor-section-boxed elementor-section-height-default elementor-section-height-default\" data-id=\"6942c5d\" data-element_type=\"section\">\n\t\t\t\t\t\t<div class=\"elementor-container elementor-column-gap-default\">\n\t\t\t\t\t\t\t<div class=\"elementor-row\">\n\t\t\t\t\t<div class=\"elementor-column elementor-col-100 elementor-top-column elementor-element elementor-element-64bb16d\" data-id=\"64bb16d\" data-element_type=\"column\">\n\t\t\t<div class=\"elementor-column-wrap elementor-element-populated\">\n\t\t\t\t\t\t\t<div class=\"elementor-widget-wrap\">\n\t\t\t\t\t\t<div class=\"elementor-element elementor-element-c156212 elementor-widget elementor-widget-spacer\" data-id=\"c156212\" data-element_type=\"widget\" data-widget_type=\"spacer.default\">\n\t\t\t\t<div class=\"elementor-widget-container\">\n\t\t\t\t\t<div class=\"elementor-spacer\">\n\t\t\t<div class=\"elementor-spacer-inner\"><\/div>\n\t\t<\/div>\n\t\t\t\t<\/div>\n\t\t\t\t<\/div>\n\t\t\t\t<div class=\"elementor-element elementor-element-a76f408 elementor-widget elementor-widget-heading\" data-id=\"a76f408\" data-element_type=\"widget\" data-widget_type=\"heading.default\">\n\t\t\t\t<div class=\"elementor-widget-container\">\n\t\t\t<h2 class=\"elementor-heading-title elementor-size-default\">Finali\u015bci Konkursu<\/h2>\t\t<\/div>\n\t\t\t\t<\/div>\n\t\t\t\t<div class=\"elementor-element elementor-element-51a3334 elementor-widget elementor-widget-text-editor\" data-id=\"51a3334\" data-element_type=\"widget\" data-widget_type=\"text-editor.default\">\n\t\t\t\t<div class=\"elementor-widget-container\">\n\t\t\t\t\t\t\t\t<div class=\"elementor-text-editor elementor-clearfix\">\n\t\t\t\t\t<p>Po zsumowaniu wynik\u00f3w z obu cz\u0119\u015bci fina\u0142u zwyci\u0119zcami VIII edycji Konkursu zostali:<\/p>\t\t\t\t\t<\/div>\n\t\t\t\t\t\t<\/div>\n\t\t\t\t<\/div>\n\t\t\t\t<div class=\"elementor-element elementor-element-a05bc71 elementor-icon-list--layout-traditional elementor-list-item-link-full_width elementor-widget elementor-widget-icon-list\" data-id=\"a05bc71\" data-element_type=\"widget\" data-widget_type=\"icon-list.default\">\n\t\t\t\t<div class=\"elementor-widget-container\">\n\t\t\t\t\t<ul class=\"elementor-icon-list-items\">\n\t\t\t\t\t\t\t<li class=\"elementor-icon-list-item\">\n\t\t\t\t\t\t\t\t\t\t\t<span class=\"elementor-icon-list-icon\">\n\t\t\t\t\t\t\t<svg xmlns=\"http:\/\/www.w3.org\/2000\/svg\" xmlns:xlink=\"http:\/\/www.w3.org\/1999\/xlink\" id=\"Warstwa_1\" x=\"0px\" y=\"0px\" viewBox=\"0 0 50 50\" style=\"enable-background:new 0 0 50 50;\" xml:space=\"preserve\">\n<style type=\"text\/css\">\n\t.st0{fill:#EE6818;}\n<\/style>\n<path class=\"st0\" d=\"M30.8,27.5c4-1.1,6.5-6,8-10c1.5-4.3,2.4-9.2,2.1-10.7l-0.1-0.6l-4.3-0.9l-0.2,0.9c0,0-0.3,1.5-1.2,2.3  c0-1.8,0-3.1,0-3.1h-9.9h-9.9c0,0,0,1.2,0,3c-0.9-0.6-1.3-2-1.4-2.5L13.6,5L9.3,5.9L9.2,6.5c-0.3,1.5,0.5,6.4,2,10.7  c1.4,4,4,9,8,10.1c1.9,2.8,3.6,3,3.6,3s0.1,0.8,0,1.1c-0.1,0.3-0.9,0.8-0.9,0.8v1.3c0,0,0.9,0.4,0.9,1.6c0,1.9-4.4,5.8-6.5,6.8h-1.9  V45h10.7h10.7v-3.1h-1.9c-2.1-1.1-6.5-4.9-6.5-6.8c0-1.2,0.9-1.6,0.9-1.6v-1.3c0,0-0.7-0.5-0.9-0.8c-0.1-0.2,0-1.1,0-1.1  S29,30.1,30.8,27.5z M35.6,10.3c1.2-0.7,1.8-2,2.1-2.9L39,7.7c0,1.6-0.7,5.4-2,9.2c-0.8,2.3-2.4,5.8-4.6,7.7  c0.6-1.3,1.2-2.9,1.7-4.9c0.6-2.2,0.8-6,0.8-9.1C35.2,10.5,35.4,10.4,35.6,10.3z M12.9,16.6c-1.4-3.8-2-7.6-2-9.2l1.3-0.3  c0.3,0.9,0.9,2.2,2.1,2.9c0.3,0.2,0.6,0.3,0.8,0.4c0,3.2,0.2,7.1,0.8,9.3c0.5,1.9,1.1,3.5,1.7,4.8C15.4,22.6,13.8,18.9,12.9,16.6z\"><\/path>\n<path d=\"M27.9,7v18.8h-4.3V10.4h-3.8V7H27.9z\"><\/path>\n<\/svg>\t\t\t\t\t\t<\/span>\n\t\t\t\t\t\t\t\t\t\t<span class=\"elementor-icon-list-text\"><strong>Aleksander Magacz <\/strong>z  PSP Nr 1 im. Obro\u0144c\u00f3w Westerplatte w Opolu<\/span>\n\t\t\t\t\t\t\t\t\t<\/li>\n\t\t\t\t\t\t\t\t<li class=\"elementor-icon-list-item\">\n\t\t\t\t\t\t\t\t\t\t\t<span class=\"elementor-icon-list-icon\">\n\t\t\t\t\t\t\t<svg xmlns=\"http:\/\/www.w3.org\/2000\/svg\" xmlns:xlink=\"http:\/\/www.w3.org\/1999\/xlink\" id=\"Warstwa_1\" x=\"0px\" y=\"0px\" viewBox=\"0 0 50 50\" style=\"enable-background:new 0 0 50 50;\" xml:space=\"preserve\">\n<style type=\"text\/css\">\n\t.st0{fill:#EE6818;}\n<\/style>\n<path class=\"st0\" d=\"M30.8,27.5c4-1.1,6.5-6,8-10c1.5-4.3,2.4-9.2,2.1-10.7l-0.1-0.6l-4.3-0.9l-0.2,0.9c0,0-0.3,1.5-1.2,2.3  c0-1.8,0-3.1,0-3.1h-9.9h-9.9c0,0,0,1.2,0,3c-0.9-0.6-1.3-2-1.4-2.5L13.6,5L9.3,5.9L9.2,6.5c-0.3,1.5,0.5,6.4,2,10.7  c1.4,4,4,9,8,10.1c1.9,2.8,3.6,3,3.6,3s0.1,0.8,0,1.1c-0.1,0.3-0.9,0.8-0.9,0.8v1.3c0,0,0.9,0.4,0.9,1.6c0,1.9-4.4,5.8-6.5,6.8h-1.9  V45h10.7h10.7v-3.1h-1.9c-2.1-1.1-6.5-4.9-6.5-6.8c0-1.2,0.9-1.6,0.9-1.6v-1.3c0,0-0.7-0.5-0.9-0.8c-0.1-0.2,0-1.1,0-1.1  S29,30.1,30.8,27.5z M35.6,10.3c1.2-0.7,1.8-2,2.1-2.9L39,7.7c0,1.6-0.7,5.4-2,9.2c-0.8,2.3-2.4,5.8-4.6,7.7  c0.6-1.3,1.2-2.9,1.7-4.9c0.6-2.2,0.8-6,0.8-9.1C35.2,10.5,35.4,10.4,35.6,10.3z M12.9,16.6c-1.4-3.8-2-7.6-2-9.2l1.3-0.3  c0.3,0.9,0.9,2.2,2.1,2.9c0.3,0.2,0.6,0.3,0.8,0.4c0,3.2,0.2,7.1,0.8,9.3c0.5,1.9,1.1,3.5,1.7,4.8C15.4,22.6,13.8,18.9,12.9,16.6z\"><\/path>\n<path d=\"M30.6,20.8v2.6H20.1v-2.1l5.4-5.1c1.2-1.2,1.5-1.9,1.5-2.6c0-1.1-0.8-1.7-2.2-1.7c-1.2,0-2.2,0.5-2.9,1.4l-2.3-1.5  c1.1-1.6,3-2.6,5.5-2.6c3.1,0,5.2,1.6,5.2,4.1c0,1.4-0.4,2.6-2.3,4.4l-3.2,3h5.8V20.8z\"><\/path>\n<\/svg>\t\t\t\t\t\t<\/span>\n\t\t\t\t\t\t\t\t\t\t<span class=\"elementor-icon-list-text\"><strong>Maciej Maciejewski  <\/strong>z PSP Nr 2 im. Polskich Olimpijczyk\u00f3w w Opolu<\/span>\n\t\t\t\t\t\t\t\t\t<\/li>\n\t\t\t\t\t\t\t\t<li class=\"elementor-icon-list-item\">\n\t\t\t\t\t\t\t\t\t\t\t<span class=\"elementor-icon-list-icon\">\n\t\t\t\t\t\t\t<svg xmlns=\"http:\/\/www.w3.org\/2000\/svg\" xmlns:xlink=\"http:\/\/www.w3.org\/1999\/xlink\" id=\"Warstwa_1\" x=\"0px\" y=\"0px\" viewBox=\"0 0 50 50\" style=\"enable-background:new 0 0 50 50;\" xml:space=\"preserve\">\n<style type=\"text\/css\">\n\t.st0{fill:#EE6818;}\n<\/style>\n<path class=\"st0\" d=\"M30.8,27.5c4-1.1,6.5-6,8-10c1.5-4.3,2.4-9.2,2.1-10.7l-0.1-0.6l-4.3-0.9l-0.2,0.9c0,0-0.3,1.5-1.2,2.3  c0-1.8,0-3.1,0-3.1h-9.9h-9.9c0,0,0,1.2,0,3c-0.9-0.6-1.3-2-1.4-2.5L13.6,5L9.3,5.9L9.2,6.5c-0.3,1.5,0.5,6.4,2,10.7  c1.4,4,4,9,8,10.1c1.9,2.8,3.6,3,3.6,3s0.1,0.8,0,1.1c-0.1,0.3-0.9,0.8-0.9,0.8v1.3c0,0,0.9,0.4,0.9,1.6c0,1.9-4.4,5.8-6.5,6.8h-1.9  V45h10.7h10.7v-3.1h-1.9c-2.1-1.1-6.5-4.9-6.5-6.8c0-1.2,0.9-1.6,0.9-1.6v-1.3c0,0-0.7-0.5-0.9-0.8c-0.1-0.2,0-1.1,0-1.1  S29,30.1,30.8,27.5z M35.6,10.3c1.2-0.7,1.8-2,2.1-2.9L39,7.7c0,1.6-0.7,5.4-2,9.2c-0.8,2.3-2.4,5.8-4.6,7.7  c0.6-1.3,1.2-2.9,1.7-4.9c0.6-2.2,0.8-6,0.8-9.1C35.2,10.5,35.4,10.4,35.6,10.3z M12.9,16.6c-1.4-3.8-2-7.6-2-9.2l1.3-0.3  c0.3,0.9,0.9,2.2,2.1,2.9c0.3,0.2,0.6,0.3,0.8,0.4c0,3.2,0.2,7.1,0.8,9.3c0.5,1.9,1.1,3.5,1.7,4.8C15.4,22.6,13.8,18.9,12.9,16.6z\"><\/path>\n<path d=\"M30.5,18.9c0,2.3-1.8,4.5-5.8,4.5c-2,0-4-0.5-5.3-1.5l1.3-2.5c1.1,0.8,2.5,1.3,4,1.3c1.6,0,2.6-0.7,2.6-1.8  c0-1.1-0.8-1.7-2.6-1.7h-1.5v-2.1l2.9-3.2h-5.9V9.3H30v2.1L26.9,15C29.3,15.3,30.5,16.9,30.5,18.9z\"><\/path>\n<\/svg>\t\t\t\t\t\t<\/span>\n\t\t\t\t\t\t\t\t\t\t<span class=\"elementor-icon-list-text\"><strong>Bartosz B\u0142aszkiewicz <\/strong>z  PSP im. Ks. Jana Twardowskiego w Komprachcicach<\/span>\n\t\t\t\t\t\t\t\t\t<\/li>\n\t\t\t\t\t\t\t\t<li class=\"elementor-icon-list-item\">\n\t\t\t\t\t\t\t\t\t\t\t<span class=\"elementor-icon-list-icon\">\n\t\t\t\t\t\t\t<svg xmlns=\"http:\/\/www.w3.org\/2000\/svg\" xmlns:xlink=\"http:\/\/www.w3.org\/1999\/xlink\" id=\"Warstwa_1\" x=\"0px\" y=\"0px\" viewBox=\"0 0 50 50\" style=\"enable-background:new 0 0 50 50;\" xml:space=\"preserve\">\n<style type=\"text\/css\">\n\t.st0{fill:#EE6818;}\n<\/style>\n<path class=\"st0\" d=\"M30.8,27.5c4-1.1,6.5-6,8-10c1.5-4.3,2.4-9.2,2.1-10.7l-0.1-0.6l-4.3-0.9l-0.2,0.9c0,0-0.3,1.5-1.2,2.3  c0-1.8,0-3.1,0-3.1h-9.9h-9.9c0,0,0,1.2,0,3c-0.9-0.6-1.3-2-1.4-2.5L13.6,5L9.3,5.9L9.2,6.5c-0.3,1.5,0.5,6.4,2,10.7  c1.4,4,4,9,8,10.1c1.9,2.8,3.6,3,3.6,3s0.1,0.8,0,1.1c-0.1,0.3-0.9,0.8-0.9,0.8v1.3c0,0,0.9,0.4,0.9,1.6c0,1.9-4.4,5.8-6.5,6.8h-1.9  V45h10.7h10.7v-3.1h-1.9c-2.1-1.1-6.5-4.9-6.5-6.8c0-1.2,0.9-1.6,0.9-1.6v-1.3c0,0-0.7-0.5-0.9-0.8c-0.1-0.2,0-1.1,0-1.1  S29,30.1,30.8,27.5z M35.6,10.3c1.2-0.7,1.8-2,2.1-2.9L39,7.7c0,1.6-0.7,5.4-2,9.2c-0.8,2.3-2.4,5.8-4.6,7.7  c0.6-1.3,1.2-2.9,1.7-4.9c0.6-2.2,0.8-6,0.8-9.1C35.2,10.5,35.4,10.4,35.6,10.3z M12.9,16.6c-1.4-3.8-2-7.6-2-9.2l1.3-0.3  c0.3,0.9,0.9,2.2,2.1,2.9c0.3,0.2,0.6,0.3,0.8,0.4c0,3.2,0.2,7.1,0.8,9.3c0.5,1.9,1.1,3.5,1.7,4.8C15.4,22.6,13.8,18.9,12.9,16.6z\"><\/path>\n<path d=\"M31.5,20.4h-2.3v2.9H26v-2.9h-7.5v-2.2l6.6-8.8h3.4l-6.1,8.4h3.7v-2.6h3v2.6h2.3v2.6H31.5z\"><\/path>\n<\/svg>\t\t\t\t\t\t<\/span>\n\t\t\t\t\t\t\t\t\t\t<span class=\"elementor-icon-list-text\"><strong>Krzysztof Haider <\/strong>z  PSP im. Marka Prawego w Jemielnicy<\/span>\n\t\t\t\t\t\t\t\t\t<\/li>\n\t\t\t\t\t\t\t\t<li class=\"elementor-icon-list-item\">\n\t\t\t\t\t\t\t\t\t\t\t<span class=\"elementor-icon-list-icon\">\n\t\t\t\t\t\t\t<svg xmlns=\"http:\/\/www.w3.org\/2000\/svg\" xmlns:xlink=\"http:\/\/www.w3.org\/1999\/xlink\" id=\"Warstwa_1\" x=\"0px\" y=\"0px\" viewBox=\"0 0 50 50\" style=\"enable-background:new 0 0 50 50;\" xml:space=\"preserve\">\n<style type=\"text\/css\">\n\t.st0{fill:#EE6818;}\n<\/style>\n<path class=\"st0\" d=\"M30.8,27.5c4-1.1,6.5-6,8-10c1.5-4.3,2.4-9.2,2.1-10.7l-0.1-0.6l-4.3-0.9l-0.2,0.9c0,0-0.3,1.5-1.2,2.3  c0-1.8,0-3.1,0-3.1h-9.9h-9.9c0,0,0,1.2,0,3c-0.9-0.6-1.3-2-1.4-2.5L13.6,5L9.3,5.9L9.2,6.5c-0.3,1.5,0.5,6.4,2,10.7  c1.4,4,4,9,8,10.1c1.9,2.8,3.6,3,3.6,3s0.1,0.8,0,1.1c-0.1,0.3-0.9,0.8-0.9,0.8v1.3c0,0,0.9,0.4,0.9,1.6c0,1.9-4.4,5.8-6.5,6.8h-1.9  V45h10.7h10.7v-3.1h-1.9c-2.1-1.1-6.5-4.9-6.5-6.8c0-1.2,0.9-1.6,0.9-1.6v-1.3c0,0-0.7-0.5-0.9-0.8c-0.1-0.2,0-1.1,0-1.1  S29,30.1,30.8,27.5z M35.6,10.3c1.2-0.7,1.8-2,2.1-2.9L39,7.7c0,1.6-0.7,5.4-2,9.2c-0.8,2.3-2.4,5.8-4.6,7.7  c0.6-1.3,1.2-2.9,1.7-4.9c0.6-2.2,0.8-6,0.8-9.1C35.2,10.5,35.4,10.4,35.6,10.3z M12.9,16.6c-1.4-3.8-2-7.6-2-9.2l1.3-0.3  c0.3,0.9,0.9,2.2,2.1,2.9c0.3,0.2,0.6,0.3,0.8,0.4c0,3.2,0.2,7.1,0.8,9.3c0.5,1.9,1.1,3.5,1.7,4.8C15.4,22.6,13.8,18.9,12.9,16.6z\"><\/path>\n<path d=\"M30.6,18.8c0,2.5-1.8,4.6-5.8,4.6c-1.9,0-4-0.5-5.3-1.5l1.3-2.5c1.1,0.8,2.5,1.3,4,1.3c1.6,0,2.6-0.7,2.6-1.8  c0-1.1-0.7-1.8-3.2-1.8h-3.6l0.7-7.8h8.5v2.6H24l-0.2,2.6h1.1C28.9,14.5,30.6,16.3,30.6,18.8z\"><\/path>\n<\/svg>\t\t\t\t\t\t<\/span>\n\t\t\t\t\t\t\t\t\t\t<span class=\"elementor-icon-list-text\"><strong>Franciszek Krupnik <\/strong>z PSP im. Marka Prawego w Jemielnicy<\/span>\n\t\t\t\t\t\t\t\t\t<\/li>\n\t\t\t\t\t\t\t\t<li class=\"elementor-icon-list-item\">\n\t\t\t\t\t\t\t\t\t\t\t<span class=\"elementor-icon-list-icon\">\n\t\t\t\t\t\t\t<svg xmlns=\"http:\/\/www.w3.org\/2000\/svg\" xmlns:xlink=\"http:\/\/www.w3.org\/1999\/xlink\" id=\"Warstwa_1\" x=\"0px\" y=\"0px\" viewBox=\"0 0 50 50\" style=\"enable-background:new 0 0 50 50;\" xml:space=\"preserve\">\n<style type=\"text\/css\">\n\t.st0{fill:#EE6818;}\n<\/style>\n<path class=\"st0\" d=\"M30.8,27.5c4-1.1,6.5-6,8-10c1.5-4.3,2.4-9.2,2.1-10.7l-0.1-0.6l-4.3-0.9l-0.2,0.9c0,0-0.3,1.5-1.2,2.3  c0-1.8,0-3.1,0-3.1h-9.9h-9.9c0,0,0,1.2,0,3c-0.9-0.6-1.3-2-1.4-2.5L13.6,5L9.3,5.9L9.2,6.5c-0.3,1.5,0.5,6.4,2,10.7  c1.4,4,4,9,8,10.1c1.9,2.8,3.6,3,3.6,3s0.1,0.8,0,1.1c-0.1,0.3-0.9,0.8-0.9,0.8v1.3c0,0,0.9,0.4,0.9,1.6c0,1.9-4.4,5.8-6.5,6.8h-1.9  V45h10.7h10.7v-3.1h-1.9c-2.1-1.1-6.5-4.9-6.5-6.8c0-1.2,0.9-1.6,0.9-1.6v-1.3c0,0-0.7-0.5-0.9-0.8c-0.1-0.2,0-1.1,0-1.1  S29,30.1,30.8,27.5z M35.6,10.3c1.2-0.7,1.8-2,2.1-2.9L39,7.7c0,1.6-0.7,5.4-2,9.2c-0.8,2.3-2.4,5.8-4.6,7.7  c0.6-1.3,1.2-2.9,1.7-4.9c0.6-2.2,0.8-6,0.8-9.1C35.2,10.5,35.4,10.4,35.6,10.3z M12.9,16.6c-1.4-3.8-2-7.6-2-9.2l1.3-0.3  c0.3,0.9,0.9,2.2,2.1,2.9c0.3,0.2,0.6,0.3,0.8,0.4c0,3.2,0.2,7.1,0.8,9.3c0.5,1.9,1.1,3.5,1.7,4.8C15.4,22.6,13.8,18.9,12.9,16.6z\"><\/path>\n<path d=\"M30.8,18.9c0,2.8-2.3,4.6-5.3,4.6c-3.8,0-6.2-2.4-6.2-6.9c0-4.8,2.9-7.5,7.1-7.5c1.5,0,2.9,0.3,3.9,1L29,12.5  c-0.8-0.5-1.7-0.7-2.6-0.7c-2.3,0-3.8,1.4-3.9,4c0.8-0.8,2-1.2,3.4-1.2C28.6,14.6,30.8,16.3,30.8,18.9z M27.6,19.1  c0-1.3-0.9-2.1-2.4-2.1c-1.4,0-2.4,0.9-2.4,2.1s0.9,2.1,2.4,2.1C26.7,21.1,27.6,20.3,27.6,19.1z\"><\/path>\n<\/svg>\t\t\t\t\t\t<\/span>\n\t\t\t\t\t\t\t\t\t\t<span class=\"elementor-icon-list-text\"><strong>Karolina Grabowska <\/strong>z PSP im. Ks. Jana Twardowskiego w Komprachcicach<\/span>\n\t\t\t\t\t\t\t\t\t<\/li>\n\t\t\t\t\t\t<\/ul>\n\t\t\t\t<\/div>\n\t\t\t\t<\/div>\n\t\t\t\t\t\t<\/div>\n\t\t\t\t\t<\/div>\n\t\t<\/div>\n\t\t\t\t\t\t\t\t<\/div>\n\t\t\t\t\t<\/div>\n\t\t<\/section>\n\t\t\t\t<section class=\"elementor-section elementor-top-section elementor-element elementor-element-218cce36 elementor-section-boxed elementor-section-height-default elementor-section-height-default\" data-id=\"218cce36\" data-element_type=\"section\">\n\t\t\t\t\t\t<div class=\"elementor-container elementor-column-gap-default\">\n\t\t\t\t\t\t\t<div class=\"elementor-row\">\n\t\t\t\t\t<div class=\"elementor-column elementor-col-100 elementor-top-column elementor-element elementor-element-721c673b\" data-id=\"721c673b\" data-element_type=\"column\">\n\t\t\t<div class=\"elementor-column-wrap elementor-element-populated\">\n\t\t\t\t\t\t\t<div class=\"elementor-widget-wrap\">\n\t\t\t\t\t\t<div class=\"elementor-element elementor-element-6c6f3e54 elementor-widget elementor-widget-spacer\" data-id=\"6c6f3e54\" data-element_type=\"widget\" data-widget_type=\"spacer.default\">\n\t\t\t\t<div class=\"elementor-widget-container\">\n\t\t\t\t\t<div class=\"elementor-spacer\">\n\t\t\t<div class=\"elementor-spacer-inner\"><\/div>\n\t\t<\/div>\n\t\t\t\t<\/div>\n\t\t\t\t<\/div>\n\t\t\t\t<div class=\"elementor-element elementor-element-a06c3dc elementor-widget elementor-widget-gallery\" data-id=\"a06c3dc\" data-element_type=\"widget\" data-settings=\"{&quot;gallery_layout&quot;:&quot;justified&quot;,&quot;lazyload&quot;:&quot;yes&quot;,&quot;ideal_row_height&quot;:{&quot;unit&quot;:&quot;px&quot;,&quot;size&quot;:200,&quot;sizes&quot;:[]},&quot;ideal_row_height_tablet&quot;:{&quot;unit&quot;:&quot;px&quot;,&quot;size&quot;:150,&quot;sizes&quot;:[]},&quot;ideal_row_height_mobile&quot;:{&quot;unit&quot;:&quot;px&quot;,&quot;size&quot;:150,&quot;sizes&quot;:[]},&quot;gap&quot;:{&quot;unit&quot;:&quot;px&quot;,&quot;size&quot;:10,&quot;sizes&quot;:[]},&quot;gap_tablet&quot;:{&quot;unit&quot;:&quot;px&quot;,&quot;size&quot;:10,&quot;sizes&quot;:[]},&quot;gap_mobile&quot;:{&quot;unit&quot;:&quot;px&quot;,&quot;size&quot;:10,&quot;sizes&quot;:[]},&quot;link_to&quot;:&quot;file&quot;,&quot;overlay_background&quot;:&quot;yes&quot;,&quot;content_hover_animation&quot;:&quot;fade-in&quot;}\" data-widget_type=\"gallery.default\">\n\t\t\t\t<div class=\"elementor-widget-container\">\n\t\t\t\t\t<div class=\"elementor-gallery__container\">\n\t\t\t\t\t\t\t<a class=\"e-gallery-item elementor-gallery-item elementor-animated-content\" href=\"http:\/\/ekonomik.opole.pl\/eko3\/wp-content\/uploads\/2021\/10\/konkurs-gospodarka-04.jpg\" data-elementor-open-lightbox=\"yes\" data-elementor-lightbox-slideshow=\"all-a06c3dc\" data-elementor-lightbox-title=\"20.10.2021 r. Fina\u0142 VIII edycji Wojew\u00f3dzkiego Konkursu Przedsi\u0119biorczo\u015bci i Wiedzy o Gospodarce\" data-elementor-lightbox-description=\"20.10.2021 r. Fina\u0142 VIII edycji Wojew\u00f3dzkiego Konkursu Przedsi\u0119biorczo\u015bci i Wiedzy o Gospodarce\">\n\t\t\t\t\t<div class=\"e-gallery-image elementor-gallery-item__image\" data-thumbnail=\"http:\/\/ekonomik.opole.pl\/eko3\/wp-content\/uploads\/2021\/10\/konkurs-gospodarka-04-300x169.jpg\" data-width=\"300\" data-height=\"169\" alt=\"20.10.2021 r. Fina\u0142 VIII edycji Wojew\u00f3dzkiego Konkursu Przedsi\u0119biorczo\u015bci i Wiedzy o Gospodarce\" ><\/div>\n\t\t\t\t\t\t\t\t\t\t<div class=\"elementor-gallery-item__overlay\"><\/div>\n\t\t\t\t\t\t\t\t\t\t\t\t\t\t<\/a>\n\t\t\t\t\t\t\t<a class=\"e-gallery-item elementor-gallery-item elementor-animated-content\" href=\"http:\/\/ekonomik.opole.pl\/eko3\/wp-content\/uploads\/2021\/10\/konkurs-gospodarka-07.jpg\" data-elementor-open-lightbox=\"yes\" data-elementor-lightbox-slideshow=\"all-a06c3dc\" data-elementor-lightbox-title=\"20.10.2021 r. Fina\u0142 VIII edycji Wojew\u00f3dzkiego Konkursu Przedsi\u0119biorczo\u015bci i Wiedzy o Gospodarce\" data-elementor-lightbox-description=\"20.10.2021 r. Fina\u0142 VIII edycji Wojew\u00f3dzkiego Konkursu Przedsi\u0119biorczo\u015bci i Wiedzy o Gospodarce\">\n\t\t\t\t\t<div class=\"e-gallery-image elementor-gallery-item__image\" data-thumbnail=\"http:\/\/ekonomik.opole.pl\/eko3\/wp-content\/uploads\/2021\/10\/konkurs-gospodarka-07-200x300.jpg\" data-width=\"200\" data-height=\"300\" alt=\"20.10.2021 r. Fina\u0142 VIII edycji Wojew\u00f3dzkiego Konkursu Przedsi\u0119biorczo\u015bci i Wiedzy o Gospodarce\" ><\/div>\n\t\t\t\t\t\t\t\t\t\t<div class=\"elementor-gallery-item__overlay\"><\/div>\n\t\t\t\t\t\t\t\t\t\t\t\t\t\t<\/a>\n\t\t\t\t\t\t\t<a class=\"e-gallery-item elementor-gallery-item elementor-animated-content\" href=\"http:\/\/ekonomik.opole.pl\/eko3\/wp-content\/uploads\/2021\/10\/konkurs-gospodarka-05.jpg\" data-elementor-open-lightbox=\"yes\" data-elementor-lightbox-slideshow=\"all-a06c3dc\" data-elementor-lightbox-title=\"20.10.2021 r. Fina\u0142 VIII edycji Wojew\u00f3dzkiego Konkursu Przedsi\u0119biorczo\u015bci i Wiedzy o Gospodarce\" data-elementor-lightbox-description=\"20.10.2021 r. Fina\u0142 VIII edycji Wojew\u00f3dzkiego Konkursu Przedsi\u0119biorczo\u015bci i Wiedzy o Gospodarce\">\n\t\t\t\t\t<div class=\"e-gallery-image elementor-gallery-item__image\" data-thumbnail=\"http:\/\/ekonomik.opole.pl\/eko3\/wp-content\/uploads\/2021\/10\/konkurs-gospodarka-05-300x300.jpg\" data-width=\"300\" data-height=\"300\" alt=\"20.10.2021 r. Fina\u0142 VIII edycji Wojew\u00f3dzkiego Konkursu Przedsi\u0119biorczo\u015bci i Wiedzy o Gospodarce\" ><\/div>\n\t\t\t\t\t\t\t\t\t\t<div class=\"elementor-gallery-item__overlay\"><\/div>\n\t\t\t\t\t\t\t\t\t\t\t\t\t\t<\/a>\n\t\t\t\t\t\t\t<a class=\"e-gallery-item elementor-gallery-item elementor-animated-content\" href=\"http:\/\/ekonomik.opole.pl\/eko3\/wp-content\/uploads\/2021\/10\/konkurs-gospodarka-00.jpg\" data-elementor-open-lightbox=\"yes\" data-elementor-lightbox-slideshow=\"all-a06c3dc\" data-elementor-lightbox-title=\"20.10.2021 r. Fina\u0142 VIII edycji Wojew\u00f3dzkiego Konkursu Przedsi\u0119biorczo\u015bci i Wiedzy o Gospodarce\" data-elementor-lightbox-description=\"20.10.2021 r. Fina\u0142 VIII edycji Wojew\u00f3dzkiego Konkursu Przedsi\u0119biorczo\u015bci i Wiedzy o Gospodarce\">\n\t\t\t\t\t<div class=\"e-gallery-image elementor-gallery-item__image\" data-thumbnail=\"http:\/\/ekonomik.opole.pl\/eko3\/wp-content\/uploads\/2021\/10\/konkurs-gospodarka-00-300x169.jpg\" data-width=\"300\" data-height=\"169\" alt=\"20.10.2021 r. Fina\u0142 VIII edycji Wojew\u00f3dzkiego Konkursu Przedsi\u0119biorczo\u015bci i Wiedzy o Gospodarce\" ><\/div>\n\t\t\t\t\t\t\t\t\t\t<div class=\"elementor-gallery-item__overlay\"><\/div>\n\t\t\t\t\t\t\t\t\t\t\t\t\t\t<\/a>\n\t\t\t\t\t<\/div>\n\t\t\t<\/div>\n\t\t\t\t<\/div>\n\t\t\t\t<div class=\"elementor-element elementor-element-59421bb elementor-widget elementor-widget-spacer\" data-id=\"59421bb\" data-element_type=\"widget\" data-widget_type=\"spacer.default\">\n\t\t\t\t<div class=\"elementor-widget-container\">\n\t\t\t\t\t<div class=\"elementor-spacer\">\n\t\t\t<div class=\"elementor-spacer-inner\"><\/div>\n\t\t<\/div>\n\t\t\t\t<\/div>\n\t\t\t\t<\/div>\n\t\t\t\t\t\t<\/div>\n\t\t\t\t\t<\/div>\n\t\t<\/div>\n\t\t\t\t\t\t\t\t<\/div>\n\t\t\t\t\t<\/div>\n\t\t<\/section>\n\t\t\t\t<section class=\"elementor-section elementor-top-section elementor-element elementor-element-0aa0ff5 elementor-section-boxed elementor-section-height-default elementor-section-height-default\" data-id=\"0aa0ff5\" data-element_type=\"section\">\n\t\t\t\t\t\t<div class=\"elementor-container elementor-column-gap-default\">\n\t\t\t\t\t\t\t<div class=\"elementor-row\">\n\t\t\t\t\t<div class=\"elementor-column elementor-col-100 elementor-top-column elementor-element elementor-element-f985a22\" data-id=\"f985a22\" data-element_type=\"column\">\n\t\t\t<div class=\"elementor-column-wrap elementor-element-populated\">\n\t\t\t\t\t\t\t<div class=\"elementor-widget-wrap\">\n\t\t\t\t\t\t<div class=\"elementor-element elementor-element-882539e elementor-widget elementor-widget-heading\" data-id=\"882539e\" data-element_type=\"widget\" data-widget_type=\"heading.default\">\n\t\t\t\t<div class=\"elementor-widget-container\">\n\t\t\t<h5 class=\"elementor-heading-title elementor-size-default\">Nagrodzono tak\u017ce te szko\u0142y, w kt\u00f3rych do I etapu konkursu przyst\u0105pi\u0142o najwi\u0119cej uczestnik\u00f3w:<\/h5>\t\t<\/div>\n\t\t\t\t<\/div>\n\t\t\t\t<div class=\"elementor-element elementor-element-3e18483 elementor-widget elementor-widget-text-editor\" data-id=\"3e18483\" data-element_type=\"widget\" data-widget_type=\"text-editor.default\">\n\t\t\t\t<div class=\"elementor-widget-container\">\n\t\t\t\t\t\t\t\t<div class=\"elementor-text-editor elementor-clearfix\">\n\t\t\t\t\t<ul><li>Publiczn\u0105 Szko\u0142\u0119 Podstawow\u0105 im. Ks. Jana Twardowskiego w Komprachcicach;<\/li><li>Publiczn\u0105 Szko\u0142\u0119 Podstawow\u0105 Nr 1 im. Obro\u0144c\u00f3w Westerplatte w Opolu;<\/li><li>Publiczn\u0105 Szko\u0142\u0119 Podstawow\u0105 im. im. Marka Prawego w Jemielnicy.<\/li><\/ul>\t\t\t\t\t<\/div>\n\t\t\t\t\t\t<\/div>\n\t\t\t\t<\/div>\n\t\t\t\t<div class=\"elementor-element elementor-element-45b9969 elementor-widget elementor-widget-spacer\" data-id=\"45b9969\" data-element_type=\"widget\" data-widget_type=\"spacer.default\">\n\t\t\t\t<div class=\"elementor-widget-container\">\n\t\t\t\t\t<div class=\"elementor-spacer\">\n\t\t\t<div class=\"elementor-spacer-inner\"><\/div>\n\t\t<\/div>\n\t\t\t\t<\/div>\n\t\t\t\t<\/div>\n\t\t\t\t\t\t<\/div>\n\t\t\t\t\t<\/div>\n\t\t<\/div>\n\t\t\t\t\t\t\t\t<\/div>\n\t\t\t\t\t<\/div>\n\t\t<\/section>\n\t\t\t\t<section class=\"elementor-section elementor-top-section elementor-element elementor-element-447ec65 elementor-section-boxed elementor-section-height-default elementor-section-height-default\" data-id=\"447ec65\" data-element_type=\"section\">\n\t\t\t\t\t\t<div class=\"elementor-container elementor-column-gap-default\">\n\t\t\t\t\t\t\t<div class=\"elementor-row\">\n\t\t\t\t\t<div class=\"elementor-column elementor-col-100 elementor-top-column elementor-element elementor-element-4566ec4b\" data-id=\"4566ec4b\" data-element_type=\"column\">\n\t\t\t<div class=\"elementor-column-wrap elementor-element-populated\">\n\t\t\t\t\t\t\t<div class=\"elementor-widget-wrap\">\n\t\t\t\t\t\t<div class=\"elementor-element elementor-element-14ffb65c elementor-widget-divider--view-line elementor-widget elementor-widget-divider\" data-id=\"14ffb65c\" data-element_type=\"widget\" data-widget_type=\"divider.default\">\n\t\t\t\t<div class=\"elementor-widget-container\">\n\t\t\t\t\t<div class=\"elementor-divider\">\n\t\t\t<span class=\"elementor-divider-separator\">\n\t\t\t\t\t\t<\/span>\n\t\t<\/div>\n\t\t\t\t<\/div>\n\t\t\t\t<\/div>\n\t\t\t\t\t\t<\/div>\n\t\t\t\t\t<\/div>\n\t\t<\/div>\n\t\t\t\t\t\t\t\t<\/div>\n\t\t\t\t\t<\/div>\n\t\t<\/section>\n\t\t\t\t<section class=\"elementor-section elementor-top-section elementor-element elementor-element-40ed0e5e elementor-section-boxed elementor-section-height-default elementor-section-height-default\" data-id=\"40ed0e5e\" data-element_type=\"section\">\n\t\t\t\t\t\t<div class=\"elementor-container elementor-column-gap-default\">\n\t\t\t\t\t\t\t<div class=\"elementor-row\">\n\t\t\t\t\t<div class=\"elementor-column elementor-col-100 elementor-top-column elementor-element elementor-element-776ba508\" data-id=\"776ba508\" data-element_type=\"column\">\n\t\t\t<div class=\"elementor-column-wrap elementor-element-populated\">\n\t\t\t\t\t\t\t<div class=\"elementor-widget-wrap\">\n\t\t\t\t\t\t<div class=\"elementor-element elementor-element-689a27ea elementor-widget elementor-widget-heading\" data-id=\"689a27ea\" data-element_type=\"widget\" data-widget_type=\"heading.default\">\n\t\t\t\t<div class=\"elementor-widget-container\">\n\t\t\t<h6 class=\"elementor-heading-title elementor-size-default\">sortuj wed\u0142ug wybranych tag\u00f3w i kategorii:<\/h6>\t\t<\/div>\n\t\t\t\t<\/div>\n\t\t\t\t\t\t<\/div>\n\t\t\t\t\t<\/div>\n\t\t<\/div>\n\t\t\t\t\t\t\t\t<\/div>\n\t\t\t\t\t<\/div>\n\t\t<\/section>\n\t\t\t\t\t\t<\/div>\n\t\t\t\t\t\t<\/div>\n\t\t\t\t\t<\/div>\n\t\t","protected":false},"excerpt":{"rendered":"<p>Ekonomia w szkole Dnia 20 pa\u017adziernika 2021 r. w Zespole Szk\u00f3\u0142 Ekonomicznych w Opolu odby\u0142 si\u0119 fina\u0142 VIII edycji Wojew\u00f3dzkiego Konkursu Przedsi\u0119biorczo\u015bci i Wiedzy o Gospodarce, skierowanego do uczni\u00f3w szk\u00f3\u0142 podstawowych.\u00a0 Gal\u0119 fina\u0142ow\u0105 prowadzi\u0142o mini-przedsi\u0119biorstwo klasy 3f Ekonom Company funkcjonuj\u0105ce w szkole pod kierunkiem Pani Tamary S\u0142odkowskiej-Tram\u015b.\u00a0 Zgromadzonej publiczno\u015bci przedstawi\u0142o \u015bwietne przedstawienie pt. \u201eShrek i&#8230;<\/p>\n","protected":false},"author":1,"featured_media":994060,"comment_status":"closed","ping_status":"open","sticky":false,"template":"","format":"standard","meta":{"inline_featured_image":false},"categories":[220],"tags":[101,93,92,175],"_links":{"self":[{"href":"http:\/\/ekonomik.opole.pl\/eko3\/wp-json\/wp\/v2\/posts\/993991"}],"collection":[{"href":"http:\/\/ekonomik.opole.pl\/eko3\/wp-json\/wp\/v2\/posts"}],"about":[{"href":"http:\/\/ekonomik.opole.pl\/eko3\/wp-json\/wp\/v2\/types\/post"}],"author":[{"embeddable":true,"href":"http:\/\/ekonomik.opole.pl\/eko3\/wp-json\/wp\/v2\/users\/1"}],"replies":[{"embeddable":true,"href":"http:\/\/ekonomik.opole.pl\/eko3\/wp-json\/wp\/v2\/comments?post=993991"}],"version-history":[{"count":29,"href":"http:\/\/ekonomik.opole.pl\/eko3\/wp-json\/wp\/v2\/posts\/993991\/revisions"}],"predecessor-version":[{"id":994070,"href":"http:\/\/ekonomik.opole.pl\/eko3\/wp-json\/wp\/v2\/posts\/993991\/revisions\/994070"}],"wp:featuredmedia":[{"embeddable":true,"href":"http:\/\/ekonomik.opole.pl\/eko3\/wp-json\/wp\/v2\/media\/994060"}],"wp:attachment":[{"href":"http:\/\/ekonomik.opole.pl\/eko3\/wp-json\/wp\/v2\/media?parent=993991"}],"wp:term":[{"taxonomy":"category","embeddable":true,"href":"http:\/\/ekonomik.opole.pl\/eko3\/wp-json\/wp\/v2\/categories?post=993991"},{"taxonomy":"post_tag","embeddable":true,"href":"http:\/\/ekonomik.opole.pl\/eko3\/wp-json\/wp\/v2\/tags?post=993991"}],"curies":[{"name":"wp","href":"https:\/\/api.w.org\/{rel}","templated":true}]}}