{"id":994092,"date":"2021-11-06T13:30:51","date_gmt":"2021-11-06T12:30:51","guid":{"rendered":"http:\/\/ekonomik.opole.pl\/eko3\/?p=994092"},"modified":"2021-11-06T13:45:43","modified_gmt":"2021-11-06T12:45:43","slug":"klasa-3g-w-zawodzie-technik-reklamy-pracuje-nad-nowa-kampania-ekonomika-highlights","status":"publish","type":"post","link":"http:\/\/ekonomik.opole.pl\/eko3\/klasa-3g-w-zawodzie-technik-reklamy-pracuje-nad-nowa-kampania-ekonomika-highlights\/","title":{"rendered":"Klasa 3G w zawodzie technik reklamy pracuje nad now\u0105 kampani\u0105 Ekonomika #HIGHLIGHTS"},"content":{"rendered":"\t\t<div data-elementor-type=\"wp-post\" data-elementor-id=\"994092\" class=\"elementor elementor-994092\" data-elementor-settings=\"[]\">\n\t\t\t\t\t\t<div class=\"elementor-inner\">\n\t\t\t\t\t\t\t<div class=\"elementor-section-wrap\">\n\t\t\t\t\t\t\t<section class=\"elementor-section elementor-top-section elementor-element elementor-element-1cbd1093 elementor-section-full_width elementor-section-height-default elementor-section-height-default\" data-id=\"1cbd1093\" data-element_type=\"section\">\n\t\t\t\t\t\t<div class=\"elementor-container elementor-column-gap-default\">\n\t\t\t\t\t\t\t<div class=\"elementor-row\">\n\t\t\t\t\t<div class=\"elementor-column elementor-col-100 elementor-top-column elementor-element elementor-element-7204ce60\" data-id=\"7204ce60\" data-element_type=\"column\">\n\t\t\t<div class=\"elementor-column-wrap elementor-element-populated\">\n\t\t\t\t\t\t\t<div class=\"elementor-widget-wrap\">\n\t\t\t\t\t\t<div class=\"elementor-element elementor-element-7c58dfca elementor-drop-cap-yes elementor-drop-cap-view-default elementor-widget elementor-widget-text-editor\" data-id=\"7c58dfca\" data-element_type=\"widget\" data-settings=\"{&quot;drop_cap&quot;:&quot;yes&quot;}\" data-widget_type=\"text-editor.default\">\n\t\t\t\t<div class=\"elementor-widget-container\">\n\t\t\t\t\t\t\t\t<div class=\"elementor-text-editor elementor-clearfix\">\n\t\t\t\t\t<p>W tym roku swoj\u0105 dzia\u0142alno\u015b\u0107 rozpoczyna szkolna agencja reklamowa HIGHLIGHTS, kt\u00f3r\u0105 tworz\u0105 uczniowie klasy 3G w zawodzie technik reklamy. W ramach zaj\u0119\u0107 zawodowych: planowanie kampanii reklamowej &amp; pracownia kampanii reklamowej uczniowie b\u0119d\u0105 pracowa\u0107 nad now\u0105, autorsk\u0105 kreacj\u0105 wizualn\u0105 Zespo\u0142u Szk\u00f3\u0142 Ekonomicznych w Opolu.<\/p>\t\t\t\t\t<\/div>\n\t\t\t\t\t\t<\/div>\n\t\t\t\t<\/div>\n\t\t\t\t<div class=\"elementor-element elementor-element-4af03e00 elementor-widget-divider--separator-type-pattern elementor-widget-divider--no-spacing elementor-widget-divider--view-line elementor-widget elementor-widget-divider\" data-id=\"4af03e00\" data-element_type=\"widget\" data-widget_type=\"divider.default\">\n\t\t\t\t<div class=\"elementor-widget-container\">\n\t\t\t\t\t<div class=\"elementor-divider\" style=\"--divider-pattern-url: url(&quot;data:image\/svg+xml,%3Csvg xmlns=&#039;http:\/\/www.w3.org\/2000\/svg&#039; preserveAspectRatio=&#039;xMidYMid meet&#039; overflow=&#039;visible&#039; height=&#039;100%&#039; viewBox=&#039;0 0 126 26&#039; fill=&#039;black&#039; stroke=&#039;none&#039;%3E%3Cpath d=&#039;M3,10.2c2.6,0,2.6,2,2.6,3.2S4.4,16.5,3,16.5s-3-1.4-3-3.2S0.4,10.2,3,10.2z M18.8,10.2c1.7,0,3.2,1.4,3.2,3.2s-1.4,3.2-3.2,3.2c-1.7,0-3.2-1.4-3.2-3.2S17,10.2,18.8,10.2z M34.6,10.2c1.5,0,2.6,1.4,2.6,3.2s-0.5,3.2-1.9,3.2c-1.5,0-3.4-1.4-3.4-3.2S33.1,10.2,34.6,10.2z M50.5,10.2c1.7,0,3.2,1.4,3.2,3.2s-1.4,3.2-3.2,3.2c-1.7,0-3.3-0.9-3.3-2.6S48.7,10.2,50.5,10.2z M66.2,10.2c1.5,0,3.4,1.4,3.4,3.2s-1.9,3.2-3.4,3.2c-1.5,0-2.6-0.4-2.6-2.1S64.8,10.2,66.2,10.2z M82.2,10.2c1.7,0.8,2.6,1.4,2.6,3.2s-0.1,3.2-1.6,3.2c-1.5,0-3.7-1.4-3.7-3.2S80.5,9.4,82.2,10.2zM98.6,10.2c1.5,0,2.6,0.4,2.6,2.1s-1.2,4.2-2.6,4.2c-1.5,0-3.7-0.4-3.7-2.1S97.1,10.2,98.6,10.2z M113.4,10.2c1.2,0,2.2,0.9,2.2,3.2s-0.1,3.2-1.3,3.2s-3.1-1.4-3.1-3.2S112.2,10.2,113.4,10.2z&#039;\/%3E%3C\/svg%3E&quot;);\">\n\t\t\t<span class=\"elementor-divider-separator\">\n\t\t\t\t\t\t<\/span>\n\t\t<\/div>\n\t\t\t\t<\/div>\n\t\t\t\t<\/div>\n\t\t\t\t<div class=\"elementor-element elementor-element-4198e9fc elementor-widget-divider--view-line elementor-widget elementor-widget-divider\" data-id=\"4198e9fc\" data-element_type=\"widget\" data-widget_type=\"divider.default\">\n\t\t\t\t<div class=\"elementor-widget-container\">\n\t\t\t\t\t<div class=\"elementor-divider\">\n\t\t\t<span class=\"elementor-divider-separator\">\n\t\t\t\t\t\t<\/span>\n\t\t<\/div>\n\t\t\t\t<\/div>\n\t\t\t\t<\/div>\n\t\t\t\t<div class=\"elementor-element elementor-element-2e940714 elementor-widget elementor-widget-heading\" data-id=\"2e940714\" data-element_type=\"widget\" data-widget_type=\"heading.default\">\n\t\t\t\t<div class=\"elementor-widget-container\">\n\t\t\t<h3 class=\"elementor-heading-title elementor-size-default\">Wzmacniamy wizerunek marki! <\/h3>\t\t<\/div>\n\t\t\t\t<\/div>\n\t\t\t\t<div class=\"elementor-element elementor-element-2778cbd1 elementor-widget elementor-widget-text-editor\" data-id=\"2778cbd1\" data-element_type=\"widget\" data-widget_type=\"text-editor.default\">\n\t\t\t\t<div class=\"elementor-widget-container\">\n\t\t\t\t\t\t\t\t<div class=\"elementor-text-editor elementor-clearfix\">\n\t\t\t\t\t<p>Szkolna agencja reklamowa postawi\u0142a sobie g\u0142\u00f3wny cel: wzmacnianie wizerunku marki oraz aktywizacja dzia\u0142a\u0144 promocyjnych Ekonomika. M\u0142odzie\u017c rozpocz\u0119\u0142a prac\u0119 od powo\u0142ania zarz\u0105du kampanii reklamowej i sesji fotograficznej, w kt\u00f3rej pokazuj\u0105 siebie i swoje funkcje w zespole. Dyrektorem kampanii zosta\u0142a <strong>Julia Cavour<\/strong>. Prac\u0119 nad realizacj\u0105 projektu zawodowego koordynuje Pan Piotr W\u00f3jcik.\u00a0<br \/><br \/><\/p><div class=\"o9v6fnle cxmmr5t8 oygrvhab hcukyx3x c1et5uql ii04i59q\"><div dir=\"auto\"><em>&#8222;Jeste\u015bmy HIGHLIGHTS!<\/em><\/div><\/div><div class=\"o9v6fnle cxmmr5t8 oygrvhab hcukyx3x c1et5uql ii04i59q\"><div dir=\"auto\"><em>Naszym celem jest pokazanie wyj\u0105tkowej i niepowtarzalnej osobowo\u015bci ka\u017cdego z Nas. Jako grupa kreatywnych, zaanga\u017cowanych os\u00f3b chcemy wzmocni\u0107 wizerunek Ekonomika. To My w tym roku zajmujemy si\u0119 kampani\u0105 reklamow\u0105 szko\u0142y. Chcemy pokaza\u0107 jej otwarto\u015b\u0107, nowoczesno\u015b\u0107 a tak\u017ce o\u017cywi\u0107 jej ducha.<\/em><\/div><\/div><div class=\"o9v6fnle cxmmr5t8 oygrvhab hcukyx3x c1et5uql ii04i59q\"><div dir=\"auto\"><em><span style=\"text-decoration: underline;\"><strong>Wszystko mo\u017cemy osi\u0105gn\u0105\u0107 RAZEM.<\/strong><\/span> Jeste\u015bmy otwarci na wszelkie propozycje oraz koncepcje kampanii. Wsp\u00f3lnie nadajmy szkole barw!&#8221;.<\/em><\/div><\/div>\t\t\t\t\t<\/div>\n\t\t\t\t\t\t<\/div>\n\t\t\t\t<\/div>\n\t\t\t\t\t\t<\/div>\n\t\t\t\t\t<\/div>\n\t\t<\/div>\n\t\t\t\t\t\t\t\t<\/div>\n\t\t\t\t\t<\/div>\n\t\t<\/section>\n\t\t\t\t<section class=\"elementor-section elementor-top-section elementor-element elementor-element-37e8e67 elementor-section-boxed elementor-section-height-default elementor-section-height-default\" data-id=\"37e8e67\" data-element_type=\"section\">\n\t\t\t\t\t\t<div class=\"elementor-container elementor-column-gap-default\">\n\t\t\t\t\t\t\t<div class=\"elementor-row\">\n\t\t\t\t\t<div class=\"elementor-column elementor-col-100 elementor-top-column elementor-element elementor-element-b554406\" data-id=\"b554406\" data-element_type=\"column\">\n\t\t\t<div class=\"elementor-column-wrap\">\n\t\t\t\t\t\t\t<div class=\"elementor-widget-wrap\">\n\t\t\t\t\t\t\t\t<\/div>\n\t\t\t\t\t<\/div>\n\t\t<\/div>\n\t\t\t\t\t\t\t\t<\/div>\n\t\t\t\t\t<\/div>\n\t\t<\/section>\n\t\t\t\t<section class=\"elementor-section elementor-top-section elementor-element elementor-element-a2ad32c elementor-section-boxed elementor-section-height-default elementor-section-height-default\" data-id=\"a2ad32c\" data-element_type=\"section\">\n\t\t\t\t\t\t<div class=\"elementor-container elementor-column-gap-default\">\n\t\t\t\t\t\t\t<div class=\"elementor-row\">\n\t\t\t\t\t<div class=\"elementor-column elementor-col-25 elementor-top-column elementor-element elementor-element-dfea48a\" data-id=\"dfea48a\" data-element_type=\"column\">\n\t\t\t<div class=\"elementor-column-wrap elementor-element-populated\">\n\t\t\t\t\t\t\t<div class=\"elementor-widget-wrap\">\n\t\t\t\t\t\t<div class=\"elementor-element elementor-element-07617f0 elementor-widget elementor-widget-image\" data-id=\"07617f0\" data-element_type=\"widget\" data-widget_type=\"image.default\">\n\t\t\t\t<div class=\"elementor-widget-container\">\n\t\t\t\t\t\t\t\t<div class=\"elementor-image\">\n\t\t\t\t\t\t\t\t\t<figure class=\"wp-caption\">\n\t\t\t\t\t\t\t\t\t\t\t<a href=\"http:\/\/ekonomik.opole.pl\/eko3\/wp-content\/uploads\/2021\/11\/Julia_Cavour_04-scaled.jpg\" data-elementor-open-lightbox=\"yes\" data-elementor-lightbox-title=\"Julia_Cavour_04\">\n\t\t\t\t\t\t\t<img width=\"817\" height=\"1024\" src=\"http:\/\/ekonomik.opole.pl\/eko3\/wp-content\/uploads\/2021\/11\/Julia_Cavour_04-817x1024.jpg\" class=\"attachment-large size-large\" alt=\"\" loading=\"lazy\" srcset=\"http:\/\/ekonomik.opole.pl\/eko3\/wp-content\/uploads\/2021\/11\/Julia_Cavour_04-817x1024.jpg 817w, http:\/\/ekonomik.opole.pl\/eko3\/wp-content\/uploads\/2021\/11\/Julia_Cavour_04-239x300.jpg 239w, http:\/\/ekonomik.opole.pl\/eko3\/wp-content\/uploads\/2021\/11\/Julia_Cavour_04-768x962.jpg 768w, http:\/\/ekonomik.opole.pl\/eko3\/wp-content\/uploads\/2021\/11\/Julia_Cavour_04-1226x1536.jpg 1226w, http:\/\/ekonomik.opole.pl\/eko3\/wp-content\/uploads\/2021\/11\/Julia_Cavour_04-1634x2048.jpg 1634w, http:\/\/ekonomik.opole.pl\/eko3\/wp-content\/uploads\/2021\/11\/Julia_Cavour_04-1360x1704.jpg 1360w, http:\/\/ekonomik.opole.pl\/eko3\/wp-content\/uploads\/2021\/11\/Julia_Cavour_04-680x852.jpg 680w, http:\/\/ekonomik.opole.pl\/eko3\/wp-content\/uploads\/2021\/11\/Julia_Cavour_04-scaled.jpg 2043w\" sizes=\"(max-width: 817px) 100vw, 817px\" \/>\t\t\t\t\t\t\t\t<\/a>\n\t\t\t\t\t\t\t\t\t\t\t<figcaption class=\"widget-image-caption wp-caption-text\">Foto. \/ Projekt graficzny: Julia Cavour<\/figcaption>\n\t\t\t\t\t\t\t\t\t\t<\/figure>\n\t\t\t\t\t\t\t\t<\/div>\n\t\t\t\t\t\t<\/div>\n\t\t\t\t<\/div>\n\t\t\t\t\t\t<\/div>\n\t\t\t\t\t<\/div>\n\t\t<\/div>\n\t\t\t\t<div class=\"elementor-column elementor-col-25 elementor-top-column elementor-element elementor-element-bc4a518\" data-id=\"bc4a518\" data-element_type=\"column\">\n\t\t\t<div class=\"elementor-column-wrap elementor-element-populated\">\n\t\t\t\t\t\t\t<div class=\"elementor-widget-wrap\">\n\t\t\t\t\t\t<div class=\"elementor-element elementor-element-bef1301 elementor-widget elementor-widget-image\" data-id=\"bef1301\" data-element_type=\"widget\" data-widget_type=\"image.default\">\n\t\t\t\t<div class=\"elementor-widget-container\">\n\t\t\t\t\t\t\t\t<div class=\"elementor-image\">\n\t\t\t\t\t\t\t\t\t<figure class=\"wp-caption\">\n\t\t\t\t\t\t\t\t\t\t\t<a href=\"http:\/\/ekonomik.opole.pl\/eko3\/wp-content\/uploads\/2021\/11\/Natalia_Mnich_23-scaled.jpg\" data-elementor-open-lightbox=\"yes\" data-elementor-lightbox-title=\"Natalia_Mnich_23\">\n\t\t\t\t\t\t\t<img width=\"819\" height=\"1024\" src=\"http:\/\/ekonomik.opole.pl\/eko3\/wp-content\/uploads\/2021\/11\/Natalia_Mnich_23-819x1024.jpg\" class=\"attachment-large size-large\" alt=\"\" loading=\"lazy\" srcset=\"http:\/\/ekonomik.opole.pl\/eko3\/wp-content\/uploads\/2021\/11\/Natalia_Mnich_23-819x1024.jpg 819w, http:\/\/ekonomik.opole.pl\/eko3\/wp-content\/uploads\/2021\/11\/Natalia_Mnich_23-240x300.jpg 240w, http:\/\/ekonomik.opole.pl\/eko3\/wp-content\/uploads\/2021\/11\/Natalia_Mnich_23-768x960.jpg 768w, http:\/\/ekonomik.opole.pl\/eko3\/wp-content\/uploads\/2021\/11\/Natalia_Mnich_23-1229x1536.jpg 1229w, http:\/\/ekonomik.opole.pl\/eko3\/wp-content\/uploads\/2021\/11\/Natalia_Mnich_23-1638x2048.jpg 1638w, http:\/\/ekonomik.opole.pl\/eko3\/wp-content\/uploads\/2021\/11\/Natalia_Mnich_23-1360x1700.jpg 1360w, http:\/\/ekonomik.opole.pl\/eko3\/wp-content\/uploads\/2021\/11\/Natalia_Mnich_23-680x850.jpg 680w, http:\/\/ekonomik.opole.pl\/eko3\/wp-content\/uploads\/2021\/11\/Natalia_Mnich_23-scaled.jpg 2048w\" sizes=\"(max-width: 819px) 100vw, 819px\" \/>\t\t\t\t\t\t\t\t<\/a>\n\t\t\t\t\t\t\t\t\t\t\t<figcaption class=\"widget-image-caption wp-caption-text\">Foto. Piotr W\u00f3jcik \/ Projekt: Natalia Mnich <\/figcaption>\n\t\t\t\t\t\t\t\t\t\t<\/figure>\n\t\t\t\t\t\t\t\t<\/div>\n\t\t\t\t\t\t<\/div>\n\t\t\t\t<\/div>\n\t\t\t\t\t\t<\/div>\n\t\t\t\t\t<\/div>\n\t\t<\/div>\n\t\t\t\t<div class=\"elementor-column elementor-col-25 elementor-top-column elementor-element elementor-element-bf488db\" data-id=\"bf488db\" data-element_type=\"column\">\n\t\t\t<div class=\"elementor-column-wrap elementor-element-populated\">\n\t\t\t\t\t\t\t<div class=\"elementor-widget-wrap\">\n\t\t\t\t\t\t<div class=\"elementor-element elementor-element-ed8c753 elementor-widget elementor-widget-image\" data-id=\"ed8c753\" data-element_type=\"widget\" data-widget_type=\"image.default\">\n\t\t\t\t<div class=\"elementor-widget-container\">\n\t\t\t\t\t\t\t\t<div class=\"elementor-image\">\n\t\t\t\t\t\t\t\t\t<figure class=\"wp-caption\">\n\t\t\t\t\t\t\t\t\t\t\t<a href=\"http:\/\/ekonomik.opole.pl\/eko3\/wp-content\/uploads\/2021\/11\/Mateusz_Smarzlik_28-scaled.jpg\" data-elementor-open-lightbox=\"yes\" data-elementor-lightbox-title=\"Mateusz_Smarzlik_28\">\n\t\t\t\t\t\t\t<img width=\"819\" height=\"1024\" src=\"http:\/\/ekonomik.opole.pl\/eko3\/wp-content\/uploads\/2021\/11\/Mateusz_Smarzlik_28-819x1024.jpg\" class=\"attachment-large size-large\" alt=\"\" loading=\"lazy\" srcset=\"http:\/\/ekonomik.opole.pl\/eko3\/wp-content\/uploads\/2021\/11\/Mateusz_Smarzlik_28-819x1024.jpg 819w, http:\/\/ekonomik.opole.pl\/eko3\/wp-content\/uploads\/2021\/11\/Mateusz_Smarzlik_28-240x300.jpg 240w, http:\/\/ekonomik.opole.pl\/eko3\/wp-content\/uploads\/2021\/11\/Mateusz_Smarzlik_28-768x960.jpg 768w, http:\/\/ekonomik.opole.pl\/eko3\/wp-content\/uploads\/2021\/11\/Mateusz_Smarzlik_28-1229x1536.jpg 1229w, http:\/\/ekonomik.opole.pl\/eko3\/wp-content\/uploads\/2021\/11\/Mateusz_Smarzlik_28-1638x2048.jpg 1638w, http:\/\/ekonomik.opole.pl\/eko3\/wp-content\/uploads\/2021\/11\/Mateusz_Smarzlik_28-1360x1700.jpg 1360w, http:\/\/ekonomik.opole.pl\/eko3\/wp-content\/uploads\/2021\/11\/Mateusz_Smarzlik_28-680x850.jpg 680w, http:\/\/ekonomik.opole.pl\/eko3\/wp-content\/uploads\/2021\/11\/Mateusz_Smarzlik_28-scaled.jpg 2048w\" sizes=\"(max-width: 819px) 100vw, 819px\" \/>\t\t\t\t\t\t\t\t<\/a>\n\t\t\t\t\t\t\t\t\t\t\t<figcaption class=\"widget-image-caption wp-caption-text\">Foto. Piotr W\u00f3jcik \/ Projekt: Mateusz Smarzlik<\/figcaption>\n\t\t\t\t\t\t\t\t\t\t<\/figure>\n\t\t\t\t\t\t\t\t<\/div>\n\t\t\t\t\t\t<\/div>\n\t\t\t\t<\/div>\n\t\t\t\t\t\t<\/div>\n\t\t\t\t\t<\/div>\n\t\t<\/div>\n\t\t\t\t<div class=\"elementor-column elementor-col-25 elementor-top-column elementor-element elementor-element-b551596\" data-id=\"b551596\" data-element_type=\"column\">\n\t\t\t<div class=\"elementor-column-wrap elementor-element-populated\">\n\t\t\t\t\t\t\t<div class=\"elementor-widget-wrap\">\n\t\t\t\t\t\t<div class=\"elementor-element elementor-element-eb56ebd elementor-widget elementor-widget-image\" data-id=\"eb56ebd\" data-element_type=\"widget\" data-widget_type=\"image.default\">\n\t\t\t\t<div class=\"elementor-widget-container\">\n\t\t\t\t\t\t\t\t<div class=\"elementor-image\">\n\t\t\t\t\t\t\t\t\t<figure class=\"wp-caption\">\n\t\t\t\t\t\t\t\t\t\t\t<a href=\"http:\/\/ekonomik.opole.pl\/eko3\/wp-content\/uploads\/2021\/11\/Karolina_Marschollek_22-scaled.jpg\" data-elementor-open-lightbox=\"yes\" data-elementor-lightbox-title=\"Karolina_Marschollek_22\">\n\t\t\t\t\t\t\t<img width=\"819\" height=\"1024\" src=\"http:\/\/ekonomik.opole.pl\/eko3\/wp-content\/uploads\/2021\/11\/Karolina_Marschollek_22-819x1024.jpg\" class=\"attachment-large size-large\" alt=\"\" loading=\"lazy\" srcset=\"http:\/\/ekonomik.opole.pl\/eko3\/wp-content\/uploads\/2021\/11\/Karolina_Marschollek_22-819x1024.jpg 819w, http:\/\/ekonomik.opole.pl\/eko3\/wp-content\/uploads\/2021\/11\/Karolina_Marschollek_22-240x300.jpg 240w, http:\/\/ekonomik.opole.pl\/eko3\/wp-content\/uploads\/2021\/11\/Karolina_Marschollek_22-768x960.jpg 768w, http:\/\/ekonomik.opole.pl\/eko3\/wp-content\/uploads\/2021\/11\/Karolina_Marschollek_22-1229x1536.jpg 1229w, http:\/\/ekonomik.opole.pl\/eko3\/wp-content\/uploads\/2021\/11\/Karolina_Marschollek_22-1638x2048.jpg 1638w, http:\/\/ekonomik.opole.pl\/eko3\/wp-content\/uploads\/2021\/11\/Karolina_Marschollek_22-1360x1700.jpg 1360w, http:\/\/ekonomik.opole.pl\/eko3\/wp-content\/uploads\/2021\/11\/Karolina_Marschollek_22-680x850.jpg 680w, http:\/\/ekonomik.opole.pl\/eko3\/wp-content\/uploads\/2021\/11\/Karolina_Marschollek_22-scaled.jpg 2048w\" sizes=\"(max-width: 819px) 100vw, 819px\" \/>\t\t\t\t\t\t\t\t<\/a>\n\t\t\t\t\t\t\t\t\t\t\t<figcaption class=\"widget-image-caption wp-caption-text\">Foto. Piotr W\u00f3jcik \/ Projekt: Karolina Marschollek<\/figcaption>\n\t\t\t\t\t\t\t\t\t\t<\/figure>\n\t\t\t\t\t\t\t\t<\/div>\n\t\t\t\t\t\t<\/div>\n\t\t\t\t<\/div>\n\t\t\t\t\t\t<\/div>\n\t\t\t\t\t<\/div>\n\t\t<\/div>\n\t\t\t\t\t\t\t\t<\/div>\n\t\t\t\t\t<\/div>\n\t\t<\/section>\n\t\t\t\t<section class=\"elementor-section elementor-top-section elementor-element elementor-element-9455ae8 elementor-section-boxed elementor-section-height-default elementor-section-height-default\" data-id=\"9455ae8\" data-element_type=\"section\">\n\t\t\t\t\t\t<div class=\"elementor-container elementor-column-gap-default\">\n\t\t\t\t\t\t\t<div class=\"elementor-row\">\n\t\t\t\t\t<div class=\"elementor-column elementor-col-25 elementor-top-column elementor-element elementor-element-45ed64b\" data-id=\"45ed64b\" data-element_type=\"column\">\n\t\t\t<div class=\"elementor-column-wrap elementor-element-populated\">\n\t\t\t\t\t\t\t<div class=\"elementor-widget-wrap\">\n\t\t\t\t\t\t<div class=\"elementor-element elementor-element-619e6aa elementor-widget elementor-widget-image\" data-id=\"619e6aa\" data-element_type=\"widget\" data-widget_type=\"image.default\">\n\t\t\t\t<div class=\"elementor-widget-container\">\n\t\t\t\t\t\t\t\t<div class=\"elementor-image\">\n\t\t\t\t\t\t\t\t\t<figure class=\"wp-caption\">\n\t\t\t\t\t\t\t\t\t\t\t<a href=\"http:\/\/ekonomik.opole.pl\/eko3\/wp-content\/uploads\/2021\/11\/Justyna_Goczol_09-kopia-scaled.jpg\" data-elementor-open-lightbox=\"yes\" data-elementor-lightbox-title=\"Justyna_Goczo\u0142_09 kopia\">\n\t\t\t\t\t\t\t<img width=\"819\" height=\"1024\" src=\"http:\/\/ekonomik.opole.pl\/eko3\/wp-content\/uploads\/2021\/11\/Justyna_Goczol_09-kopia-819x1024.jpg\" class=\"attachment-large size-large\" alt=\"\" loading=\"lazy\" srcset=\"http:\/\/ekonomik.opole.pl\/eko3\/wp-content\/uploads\/2021\/11\/Justyna_Goczol_09-kopia-819x1024.jpg 819w, http:\/\/ekonomik.opole.pl\/eko3\/wp-content\/uploads\/2021\/11\/Justyna_Goczol_09-kopia-240x300.jpg 240w, http:\/\/ekonomik.opole.pl\/eko3\/wp-content\/uploads\/2021\/11\/Justyna_Goczol_09-kopia-768x960.jpg 768w, http:\/\/ekonomik.opole.pl\/eko3\/wp-content\/uploads\/2021\/11\/Justyna_Goczol_09-kopia-1229x1536.jpg 1229w, http:\/\/ekonomik.opole.pl\/eko3\/wp-content\/uploads\/2021\/11\/Justyna_Goczol_09-kopia-1638x2048.jpg 1638w, http:\/\/ekonomik.opole.pl\/eko3\/wp-content\/uploads\/2021\/11\/Justyna_Goczol_09-kopia-1360x1700.jpg 1360w, http:\/\/ekonomik.opole.pl\/eko3\/wp-content\/uploads\/2021\/11\/Justyna_Goczol_09-kopia-680x850.jpg 680w, http:\/\/ekonomik.opole.pl\/eko3\/wp-content\/uploads\/2021\/11\/Justyna_Goczol_09-kopia-scaled.jpg 2048w\" sizes=\"(max-width: 819px) 100vw, 819px\" \/>\t\t\t\t\t\t\t\t<\/a>\n\t\t\t\t\t\t\t\t\t\t\t<figcaption class=\"widget-image-caption wp-caption-text\">Foto. Piotr W\u00f3jcik \/ Projekt: Justyna Goczo\u0142<\/figcaption>\n\t\t\t\t\t\t\t\t\t\t<\/figure>\n\t\t\t\t\t\t\t\t<\/div>\n\t\t\t\t\t\t<\/div>\n\t\t\t\t<\/div>\n\t\t\t\t\t\t<\/div>\n\t\t\t\t\t<\/div>\n\t\t<\/div>\n\t\t\t\t<div class=\"elementor-column elementor-col-25 elementor-top-column elementor-element elementor-element-13a3578\" data-id=\"13a3578\" data-element_type=\"column\">\n\t\t\t<div class=\"elementor-column-wrap elementor-element-populated\">\n\t\t\t\t\t\t\t<div class=\"elementor-widget-wrap\">\n\t\t\t\t\t\t<div class=\"elementor-element elementor-element-f71d469 elementor-widget elementor-widget-image\" data-id=\"f71d469\" data-element_type=\"widget\" data-widget_type=\"image.default\">\n\t\t\t\t<div class=\"elementor-widget-container\">\n\t\t\t\t\t\t\t\t<div class=\"elementor-image\">\n\t\t\t\t\t\t\t\t\t<figure class=\"wp-caption\">\n\t\t\t\t\t\t\t\t\t\t\t<a href=\"http:\/\/ekonomik.opole.pl\/eko3\/wp-content\/uploads\/2021\/11\/Emilia_Batog_02-scaled.jpg\" data-elementor-open-lightbox=\"yes\" data-elementor-lightbox-title=\"Emilia_Bat\u00f3g_02\">\n\t\t\t\t\t\t\t<img width=\"819\" height=\"1024\" src=\"http:\/\/ekonomik.opole.pl\/eko3\/wp-content\/uploads\/2021\/11\/Emilia_Batog_02-819x1024.jpg\" class=\"attachment-large size-large\" alt=\"\" loading=\"lazy\" srcset=\"http:\/\/ekonomik.opole.pl\/eko3\/wp-content\/uploads\/2021\/11\/Emilia_Batog_02-819x1024.jpg 819w, http:\/\/ekonomik.opole.pl\/eko3\/wp-content\/uploads\/2021\/11\/Emilia_Batog_02-240x300.jpg 240w, http:\/\/ekonomik.opole.pl\/eko3\/wp-content\/uploads\/2021\/11\/Emilia_Batog_02-768x960.jpg 768w, http:\/\/ekonomik.opole.pl\/eko3\/wp-content\/uploads\/2021\/11\/Emilia_Batog_02-1229x1536.jpg 1229w, http:\/\/ekonomik.opole.pl\/eko3\/wp-content\/uploads\/2021\/11\/Emilia_Batog_02-1638x2048.jpg 1638w, http:\/\/ekonomik.opole.pl\/eko3\/wp-content\/uploads\/2021\/11\/Emilia_Batog_02-1360x1700.jpg 1360w, http:\/\/ekonomik.opole.pl\/eko3\/wp-content\/uploads\/2021\/11\/Emilia_Batog_02-680x850.jpg 680w, http:\/\/ekonomik.opole.pl\/eko3\/wp-content\/uploads\/2021\/11\/Emilia_Batog_02-scaled.jpg 2048w\" sizes=\"(max-width: 819px) 100vw, 819px\" \/>\t\t\t\t\t\t\t\t<\/a>\n\t\t\t\t\t\t\t\t\t\t\t<figcaption class=\"widget-image-caption wp-caption-text\">Foto. Piotr W\u00f3jcik \/ Projekt: Emilia Bat\u00f3g<\/figcaption>\n\t\t\t\t\t\t\t\t\t\t<\/figure>\n\t\t\t\t\t\t\t\t<\/div>\n\t\t\t\t\t\t<\/div>\n\t\t\t\t<\/div>\n\t\t\t\t\t\t<\/div>\n\t\t\t\t\t<\/div>\n\t\t<\/div>\n\t\t\t\t<div class=\"elementor-column elementor-col-25 elementor-top-column elementor-element elementor-element-27b2d8e\" data-id=\"27b2d8e\" data-element_type=\"column\">\n\t\t\t<div class=\"elementor-column-wrap elementor-element-populated\">\n\t\t\t\t\t\t\t<div class=\"elementor-widget-wrap\">\n\t\t\t\t\t\t<div class=\"elementor-element elementor-element-2b6d61a elementor-widget elementor-widget-image\" data-id=\"2b6d61a\" data-element_type=\"widget\" data-widget_type=\"image.default\">\n\t\t\t\t<div class=\"elementor-widget-container\">\n\t\t\t\t\t\t\t\t<div class=\"elementor-image\">\n\t\t\t\t\t\t\t\t\t<figure class=\"wp-caption\">\n\t\t\t\t\t\t\t\t\t\t\t<a href=\"http:\/\/ekonomik.opole.pl\/eko3\/wp-content\/uploads\/2021\/11\/Tytus_Lysiak_20-scaled.jpg\" data-elementor-open-lightbox=\"yes\" data-elementor-lightbox-title=\"Tytus_\u0141ysiak_20\">\n\t\t\t\t\t\t\t<img width=\"819\" height=\"1024\" src=\"http:\/\/ekonomik.opole.pl\/eko3\/wp-content\/uploads\/2021\/11\/Tytus_Lysiak_20-819x1024.jpg\" class=\"attachment-large size-large\" alt=\"\" loading=\"lazy\" srcset=\"http:\/\/ekonomik.opole.pl\/eko3\/wp-content\/uploads\/2021\/11\/Tytus_Lysiak_20-819x1024.jpg 819w, http:\/\/ekonomik.opole.pl\/eko3\/wp-content\/uploads\/2021\/11\/Tytus_Lysiak_20-240x300.jpg 240w, http:\/\/ekonomik.opole.pl\/eko3\/wp-content\/uploads\/2021\/11\/Tytus_Lysiak_20-768x960.jpg 768w, http:\/\/ekonomik.opole.pl\/eko3\/wp-content\/uploads\/2021\/11\/Tytus_Lysiak_20-1229x1536.jpg 1229w, http:\/\/ekonomik.opole.pl\/eko3\/wp-content\/uploads\/2021\/11\/Tytus_Lysiak_20-1638x2048.jpg 1638w, http:\/\/ekonomik.opole.pl\/eko3\/wp-content\/uploads\/2021\/11\/Tytus_Lysiak_20-1360x1700.jpg 1360w, http:\/\/ekonomik.opole.pl\/eko3\/wp-content\/uploads\/2021\/11\/Tytus_Lysiak_20-680x850.jpg 680w, http:\/\/ekonomik.opole.pl\/eko3\/wp-content\/uploads\/2021\/11\/Tytus_Lysiak_20-scaled.jpg 2048w\" sizes=\"(max-width: 819px) 100vw, 819px\" \/>\t\t\t\t\t\t\t\t<\/a>\n\t\t\t\t\t\t\t\t\t\t\t<figcaption class=\"widget-image-caption wp-caption-text\">Foto. Piotr W\u00f3jcik \/ Projekt: Tytus \u0141ysiak<\/figcaption>\n\t\t\t\t\t\t\t\t\t\t<\/figure>\n\t\t\t\t\t\t\t\t<\/div>\n\t\t\t\t\t\t<\/div>\n\t\t\t\t<\/div>\n\t\t\t\t\t\t<\/div>\n\t\t\t\t\t<\/div>\n\t\t<\/div>\n\t\t\t\t<div class=\"elementor-column elementor-col-25 elementor-top-column elementor-element elementor-element-17aca24\" data-id=\"17aca24\" data-element_type=\"column\">\n\t\t\t<div class=\"elementor-column-wrap elementor-element-populated\">\n\t\t\t\t\t\t\t<div class=\"elementor-widget-wrap\">\n\t\t\t\t\t\t<div class=\"elementor-element elementor-element-1457f8c elementor-widget elementor-widget-image\" data-id=\"1457f8c\" data-element_type=\"widget\" data-widget_type=\"image.default\">\n\t\t\t\t<div class=\"elementor-widget-container\">\n\t\t\t\t\t\t\t\t<div class=\"elementor-image\">\n\t\t\t\t\t\t\t\t\t<figure class=\"wp-caption\">\n\t\t\t\t\t\t\t\t\t\t\t<a href=\"http:\/\/ekonomik.opole.pl\/eko3\/wp-content\/uploads\/2021\/11\/Olga_Nawarowska_24-scaled.jpg\" data-elementor-open-lightbox=\"yes\" data-elementor-lightbox-title=\"Olga_Nawarowska_24\">\n\t\t\t\t\t\t\t<img width=\"819\" height=\"1024\" src=\"http:\/\/ekonomik.opole.pl\/eko3\/wp-content\/uploads\/2021\/11\/Olga_Nawarowska_24-819x1024.jpg\" class=\"attachment-large size-large\" alt=\"\" loading=\"lazy\" srcset=\"http:\/\/ekonomik.opole.pl\/eko3\/wp-content\/uploads\/2021\/11\/Olga_Nawarowska_24-819x1024.jpg 819w, http:\/\/ekonomik.opole.pl\/eko3\/wp-content\/uploads\/2021\/11\/Olga_Nawarowska_24-240x300.jpg 240w, http:\/\/ekonomik.opole.pl\/eko3\/wp-content\/uploads\/2021\/11\/Olga_Nawarowska_24-768x960.jpg 768w, http:\/\/ekonomik.opole.pl\/eko3\/wp-content\/uploads\/2021\/11\/Olga_Nawarowska_24-1229x1536.jpg 1229w, http:\/\/ekonomik.opole.pl\/eko3\/wp-content\/uploads\/2021\/11\/Olga_Nawarowska_24-1638x2048.jpg 1638w, http:\/\/ekonomik.opole.pl\/eko3\/wp-content\/uploads\/2021\/11\/Olga_Nawarowska_24-1360x1700.jpg 1360w, http:\/\/ekonomik.opole.pl\/eko3\/wp-content\/uploads\/2021\/11\/Olga_Nawarowska_24-680x850.jpg 680w, http:\/\/ekonomik.opole.pl\/eko3\/wp-content\/uploads\/2021\/11\/Olga_Nawarowska_24-scaled.jpg 2048w\" sizes=\"(max-width: 819px) 100vw, 819px\" \/>\t\t\t\t\t\t\t\t<\/a>\n\t\t\t\t\t\t\t\t\t\t\t<figcaption class=\"widget-image-caption wp-caption-text\">Projekt: Olga Nawarowska<\/figcaption>\n\t\t\t\t\t\t\t\t\t\t<\/figure>\n\t\t\t\t\t\t\t\t<\/div>\n\t\t\t\t\t\t<\/div>\n\t\t\t\t<\/div>\n\t\t\t\t\t\t<\/div>\n\t\t\t\t\t<\/div>\n\t\t<\/div>\n\t\t\t\t\t\t\t\t<\/div>\n\t\t\t\t\t<\/div>\n\t\t<\/section>\n\t\t\t\t\t\t<\/div>\n\t\t\t\t\t\t<\/div>\n\t\t\t\t\t<\/div>\n\t\t","protected":false},"excerpt":{"rendered":"<p>W tym roku swoj\u0105 dzia\u0142alno\u015b\u0107 rozpoczyna szkolna agencja reklamowa HIGHLIGHTS, kt\u00f3r\u0105 tworz\u0105 uczniowie klasy 3G w zawodzie technik reklamy. W ramach zaj\u0119\u0107 zawodowych: planowanie kampanii reklamowej &amp; pracownia kampanii reklamowej uczniowie b\u0119d\u0105 pracowa\u0107 nad now\u0105, autorsk\u0105 kreacj\u0105 wizualn\u0105 Zespo\u0142u Szk\u00f3\u0142 Ekonomicznych w Opolu. Wzmacniamy wizerunek marki! Szkolna agencja reklamowa postawi\u0142a sobie g\u0142\u00f3wny cel: wzmacnianie wizerunku&#8230;<\/p>\n","protected":false},"author":2,"featured_media":994096,"comment_status":"closed","ping_status":"open","sticky":false,"template":"","format":"standard","meta":{"inline_featured_image":false},"categories":[164,208,89,91],"tags":[224],"_links":{"self":[{"href":"http:\/\/ekonomik.opole.pl\/eko3\/wp-json\/wp\/v2\/posts\/994092"}],"collection":[{"href":"http:\/\/ekonomik.opole.pl\/eko3\/wp-json\/wp\/v2\/posts"}],"about":[{"href":"http:\/\/ekonomik.opole.pl\/eko3\/wp-json\/wp\/v2\/types\/post"}],"author":[{"embeddable":true,"href":"http:\/\/ekonomik.opole.pl\/eko3\/wp-json\/wp\/v2\/users\/2"}],"replies":[{"embeddable":true,"href":"http:\/\/ekonomik.opole.pl\/eko3\/wp-json\/wp\/v2\/comments?post=994092"}],"version-history":[{"count":7,"href":"http:\/\/ekonomik.opole.pl\/eko3\/wp-json\/wp\/v2\/posts\/994092\/revisions"}],"predecessor-version":[{"id":994108,"href":"http:\/\/ekonomik.opole.pl\/eko3\/wp-json\/wp\/v2\/posts\/994092\/revisions\/994108"}],"wp:featuredmedia":[{"embeddable":true,"href":"http:\/\/ekonomik.opole.pl\/eko3\/wp-json\/wp\/v2\/media\/994096"}],"wp:attachment":[{"href":"http:\/\/ekonomik.opole.pl\/eko3\/wp-json\/wp\/v2\/media?parent=994092"}],"wp:term":[{"taxonomy":"category","embeddable":true,"href":"http:\/\/ekonomik.opole.pl\/eko3\/wp-json\/wp\/v2\/categories?post=994092"},{"taxonomy":"post_tag","embeddable":true,"href":"http:\/\/ekonomik.opole.pl\/eko3\/wp-json\/wp\/v2\/tags?post=994092"}],"curies":[{"name":"wp","href":"https:\/\/api.w.org\/{rel}","templated":true}]}}