{"id":994351,"date":"2021-12-22T14:19:50","date_gmt":"2021-12-22T13:19:50","guid":{"rendered":"http:\/\/ekonomik.opole.pl\/eko3\/?p=994351"},"modified":"2021-12-22T19:58:19","modified_gmt":"2021-12-22T18:58:19","slug":"20-00000-zl-ze-szkolnego-budzetu-uczniowskiego-trafi-do-samorzadu-uczniowskiego-i-agencji-highlights","status":"publish","type":"post","link":"http:\/\/ekonomik.opole.pl\/eko3\/20-00000-zl-ze-szkolnego-budzetu-uczniowskiego-trafi-do-samorzadu-uczniowskiego-i-agencji-highlights\/","title":{"rendered":"20 000,00 z\u0142 ze Szkolnego Bud\u017cetu Uczniowskiego trafi do Samorz\u0105du Uczniowskiego i agencji Highlights!"},"content":{"rendered":"\t\t<div data-elementor-type=\"wp-post\" data-elementor-id=\"994351\" class=\"elementor elementor-994351\" data-elementor-settings=\"[]\">\n\t\t\t\t\t\t<div class=\"elementor-inner\">\n\t\t\t\t\t\t\t<div class=\"elementor-section-wrap\">\n\t\t\t\t\t\t\t<section class=\"elementor-section elementor-top-section elementor-element elementor-element-38db6a68 elementor-section-full_width elementor-section-height-default elementor-section-height-default\" data-id=\"38db6a68\" data-element_type=\"section\">\n\t\t\t\t\t\t<div class=\"elementor-container elementor-column-gap-default\">\n\t\t\t\t\t\t\t<div class=\"elementor-row\">\n\t\t\t\t\t<div class=\"elementor-column elementor-col-100 elementor-top-column elementor-element elementor-element-567267fe\" data-id=\"567267fe\" data-element_type=\"column\">\n\t\t\t<div class=\"elementor-column-wrap elementor-element-populated\">\n\t\t\t\t\t\t\t<div class=\"elementor-widget-wrap\">\n\t\t\t\t\t\t<div class=\"elementor-element elementor-element-7652f424 elementor-drop-cap-yes elementor-drop-cap-view-default elementor-widget elementor-widget-text-editor\" data-id=\"7652f424\" data-element_type=\"widget\" data-settings=\"{&quot;drop_cap&quot;:&quot;yes&quot;}\" data-widget_type=\"text-editor.default\">\n\t\t\t\t<div class=\"elementor-widget-container\">\n\t\t\t\t\t\t\t\t<div class=\"elementor-text-editor elementor-clearfix\">\n\t\t\t\t\t<p><strong>\u201eSzkolny Bud\u017cet Uczniowski\u201d<\/strong> to program przygotowuj\u0105cy m\u0142odzie\u017c do aktywnego uczestnictwa w \u017cyciu spo\u0142ecznym.&nbsp;<strong>Program ma charakter pilota\u017cowy<\/strong>&nbsp;<strong>i obejmuje 4 wybrane szko\u0142y ponadpodstawowe<\/strong>, dla kt\u00f3rych organem prowadz\u0105cym jest Miasto Opole.&nbsp;<\/p>\t\t\t\t\t<\/div>\n\t\t\t\t\t\t<\/div>\n\t\t\t\t<\/div>\n\t\t\t\t<div class=\"elementor-element elementor-element-c9c48f8 elementor-widget-divider--separator-type-pattern elementor-widget-divider--no-spacing elementor-widget-divider--view-line elementor-widget elementor-widget-divider\" data-id=\"c9c48f8\" data-element_type=\"widget\" data-widget_type=\"divider.default\">\n\t\t\t\t<div class=\"elementor-widget-container\">\n\t\t\t\t\t<div class=\"elementor-divider\" style=\"--divider-pattern-url: url(&quot;data:image\/svg+xml,%3Csvg xmlns=&#039;http:\/\/www.w3.org\/2000\/svg&#039; preserveAspectRatio=&#039;xMidYMid meet&#039; overflow=&#039;visible&#039; height=&#039;100%&#039; viewBox=&#039;0 0 126 26&#039; fill=&#039;black&#039; stroke=&#039;none&#039;%3E%3Cpath d=&#039;M3,10.2c2.6,0,2.6,2,2.6,3.2S4.4,16.5,3,16.5s-3-1.4-3-3.2S0.4,10.2,3,10.2z M18.8,10.2c1.7,0,3.2,1.4,3.2,3.2s-1.4,3.2-3.2,3.2c-1.7,0-3.2-1.4-3.2-3.2S17,10.2,18.8,10.2z M34.6,10.2c1.5,0,2.6,1.4,2.6,3.2s-0.5,3.2-1.9,3.2c-1.5,0-3.4-1.4-3.4-3.2S33.1,10.2,34.6,10.2z M50.5,10.2c1.7,0,3.2,1.4,3.2,3.2s-1.4,3.2-3.2,3.2c-1.7,0-3.3-0.9-3.3-2.6S48.7,10.2,50.5,10.2z M66.2,10.2c1.5,0,3.4,1.4,3.4,3.2s-1.9,3.2-3.4,3.2c-1.5,0-2.6-0.4-2.6-2.1S64.8,10.2,66.2,10.2z M82.2,10.2c1.7,0.8,2.6,1.4,2.6,3.2s-0.1,3.2-1.6,3.2c-1.5,0-3.7-1.4-3.7-3.2S80.5,9.4,82.2,10.2zM98.6,10.2c1.5,0,2.6,0.4,2.6,2.1s-1.2,4.2-2.6,4.2c-1.5,0-3.7-0.4-3.7-2.1S97.1,10.2,98.6,10.2z M113.4,10.2c1.2,0,2.2,0.9,2.2,3.2s-0.1,3.2-1.3,3.2s-3.1-1.4-3.1-3.2S112.2,10.2,113.4,10.2z&#039;\/%3E%3C\/svg%3E&quot;);\">\n\t\t\t<span class=\"elementor-divider-separator\">\n\t\t\t\t\t\t<\/span>\n\t\t<\/div>\n\t\t\t\t<\/div>\n\t\t\t\t<\/div>\n\t\t\t\t<div class=\"elementor-element elementor-element-770bc33a elementor-widget-divider--view-line elementor-widget elementor-widget-divider\" data-id=\"770bc33a\" data-element_type=\"widget\" data-widget_type=\"divider.default\">\n\t\t\t\t<div class=\"elementor-widget-container\">\n\t\t\t\t\t<div class=\"elementor-divider\">\n\t\t\t<span class=\"elementor-divider-separator\">\n\t\t\t\t\t\t<\/span>\n\t\t<\/div>\n\t\t\t\t<\/div>\n\t\t\t\t<\/div>\n\t\t\t\t<div class=\"elementor-element elementor-element-3d51054e elementor-widget elementor-widget-heading\" data-id=\"3d51054e\" data-element_type=\"widget\" data-widget_type=\"heading.default\">\n\t\t\t\t<div class=\"elementor-widget-container\">\n\t\t\t<h3 class=\"elementor-heading-title elementor-size-default\">Wygra\u0142 projekt na sal\u0119 kreatywn\u0105 i kawiarni\u0119 dla uczni\u00f3w<\/h3>\t\t<\/div>\n\t\t\t\t<\/div>\n\t\t\t\t<div class=\"elementor-element elementor-element-191e9279 elementor-widget elementor-widget-text-editor\" data-id=\"191e9279\" data-element_type=\"widget\" data-widget_type=\"text-editor.default\">\n\t\t\t\t<div class=\"elementor-widget-container\">\n\t\t\t\t\t\t\t\t<div class=\"elementor-text-editor elementor-clearfix\">\n\t\t\t\t\t<p>W g\u0142osowaniu wzi\u0119\u0142o udzia\u0142 486 os\u00f3b z 834 uprawnionych do g\u0142osowania. N<span style=\"letter-spacing: 0.2px;\"><span style=\"letter-spacing: 0.2px;\">a projekt &#8211;<strong><em><span style=\"color: var(--vamtam-primary-font-color); letter-spacing: var(--vamtam-primary-font-letter-spacing-desktop,normal); text-transform: var(--vamtam-primary-font-transform,none);\">&#8222;Nowe krzes\u0142a dla Naszego komfortu i bezpiecze\u0144stwa&#8221; <\/span><\/em><\/strong><\/span><\/span><span style=\"letter-spacing: 0.2px;\">zag\u0142osowa\u0142o 229 os\u00f3b, a <\/span>na projekt <strong><em><span style=\"color: var(--vamtam-primary-font-color); letter-spacing: var(--vamtam-primary-font-letter-spacing-desktop,normal); text-transform: var(--vamtam-primary-font-transform,none);\">&#8222;HIGHLIGHTS (CLASS) ROOM &#8211; klasa kreatywna &amp; Em Cafe&#8221;<\/span><\/em><\/strong> zag\u0142osowa\u0142o 257 os\u00f3b.<\/p><div><strong>Dzi\u0119kujemy wszystkim, kt\u00f3rzy wzi\u0119li udzia\u0142 w g\u0142osowaniu oraz osobom, kt\u00f3re przygotowa\u0142y projekty. Gratulujemy wysokich wynik\u00f3w w g\u0142osowaniu.<\/strong><\/div>\t\t\t\t\t<\/div>\n\t\t\t\t\t\t<\/div>\n\t\t\t\t<\/div>\n\t\t\t\t\t\t<\/div>\n\t\t\t\t\t<\/div>\n\t\t<\/div>\n\t\t\t\t\t\t\t\t<\/div>\n\t\t\t\t\t<\/div>\n\t\t<\/section>\n\t\t\t\t\t\t<\/div>\n\t\t\t\t\t\t<\/div>\n\t\t\t\t\t<\/div>\n\t\t","protected":false},"excerpt":{"rendered":"<p>\u201eSzkolny Bud\u017cet Uczniowski\u201d to program przygotowuj\u0105cy m\u0142odzie\u017c do aktywnego uczestnictwa w \u017cyciu spo\u0142ecznym.&nbsp;Program ma charakter pilota\u017cowy&nbsp;i obejmuje 4 wybrane szko\u0142y ponadpodstawowe, dla kt\u00f3rych organem prowadz\u0105cym jest Miasto Opole.&nbsp; Wygra\u0142 projekt na sal\u0119 kreatywn\u0105 i kawiarni\u0119 dla uczni\u00f3w W g\u0142osowaniu wzi\u0119\u0142o udzia\u0142 486 os\u00f3b z 834 uprawnionych do g\u0142osowania. Na projekt &#8211;&#8222;Nowe krzes\u0142a dla Naszego komfortu&#8230;<\/p>\n","protected":false},"author":2,"featured_media":994241,"comment_status":"closed","ping_status":"open","sticky":false,"template":"","format":"standard","meta":{"inline_featured_image":false},"categories":[208,220,131],"tags":[130,223],"_links":{"self":[{"href":"http:\/\/ekonomik.opole.pl\/eko3\/wp-json\/wp\/v2\/posts\/994351"}],"collection":[{"href":"http:\/\/ekonomik.opole.pl\/eko3\/wp-json\/wp\/v2\/posts"}],"about":[{"href":"http:\/\/ekonomik.opole.pl\/eko3\/wp-json\/wp\/v2\/types\/post"}],"author":[{"embeddable":true,"href":"http:\/\/ekonomik.opole.pl\/eko3\/wp-json\/wp\/v2\/users\/2"}],"replies":[{"embeddable":true,"href":"http:\/\/ekonomik.opole.pl\/eko3\/wp-json\/wp\/v2\/comments?post=994351"}],"version-history":[{"count":6,"href":"http:\/\/ekonomik.opole.pl\/eko3\/wp-json\/wp\/v2\/posts\/994351\/revisions"}],"predecessor-version":[{"id":994357,"href":"http:\/\/ekonomik.opole.pl\/eko3\/wp-json\/wp\/v2\/posts\/994351\/revisions\/994357"}],"wp:featuredmedia":[{"embeddable":true,"href":"http:\/\/ekonomik.opole.pl\/eko3\/wp-json\/wp\/v2\/media\/994241"}],"wp:attachment":[{"href":"http:\/\/ekonomik.opole.pl\/eko3\/wp-json\/wp\/v2\/media?parent=994351"}],"wp:term":[{"taxonomy":"category","embeddable":true,"href":"http:\/\/ekonomik.opole.pl\/eko3\/wp-json\/wp\/v2\/categories?post=994351"},{"taxonomy":"post_tag","embeddable":true,"href":"http:\/\/ekonomik.opole.pl\/eko3\/wp-json\/wp\/v2\/tags?post=994351"}],"curies":[{"name":"wp","href":"https:\/\/api.w.org\/{rel}","templated":true}]}}