{"id":994358,"date":"2021-12-22T19:59:39","date_gmt":"2021-12-22T18:59:39","guid":{"rendered":"http:\/\/ekonomik.opole.pl\/eko3\/?p=994358"},"modified":"2021-12-22T20:07:16","modified_gmt":"2021-12-22T19:07:16","slug":"zyczymy-calej-spolecznosci-ekonomika-zdrowych-swiat","status":"publish","type":"post","link":"http:\/\/ekonomik.opole.pl\/eko3\/zyczymy-calej-spolecznosci-ekonomika-zdrowych-swiat\/","title":{"rendered":"\u017byczymy ca\u0142ej spo\u0142eczno\u015bci Ekonomika zdrowych \u015awi\u0105t!"},"content":{"rendered":"\t\t<div data-elementor-type=\"wp-post\" data-elementor-id=\"994358\" class=\"elementor elementor-994358\" data-elementor-settings=\"[]\">\n\t\t\t\t\t\t<div class=\"elementor-inner\">\n\t\t\t\t\t\t\t<div class=\"elementor-section-wrap\">\n\t\t\t\t\t\t\t<section class=\"elementor-section elementor-top-section elementor-element elementor-element-d0d8567 elementor-section-boxed elementor-section-height-default elementor-section-height-default\" data-id=\"d0d8567\" data-element_type=\"section\">\n\t\t\t\t\t\t<div class=\"elementor-container elementor-column-gap-default\">\n\t\t\t\t\t\t\t<div class=\"elementor-row\">\n\t\t\t\t\t<div class=\"elementor-column elementor-col-100 elementor-top-column elementor-element elementor-element-bbce674\" data-id=\"bbce674\" data-element_type=\"column\">\n\t\t\t<div class=\"elementor-column-wrap\">\n\t\t\t\t\t\t\t<div class=\"elementor-widget-wrap\">\n\t\t\t\t\t\t\t\t<\/div>\n\t\t\t\t\t<\/div>\n\t\t<\/div>\n\t\t\t\t\t\t\t\t<\/div>\n\t\t\t\t\t<\/div>\n\t\t<\/section>\n\t\t\t\t<section class=\"elementor-section elementor-top-section elementor-element elementor-element-1e24c038 elementor-section-full_width elementor-section-height-default elementor-section-height-default\" data-id=\"1e24c038\" data-element_type=\"section\">\n\t\t\t\t\t\t<div class=\"elementor-container elementor-column-gap-default\">\n\t\t\t\t\t\t\t<div class=\"elementor-row\">\n\t\t\t\t\t<div class=\"elementor-column elementor-col-100 elementor-top-column elementor-element elementor-element-668ea9ce\" data-id=\"668ea9ce\" data-element_type=\"column\">\n\t\t\t<div class=\"elementor-column-wrap elementor-element-populated\">\n\t\t\t\t\t\t\t<div class=\"elementor-widget-wrap\">\n\t\t\t\t\t\t<div class=\"elementor-element elementor-element-562cb03f elementor-drop-cap-yes elementor-drop-cap-view-default elementor-widget elementor-widget-text-editor\" data-id=\"562cb03f\" data-element_type=\"widget\" data-settings=\"{&quot;drop_cap&quot;:&quot;yes&quot;}\" data-widget_type=\"text-editor.default\">\n\t\t\t\t<div class=\"elementor-widget-container\">\n\t\t\t\t\t\t\t\t<div class=\"elementor-text-editor elementor-clearfix\">\n\t\t\t\t\t<p>W imieniu <em><strong>Pani Ewy Nowak-K\u00fcbler<\/strong> <\/em>&#8211; dyrektora Zespo\u0142u Szk\u00f3\u0142 Ekonomicznych w Opolu &#8211; sk\u0142adamy najserdeczniejsze \u017cyczenia ZDROWYCH i spokojnych \u015awi\u0105t Bo\u017cego Narodzenia wszystkim aktualnym i by\u0142ym pracownikom szko\u0142y, uczniom, rodzicom i absolwentom.<\/p>\n<p><\/p>\t\t\t\t\t<\/div>\n\t\t\t\t\t\t<\/div>\n\t\t\t\t<\/div>\n\t\t\t\t<div class=\"elementor-element elementor-element-4d9034f2 elementor-widget-divider--view-line elementor-widget elementor-widget-divider\" data-id=\"4d9034f2\" data-element_type=\"widget\" data-widget_type=\"divider.default\">\n\t\t\t\t<div class=\"elementor-widget-container\">\n\t\t\t\t\t<div class=\"elementor-divider\">\n\t\t\t<span class=\"elementor-divider-separator\">\n\t\t\t\t\t\t<\/span>\n\t\t<\/div>\n\t\t\t\t<\/div>\n\t\t\t\t<\/div>\n\t\t\t\t<div class=\"elementor-element elementor-element-53a526c1 elementor-widget elementor-widget-heading\" data-id=\"53a526c1\" data-element_type=\"widget\" data-widget_type=\"heading.default\">\n\t\t\t\t<div class=\"elementor-widget-container\">\n\t\t\t<h3 class=\"elementor-heading-title elementor-size-default\">Dbajcie o siebie i bliskich... <\/h3>\t\t<\/div>\n\t\t\t\t<\/div>\n\t\t\t\t<div class=\"elementor-element elementor-element-1bbd801f elementor-widget elementor-widget-text-editor\" data-id=\"1bbd801f\" data-element_type=\"widget\" data-widget_type=\"text-editor.default\">\n\t\t\t\t<div class=\"elementor-widget-container\">\n\t\t\t\t\t\t\t\t<div class=\"elementor-text-editor elementor-clearfix\">\n\t\t\t\t\t<p>W tym szczeg\u00f3lnym czasie zach\u0119camy do pozostania w domu i \u015bwi\u0119towania w najbli\u017cszym gronie. Mamy nadziej\u0119 na szybkie spotkanie w NOWY ROKU. A z okazji nadchodz\u0105cego 2022 roku \u017cyczymy wszystkim naszym uczniom i nauczycielom &#8211; wytrwa\u0142o\u015bci, energii i du\u017co empatii.\u00a0<\/p>\t\t\t\t\t<\/div>\n\t\t\t\t\t\t<\/div>\n\t\t\t\t<\/div>\n\t\t\t\t\t\t<\/div>\n\t\t\t\t\t<\/div>\n\t\t<\/div>\n\t\t\t\t\t\t\t\t<\/div>\n\t\t\t\t\t<\/div>\n\t\t<\/section>\n\t\t\t\t<section class=\"elementor-section elementor-top-section elementor-element elementor-element-2b8ad05 elementor-section-boxed elementor-section-height-default elementor-section-height-default\" data-id=\"2b8ad05\" data-element_type=\"section\">\n\t\t\t\t\t\t<div class=\"elementor-container elementor-column-gap-default\">\n\t\t\t\t\t\t\t<div class=\"elementor-row\">\n\t\t\t\t\t<div class=\"elementor-column elementor-col-100 elementor-top-column elementor-element elementor-element-55691b2\" data-id=\"55691b2\" data-element_type=\"column\">\n\t\t\t<div class=\"elementor-column-wrap\">\n\t\t\t\t\t\t\t<div class=\"elementor-widget-wrap\">\n\t\t\t\t\t\t\t\t<\/div>\n\t\t\t\t\t<\/div>\n\t\t<\/div>\n\t\t\t\t\t\t\t\t<\/div>\n\t\t\t\t\t<\/div>\n\t\t<\/section>\n\t\t\t\t\t\t<\/div>\n\t\t\t\t\t\t<\/div>\n\t\t\t\t\t<\/div>\n\t\t","protected":false},"excerpt":{"rendered":"<p>W imieniu Pani Ewy Nowak-K\u00fcbler &#8211; dyrektora Zespo\u0142u Szk\u00f3\u0142 Ekonomicznych w Opolu &#8211; sk\u0142adamy najserdeczniejsze \u017cyczenia ZDROWYCH i spokojnych \u015awi\u0105t Bo\u017cego Narodzenia wszystkim aktualnym i by\u0142ym pracownikom szko\u0142y, uczniom, rodzicom i absolwentom. Dbajcie o siebie i bliskich&#8230; W tym szczeg\u00f3lnym czasie zach\u0119camy do pozostania w domu i \u015bwi\u0119towania w najbli\u017cszym gronie. Mamy nadziej\u0119 na szybkie&#8230;<\/p>\n","protected":false},"author":2,"featured_media":994360,"comment_status":"closed","ping_status":"open","sticky":false,"template":"","format":"standard","meta":{"inline_featured_image":false},"categories":[114],"tags":[244],"_links":{"self":[{"href":"http:\/\/ekonomik.opole.pl\/eko3\/wp-json\/wp\/v2\/posts\/994358"}],"collection":[{"href":"http:\/\/ekonomik.opole.pl\/eko3\/wp-json\/wp\/v2\/posts"}],"about":[{"href":"http:\/\/ekonomik.opole.pl\/eko3\/wp-json\/wp\/v2\/types\/post"}],"author":[{"embeddable":true,"href":"http:\/\/ekonomik.opole.pl\/eko3\/wp-json\/wp\/v2\/users\/2"}],"replies":[{"embeddable":true,"href":"http:\/\/ekonomik.opole.pl\/eko3\/wp-json\/wp\/v2\/comments?post=994358"}],"version-history":[{"count":7,"href":"http:\/\/ekonomik.opole.pl\/eko3\/wp-json\/wp\/v2\/posts\/994358\/revisions"}],"predecessor-version":[{"id":994366,"href":"http:\/\/ekonomik.opole.pl\/eko3\/wp-json\/wp\/v2\/posts\/994358\/revisions\/994366"}],"wp:featuredmedia":[{"embeddable":true,"href":"http:\/\/ekonomik.opole.pl\/eko3\/wp-json\/wp\/v2\/media\/994360"}],"wp:attachment":[{"href":"http:\/\/ekonomik.opole.pl\/eko3\/wp-json\/wp\/v2\/media?parent=994358"}],"wp:term":[{"taxonomy":"category","embeddable":true,"href":"http:\/\/ekonomik.opole.pl\/eko3\/wp-json\/wp\/v2\/categories?post=994358"},{"taxonomy":"post_tag","embeddable":true,"href":"http:\/\/ekonomik.opole.pl\/eko3\/wp-json\/wp\/v2\/tags?post=994358"}],"curies":[{"name":"wp","href":"https:\/\/api.w.org\/{rel}","templated":true}]}}