{"id":994367,"date":"2021-12-23T08:27:19","date_gmt":"2021-12-23T07:27:19","guid":{"rendered":"http:\/\/ekonomik.opole.pl\/eko3\/?p=994367"},"modified":"2022-03-11T09:56:31","modified_gmt":"2022-03-11T08:56:31","slug":"miedzynarodowe-praktyki-zawodowe","status":"publish","type":"post","link":"http:\/\/ekonomik.opole.pl\/eko3\/miedzynarodowe-praktyki-zawodowe\/","title":{"rendered":"Mi\u0119dzynarodowe praktyki zawodowe"},"content":{"rendered":"\t\t<div data-elementor-type=\"wp-post\" data-elementor-id=\"994367\" class=\"elementor elementor-994367\" data-elementor-settings=\"[]\">\n\t\t\t\t\t\t<div class=\"elementor-inner\">\n\t\t\t\t\t\t\t<div class=\"elementor-section-wrap\">\n\t\t\t\t\t\t\t<section class=\"elementor-section elementor-top-section elementor-element elementor-element-75b35ddc elementor-section-boxed elementor-section-height-default elementor-section-height-default\" data-id=\"75b35ddc\" data-element_type=\"section\">\n\t\t\t\t\t\t<div class=\"elementor-container elementor-column-gap-default\">\n\t\t\t\t\t\t\t<div class=\"elementor-row\">\n\t\t\t\t\t<div class=\"elementor-column elementor-col-100 elementor-top-column elementor-element elementor-element-6e3d891a\" data-id=\"6e3d891a\" data-element_type=\"column\">\n\t\t\t<div class=\"elementor-column-wrap elementor-element-populated\">\n\t\t\t\t\t\t\t<div class=\"elementor-widget-wrap\">\n\t\t\t\t\t\t<div class=\"elementor-element elementor-element-5739f19b elementor-invisible elementor-widget elementor-widget-heading\" data-id=\"5739f19b\" data-element_type=\"widget\" data-settings=\"{&quot;_animation&quot;:&quot;fadeIn&quot;,&quot;_animation_delay&quot;:500}\" data-widget_type=\"heading.default\">\n\t\t\t\t<div class=\"elementor-widget-container\">\n\t\t\t<h2 class=\"elementor-heading-title elementor-size-default\">Rekrutacja rozpocz\u0119ta. Wykorzystaj swoj\u0105 szans\u0119!<\/h2>\t\t<\/div>\n\t\t\t\t<\/div>\n\t\t\t\t<div class=\"elementor-element elementor-element-2d619ab8 elementor-widget elementor-widget-text-editor\" data-id=\"2d619ab8\" data-element_type=\"widget\" data-widget_type=\"text-editor.default\">\n\t\t\t\t<div class=\"elementor-widget-container\">\n\t\t\t\t\t\t\t\t<div class=\"elementor-text-editor elementor-clearfix\">\n\t\t\t\t\t<p>Z przyjemno\u015bci\u0105 informujemy, i\u017c rozpoczynamy rekrutacj\u0119 do kolejnego wyjazdu na praktyki zagraniczne w ramach projektu &#8222;Odwa\u017cnie do Europy III &#8211; mi\u0119dzynarodowe praktyki zawodowe szans\u0105 dla uczni\u00f3w Zespo\u0142u Szk\u00f3\u0142 Ekonomicznych&#8221; wsp\u00f3\u0142finansowanego przez Uni\u0119 Europejsk\u0105 w ramach \u015brodk\u00f3w programu POWER.<\/p>\t\t\t\t\t<\/div>\n\t\t\t\t\t\t<\/div>\n\t\t\t\t<\/div>\n\t\t\t\t<div class=\"elementor-element elementor-element-02bf18b elementor-widget elementor-widget-text-editor\" data-id=\"02bf18b\" data-element_type=\"widget\" data-widget_type=\"text-editor.default\">\n\t\t\t\t<div class=\"elementor-widget-container\">\n\t\t\t\t\t\t\t\t<div class=\"elementor-text-editor elementor-clearfix\">\n\t\t\t\t\t<p>Celem projektu jest realizacja mi\u0119dzynarodowych praktyk zawodowych w <strong>Saragossie<\/strong> (Hiszpania) oraz na <strong>Fuerteventura<\/strong> (Wyspy Kanaryjskie) w terminie <strong>14.02.2022 &#8211; 11.03.2022 r<\/strong>.<\/p>\t\t\t\t\t<\/div>\n\t\t\t\t\t\t<\/div>\n\t\t\t\t<\/div>\n\t\t\t\t<div class=\"elementor-element elementor-element-1d4f09ed elementor-widget elementor-widget-text-editor\" data-id=\"1d4f09ed\" data-element_type=\"widget\" data-widget_type=\"text-editor.default\">\n\t\t\t\t<div class=\"elementor-widget-container\">\n\t\t\t\t\t\t\t\t<div class=\"elementor-text-editor elementor-clearfix\">\n\t\t\t\t\t<p>Projekt zak\u0142ada umo\u017cliwienie realizacji praktyk zawodowych dla 29 uczni\u00f3w klas III e, IIIf, IIIg, III h. Uczniowie odb\u0119d\u0105 praktyki w dw\u00f3ch krajach przy wsp\u00f3\u0142udziale partner\u00f3w: Asociaci\u00f3n Mundus (Hiszpania) i Sun Dreams Global, S.L (Wyspy Kanaryjskie).<\/p>\t\t\t\t\t<\/div>\n\t\t\t\t\t\t<\/div>\n\t\t\t\t<\/div>\n\t\t\t\t<div class=\"elementor-element elementor-element-617d8a9 elementor-widget elementor-widget-text-editor\" data-id=\"617d8a9\" data-element_type=\"widget\" data-widget_type=\"text-editor.default\">\n\t\t\t\t<div class=\"elementor-widget-container\">\n\t\t\t\t\t\t\t\t<div class=\"elementor-text-editor elementor-clearfix\">\n\t\t\t\t\t<p>Projekt praktyk jest reakcj\u0105 na problemy wsp\u00f3\u0142czesnego rynku pracy. Dzi\u0119ki projektowi sta\u017cowemu chcemy, w g\u0142\u00f3wnej mierze, podnie\u015b\u0107 kompetencje zawodowe i j\u0119zykowe uczni\u00f3w, dopracowa\u0107 ich umiej\u0119tno\u015bci pracy w zespole (r\u00f3wnie\u017c mi\u0119dzynarodowym), zwi\u0119kszy\u0107 szanse na znalezienie pracy po sko\u0144czeniu szko\u0142y oraz zmobilizowa\u0107 uczni\u00f3w do nauki j\u0119zyk\u00f3w obcych.<\/p>\t\t\t\t\t<\/div>\n\t\t\t\t\t\t<\/div>\n\t\t\t\t<\/div>\n\t\t\t\t<div class=\"elementor-element elementor-element-4439069 elementor-widget elementor-widget-text-editor\" data-id=\"4439069\" data-element_type=\"widget\" data-widget_type=\"text-editor.default\">\n\t\t\t\t<div class=\"elementor-widget-container\">\n\t\t\t\t\t\t\t\t<div class=\"elementor-text-editor elementor-clearfix\">\n\t\t\t\t\t<p><strong>UWAGA!<\/strong> Ze wzgl\u0119du na trwaj\u0105ce nauczanie zdalne zg\u0142oszenia do udzia\u0142u w projekcie b\u0119d\u0105 przyjmowane drog\u0105 elektroniczn\u0105. Wype\u0142nione dokumenty nale\u017cy podpisa\u0107 i zeskanowa\u0107. Zeskanowane dokumenty nale\u017cy przes\u0142a\u0107 do pana Sylwestra Strzelca na platformie Teams lub dostarczy\u0107 osobi\u015bcie do sekretariatu szko\u0142y w nieprzekraczalnym terminie do 7 stycznia 2022 r.<\/p>\t\t\t\t\t<\/div>\n\t\t\t\t\t\t<\/div>\n\t\t\t\t<\/div>\n\t\t\t\t<div class=\"elementor-element elementor-element-2d3282b elementor-widget elementor-widget-text-editor\" data-id=\"2d3282b\" data-element_type=\"widget\" data-widget_type=\"text-editor.default\">\n\t\t\t\t<div class=\"elementor-widget-container\">\n\t\t\t\t\t\t\t\t<div class=\"elementor-text-editor elementor-clearfix\">\n\t\t\t\t\t<p>Prosimy o zachowanie papierowej wersji dokument\u00f3w. O sposobie ich z\u0142o\u017cenia w szkole poinformujemy w p\u00f3\u017aniejszym terminie.<\/p>\t\t\t\t\t<\/div>\n\t\t\t\t\t\t<\/div>\n\t\t\t\t<\/div>\n\t\t\t\t<div class=\"elementor-element elementor-element-5df7c8b elementor-widget elementor-widget-text-editor\" data-id=\"5df7c8b\" data-element_type=\"widget\" data-widget_type=\"text-editor.default\">\n\t\t\t\t<div class=\"elementor-widget-container\">\n\t\t\t\t\t\t\t\t<div class=\"elementor-text-editor elementor-clearfix\">\n\t\t\t\t\t<p>Szczeg\u00f3\u0142owych informacji udziela p. Sylwester Strzelec na platformie Teams.<\/p>\t\t\t\t\t<\/div>\n\t\t\t\t\t\t<\/div>\n\t\t\t\t<\/div>\n\t\t\t\t<div class=\"elementor-element elementor-element-67e5c85 elementor-widget elementor-widget-text-editor\" data-id=\"67e5c85\" data-element_type=\"widget\" data-widget_type=\"text-editor.default\">\n\t\t\t\t<div class=\"elementor-widget-container\">\n\t\t\t\t\t\t\t\t<div class=\"elementor-text-editor elementor-clearfix\">\n\t\t\t\t\t<p>Poni\u017cej znajduj\u0105 linki do dokument\u00f3w niezb\u0119dnych do zg\u0142oszenia si\u0119 do udzia\u0142u w projekcie.<\/p>\t\t\t\t\t<\/div>\n\t\t\t\t\t\t<\/div>\n\t\t\t\t<\/div>\n\t\t\t\t\t\t<\/div>\n\t\t\t\t\t<\/div>\n\t\t<\/div>\n\t\t\t\t\t\t\t\t<\/div>\n\t\t\t\t\t<\/div>\n\t\t<\/section>\n\t\t\t\t<section class=\"elementor-section elementor-top-section elementor-element elementor-element-351b1535 elementor-section-boxed elementor-section-height-default elementor-section-height-default\" data-id=\"351b1535\" data-element_type=\"section\">\n\t\t\t\t\t\t<div class=\"elementor-container elementor-column-gap-default\">\n\t\t\t\t\t\t\t<div class=\"elementor-row\">\n\t\t\t\t\t<div class=\"elementor-column elementor-col-100 elementor-top-column elementor-element elementor-element-4fe0beaf\" data-id=\"4fe0beaf\" data-element_type=\"column\">\n\t\t\t<div class=\"elementor-column-wrap elementor-element-populated\">\n\t\t\t\t\t\t\t<div class=\"elementor-widget-wrap\">\n\t\t\t\t\t\t<div class=\"elementor-element elementor-element-51c6e3f4 elementor-widget elementor-widget-spacer\" data-id=\"51c6e3f4\" data-element_type=\"widget\" data-widget_type=\"spacer.default\">\n\t\t\t\t<div class=\"elementor-widget-container\">\n\t\t\t\t\t<div class=\"elementor-spacer\">\n\t\t\t<div class=\"elementor-spacer-inner\"><\/div>\n\t\t<\/div>\n\t\t\t\t<\/div>\n\t\t\t\t<\/div>\n\t\t\t\t\t\t<\/div>\n\t\t\t\t\t<\/div>\n\t\t<\/div>\n\t\t\t\t\t\t\t\t<\/div>\n\t\t\t\t\t<\/div>\n\t\t<\/section>\n\t\t\t\t<section class=\"elementor-section elementor-top-section elementor-element elementor-element-13f7188 elementor-section-boxed elementor-section-height-default elementor-section-height-default\" data-id=\"13f7188\" data-element_type=\"section\">\n\t\t\t\t\t\t<div class=\"elementor-container elementor-column-gap-default\">\n\t\t\t\t\t\t\t<div class=\"elementor-row\">\n\t\t\t\t\t<div class=\"elementor-column elementor-col-50 elementor-top-column elementor-element elementor-element-6cd6424\" data-id=\"6cd6424\" data-element_type=\"column\">\n\t\t\t<div class=\"elementor-column-wrap elementor-element-populated\">\n\t\t\t\t\t\t\t<div class=\"elementor-widget-wrap\">\n\t\t\t\t\t\t<div class=\"elementor-element elementor-element-fe5b012 elementor-align-center elementor-widget elementor-widget-button\" data-id=\"fe5b012\" data-element_type=\"widget\" data-widget_type=\"button.default\">\n\t\t\t\t<div class=\"elementor-widget-container\">\n\t\t\t\t\t<div class=\"elementor-button-wrapper\">\n\t\t\t<a href=\"http:\/\/ekonomik.opole.pl\/eko3\/wp-content\/uploads\/2021\/12\/POWERVET_2020_Zal_VII_VIII_Formularz_uczaca-sie_Opole-v2252351.pdf\" target=\"_blank\" class=\"elementor-button-link elementor-button elementor-size-sm\" role=\"button\">\n\t\t\t\t\t\t<span class=\"elementor-button-content-wrapper\">\n\t\t\t\t\t\t<span class=\"elementor-button-text\">Formularz zg\u0142oszeniowy<\/span>\n\t\t<\/span>\n\t\t\t\t\t<\/a>\n\t\t<\/div>\n\t\t\t\t<\/div>\n\t\t\t\t<\/div>\n\t\t\t\t\t\t<\/div>\n\t\t\t\t\t<\/div>\n\t\t<\/div>\n\t\t\t\t<div class=\"elementor-column elementor-col-50 elementor-top-column elementor-element elementor-element-a4bf2e0\" data-id=\"a4bf2e0\" data-element_type=\"column\">\n\t\t\t<div class=\"elementor-column-wrap elementor-element-populated\">\n\t\t\t\t\t\t\t<div class=\"elementor-widget-wrap\">\n\t\t\t\t\t\t<div class=\"elementor-element elementor-element-cd41df2 elementor-align-center elementor-widget elementor-widget-button\" data-id=\"cd41df2\" data-element_type=\"widget\" data-widget_type=\"button.default\">\n\t\t\t\t<div class=\"elementor-widget-container\">\n\t\t\t\t\t<div class=\"elementor-button-wrapper\">\n\t\t\t<a href=\"http:\/\/ekonomik.opole.pl\/eko3\/wp-content\/uploads\/2021\/12\/Regulamin-rekrutacji-i-uczestnictwa-w-projekcie_Opole_POWER_covid_v5252352.pdf\" target=\"_blank\" class=\"elementor-button-link elementor-button elementor-size-sm\" role=\"button\">\n\t\t\t\t\t\t<span class=\"elementor-button-content-wrapper\">\n\t\t\t\t\t\t<span class=\"elementor-button-text\">Regulamin rekrutacji<\/span>\n\t\t<\/span>\n\t\t\t\t\t<\/a>\n\t\t<\/div>\n\t\t\t\t<\/div>\n\t\t\t\t<\/div>\n\t\t\t\t\t\t<\/div>\n\t\t\t\t\t<\/div>\n\t\t<\/div>\n\t\t\t\t\t\t\t\t<\/div>\n\t\t\t\t\t<\/div>\n\t\t<\/section>\n\t\t\t\t<section class=\"elementor-section elementor-top-section elementor-element elementor-element-36af4bf elementor-section-boxed elementor-section-height-default elementor-section-height-default\" data-id=\"36af4bf\" data-element_type=\"section\">\n\t\t\t\t\t\t<div class=\"elementor-container elementor-column-gap-default\">\n\t\t\t\t\t\t\t<div class=\"elementor-row\">\n\t\t\t\t\t<div class=\"elementor-column elementor-col-100 elementor-top-column elementor-element elementor-element-0c6ad14\" data-id=\"0c6ad14\" data-element_type=\"column\">\n\t\t\t<div class=\"elementor-column-wrap elementor-element-populated\">\n\t\t\t\t\t\t\t<div class=\"elementor-widget-wrap\">\n\t\t\t\t\t\t<div class=\"elementor-element elementor-element-580d14c elementor-widget elementor-widget-spacer\" data-id=\"580d14c\" data-element_type=\"widget\" data-widget_type=\"spacer.default\">\n\t\t\t\t<div class=\"elementor-widget-container\">\n\t\t\t\t\t<div class=\"elementor-spacer\">\n\t\t\t<div class=\"elementor-spacer-inner\"><\/div>\n\t\t<\/div>\n\t\t\t\t<\/div>\n\t\t\t\t<\/div>\n\t\t\t\t\t\t<\/div>\n\t\t\t\t\t<\/div>\n\t\t<\/div>\n\t\t\t\t\t\t\t\t<\/div>\n\t\t\t\t\t<\/div>\n\t\t<\/section>\n\t\t\t\t<section class=\"elementor-section elementor-top-section elementor-element elementor-element-32717862 elementor-section-boxed elementor-section-height-default elementor-section-height-default\" data-id=\"32717862\" data-element_type=\"section\">\n\t\t\t\t\t\t<div class=\"elementor-container elementor-column-gap-default\">\n\t\t\t\t\t\t\t<div class=\"elementor-row\">\n\t\t\t\t\t<div class=\"elementor-column elementor-col-100 elementor-top-column elementor-element elementor-element-7a57c35d\" data-id=\"7a57c35d\" data-element_type=\"column\">\n\t\t\t<div class=\"elementor-column-wrap elementor-element-populated\">\n\t\t\t\t\t\t\t<div class=\"elementor-widget-wrap\">\n\t\t\t\t\t\t<div class=\"elementor-element elementor-element-2547e4e0 elementor-widget-divider--view-line elementor-widget elementor-widget-divider\" data-id=\"2547e4e0\" data-element_type=\"widget\" data-widget_type=\"divider.default\">\n\t\t\t\t<div class=\"elementor-widget-container\">\n\t\t\t\t\t<div class=\"elementor-divider\">\n\t\t\t<span class=\"elementor-divider-separator\">\n\t\t\t\t\t\t<\/span>\n\t\t<\/div>\n\t\t\t\t<\/div>\n\t\t\t\t<\/div>\n\t\t\t\t\t\t<\/div>\n\t\t\t\t\t<\/div>\n\t\t<\/div>\n\t\t\t\t\t\t\t\t<\/div>\n\t\t\t\t\t<\/div>\n\t\t<\/section>\n\t\t\t\t<section class=\"elementor-section elementor-top-section elementor-element elementor-element-6778ed58 elementor-section-boxed elementor-section-height-default elementor-section-height-default\" data-id=\"6778ed58\" data-element_type=\"section\">\n\t\t\t\t\t\t<div class=\"elementor-container elementor-column-gap-default\">\n\t\t\t\t\t\t\t<div class=\"elementor-row\">\n\t\t\t\t\t<div class=\"elementor-column elementor-col-100 elementor-top-column elementor-element elementor-element-126f961e\" data-id=\"126f961e\" data-element_type=\"column\">\n\t\t\t<div class=\"elementor-column-wrap elementor-element-populated\">\n\t\t\t\t\t\t\t<div class=\"elementor-widget-wrap\">\n\t\t\t\t\t\t<div class=\"elementor-element elementor-element-6a49d47d elementor-widget elementor-widget-heading\" data-id=\"6a49d47d\" data-element_type=\"widget\" data-widget_type=\"heading.default\">\n\t\t\t\t<div class=\"elementor-widget-container\">\n\t\t\t<h6 class=\"elementor-heading-title elementor-size-default\">sortuj wed\u0142ug wybranych tag\u00f3w i kategorii:<\/h6>\t\t<\/div>\n\t\t\t\t<\/div>\n\t\t\t\t\t\t<\/div>\n\t\t\t\t\t<\/div>\n\t\t<\/div>\n\t\t\t\t\t\t\t\t<\/div>\n\t\t\t\t\t<\/div>\n\t\t<\/section>\n\t\t\t\t\t\t<\/div>\n\t\t\t\t\t\t<\/div>\n\t\t\t\t\t<\/div>\n\t\t","protected":false},"excerpt":{"rendered":"<p>Rekrutacja rozpocz\u0119ta. Wykorzystaj swoj\u0105 szans\u0119! Z przyjemno\u015bci\u0105 informujemy, i\u017c rozpoczynamy rekrutacj\u0119 do kolejnego wyjazdu na praktyki zagraniczne w ramach projektu &#8222;Odwa\u017cnie do Europy III &#8211; mi\u0119dzynarodowe praktyki zawodowe szans\u0105 dla uczni\u00f3w Zespo\u0142u Szk\u00f3\u0142 Ekonomicznych&#8221; wsp\u00f3\u0142finansowanego przez Uni\u0119 Europejsk\u0105 w ramach \u015brodk\u00f3w programu POWER. Celem projektu jest realizacja mi\u0119dzynarodowych praktyk zawodowych w Saragossie (Hiszpania) oraz na&#8230;<\/p>\n","protected":false},"author":1,"featured_media":994380,"comment_status":"closed","ping_status":"open","sticky":false,"template":"","format":"standard","meta":{"inline_featured_image":false},"categories":[247,104],"tags":[173,246,148,245,218],"_links":{"self":[{"href":"http:\/\/ekonomik.opole.pl\/eko3\/wp-json\/wp\/v2\/posts\/994367"}],"collection":[{"href":"http:\/\/ekonomik.opole.pl\/eko3\/wp-json\/wp\/v2\/posts"}],"about":[{"href":"http:\/\/ekonomik.opole.pl\/eko3\/wp-json\/wp\/v2\/types\/post"}],"author":[{"embeddable":true,"href":"http:\/\/ekonomik.opole.pl\/eko3\/wp-json\/wp\/v2\/users\/1"}],"replies":[{"embeddable":true,"href":"http:\/\/ekonomik.opole.pl\/eko3\/wp-json\/wp\/v2\/comments?post=994367"}],"version-history":[{"count":11,"href":"http:\/\/ekonomik.opole.pl\/eko3\/wp-json\/wp\/v2\/posts\/994367\/revisions"}],"predecessor-version":[{"id":994381,"href":"http:\/\/ekonomik.opole.pl\/eko3\/wp-json\/wp\/v2\/posts\/994367\/revisions\/994381"}],"wp:featuredmedia":[{"embeddable":true,"href":"http:\/\/ekonomik.opole.pl\/eko3\/wp-json\/wp\/v2\/media\/994380"}],"wp:attachment":[{"href":"http:\/\/ekonomik.opole.pl\/eko3\/wp-json\/wp\/v2\/media?parent=994367"}],"wp:term":[{"taxonomy":"category","embeddable":true,"href":"http:\/\/ekonomik.opole.pl\/eko3\/wp-json\/wp\/v2\/categories?post=994367"},{"taxonomy":"post_tag","embeddable":true,"href":"http:\/\/ekonomik.opole.pl\/eko3\/wp-json\/wp\/v2\/tags?post=994367"}],"curies":[{"name":"wp","href":"https:\/\/api.w.org\/{rel}","templated":true}]}}