{"id":994382,"date":"2021-12-23T09:33:56","date_gmt":"2021-12-23T08:33:56","guid":{"rendered":"http:\/\/ekonomik.opole.pl\/eko3\/?p=994382"},"modified":"2021-12-29T12:21:40","modified_gmt":"2021-12-29T11:21:40","slug":"sportowe-osiagniecia-uczniow-ekonomika-2021-r","status":"publish","type":"post","link":"http:\/\/ekonomik.opole.pl\/eko3\/sportowe-osiagniecia-uczniow-ekonomika-2021-r\/","title":{"rendered":"Sportowe osi\u0105gni\u0119cia uczni\u00f3w Ekonomika 2021 r."},"content":{"rendered":"\t\t<div data-elementor-type=\"wp-post\" data-elementor-id=\"994382\" class=\"elementor elementor-994382\" data-elementor-settings=\"[]\">\n\t\t\t\t\t\t<div class=\"elementor-inner\">\n\t\t\t\t\t\t\t<div class=\"elementor-section-wrap\">\n\t\t\t\t\t\t\t<section class=\"elementor-section elementor-top-section elementor-element elementor-element-7b3157bd elementor-section-boxed elementor-section-height-default elementor-section-height-default\" data-id=\"7b3157bd\" data-element_type=\"section\">\n\t\t\t\t\t\t<div class=\"elementor-container elementor-column-gap-default\">\n\t\t\t\t\t\t\t<div class=\"elementor-row\">\n\t\t\t\t\t<div class=\"elementor-column elementor-col-100 elementor-top-column elementor-element elementor-element-5e091745\" data-id=\"5e091745\" data-element_type=\"column\">\n\t\t\t<div class=\"elementor-column-wrap elementor-element-populated\">\n\t\t\t\t\t\t\t<div class=\"elementor-widget-wrap\">\n\t\t\t\t\t\t<div class=\"elementor-element elementor-element-61d4ba8f elementor-invisible elementor-widget elementor-widget-heading\" data-id=\"61d4ba8f\" data-element_type=\"widget\" data-settings=\"{&quot;_animation&quot;:&quot;fadeIn&quot;,&quot;_animation_delay&quot;:500}\" data-widget_type=\"heading.default\">\n\t\t\t\t<div class=\"elementor-widget-container\">\n\t\t\t<h2 class=\"elementor-heading-title elementor-size-default\">Startujemy... i wygrywamy<\/h2>\t\t<\/div>\n\t\t\t\t<\/div>\n\t\t\t\t<div class=\"elementor-element elementor-element-27e78d50 elementor-widget elementor-widget-text-editor\" data-id=\"27e78d50\" data-element_type=\"widget\" data-widget_type=\"text-editor.default\">\n\t\t\t\t<div class=\"elementor-widget-container\">\n\t\t\t\t\t\t\t\t<div class=\"elementor-text-editor elementor-clearfix\">\n\t\t\t\t\t<p>W tym roku szkolnym wiele zawod\u00f3w nie odby\u0142o si\u0119 z oczywistych powod\u00f3w. Cieszymy si\u0119 z tych, kt\u00f3re uda\u0142o si\u0119 przeprowadzi\u0107 i tam nie zawiedli\u015bmy. Sport to jedna z najja\u015bniejszych wizyt\u00f3wek naszej szko\u0142y.<\/p><p>Zobaczcie sami.<\/p>\t\t\t\t\t<\/div>\n\t\t\t\t\t\t<\/div>\n\t\t\t\t<\/div>\n\t\t\t\t\t\t<\/div>\n\t\t\t\t\t<\/div>\n\t\t<\/div>\n\t\t\t\t\t\t\t\t<\/div>\n\t\t\t\t\t<\/div>\n\t\t<\/section>\n\t\t\t\t<section class=\"elementor-section elementor-top-section elementor-element elementor-element-6aeb47bd elementor-section-boxed elementor-section-height-default elementor-section-height-default\" data-id=\"6aeb47bd\" data-element_type=\"section\">\n\t\t\t\t\t\t<div class=\"elementor-container elementor-column-gap-default\">\n\t\t\t\t\t\t\t<div class=\"elementor-row\">\n\t\t\t\t\t<div class=\"elementor-column elementor-col-100 elementor-top-column elementor-element elementor-element-60defe5d\" data-id=\"60defe5d\" data-element_type=\"column\">\n\t\t\t<div class=\"elementor-column-wrap elementor-element-populated\">\n\t\t\t\t\t\t\t<div class=\"elementor-widget-wrap\">\n\t\t\t\t\t\t<div class=\"elementor-element elementor-element-1886c5d3 elementor-invisible elementor-widget elementor-widget-heading\" data-id=\"1886c5d3\" data-element_type=\"widget\" data-settings=\"{&quot;_animation&quot;:&quot;fadeIn&quot;,&quot;_animation_delay&quot;:500}\" data-widget_type=\"heading.default\">\n\t\t\t\t<div class=\"elementor-widget-container\">\n\t\t\t<h2 class=\"elementor-heading-title elementor-size-default\">Fina\u0142 halowej pi\u0142ki no\u017cnej 23.10.2021 r.\n<\/h2>\t\t<\/div>\n\t\t\t\t<\/div>\n\t\t\t\t<div class=\"elementor-element elementor-element-29efef0 elementor-widget elementor-widget-image\" data-id=\"29efef0\" data-element_type=\"widget\" data-widget_type=\"image.default\">\n\t\t\t\t<div class=\"elementor-widget-container\">\n\t\t\t\t\t\t\t\t<div class=\"elementor-image\">\n\t\t\t\t\t\t\t\t\t\t\t\t<img width=\"750\" height=\"641\" src=\"http:\/\/ekonomik.opole.pl\/eko3\/wp-content\/uploads\/2021\/12\/halowa-pilka-nozna.jpeg\" class=\"attachment-large size-large\" alt=\"Halowa pi\u0142ka no\u017cna.\" loading=\"lazy\" srcset=\"http:\/\/ekonomik.opole.pl\/eko3\/wp-content\/uploads\/2021\/12\/halowa-pilka-nozna.jpeg 750w, http:\/\/ekonomik.opole.pl\/eko3\/wp-content\/uploads\/2021\/12\/halowa-pilka-nozna-300x256.jpeg 300w, http:\/\/ekonomik.opole.pl\/eko3\/wp-content\/uploads\/2021\/12\/halowa-pilka-nozna-680x581.jpeg 680w\" sizes=\"(max-width: 750px) 100vw, 750px\" \/>\t\t\t\t\t\t\t\t\t\t\t\t\t\t<\/div>\n\t\t\t\t\t\t<\/div>\n\t\t\t\t<\/div>\n\t\t\t\t<div class=\"elementor-element elementor-element-39cb9679 elementor-widget elementor-widget-text-editor\" data-id=\"39cb9679\" data-element_type=\"widget\" data-widget_type=\"text-editor.default\">\n\t\t\t\t<div class=\"elementor-widget-container\">\n\t\t\t\t\t\t\t\t<div class=\"elementor-text-editor elementor-clearfix\">\n\t\t\t\t\t<p>M\u0119ska reprezentacja Ekonomika w wy\u015bmienitym stylu awansowa\u0142a do miejskiego fina\u0142u halowej pi\u0142ki no\u017cnej.<\/p>\t\t\t\t\t<\/div>\n\t\t\t\t\t\t<\/div>\n\t\t\t\t<\/div>\n\t\t\t\t<div class=\"elementor-element elementor-element-7c8b966d elementor-widget elementor-widget-text-editor\" data-id=\"7c8b966d\" data-element_type=\"widget\" data-widget_type=\"text-editor.default\">\n\t\t\t\t<div class=\"elementor-widget-container\">\n\t\t\t\t\t\t\t\t<div class=\"elementor-text-editor elementor-clearfix\">\n\t\t\t\t\t<p><strong>Sk\u0142ad zespo\u0142u:<\/strong><br \/>Anderst Jonatan<br \/>Aniszewski Wojciech<br \/>Dziwa\u0144ski Micha\u0142<br \/>Filar Grzegorz<br \/>Jaroszko Kamil<br \/>Nowak Marcel<br \/>Warzecha Marek<\/p><p><strong>Opiekun:<\/strong> Pan Wojciech Aksamit<\/p>\t\t\t\t\t<\/div>\n\t\t\t\t\t\t<\/div>\n\t\t\t\t<\/div>\n\t\t\t\t\t\t<\/div>\n\t\t\t\t\t<\/div>\n\t\t<\/div>\n\t\t\t\t\t\t\t\t<\/div>\n\t\t\t\t\t<\/div>\n\t\t<\/section>\n\t\t\t\t<section class=\"elementor-section elementor-top-section elementor-element elementor-element-48790b0 elementor-section-boxed elementor-section-height-default elementor-section-height-default\" data-id=\"48790b0\" data-element_type=\"section\">\n\t\t\t\t\t\t<div class=\"elementor-container elementor-column-gap-default\">\n\t\t\t\t\t\t\t<div class=\"elementor-row\">\n\t\t\t\t\t<div class=\"elementor-column elementor-col-100 elementor-top-column elementor-element elementor-element-f046710\" data-id=\"f046710\" data-element_type=\"column\">\n\t\t\t<div class=\"elementor-column-wrap elementor-element-populated\">\n\t\t\t\t\t\t\t<div class=\"elementor-widget-wrap\">\n\t\t\t\t\t\t<div class=\"elementor-element elementor-element-5bbd61c elementor-invisible elementor-widget elementor-widget-heading\" data-id=\"5bbd61c\" data-element_type=\"widget\" data-settings=\"{&quot;_animation&quot;:&quot;fadeIn&quot;,&quot;_animation_delay&quot;:500}\" data-widget_type=\"heading.default\">\n\t\t\t\t<div class=\"elementor-widget-container\">\n\t\t\t<h2 class=\"elementor-heading-title elementor-size-default\">Koszyk\u00f3wka 12.10.2021 r.<\/h2>\t\t<\/div>\n\t\t\t\t<\/div>\n\t\t\t\t<div class=\"elementor-element elementor-element-3781b13 elementor-widget elementor-widget-image\" data-id=\"3781b13\" data-element_type=\"widget\" data-widget_type=\"image.default\">\n\t\t\t\t<div class=\"elementor-widget-container\">\n\t\t\t\t\t\t\t\t<div class=\"elementor-image\">\n\t\t\t\t\t\t\t\t\t\t\t\t<img width=\"1024\" height=\"989\" src=\"http:\/\/ekonomik.opole.pl\/eko3\/wp-content\/uploads\/2021\/12\/koszykowce-chlopcow-1024x989.jpeg\" class=\"attachment-large size-large\" alt=\"koszyk\u00f3wce ch\u0142opc\u00f3w\" loading=\"lazy\" srcset=\"http:\/\/ekonomik.opole.pl\/eko3\/wp-content\/uploads\/2021\/12\/koszykowce-chlopcow-1024x989.jpeg 1024w, http:\/\/ekonomik.opole.pl\/eko3\/wp-content\/uploads\/2021\/12\/koszykowce-chlopcow-300x290.jpeg 300w, http:\/\/ekonomik.opole.pl\/eko3\/wp-content\/uploads\/2021\/12\/koszykowce-chlopcow-768x742.jpeg 768w, http:\/\/ekonomik.opole.pl\/eko3\/wp-content\/uploads\/2021\/12\/koszykowce-chlopcow-1536x1483.jpeg 1536w, http:\/\/ekonomik.opole.pl\/eko3\/wp-content\/uploads\/2021\/12\/koszykowce-chlopcow-1360x1313.jpeg 1360w, http:\/\/ekonomik.opole.pl\/eko3\/wp-content\/uploads\/2021\/12\/koszykowce-chlopcow-680x657.jpeg 680w, http:\/\/ekonomik.opole.pl\/eko3\/wp-content\/uploads\/2021\/12\/koszykowce-chlopcow.jpeg 1804w\" sizes=\"(max-width: 1024px) 100vw, 1024px\" \/>\t\t\t\t\t\t\t\t\t\t\t\t\t\t<\/div>\n\t\t\t\t\t\t<\/div>\n\t\t\t\t<\/div>\n\t\t\t\t<div class=\"elementor-element elementor-element-7f13182 elementor-widget elementor-widget-text-editor\" data-id=\"7f13182\" data-element_type=\"widget\" data-widget_type=\"text-editor.default\">\n\t\t\t\t<div class=\"elementor-widget-container\">\n\t\t\t\t\t\t\t\t<div class=\"elementor-text-editor elementor-clearfix\">\n\t\t\t\t\t<p>Reprezentacja Zespo\u0142u Szk\u00f3\u0142 Ekonomicznych w koszyk\u00f3wce ch\u0142opc\u00f3w wywalczy\u0142a awans do turnieju bara\u017cowego o fina\u0142 Mistrzostw Miasta Opola. Po pewnym zwyci\u0119stwie nad LO V i przegranym meczu z faworytem Mistrzostw &#8211; LO 2 nasz zesp\u00f3\u0142 zaj\u0105\u0142 II miejsce w grupie A , kt\u00f3re jest premiowane gr\u0105 w turnieju bara\u017cowym.<\/p>\t\t\t\t\t<\/div>\n\t\t\t\t\t\t<\/div>\n\t\t\t\t<\/div>\n\t\t\t\t<div class=\"elementor-element elementor-element-073fb69 elementor-widget elementor-widget-text-editor\" data-id=\"073fb69\" data-element_type=\"widget\" data-widget_type=\"text-editor.default\">\n\t\t\t\t<div class=\"elementor-widget-container\">\n\t\t\t\t\t\t\t\t<div class=\"elementor-text-editor elementor-clearfix\">\n\t\t\t\t\t<p><strong>Sk\u0142ad zespo\u0142u:<\/strong><\/p><ul><li>Szymon J\u0119drzejczak<\/li><li>Jonatan Anderst<\/li><li>Tytus \u0141ysiak<\/li><li>Marcel Nowak<\/li><li>Jakub Pawelec<\/li><li>Lukas Krumpietz<\/li><li>Filip Fortuna<\/li><li>Micha\u0142 Florek<\/li><li>Antoni Kuku\u0142a<\/li><\/ul><p><strong>Trener:\u00a0<\/strong>Pan Wojciech Aksamit<\/p>\t\t\t\t\t<\/div>\n\t\t\t\t\t\t<\/div>\n\t\t\t\t<\/div>\n\t\t\t\t<div class=\"elementor-element elementor-element-22797f7 elementor-widget elementor-widget-text-editor\" data-id=\"22797f7\" data-element_type=\"widget\" data-widget_type=\"text-editor.default\">\n\t\t\t\t<div class=\"elementor-widget-container\">\n\t\t\t\t\t\t\t\t<div class=\"elementor-text-editor elementor-clearfix\">\n\t\t\t\t\t<p>Dzi\u0119kujemy wszystkim za udzia\u0142 w zawodach, za zaanga\u017cowanie i wspania\u0142y klimat.<\/p>\t\t\t\t\t<\/div>\n\t\t\t\t\t\t<\/div>\n\t\t\t\t<\/div>\n\t\t\t\t\t\t<\/div>\n\t\t\t\t\t<\/div>\n\t\t<\/div>\n\t\t\t\t\t\t\t\t<\/div>\n\t\t\t\t\t<\/div>\n\t\t<\/section>\n\t\t\t\t<section class=\"elementor-section elementor-top-section elementor-element elementor-element-2c235a7 elementor-section-boxed elementor-section-height-default elementor-section-height-default\" data-id=\"2c235a7\" data-element_type=\"section\">\n\t\t\t\t\t\t<div class=\"elementor-container elementor-column-gap-default\">\n\t\t\t\t\t\t\t<div class=\"elementor-row\">\n\t\t\t\t\t<div class=\"elementor-column elementor-col-100 elementor-top-column elementor-element elementor-element-84239df\" data-id=\"84239df\" data-element_type=\"column\">\n\t\t\t<div class=\"elementor-column-wrap elementor-element-populated\">\n\t\t\t\t\t\t\t<div class=\"elementor-widget-wrap\">\n\t\t\t\t\t\t<div class=\"elementor-element elementor-element-c30422d elementor-invisible elementor-widget elementor-widget-heading\" data-id=\"c30422d\" data-element_type=\"widget\" data-settings=\"{&quot;_animation&quot;:&quot;fadeIn&quot;,&quot;_animation_delay&quot;:500}\" data-widget_type=\"heading.default\">\n\t\t\t\t<div class=\"elementor-widget-container\">\n\t\t\t<h2 class=\"elementor-heading-title elementor-size-default\">Sztafetowe Biegi Prze\u0142ajowe 01.10.2021 r.<\/h2>\t\t<\/div>\n\t\t\t\t<\/div>\n\t\t\t\t<div class=\"elementor-element elementor-element-96b46ba elementor-widget elementor-widget-image\" data-id=\"96b46ba\" data-element_type=\"widget\" data-widget_type=\"image.default\">\n\t\t\t\t<div class=\"elementor-widget-container\">\n\t\t\t\t\t\t\t\t<div class=\"elementor-image\">\n\t\t\t\t\t\t\t\t\t\t\t\t<img width=\"1024\" height=\"576\" src=\"http:\/\/ekonomik.opole.pl\/eko3\/wp-content\/uploads\/2021\/12\/Sztafetowe-Biegi-Przelajowe-1024x576.jpeg\" class=\"attachment-large size-large\" alt=\"Sztafetowe Biegi Prze\u0142ajowe\" loading=\"lazy\" srcset=\"http:\/\/ekonomik.opole.pl\/eko3\/wp-content\/uploads\/2021\/12\/Sztafetowe-Biegi-Przelajowe-1024x576.jpeg 1024w, http:\/\/ekonomik.opole.pl\/eko3\/wp-content\/uploads\/2021\/12\/Sztafetowe-Biegi-Przelajowe-300x169.jpeg 300w, http:\/\/ekonomik.opole.pl\/eko3\/wp-content\/uploads\/2021\/12\/Sztafetowe-Biegi-Przelajowe-768x432.jpeg 768w, http:\/\/ekonomik.opole.pl\/eko3\/wp-content\/uploads\/2021\/12\/Sztafetowe-Biegi-Przelajowe-680x383.jpeg 680w, http:\/\/ekonomik.opole.pl\/eko3\/wp-content\/uploads\/2021\/12\/Sztafetowe-Biegi-Przelajowe.jpeg 1200w\" sizes=\"(max-width: 1024px) 100vw, 1024px\" \/>\t\t\t\t\t\t\t\t\t\t\t\t\t\t<\/div>\n\t\t\t\t\t\t<\/div>\n\t\t\t\t<\/div>\n\t\t\t\t<div class=\"elementor-element elementor-element-105eca8 elementor-widget elementor-widget-text-editor\" data-id=\"105eca8\" data-element_type=\"widget\" data-widget_type=\"text-editor.default\">\n\t\t\t\t<div class=\"elementor-widget-container\">\n\t\t\t\t\t\t\t\t<div class=\"elementor-text-editor elementor-clearfix\">\n\t\t\t\t\t<p>W sztafetowych biegach prze\u0142ajowych, w konkurencji 6&#215;800 m kobiet i 6&#215;1200 m m\u0119\u017cczyzn zaj\u0119li\u015bmy V miejsce.<\/p>\t\t\t\t\t<\/div>\n\t\t\t\t\t\t<\/div>\n\t\t\t\t<\/div>\n\t\t\t\t<div class=\"elementor-element elementor-element-2003334 elementor-widget elementor-widget-text-editor\" data-id=\"2003334\" data-element_type=\"widget\" data-widget_type=\"text-editor.default\">\n\t\t\t\t<div class=\"elementor-widget-container\">\n\t\t\t\t\t\t\t\t<div class=\"elementor-text-editor elementor-clearfix\">\n\t\t\t\t\t<p><strong>Reprezentacja Ekonomika:<\/strong><br \/><strong>Dziewcz\u0119ta:<\/strong><br \/>1.Natalia Heder<br \/>2.Joanna Hellbah<br \/>3.Agnieszka Krok<br \/>4.Izabela Mechl<br \/>5.Marta Parada<br \/>6.Daria Skiba<br \/>7.Anna KROKER<br \/>8.Vanessa Korgiel<br \/>9.Julia Sollorz<br \/>10.Wiktoria Tymich<\/p><p><strong>Ch\u0142opcy:<\/strong><br \/>1.Lukas Krumpietz<br \/>2.Dawid Nawrat<br \/>3.Kryska Damian<br \/>4.\u0141ukasz Szenawa<br \/>5.Sebastian Zazulak<br \/>6.Aleks Stok\u0142osa<br \/>7.Micha\u0142 Florek<\/p>\t\t\t\t\t<\/div>\n\t\t\t\t\t\t<\/div>\n\t\t\t\t<\/div>\n\t\t\t\t<div class=\"elementor-element elementor-element-e0b647a elementor-widget elementor-widget-text-editor\" data-id=\"e0b647a\" data-element_type=\"widget\" data-widget_type=\"text-editor.default\">\n\t\t\t\t<div class=\"elementor-widget-container\">\n\t\t\t\t\t\t\t\t<div class=\"elementor-text-editor elementor-clearfix\">\n\t\t\t\t\t<p>Dzi\u0119kujemy wszystkim za udzia\u0142 w zawodach, za zaanga\u017cowanie i wspania\u0142y klimat.<\/p>\t\t\t\t\t<\/div>\n\t\t\t\t\t\t<\/div>\n\t\t\t\t<\/div>\n\t\t\t\t\t\t<\/div>\n\t\t\t\t\t<\/div>\n\t\t<\/div>\n\t\t\t\t\t\t\t\t<\/div>\n\t\t\t\t\t<\/div>\n\t\t<\/section>\n\t\t\t\t<section class=\"elementor-section elementor-top-section elementor-element elementor-element-7fa969f elementor-section-boxed elementor-section-height-default elementor-section-height-default\" data-id=\"7fa969f\" data-element_type=\"section\">\n\t\t\t\t\t\t<div class=\"elementor-container elementor-column-gap-default\">\n\t\t\t\t\t\t\t<div class=\"elementor-row\">\n\t\t\t\t\t<div class=\"elementor-column elementor-col-100 elementor-top-column elementor-element elementor-element-6c9abe0\" data-id=\"6c9abe0\" data-element_type=\"column\">\n\t\t\t<div class=\"elementor-column-wrap elementor-element-populated\">\n\t\t\t\t\t\t\t<div class=\"elementor-widget-wrap\">\n\t\t\t\t\t\t<div class=\"elementor-element elementor-element-0aaf2a3 elementor-invisible elementor-widget elementor-widget-heading\" data-id=\"0aaf2a3\" data-element_type=\"widget\" data-settings=\"{&quot;_animation&quot;:&quot;fadeIn&quot;,&quot;_animation_delay&quot;:500}\" data-widget_type=\"heading.default\">\n\t\t\t\t<div class=\"elementor-widget-container\">\n\t\t\t<h2 class=\"elementor-heading-title elementor-size-default\">Tenis sto\u0142owy 11.10.2021 r.<\/h2>\t\t<\/div>\n\t\t\t\t<\/div>\n\t\t\t\t<div class=\"elementor-element elementor-element-80e9a1c elementor-widget elementor-widget-image\" data-id=\"80e9a1c\" data-element_type=\"widget\" data-widget_type=\"image.default\">\n\t\t\t\t<div class=\"elementor-widget-container\">\n\t\t\t\t\t\t\t\t<div class=\"elementor-image\">\n\t\t\t\t\t\t\t\t\t\t\t\t<img width=\"960\" height=\"578\" src=\"http:\/\/ekonomik.opole.pl\/eko3\/wp-content\/uploads\/2021\/12\/tenis-stolowy.jpeg\" class=\"attachment-large size-large\" alt=\"Tenis sto\u0142owy\" loading=\"lazy\" srcset=\"http:\/\/ekonomik.opole.pl\/eko3\/wp-content\/uploads\/2021\/12\/tenis-stolowy.jpeg 960w, http:\/\/ekonomik.opole.pl\/eko3\/wp-content\/uploads\/2021\/12\/tenis-stolowy-300x181.jpeg 300w, http:\/\/ekonomik.opole.pl\/eko3\/wp-content\/uploads\/2021\/12\/tenis-stolowy-768x462.jpeg 768w, http:\/\/ekonomik.opole.pl\/eko3\/wp-content\/uploads\/2021\/12\/tenis-stolowy-680x409.jpeg 680w\" sizes=\"(max-width: 960px) 100vw, 960px\" \/>\t\t\t\t\t\t\t\t\t\t\t\t\t\t<\/div>\n\t\t\t\t\t\t<\/div>\n\t\t\t\t<\/div>\n\t\t\t\t<div class=\"elementor-element elementor-element-0553771 elementor-widget elementor-widget-text-editor\" data-id=\"0553771\" data-element_type=\"widget\" data-widget_type=\"text-editor.default\">\n\t\t\t\t<div class=\"elementor-widget-container\">\n\t\t\t\t\t\t\t\t<div class=\"elementor-text-editor elementor-clearfix\">\n\t\t\t\t\t<p>11 pa\u017adziernika odby\u0142 si\u0119 najstarszy szkolny turniej sportowy: Mistrzostwa Szko\u0142y w tenisie sto\u0142owym. W zawodach udzia\u0142 wzi\u0119\u0142o 24 uczni\u00f3w reprezentuj\u0105cych swoje klasy.<\/p>\t\t\t\t\t<\/div>\n\t\t\t\t\t\t<\/div>\n\t\t\t\t<\/div>\n\t\t\t\t<div class=\"elementor-element elementor-element-85f1c60 elementor-widget elementor-widget-text-editor\" data-id=\"85f1c60\" data-element_type=\"widget\" data-widget_type=\"text-editor.default\">\n\t\t\t\t<div class=\"elementor-widget-container\">\n\t\t\t\t\t\t\t\t<div class=\"elementor-text-editor elementor-clearfix\">\n\t\t\t\t\t<p>Najlepszym zawodnikom pami\u0105tkowe medale i dyplomy wr\u0119czyli organizatorzy tego turnieju Pani Janina Ficek i Pan Krzysztof Bartnik.<\/p><p><strong>Kategoria dziewcz\u0105t:<\/strong><\/p><ul><li>KAROLINA LASMAN 2C<\/li><li>PATRYCJA BROJ 3F<\/li><li>JOANNA HELLBACH 1F<\/li><li>PAULINA FALTIN 1C<\/li><\/ul><p><strong>Kategoria ch\u0142opc\u00f3w:<\/strong><\/p><ul><li>ADAM LINEK 3B<\/li><li>MARCIN ZAREMBA 4G<\/li><li>MATEUSZ ADASZY\u0143SKI 1B<\/li><li>DAMIAN WALICKI 2F<\/li><\/ul><p>Gratulacje<\/p>\t\t\t\t\t<\/div>\n\t\t\t\t\t\t<\/div>\n\t\t\t\t<\/div>\n\t\t\t\t<div class=\"elementor-element elementor-element-7c27311 elementor-widget elementor-widget-image-gallery\" data-id=\"7c27311\" data-element_type=\"widget\" data-widget_type=\"image-gallery.default\">\n\t\t\t\t<div class=\"elementor-widget-container\">\n\t\t\t\t\t<div class=\"elementor-image-gallery\">\n\t\t\t<div id='gallery-1' class='gallery galleryid-994382 gallery-columns-3 gallery-size-medium_large'><figure class='gallery-item'>\n\t\t\t<div class='gallery-icon landscape'>\n\t\t\t\t<a data-elementor-open-lightbox=\"yes\" data-elementor-lightbox-slideshow=\"7c27311\" data-elementor-lightbox-title=\"tenis-stolowy6\" data-elementor-lightbox-description=\"Tenis sto\u0142owy\" href='http:\/\/ekonomik.opole.pl\/eko3\/wp-content\/uploads\/2021\/12\/tenis-stolowy6.jpeg'><img width=\"768\" height=\"464\" src=\"http:\/\/ekonomik.opole.pl\/eko3\/wp-content\/uploads\/2021\/12\/tenis-stolowy6-768x464.jpeg\" class=\"attachment-medium_large size-medium_large\" alt=\"Tenis sto\u0142owy\" loading=\"lazy\" aria-describedby=\"gallery-1-994407\" srcset=\"http:\/\/ekonomik.opole.pl\/eko3\/wp-content\/uploads\/2021\/12\/tenis-stolowy6-768x464.jpeg 768w, http:\/\/ekonomik.opole.pl\/eko3\/wp-content\/uploads\/2021\/12\/tenis-stolowy6-300x181.jpeg 300w, http:\/\/ekonomik.opole.pl\/eko3\/wp-content\/uploads\/2021\/12\/tenis-stolowy6-680x411.jpeg 680w, http:\/\/ekonomik.opole.pl\/eko3\/wp-content\/uploads\/2021\/12\/tenis-stolowy6.jpeg 960w\" sizes=\"(max-width: 768px) 100vw, 768px\" \/><\/a>\n\t\t\t<\/div>\n\t\t\t\t<figcaption class='wp-caption-text gallery-caption' id='gallery-1-994407'>\n\t\t\t\tTenis sto\u0142owy\n\t\t\t\t<\/figcaption><\/figure><figure class='gallery-item'>\n\t\t\t<div class='gallery-icon landscape'>\n\t\t\t\t<a data-elementor-open-lightbox=\"yes\" data-elementor-lightbox-slideshow=\"7c27311\" data-elementor-lightbox-title=\"tenis-stolowy7\" data-elementor-lightbox-description=\"Tenis sto\u0142owy\" href='http:\/\/ekonomik.opole.pl\/eko3\/wp-content\/uploads\/2021\/12\/tenis-stolowy7.jpeg'><img width=\"768\" height=\"464\" src=\"http:\/\/ekonomik.opole.pl\/eko3\/wp-content\/uploads\/2021\/12\/tenis-stolowy7-768x464.jpeg\" class=\"attachment-medium_large size-medium_large\" alt=\"Tenis sto\u0142owy\" loading=\"lazy\" aria-describedby=\"gallery-1-994408\" srcset=\"http:\/\/ekonomik.opole.pl\/eko3\/wp-content\/uploads\/2021\/12\/tenis-stolowy7-768x464.jpeg 768w, http:\/\/ekonomik.opole.pl\/eko3\/wp-content\/uploads\/2021\/12\/tenis-stolowy7-300x181.jpeg 300w, http:\/\/ekonomik.opole.pl\/eko3\/wp-content\/uploads\/2021\/12\/tenis-stolowy7-680x411.jpeg 680w, http:\/\/ekonomik.opole.pl\/eko3\/wp-content\/uploads\/2021\/12\/tenis-stolowy7.jpeg 960w\" sizes=\"(max-width: 768px) 100vw, 768px\" \/><\/a>\n\t\t\t<\/div>\n\t\t\t\t<figcaption class='wp-caption-text gallery-caption' id='gallery-1-994408'>\n\t\t\t\tTenis sto\u0142owy\n\t\t\t\t<\/figcaption><\/figure><figure class='gallery-item'>\n\t\t\t<div class='gallery-icon landscape'>\n\t\t\t\t<a data-elementor-open-lightbox=\"yes\" data-elementor-lightbox-slideshow=\"7c27311\" data-elementor-lightbox-title=\"tenis-stolowy2\" data-elementor-lightbox-description=\"Tenis sto\u0142owy\" href='http:\/\/ekonomik.opole.pl\/eko3\/wp-content\/uploads\/2021\/12\/tenis-stolowy2.jpeg'><img width=\"768\" height=\"464\" src=\"http:\/\/ekonomik.opole.pl\/eko3\/wp-content\/uploads\/2021\/12\/tenis-stolowy2-768x464.jpeg\" class=\"attachment-medium_large size-medium_large\" alt=\"Tenis sto\u0142owy\" loading=\"lazy\" aria-describedby=\"gallery-1-994409\" srcset=\"http:\/\/ekonomik.opole.pl\/eko3\/wp-content\/uploads\/2021\/12\/tenis-stolowy2-768x464.jpeg 768w, http:\/\/ekonomik.opole.pl\/eko3\/wp-content\/uploads\/2021\/12\/tenis-stolowy2-300x181.jpeg 300w, http:\/\/ekonomik.opole.pl\/eko3\/wp-content\/uploads\/2021\/12\/tenis-stolowy2-680x411.jpeg 680w, http:\/\/ekonomik.opole.pl\/eko3\/wp-content\/uploads\/2021\/12\/tenis-stolowy2.jpeg 960w\" sizes=\"(max-width: 768px) 100vw, 768px\" \/><\/a>\n\t\t\t<\/div>\n\t\t\t\t<figcaption class='wp-caption-text gallery-caption' id='gallery-1-994409'>\n\t\t\t\tTenis sto\u0142owy\n\t\t\t\t<\/figcaption><\/figure><figure class='gallery-item'>\n\t\t\t<div class='gallery-icon landscape'>\n\t\t\t\t<a data-elementor-open-lightbox=\"yes\" data-elementor-lightbox-slideshow=\"7c27311\" data-elementor-lightbox-title=\"tenis-stolowy3\" data-elementor-lightbox-description=\"Tenis sto\u0142owy\" href='http:\/\/ekonomik.opole.pl\/eko3\/wp-content\/uploads\/2021\/12\/tenis-stolowy3.jpeg'><img width=\"768\" height=\"464\" src=\"http:\/\/ekonomik.opole.pl\/eko3\/wp-content\/uploads\/2021\/12\/tenis-stolowy3-768x464.jpeg\" class=\"attachment-medium_large size-medium_large\" alt=\"Tenis sto\u0142owy\" loading=\"lazy\" aria-describedby=\"gallery-1-994410\" srcset=\"http:\/\/ekonomik.opole.pl\/eko3\/wp-content\/uploads\/2021\/12\/tenis-stolowy3-768x464.jpeg 768w, http:\/\/ekonomik.opole.pl\/eko3\/wp-content\/uploads\/2021\/12\/tenis-stolowy3-300x181.jpeg 300w, http:\/\/ekonomik.opole.pl\/eko3\/wp-content\/uploads\/2021\/12\/tenis-stolowy3-680x411.jpeg 680w, http:\/\/ekonomik.opole.pl\/eko3\/wp-content\/uploads\/2021\/12\/tenis-stolowy3.jpeg 960w\" sizes=\"(max-width: 768px) 100vw, 768px\" \/><\/a>\n\t\t\t<\/div>\n\t\t\t\t<figcaption class='wp-caption-text gallery-caption' id='gallery-1-994410'>\n\t\t\t\tTenis sto\u0142owy\n\t\t\t\t<\/figcaption><\/figure><figure class='gallery-item'>\n\t\t\t<div class='gallery-icon landscape'>\n\t\t\t\t<a data-elementor-open-lightbox=\"yes\" data-elementor-lightbox-slideshow=\"7c27311\" data-elementor-lightbox-title=\"tenis-stolowy4\" data-elementor-lightbox-description=\"Tenis sto\u0142owy\" href='http:\/\/ekonomik.opole.pl\/eko3\/wp-content\/uploads\/2021\/12\/tenis-stolowy4.jpeg'><img width=\"768\" height=\"464\" src=\"http:\/\/ekonomik.opole.pl\/eko3\/wp-content\/uploads\/2021\/12\/tenis-stolowy4-768x464.jpeg\" class=\"attachment-medium_large size-medium_large\" alt=\"Tenis sto\u0142owy\" loading=\"lazy\" aria-describedby=\"gallery-1-994411\" srcset=\"http:\/\/ekonomik.opole.pl\/eko3\/wp-content\/uploads\/2021\/12\/tenis-stolowy4-768x464.jpeg 768w, http:\/\/ekonomik.opole.pl\/eko3\/wp-content\/uploads\/2021\/12\/tenis-stolowy4-300x181.jpeg 300w, http:\/\/ekonomik.opole.pl\/eko3\/wp-content\/uploads\/2021\/12\/tenis-stolowy4-680x411.jpeg 680w, http:\/\/ekonomik.opole.pl\/eko3\/wp-content\/uploads\/2021\/12\/tenis-stolowy4.jpeg 960w\" sizes=\"(max-width: 768px) 100vw, 768px\" \/><\/a>\n\t\t\t<\/div>\n\t\t\t\t<figcaption class='wp-caption-text gallery-caption' id='gallery-1-994411'>\n\t\t\t\tTenis sto\u0142owy\n\t\t\t\t<\/figcaption><\/figure><figure class='gallery-item'>\n\t\t\t<div class='gallery-icon landscape'>\n\t\t\t\t<a data-elementor-open-lightbox=\"yes\" data-elementor-lightbox-slideshow=\"7c27311\" data-elementor-lightbox-title=\"tenis-stolowy5\" data-elementor-lightbox-description=\"Tenis sto\u0142owy\" href='http:\/\/ekonomik.opole.pl\/eko3\/wp-content\/uploads\/2021\/12\/tenis-stolowy5.jpeg'><img width=\"768\" height=\"464\" src=\"http:\/\/ekonomik.opole.pl\/eko3\/wp-content\/uploads\/2021\/12\/tenis-stolowy5-768x464.jpeg\" class=\"attachment-medium_large size-medium_large\" alt=\"Tenis sto\u0142owy\" loading=\"lazy\" aria-describedby=\"gallery-1-994412\" srcset=\"http:\/\/ekonomik.opole.pl\/eko3\/wp-content\/uploads\/2021\/12\/tenis-stolowy5-768x464.jpeg 768w, http:\/\/ekonomik.opole.pl\/eko3\/wp-content\/uploads\/2021\/12\/tenis-stolowy5-300x181.jpeg 300w, http:\/\/ekonomik.opole.pl\/eko3\/wp-content\/uploads\/2021\/12\/tenis-stolowy5-680x411.jpeg 680w, http:\/\/ekonomik.opole.pl\/eko3\/wp-content\/uploads\/2021\/12\/tenis-stolowy5.jpeg 960w\" sizes=\"(max-width: 768px) 100vw, 768px\" \/><\/a>\n\t\t\t<\/div>\n\t\t\t\t<figcaption class='wp-caption-text gallery-caption' id='gallery-1-994412'>\n\t\t\t\tTenis sto\u0142owy\n\t\t\t\t<\/figcaption><\/figure>\n\t\t<\/div>\n\t\t<\/div>\n\t\t\t\t<\/div>\n\t\t\t\t<\/div>\n\t\t\t\t\t\t<\/div>\n\t\t\t\t\t<\/div>\n\t\t<\/div>\n\t\t\t\t\t\t\t\t<\/div>\n\t\t\t\t\t<\/div>\n\t\t<\/section>\n\t\t\t\t<section class=\"elementor-section elementor-top-section elementor-element elementor-element-5b814299 elementor-section-boxed elementor-section-height-default elementor-section-height-default\" data-id=\"5b814299\" data-element_type=\"section\">\n\t\t\t\t\t\t<div class=\"elementor-container elementor-column-gap-default\">\n\t\t\t\t\t\t\t<div class=\"elementor-row\">\n\t\t\t\t\t<div class=\"elementor-column elementor-col-100 elementor-top-column elementor-element elementor-element-73765c6d\" data-id=\"73765c6d\" data-element_type=\"column\">\n\t\t\t<div class=\"elementor-column-wrap elementor-element-populated\">\n\t\t\t\t\t\t\t<div class=\"elementor-widget-wrap\">\n\t\t\t\t\t\t<div class=\"elementor-element elementor-element-7d1b7193 elementor-widget elementor-widget-spacer\" data-id=\"7d1b7193\" data-element_type=\"widget\" data-widget_type=\"spacer.default\">\n\t\t\t\t<div class=\"elementor-widget-container\">\n\t\t\t\t\t<div class=\"elementor-spacer\">\n\t\t\t<div class=\"elementor-spacer-inner\"><\/div>\n\t\t<\/div>\n\t\t\t\t<\/div>\n\t\t\t\t<\/div>\n\t\t\t\t\t\t<\/div>\n\t\t\t\t\t<\/div>\n\t\t<\/div>\n\t\t\t\t\t\t\t\t<\/div>\n\t\t\t\t\t<\/div>\n\t\t<\/section>\n\t\t\t\t<section class=\"elementor-section elementor-top-section elementor-element elementor-element-5efa62e0 elementor-section-boxed elementor-section-height-default elementor-section-height-default\" data-id=\"5efa62e0\" data-element_type=\"section\">\n\t\t\t\t\t\t<div class=\"elementor-container elementor-column-gap-default\">\n\t\t\t\t\t\t\t<div class=\"elementor-row\">\n\t\t\t\t\t<div class=\"elementor-column elementor-col-100 elementor-top-column elementor-element elementor-element-6844a267\" data-id=\"6844a267\" data-element_type=\"column\">\n\t\t\t<div class=\"elementor-column-wrap elementor-element-populated\">\n\t\t\t\t\t\t\t<div class=\"elementor-widget-wrap\">\n\t\t\t\t\t\t<div class=\"elementor-element elementor-element-6ffd4b6 elementor-widget-divider--view-line elementor-widget elementor-widget-divider\" data-id=\"6ffd4b6\" data-element_type=\"widget\" data-widget_type=\"divider.default\">\n\t\t\t\t<div class=\"elementor-widget-container\">\n\t\t\t\t\t<div class=\"elementor-divider\">\n\t\t\t<span class=\"elementor-divider-separator\">\n\t\t\t\t\t\t<\/span>\n\t\t<\/div>\n\t\t\t\t<\/div>\n\t\t\t\t<\/div>\n\t\t\t\t\t\t<\/div>\n\t\t\t\t\t<\/div>\n\t\t<\/div>\n\t\t\t\t\t\t\t\t<\/div>\n\t\t\t\t\t<\/div>\n\t\t<\/section>\n\t\t\t\t<section class=\"elementor-section elementor-top-section elementor-element elementor-element-7b59dc79 elementor-section-boxed elementor-section-height-default elementor-section-height-default\" data-id=\"7b59dc79\" data-element_type=\"section\">\n\t\t\t\t\t\t<div class=\"elementor-container elementor-column-gap-default\">\n\t\t\t\t\t\t\t<div class=\"elementor-row\">\n\t\t\t\t\t<div class=\"elementor-column elementor-col-100 elementor-top-column elementor-element elementor-element-3a387b6c\" data-id=\"3a387b6c\" data-element_type=\"column\">\n\t\t\t<div class=\"elementor-column-wrap elementor-element-populated\">\n\t\t\t\t\t\t\t<div class=\"elementor-widget-wrap\">\n\t\t\t\t\t\t<div class=\"elementor-element elementor-element-43ff5697 elementor-widget elementor-widget-heading\" data-id=\"43ff5697\" data-element_type=\"widget\" data-widget_type=\"heading.default\">\n\t\t\t\t<div class=\"elementor-widget-container\">\n\t\t\t<h6 class=\"elementor-heading-title elementor-size-default\">sortuj wed\u0142ug wybranych tag\u00f3w i kategorii:<\/h6>\t\t<\/div>\n\t\t\t\t<\/div>\n\t\t\t\t\t\t<\/div>\n\t\t\t\t\t<\/div>\n\t\t<\/div>\n\t\t\t\t\t\t\t\t<\/div>\n\t\t\t\t\t<\/div>\n\t\t<\/section>\n\t\t\t\t\t\t<\/div>\n\t\t\t\t\t\t<\/div>\n\t\t\t\t\t<\/div>\n\t\t","protected":false},"excerpt":{"rendered":"<p>Startujemy&#8230; i wygrywamy W tym roku szkolnym wiele zawod\u00f3w nie odby\u0142o si\u0119 z oczywistych powod\u00f3w. Cieszymy si\u0119 z tych, kt\u00f3re uda\u0142o si\u0119 przeprowadzi\u0107 i tam nie zawiedli\u015bmy. Sport to jedna z najja\u015bniejszych wizyt\u00f3wek naszej szko\u0142y. Zobaczcie sami. Fina\u0142 halowej pi\u0142ki no\u017cnej 23.10.2021 r. M\u0119ska reprezentacja Ekonomika w wy\u015bmienitym stylu awansowa\u0142a do miejskiego fina\u0142u halowej pi\u0142ki&#8230;<\/p>\n","protected":false},"author":1,"featured_media":994416,"comment_status":"closed","ping_status":"open","sticky":false,"template":"","format":"standard","meta":{"inline_featured_image":false},"categories":[134],"tags":[137,248,126,249],"_links":{"self":[{"href":"http:\/\/ekonomik.opole.pl\/eko3\/wp-json\/wp\/v2\/posts\/994382"}],"collection":[{"href":"http:\/\/ekonomik.opole.pl\/eko3\/wp-json\/wp\/v2\/posts"}],"about":[{"href":"http:\/\/ekonomik.opole.pl\/eko3\/wp-json\/wp\/v2\/types\/post"}],"author":[{"embeddable":true,"href":"http:\/\/ekonomik.opole.pl\/eko3\/wp-json\/wp\/v2\/users\/1"}],"replies":[{"embeddable":true,"href":"http:\/\/ekonomik.opole.pl\/eko3\/wp-json\/wp\/v2\/comments?post=994382"}],"version-history":[{"count":29,"href":"http:\/\/ekonomik.opole.pl\/eko3\/wp-json\/wp\/v2\/posts\/994382\/revisions"}],"predecessor-version":[{"id":994424,"href":"http:\/\/ekonomik.opole.pl\/eko3\/wp-json\/wp\/v2\/posts\/994382\/revisions\/994424"}],"wp:featuredmedia":[{"embeddable":true,"href":"http:\/\/ekonomik.opole.pl\/eko3\/wp-json\/wp\/v2\/media\/994416"}],"wp:attachment":[{"href":"http:\/\/ekonomik.opole.pl\/eko3\/wp-json\/wp\/v2\/media?parent=994382"}],"wp:term":[{"taxonomy":"category","embeddable":true,"href":"http:\/\/ekonomik.opole.pl\/eko3\/wp-json\/wp\/v2\/categories?post=994382"},{"taxonomy":"post_tag","embeddable":true,"href":"http:\/\/ekonomik.opole.pl\/eko3\/wp-json\/wp\/v2\/tags?post=994382"}],"curies":[{"name":"wp","href":"https:\/\/api.w.org\/{rel}","templated":true}]}}