{"id":994435,"date":"2022-01-05T13:52:37","date_gmt":"2022-01-05T12:52:37","guid":{"rendered":"http:\/\/ekonomik.opole.pl\/eko3\/?p=994435"},"modified":"2022-01-05T13:57:42","modified_gmt":"2022-01-05T12:57:42","slug":"lista-zwycieskich-projektow-w-ramach-pilotazowego-programu-szkolny-budzet-uczniowski","status":"publish","type":"post","link":"http:\/\/ekonomik.opole.pl\/eko3\/lista-zwycieskich-projektow-w-ramach-pilotazowego-programu-szkolny-budzet-uczniowski\/","title":{"rendered":"Lista zwyci\u0119skich projekt\u00f3w w ramach Pilota\u017cowego Programu &#8222;Szkolny Bud\u017cet Uczniowski&#8221;"},"content":{"rendered":"\t\t<div data-elementor-type=\"wp-post\" data-elementor-id=\"994435\" class=\"elementor elementor-994435\" data-elementor-settings=\"[]\">\n\t\t\t\t\t\t<div class=\"elementor-inner\">\n\t\t\t\t\t\t\t<div class=\"elementor-section-wrap\">\n\t\t\t\t\t\t\t<section class=\"elementor-section elementor-top-section elementor-element elementor-element-aad725a elementor-section-full_width elementor-section-height-default elementor-section-height-default\" data-id=\"aad725a\" data-element_type=\"section\">\n\t\t\t\t\t\t<div class=\"elementor-container elementor-column-gap-default\">\n\t\t\t\t\t\t\t<div class=\"elementor-row\">\n\t\t\t\t\t<div class=\"elementor-column elementor-col-100 elementor-top-column elementor-element elementor-element-5b43715b\" data-id=\"5b43715b\" data-element_type=\"column\">\n\t\t\t<div class=\"elementor-column-wrap elementor-element-populated\">\n\t\t\t\t\t\t\t<div class=\"elementor-widget-wrap\">\n\t\t\t\t\t\t<div class=\"elementor-element elementor-element-3e7588a7 elementor-widget-divider--view-line elementor-widget elementor-widget-divider\" data-id=\"3e7588a7\" data-element_type=\"widget\" data-widget_type=\"divider.default\">\n\t\t\t\t<div class=\"elementor-widget-container\">\n\t\t\t\t\t<div class=\"elementor-divider\">\n\t\t\t<span class=\"elementor-divider-separator\">\n\t\t\t\t\t\t<\/span>\n\t\t<\/div>\n\t\t\t\t<\/div>\n\t\t\t\t<\/div>\n\t\t\t\t<div class=\"elementor-element elementor-element-38e4c94f elementor-widget elementor-widget-heading\" data-id=\"38e4c94f\" data-element_type=\"widget\" data-widget_type=\"heading.default\">\n\t\t\t\t<div class=\"elementor-widget-container\">\n\t\t\t<h3 class=\"elementor-heading-title elementor-size-default\">Zwyci\u0119ski projekt - HIGHLIGHTS (CLASS)ROOM \u2013 klasa kreatywna & Em Cafe<\/h3>\t\t<\/div>\n\t\t\t\t<\/div>\n\t\t\t\t<div class=\"elementor-element elementor-element-1d588a9 elementor-widget elementor-widget-text-editor\" data-id=\"1d588a9\" data-element_type=\"widget\" data-widget_type=\"text-editor.default\">\n\t\t\t\t<div class=\"elementor-widget-container\">\n\t\t\t\t\t\t\t\t<div class=\"elementor-text-editor elementor-clearfix\">\n\t\t\t\t\t<p>Celem projektu jest zmiana sali 28 w innowacyjne, komfortowe, przyjazne dla uczni\u00f3w i nauczycieli pomieszczenie lekcyjne. Sala zostanie odmalowana, pozostan\u0105 w niej b\u0119d\u0105ce ju\u017c tam tablica multimedialna i rzutnik. Planowane jest dokupienie czterech zestaw\u00f3w \u201eokr\u0105g\u0142y st\u00f3\u0142 i cztery krzes\u0142a\u201d, 15 puf oraz 15 podk\u0142adek pod laptopy z dost\u0119pem do instalacji elektrycznej, dywan, biurko i krzes\u0142o dla nauczyciela oraz lampka biurkowa plus elementy dekoracyjne.<br \/>Druga cz\u0119\u015b\u0107 projektu przewiduje zakup 4 stolik\u00f3w barowych, 3 barowych krzese\u0142, 2 kanap, 3 czajnik\u00f3w, 2 mikrofal\u00f3wek i stolika kawowego.<\/p>\n<p>\u00a0<\/p>\n<p><strong>Za\u0142o\u017ceniem projektu jest udost\u0119pnienie uczniom na korytarzu obok sali 56 strefy gastronomicznej wyposa\u017conej <\/strong><strong>w potrzebny sprz\u0119t AGD.<\/strong><\/p>\n<p>+ Szacunkowy koszt projektu (obu cz\u0119\u015bci) 19960,00z\u0142<\/p>\n<p>+ Projekt dotyczy wszystkich uczni\u00f3w szko\u0142y (834 osoby).<\/p>\n<p>\u00a0<\/p>\t\t\t\t\t<\/div>\n\t\t\t\t\t\t<\/div>\n\t\t\t\t<\/div>\n\t\t\t\t\t\t<\/div>\n\t\t\t\t\t<\/div>\n\t\t<\/div>\n\t\t\t\t\t\t\t\t<\/div>\n\t\t\t\t\t<\/div>\n\t\t<\/section>\n\t\t\t\t\t\t<\/div>\n\t\t\t\t\t\t<\/div>\n\t\t\t\t\t<\/div>\n\t\t","protected":false},"excerpt":{"rendered":"<p>Zwyci\u0119ski projekt &#8211; HIGHLIGHTS (CLASS)ROOM \u2013 klasa kreatywna &#038; Em Cafe Celem projektu jest zmiana sali 28 w innowacyjne, komfortowe, przyjazne dla uczni\u00f3w i nauczycieli pomieszczenie lekcyjne. Sala zostanie odmalowana, pozostan\u0105 w niej b\u0119d\u0105ce ju\u017c tam tablica multimedialna i rzutnik. Planowane jest dokupienie czterech zestaw\u00f3w \u201eokr\u0105g\u0142y st\u00f3\u0142 i cztery krzes\u0142a\u201d, 15 puf oraz 15 podk\u0142adek&#8230;<\/p>\n","protected":false},"author":2,"featured_media":994086,"comment_status":"closed","ping_status":"open","sticky":false,"template":"","format":"standard","meta":{"inline_featured_image":false},"categories":[208],"tags":[223],"_links":{"self":[{"href":"http:\/\/ekonomik.opole.pl\/eko3\/wp-json\/wp\/v2\/posts\/994435"}],"collection":[{"href":"http:\/\/ekonomik.opole.pl\/eko3\/wp-json\/wp\/v2\/posts"}],"about":[{"href":"http:\/\/ekonomik.opole.pl\/eko3\/wp-json\/wp\/v2\/types\/post"}],"author":[{"embeddable":true,"href":"http:\/\/ekonomik.opole.pl\/eko3\/wp-json\/wp\/v2\/users\/2"}],"replies":[{"embeddable":true,"href":"http:\/\/ekonomik.opole.pl\/eko3\/wp-json\/wp\/v2\/comments?post=994435"}],"version-history":[{"count":4,"href":"http:\/\/ekonomik.opole.pl\/eko3\/wp-json\/wp\/v2\/posts\/994435\/revisions"}],"predecessor-version":[{"id":994439,"href":"http:\/\/ekonomik.opole.pl\/eko3\/wp-json\/wp\/v2\/posts\/994435\/revisions\/994439"}],"wp:featuredmedia":[{"embeddable":true,"href":"http:\/\/ekonomik.opole.pl\/eko3\/wp-json\/wp\/v2\/media\/994086"}],"wp:attachment":[{"href":"http:\/\/ekonomik.opole.pl\/eko3\/wp-json\/wp\/v2\/media?parent=994435"}],"wp:term":[{"taxonomy":"category","embeddable":true,"href":"http:\/\/ekonomik.opole.pl\/eko3\/wp-json\/wp\/v2\/categories?post=994435"},{"taxonomy":"post_tag","embeddable":true,"href":"http:\/\/ekonomik.opole.pl\/eko3\/wp-json\/wp\/v2\/tags?post=994435"}],"curies":[{"name":"wp","href":"https:\/\/api.w.org\/{rel}","templated":true}]}}