{"id":994443,"date":"2022-01-12T18:59:56","date_gmt":"2022-01-12T17:59:56","guid":{"rendered":"http:\/\/ekonomik.opole.pl\/eko3\/?p=994443"},"modified":"2022-01-12T19:05:19","modified_gmt":"2022-01-12T18:05:19","slug":"ekonomik-w-czolowce-technikow-w-wojewodztwie-mamy-29-miejsce-w-kraju","status":"publish","type":"post","link":"http:\/\/ekonomik.opole.pl\/eko3\/ekonomik-w-czolowce-technikow-w-wojewodztwie-mamy-29-miejsce-w-kraju\/","title":{"rendered":"Ekonomik w czo\u0142\u00f3wce technik\u00f3w w wojew\u00f3dztwie. Mamy 29 miejsce w kraju!"},"content":{"rendered":"\t\t<div data-elementor-type=\"wp-post\" data-elementor-id=\"994443\" class=\"elementor elementor-994443\" data-elementor-settings=\"[]\">\n\t\t\t\t\t\t<div class=\"elementor-inner\">\n\t\t\t\t\t\t\t<div class=\"elementor-section-wrap\">\n\t\t\t\t\t\t\t<section class=\"elementor-section elementor-top-section elementor-element elementor-element-6aa0c44e elementor-section-full_width elementor-section-height-default elementor-section-height-default\" data-id=\"6aa0c44e\" data-element_type=\"section\">\n\t\t\t\t\t\t<div class=\"elementor-container elementor-column-gap-default\">\n\t\t\t\t\t\t\t<div class=\"elementor-row\">\n\t\t\t\t\t<div class=\"elementor-column elementor-col-100 elementor-top-column elementor-element elementor-element-606cd79e\" data-id=\"606cd79e\" data-element_type=\"column\">\n\t\t\t<div class=\"elementor-column-wrap elementor-element-populated\">\n\t\t\t\t\t\t\t<div class=\"elementor-widget-wrap\">\n\t\t\t\t\t\t<div class=\"elementor-element elementor-element-1bc78ad8 elementor-drop-cap-yes elementor-drop-cap-view-default elementor-widget elementor-widget-text-editor\" data-id=\"1bc78ad8\" data-element_type=\"widget\" data-settings=\"{&quot;drop_cap&quot;:&quot;yes&quot;}\" data-widget_type=\"text-editor.default\">\n\t\t\t\t<div class=\"elementor-widget-container\">\n\t\t\t\t\t\t\t\t<div class=\"elementor-text-editor elementor-clearfix\">\n\t\t\t\t\t<p>Nowy rok rozpocz\u0119li\u015bmy sukcesem w kolejnym, presti\u017cowym Rankingu PERSPEKTYWY 2022. W tegorocznym Rankingu wzi\u0119to pod uwag\u0119 dane\u00a0<strong>1256<\/strong>\u00a0lice\u00f3w og\u00f3lnokszta\u0142c\u0105cych i\u00a0<strong>1165<\/strong>\u00a0technik\u00f3w, kt\u00f3re spe\u0142ni\u0142y tzw. kryterium wej\u015bcia: matur\u0119 w maju 2021 r. zdawa\u0142o w nich minimum 12 maturzyst\u00f3w, a wyniki \u015brednie z j\u0119zyka polskiego i matematyki zdawanych obowi\u0105zkowo by\u0142y nie ni\u017csze ni\u017c 0,75 \u015bredniej krajowej.<\/p>\t\t\t\t\t<\/div>\n\t\t\t\t\t\t<\/div>\n\t\t\t\t<\/div>\n\t\t\t\t<div class=\"elementor-element elementor-element-22d90410 elementor-widget-divider--separator-type-pattern elementor-widget-divider--no-spacing elementor-widget-divider--view-line elementor-widget elementor-widget-divider\" data-id=\"22d90410\" data-element_type=\"widget\" data-widget_type=\"divider.default\">\n\t\t\t\t<div class=\"elementor-widget-container\">\n\t\t\t\t\t<div class=\"elementor-divider\" style=\"--divider-pattern-url: url(&quot;data:image\/svg+xml,%3Csvg xmlns=&#039;http:\/\/www.w3.org\/2000\/svg&#039; preserveAspectRatio=&#039;xMidYMid meet&#039; overflow=&#039;visible&#039; height=&#039;100%&#039; viewBox=&#039;0 0 126 26&#039; fill=&#039;black&#039; stroke=&#039;none&#039;%3E%3Cpath d=&#039;M3,10.2c2.6,0,2.6,2,2.6,3.2S4.4,16.5,3,16.5s-3-1.4-3-3.2S0.4,10.2,3,10.2z M18.8,10.2c1.7,0,3.2,1.4,3.2,3.2s-1.4,3.2-3.2,3.2c-1.7,0-3.2-1.4-3.2-3.2S17,10.2,18.8,10.2z M34.6,10.2c1.5,0,2.6,1.4,2.6,3.2s-0.5,3.2-1.9,3.2c-1.5,0-3.4-1.4-3.4-3.2S33.1,10.2,34.6,10.2z M50.5,10.2c1.7,0,3.2,1.4,3.2,3.2s-1.4,3.2-3.2,3.2c-1.7,0-3.3-0.9-3.3-2.6S48.7,10.2,50.5,10.2z M66.2,10.2c1.5,0,3.4,1.4,3.4,3.2s-1.9,3.2-3.4,3.2c-1.5,0-2.6-0.4-2.6-2.1S64.8,10.2,66.2,10.2z M82.2,10.2c1.7,0.8,2.6,1.4,2.6,3.2s-0.1,3.2-1.6,3.2c-1.5,0-3.7-1.4-3.7-3.2S80.5,9.4,82.2,10.2zM98.6,10.2c1.5,0,2.6,0.4,2.6,2.1s-1.2,4.2-2.6,4.2c-1.5,0-3.7-0.4-3.7-2.1S97.1,10.2,98.6,10.2z M113.4,10.2c1.2,0,2.2,0.9,2.2,3.2s-0.1,3.2-1.3,3.2s-3.1-1.4-3.1-3.2S112.2,10.2,113.4,10.2z&#039;\/%3E%3C\/svg%3E&quot;);\">\n\t\t\t<span class=\"elementor-divider-separator\">\n\t\t\t\t\t\t<\/span>\n\t\t<\/div>\n\t\t\t\t<\/div>\n\t\t\t\t<\/div>\n\t\t\t\t<div class=\"elementor-element elementor-element-1cb15e98 elementor-widget-divider--view-line elementor-widget elementor-widget-divider\" data-id=\"1cb15e98\" data-element_type=\"widget\" data-widget_type=\"divider.default\">\n\t\t\t\t<div class=\"elementor-widget-container\">\n\t\t\t\t\t<div class=\"elementor-divider\">\n\t\t\t<span class=\"elementor-divider-separator\">\n\t\t\t\t\t\t<\/span>\n\t\t<\/div>\n\t\t\t\t<\/div>\n\t\t\t\t<\/div>\n\t\t\t\t<div class=\"elementor-element elementor-element-7f8c5626 elementor-widget elementor-widget-heading\" data-id=\"7f8c5626\" data-element_type=\"widget\" data-widget_type=\"heading.default\">\n\t\t\t\t<div class=\"elementor-widget-container\">\n\t\t\t<h3 class=\"elementor-heading-title elementor-size-default\">2 miejsce w wojew\u00f3dztwie i 29 miejsce w Polsce! <\/h3>\t\t<\/div>\n\t\t\t\t<\/div>\n\t\t\t\t<div class=\"elementor-element elementor-element-433ef52f elementor-widget elementor-widget-text-editor\" data-id=\"433ef52f\" data-element_type=\"widget\" data-widget_type=\"text-editor.default\">\n\t\t\t\t<div class=\"elementor-widget-container\">\n\t\t\t\t\t\t\t\t<div class=\"elementor-text-editor elementor-clearfix\">\n\t\t\t\t\t<p>Utrzymanie wysokiego miejsca w Rankingu wi\u0105za\u0142o si\u0119 z okre\u015blon\u0105 ocen\u0105 szko\u0142y wed\u0142ug okre\u015blonych wska\u017anik\u00f3w. S\u0105 to: sukcesy szko\u0142y w olimpiadach, wyniki matury z przedmiot\u00f3w obowi\u0105zkowych, wyniki matury z przedmiot\u00f3w dodatkowych oraz wyniki egzaminu zawodowego.\u00a0<br \/><br \/>Publiczne Technikum nr 3 utrzyma\u0142o r\u00f3wnie\u017c wysok\u0105 pozycj\u0119 w Rankingu maturalnym &#8211; 65 miejsce. Warto te\u017c zaznaczy\u0107, \u017ce Ekonomik znalaz\u0142 si\u0119 po\u015br\u00f3d 200 najlepszych szk\u00f3\u0142 olimpijskich w Polsce (licz\u0105c licea i technika razem).\u00a0<\/p><p>\u00a0<\/p>\t\t\t\t\t<\/div>\n\t\t\t\t\t\t<\/div>\n\t\t\t\t<\/div>\n\t\t\t\t\t\t<\/div>\n\t\t\t\t\t<\/div>\n\t\t<\/div>\n\t\t\t\t\t\t\t\t<\/div>\n\t\t\t\t\t<\/div>\n\t\t<\/section>\n\t\t\t\t<section class=\"elementor-section elementor-top-section elementor-element elementor-element-54a3a68 elementor-section-boxed elementor-section-height-default elementor-section-height-default\" data-id=\"54a3a68\" data-element_type=\"section\">\n\t\t\t\t\t\t<div class=\"elementor-container elementor-column-gap-default\">\n\t\t\t\t\t\t\t<div class=\"elementor-row\">\n\t\t\t\t\t<div class=\"elementor-column elementor-col-100 elementor-top-column elementor-element elementor-element-b855de8\" data-id=\"b855de8\" data-element_type=\"column\">\n\t\t\t<div class=\"elementor-column-wrap elementor-element-populated\">\n\t\t\t\t\t\t\t<div class=\"elementor-widget-wrap\">\n\t\t\t\t\t\t<div class=\"elementor-element elementor-element-917326f elementor-blockquote--skin-boxed elementor-blockquote--align-center elementor-blockquote--button-color-official elementor-widget elementor-widget-blockquote\" data-id=\"917326f\" data-element_type=\"widget\" data-widget_type=\"blockquote.default\">\n\t\t\t\t<div class=\"elementor-widget-container\">\n\t\t\t\t\t<blockquote class=\"elementor-blockquote\">\n\t\t\t<p class=\"elementor-blockquote__content\">\n\t\t\t\tW imieniu dyrekcji szko\u0142y sk\u0142adamy wyrazy uznania i gratulacje dla wszystkich nauczycieli, uczni\u00f3w oraz absolwent\u00f3w Technikum nr 3. Na sukces pracujemy razem! \t\t\t<\/p>\n\t\t\t\t\t\t\t<footer>\n\t\t\t\t\t\t\t\t\t\t\t<cite class=\"elementor-blockquote__author\">EKONOMIK OPOLE<\/cite>\n\t\t\t\t\t\t\t\t\t\t\t\t\t\t<\/footer>\n\t\t\t\t\t<\/blockquote>\n\t\t\t\t<\/div>\n\t\t\t\t<\/div>\n\t\t\t\t\t\t<\/div>\n\t\t\t\t\t<\/div>\n\t\t<\/div>\n\t\t\t\t\t\t\t\t<\/div>\n\t\t\t\t\t<\/div>\n\t\t<\/section>\n\t\t\t\t\t\t<\/div>\n\t\t\t\t\t\t<\/div>\n\t\t\t\t\t<\/div>\n\t\t","protected":false},"excerpt":{"rendered":"<p>Nowy rok rozpocz\u0119li\u015bmy sukcesem w kolejnym, presti\u017cowym Rankingu PERSPEKTYWY 2022. W tegorocznym Rankingu wzi\u0119to pod uwag\u0119 dane\u00a01256\u00a0lice\u00f3w og\u00f3lnokszta\u0142c\u0105cych i\u00a01165\u00a0technik\u00f3w, kt\u00f3re spe\u0142ni\u0142y tzw. kryterium wej\u015bcia: matur\u0119 w maju 2021 r. zdawa\u0142o w nich minimum 12 maturzyst\u00f3w, a wyniki \u015brednie z j\u0119zyka polskiego i matematyki zdawanych obowi\u0105zkowo by\u0142y nie ni\u017csze ni\u017c 0,75 \u015bredniej krajowej. 2 miejsce w&#8230;<\/p>\n","protected":false},"author":2,"featured_media":994444,"comment_status":"closed","ping_status":"open","sticky":false,"template":"","format":"standard","meta":{"inline_featured_image":false},"categories":[85,186,98],"tags":[250],"_links":{"self":[{"href":"http:\/\/ekonomik.opole.pl\/eko3\/wp-json\/wp\/v2\/posts\/994443"}],"collection":[{"href":"http:\/\/ekonomik.opole.pl\/eko3\/wp-json\/wp\/v2\/posts"}],"about":[{"href":"http:\/\/ekonomik.opole.pl\/eko3\/wp-json\/wp\/v2\/types\/post"}],"author":[{"embeddable":true,"href":"http:\/\/ekonomik.opole.pl\/eko3\/wp-json\/wp\/v2\/users\/2"}],"replies":[{"embeddable":true,"href":"http:\/\/ekonomik.opole.pl\/eko3\/wp-json\/wp\/v2\/comments?post=994443"}],"version-history":[{"count":3,"href":"http:\/\/ekonomik.opole.pl\/eko3\/wp-json\/wp\/v2\/posts\/994443\/revisions"}],"predecessor-version":[{"id":994447,"href":"http:\/\/ekonomik.opole.pl\/eko3\/wp-json\/wp\/v2\/posts\/994443\/revisions\/994447"}],"wp:featuredmedia":[{"embeddable":true,"href":"http:\/\/ekonomik.opole.pl\/eko3\/wp-json\/wp\/v2\/media\/994444"}],"wp:attachment":[{"href":"http:\/\/ekonomik.opole.pl\/eko3\/wp-json\/wp\/v2\/media?parent=994443"}],"wp:term":[{"taxonomy":"category","embeddable":true,"href":"http:\/\/ekonomik.opole.pl\/eko3\/wp-json\/wp\/v2\/categories?post=994443"},{"taxonomy":"post_tag","embeddable":true,"href":"http:\/\/ekonomik.opole.pl\/eko3\/wp-json\/wp\/v2\/tags?post=994443"}],"curies":[{"name":"wp","href":"https:\/\/api.w.org\/{rel}","templated":true}]}}