{"id":994449,"date":"2022-01-20T20:39:16","date_gmt":"2022-01-20T19:39:16","guid":{"rendered":"http:\/\/ekonomik.opole.pl\/eko3\/?p=994449"},"modified":"2022-01-20T20:40:27","modified_gmt":"2022-01-20T19:40:27","slug":"to-wielki-sukces-dyrekcji-grona-pedagogicznego-i-uzdolnionych-uczniow-gratulacje-od-prezydenta-miasta-opole","status":"publish","type":"post","link":"http:\/\/ekonomik.opole.pl\/eko3\/to-wielki-sukces-dyrekcji-grona-pedagogicznego-i-uzdolnionych-uczniow-gratulacje-od-prezydenta-miasta-opole\/","title":{"rendered":"&#8222;To wielki sukces Dyrekcji, Grona Pedagogicznego i uzdolnionych Uczni\u00f3w&#8221; &#8211; gratulacje od Prezydenta Miasta Opole"},"content":{"rendered":"\t\t<div data-elementor-type=\"wp-post\" data-elementor-id=\"994449\" class=\"elementor elementor-994449\" data-elementor-settings=\"[]\">\n\t\t\t\t\t\t<div class=\"elementor-inner\">\n\t\t\t\t\t\t\t<div class=\"elementor-section-wrap\">\n\t\t\t\t\t\t\t<section class=\"elementor-section elementor-top-section elementor-element elementor-element-56556b elementor-section-full_width elementor-section-height-default elementor-section-height-default\" data-id=\"56556b\" data-element_type=\"section\">\n\t\t\t\t\t\t<div class=\"elementor-container elementor-column-gap-default\">\n\t\t\t\t\t\t\t<div class=\"elementor-row\">\n\t\t\t\t\t<div class=\"elementor-column elementor-col-100 elementor-top-column elementor-element elementor-element-1a8cc045\" data-id=\"1a8cc045\" data-element_type=\"column\">\n\t\t\t<div class=\"elementor-column-wrap elementor-element-populated\">\n\t\t\t\t\t\t\t<div class=\"elementor-widget-wrap\">\n\t\t\t\t\t\t<div class=\"elementor-element elementor-element-497b7056 elementor-drop-cap-yes elementor-drop-cap-view-default elementor-widget elementor-widget-text-editor\" data-id=\"497b7056\" data-element_type=\"widget\" data-settings=\"{&quot;drop_cap&quot;:&quot;yes&quot;}\" data-widget_type=\"text-editor.default\">\n\t\t\t\t<div class=\"elementor-widget-container\">\n\t\t\t\t\t\t\t\t<div class=\"elementor-text-editor elementor-clearfix\">\n\t\t\t\t\t<p>Prezydent Miasta Opola &#8211; Pan <strong>Arkadiusz Wi\u015bniewski<\/strong> uroczy\u015bcie pogratulowa\u0142 kolejnego sukcesu szko\u0142y w XXIV Rankingu Lice\u00f3w i Technik\u00f3w PERSPEKTYWY 2022. Gratulacje i czek na 5000 z\u0142 odebra\u0142a Pani <strong><em>Ewa Nowak-K\u00fcbler<\/em>\u00a0<\/strong> &#8211; dyrektor Zespo\u0142u Szk\u00f3\u0142 Ekonomicznych w Opolu. W tegorocznej edycji presti\u017cowego rankingu Ekonomik uzyska\u0142 2 miejsce w wojew\u00f3dztwie i 29 miejsce w Polsce.\u00a0<\/p>\t\t\t\t\t<\/div>\n\t\t\t\t\t\t<\/div>\n\t\t\t\t<\/div>\n\t\t\t\t<div class=\"elementor-element elementor-element-cb8de9f elementor-widget-divider--separator-type-pattern elementor-widget-divider--no-spacing elementor-widget-divider--view-line elementor-widget elementor-widget-divider\" data-id=\"cb8de9f\" data-element_type=\"widget\" data-widget_type=\"divider.default\">\n\t\t\t\t<div class=\"elementor-widget-container\">\n\t\t\t\t\t<div class=\"elementor-divider\" style=\"--divider-pattern-url: url(&quot;data:image\/svg+xml,%3Csvg xmlns=&#039;http:\/\/www.w3.org\/2000\/svg&#039; preserveAspectRatio=&#039;xMidYMid meet&#039; overflow=&#039;visible&#039; height=&#039;100%&#039; viewBox=&#039;0 0 126 26&#039; fill=&#039;black&#039; stroke=&#039;none&#039;%3E%3Cpath d=&#039;M3,10.2c2.6,0,2.6,2,2.6,3.2S4.4,16.5,3,16.5s-3-1.4-3-3.2S0.4,10.2,3,10.2z M18.8,10.2c1.7,0,3.2,1.4,3.2,3.2s-1.4,3.2-3.2,3.2c-1.7,0-3.2-1.4-3.2-3.2S17,10.2,18.8,10.2z M34.6,10.2c1.5,0,2.6,1.4,2.6,3.2s-0.5,3.2-1.9,3.2c-1.5,0-3.4-1.4-3.4-3.2S33.1,10.2,34.6,10.2z M50.5,10.2c1.7,0,3.2,1.4,3.2,3.2s-1.4,3.2-3.2,3.2c-1.7,0-3.3-0.9-3.3-2.6S48.7,10.2,50.5,10.2z M66.2,10.2c1.5,0,3.4,1.4,3.4,3.2s-1.9,3.2-3.4,3.2c-1.5,0-2.6-0.4-2.6-2.1S64.8,10.2,66.2,10.2z M82.2,10.2c1.7,0.8,2.6,1.4,2.6,3.2s-0.1,3.2-1.6,3.2c-1.5,0-3.7-1.4-3.7-3.2S80.5,9.4,82.2,10.2zM98.6,10.2c1.5,0,2.6,0.4,2.6,2.1s-1.2,4.2-2.6,4.2c-1.5,0-3.7-0.4-3.7-2.1S97.1,10.2,98.6,10.2z M113.4,10.2c1.2,0,2.2,0.9,2.2,3.2s-0.1,3.2-1.3,3.2s-3.1-1.4-3.1-3.2S112.2,10.2,113.4,10.2z&#039;\/%3E%3C\/svg%3E&quot;);\">\n\t\t\t<span class=\"elementor-divider-separator\">\n\t\t\t\t\t\t<\/span>\n\t\t<\/div>\n\t\t\t\t<\/div>\n\t\t\t\t<\/div>\n\t\t\t\t<div class=\"elementor-element elementor-element-a19fd20 elementor-widget-divider--view-line elementor-widget elementor-widget-divider\" data-id=\"a19fd20\" data-element_type=\"widget\" data-widget_type=\"divider.default\">\n\t\t\t\t<div class=\"elementor-widget-container\">\n\t\t\t\t\t<div class=\"elementor-divider\">\n\t\t\t<span class=\"elementor-divider-separator\">\n\t\t\t\t\t\t<\/span>\n\t\t<\/div>\n\t\t\t\t<\/div>\n\t\t\t\t<\/div>\n\t\t\t\t<div class=\"elementor-element elementor-element-730ed520 elementor-widget elementor-widget-heading\" data-id=\"730ed520\" data-element_type=\"widget\" data-widget_type=\"heading.default\">\n\t\t\t\t<div class=\"elementor-widget-container\">\n\t\t\t<h3 class=\"elementor-heading-title elementor-size-default\">\"To presti\u017cowe wyr\u00f3znienie i pow\u00f3d do dumy (...)\"<\/h3>\t\t<\/div>\n\t\t\t\t<\/div>\n\t\t\t\t\t\t<\/div>\n\t\t\t\t\t<\/div>\n\t\t<\/div>\n\t\t\t\t\t\t\t\t<\/div>\n\t\t\t\t\t<\/div>\n\t\t<\/section>\n\t\t\t\t<section class=\"elementor-section elementor-top-section elementor-element elementor-element-f7be1c1 elementor-section-boxed elementor-section-height-default elementor-section-height-default\" data-id=\"f7be1c1\" data-element_type=\"section\">\n\t\t\t\t\t\t<div class=\"elementor-container elementor-column-gap-default\">\n\t\t\t\t\t\t\t<div class=\"elementor-row\">\n\t\t\t\t\t<div class=\"elementor-column elementor-col-100 elementor-top-column elementor-element elementor-element-de33fa8\" data-id=\"de33fa8\" data-element_type=\"column\">\n\t\t\t<div class=\"elementor-column-wrap elementor-element-populated\">\n\t\t\t\t\t\t\t<div class=\"elementor-widget-wrap\">\n\t\t\t\t\t\t<div class=\"elementor-element elementor-element-ec04878 elementor-blockquote--skin-border elementor-blockquote--button-color-official elementor-widget elementor-widget-blockquote\" data-id=\"ec04878\" data-element_type=\"widget\" data-widget_type=\"blockquote.default\">\n\t\t\t\t<div class=\"elementor-widget-container\">\n\t\t\t\t\t<blockquote class=\"elementor-blockquote\">\n\t\t\t<p class=\"elementor-blockquote__content\">\n\t\t\t\t\"Znalezienie si\u0119 w gronie laureat\u00f3w XXIV Rankingu Technik\u00f3w PERSPEKTYWY 2022 to presti\u017cowe wyr\u00f3\u017cnienie i pow\u00f3d do dumy. To wielki sukces Dyrekcji, Grona Pedagogicznego i uzdolnionych Uczni\u00f3w, kt\u00f3rzy potwierdzaj\u0105 wysoki poziom edukacji tej wyj\u0105tkowej szko\u0142y oferuj\u0105cej edukacj\u0119 na najwy\u017cszym poziomie (...). \u017bycz\u0119 Pani oraz ca\u0142ej Spo\u0142eczno\u015bci szkolnej kolejnych osi\u0105gni\u0119\u0107, nieustaj\u0105cej energii i entuzjazmu do dalszej pracy (...)\"\u00a0\t\t\t<\/p>\n\t\t\t\t\t\t\t<footer>\n\t\t\t\t\t\t\t\t\t\t\t<cite class=\"elementor-blockquote__author\">Arkadiusz Wi\u015bniewski - Prezydent Miasta Opole <\/cite>\n\t\t\t\t\t\t\t\t\t\t\t\t\t\t<\/footer>\n\t\t\t\t\t<\/blockquote>\n\t\t\t\t<\/div>\n\t\t\t\t<\/div>\n\t\t\t\t\t\t<\/div>\n\t\t\t\t\t<\/div>\n\t\t<\/div>\n\t\t\t\t\t\t\t\t<\/div>\n\t\t\t\t\t<\/div>\n\t\t<\/section>\n\t\t\t\t\t\t<\/div>\n\t\t\t\t\t\t<\/div>\n\t\t\t\t\t<\/div>\n\t\t","protected":false},"excerpt":{"rendered":"<p>Prezydent Miasta Opola &#8211; Pan Arkadiusz Wi\u015bniewski uroczy\u015bcie pogratulowa\u0142 kolejnego sukcesu szko\u0142y w XXIV Rankingu Lice\u00f3w i Technik\u00f3w PERSPEKTYWY 2022. Gratulacje i czek na 5000 z\u0142 odebra\u0142a Pani Ewa Nowak-K\u00fcbler\u00a0 &#8211; dyrektor Zespo\u0142u Szk\u00f3\u0142 Ekonomicznych w Opolu. W tegorocznej edycji presti\u017cowego rankingu Ekonomik uzyska\u0142 2 miejsce w wojew\u00f3dztwie i 29 miejsce w Polsce.\u00a0 &#8222;To presti\u017cowe&#8230;<\/p>\n","protected":false},"author":2,"featured_media":994451,"comment_status":"closed","ping_status":"open","sticky":false,"template":"","format":"standard","meta":{"inline_featured_image":false},"categories":[85,186,98],"tags":[168,250,135],"_links":{"self":[{"href":"http:\/\/ekonomik.opole.pl\/eko3\/wp-json\/wp\/v2\/posts\/994449"}],"collection":[{"href":"http:\/\/ekonomik.opole.pl\/eko3\/wp-json\/wp\/v2\/posts"}],"about":[{"href":"http:\/\/ekonomik.opole.pl\/eko3\/wp-json\/wp\/v2\/types\/post"}],"author":[{"embeddable":true,"href":"http:\/\/ekonomik.opole.pl\/eko3\/wp-json\/wp\/v2\/users\/2"}],"replies":[{"embeddable":true,"href":"http:\/\/ekonomik.opole.pl\/eko3\/wp-json\/wp\/v2\/comments?post=994449"}],"version-history":[{"count":4,"href":"http:\/\/ekonomik.opole.pl\/eko3\/wp-json\/wp\/v2\/posts\/994449\/revisions"}],"predecessor-version":[{"id":994454,"href":"http:\/\/ekonomik.opole.pl\/eko3\/wp-json\/wp\/v2\/posts\/994449\/revisions\/994454"}],"wp:featuredmedia":[{"embeddable":true,"href":"http:\/\/ekonomik.opole.pl\/eko3\/wp-json\/wp\/v2\/media\/994451"}],"wp:attachment":[{"href":"http:\/\/ekonomik.opole.pl\/eko3\/wp-json\/wp\/v2\/media?parent=994449"}],"wp:term":[{"taxonomy":"category","embeddable":true,"href":"http:\/\/ekonomik.opole.pl\/eko3\/wp-json\/wp\/v2\/categories?post=994449"},{"taxonomy":"post_tag","embeddable":true,"href":"http:\/\/ekonomik.opole.pl\/eko3\/wp-json\/wp\/v2\/tags?post=994449"}],"curies":[{"name":"wp","href":"https:\/\/api.w.org\/{rel}","templated":true}]}}