{"id":994457,"date":"2022-01-28T16:02:08","date_gmt":"2022-01-28T15:02:08","guid":{"rendered":"http:\/\/ekonomik.opole.pl\/eko3\/?p=994457"},"modified":"2022-01-28T16:07:06","modified_gmt":"2022-01-28T15:07:06","slug":"szkolny-klub-wolontariatu-zebral-338050-zl-dla-adama-bieleckiego-akcja-pomocy-trwa","status":"publish","type":"post","link":"http:\/\/ekonomik.opole.pl\/eko3\/szkolny-klub-wolontariatu-zebral-338050-zl-dla-adama-bieleckiego-akcja-pomocy-trwa\/","title":{"rendered":"Szkolny Klub Wolontariatu zebra\u0142 3380,50 z\u0142 dla Adama Bieleckiego. Akcja pomocy trwa!"},"content":{"rendered":"\t\t<div data-elementor-type=\"wp-post\" data-elementor-id=\"994457\" class=\"elementor elementor-994457\" data-elementor-settings=\"[]\">\n\t\t\t\t\t\t<div class=\"elementor-inner\">\n\t\t\t\t\t\t\t<div class=\"elementor-section-wrap\">\n\t\t\t\t\t\t\t<section class=\"elementor-section elementor-top-section elementor-element elementor-element-649d8129 elementor-section-full_width elementor-section-height-default elementor-section-height-default\" data-id=\"649d8129\" data-element_type=\"section\">\n\t\t\t\t\t\t<div class=\"elementor-container elementor-column-gap-default\">\n\t\t\t\t\t\t\t<div class=\"elementor-row\">\n\t\t\t\t\t<div class=\"elementor-column elementor-col-100 elementor-top-column elementor-element elementor-element-2aef80d5\" data-id=\"2aef80d5\" data-element_type=\"column\">\n\t\t\t<div class=\"elementor-column-wrap elementor-element-populated\">\n\t\t\t\t\t\t\t<div class=\"elementor-widget-wrap\">\n\t\t\t\t\t\t<div class=\"elementor-element elementor-element-7b7ac6f2 elementor-drop-cap-yes elementor-drop-cap-view-default elementor-widget elementor-widget-text-editor\" data-id=\"7b7ac6f2\" data-element_type=\"widget\" data-settings=\"{&quot;drop_cap&quot;:&quot;yes&quot;}\" data-widget_type=\"text-editor.default\">\n\t\t\t\t<div class=\"elementor-widget-container\">\n\t\t\t\t\t\t\t\t<div class=\"elementor-text-editor elementor-clearfix\">\n\t\t\t\t\t<p>Wraz z ko\u0144cem I semestru zako\u0144czyli\u015bmy akcj\u0119 <strong>,,Zak\u0142adka dla Adama\u201d<\/strong>. W\u015br\u00f3d uczni\u00f3w, nauczycieli i pracownik\u00f3w naszej szko\u0142y rozprowadzono ok. 1000 zak\u0142adek do ksi\u0105\u017cek, kt\u00f3re by\u0142y autorskimi projektami uczni\u00f3w z klasy 3a i 3e.<\/p><p>Chcieli\u015bmy w ten spos\u00f3b wyrazi\u0107 wsparcie dla naszego chorego kolegi <strong>Adama Bieleckiego<\/strong> z klasy 1a, a wszystkie zebrane fundusze przekaza\u0107 na jego leczenie. Przez 2 miesi\u0105ce uda\u0142o si\u0119 przeprowadzi\u0107 zbi\u00f3rki prawie we wszystkich klasach naszej szko\u0142y oraz zorganizowa\u0107 bo\u017conarodzeniowy kiermasz \u015bwi\u0105teczny.<\/p><p><strong>Ostatecznie przekazali\u015bmy mamie Adama, p. Ewie Bieleckiej kwot\u0119 3380,50 z\u0142otych<\/strong><\/p>\t\t\t\t\t<\/div>\n\t\t\t\t\t\t<\/div>\n\t\t\t\t<\/div>\n\t\t\t\t<div class=\"elementor-element elementor-element-767d7b2b elementor-widget-divider--separator-type-pattern elementor-widget-divider--no-spacing elementor-widget-divider--view-line elementor-widget elementor-widget-divider\" data-id=\"767d7b2b\" data-element_type=\"widget\" data-widget_type=\"divider.default\">\n\t\t\t\t<div class=\"elementor-widget-container\">\n\t\t\t\t\t<div class=\"elementor-divider\" style=\"--divider-pattern-url: url(&quot;data:image\/svg+xml,%3Csvg xmlns=&#039;http:\/\/www.w3.org\/2000\/svg&#039; preserveAspectRatio=&#039;xMidYMid meet&#039; overflow=&#039;visible&#039; height=&#039;100%&#039; viewBox=&#039;0 0 126 26&#039; fill=&#039;black&#039; stroke=&#039;none&#039;%3E%3Cpath d=&#039;M3,10.2c2.6,0,2.6,2,2.6,3.2S4.4,16.5,3,16.5s-3-1.4-3-3.2S0.4,10.2,3,10.2z M18.8,10.2c1.7,0,3.2,1.4,3.2,3.2s-1.4,3.2-3.2,3.2c-1.7,0-3.2-1.4-3.2-3.2S17,10.2,18.8,10.2z M34.6,10.2c1.5,0,2.6,1.4,2.6,3.2s-0.5,3.2-1.9,3.2c-1.5,0-3.4-1.4-3.4-3.2S33.1,10.2,34.6,10.2z M50.5,10.2c1.7,0,3.2,1.4,3.2,3.2s-1.4,3.2-3.2,3.2c-1.7,0-3.3-0.9-3.3-2.6S48.7,10.2,50.5,10.2z M66.2,10.2c1.5,0,3.4,1.4,3.4,3.2s-1.9,3.2-3.4,3.2c-1.5,0-2.6-0.4-2.6-2.1S64.8,10.2,66.2,10.2z M82.2,10.2c1.7,0.8,2.6,1.4,2.6,3.2s-0.1,3.2-1.6,3.2c-1.5,0-3.7-1.4-3.7-3.2S80.5,9.4,82.2,10.2zM98.6,10.2c1.5,0,2.6,0.4,2.6,2.1s-1.2,4.2-2.6,4.2c-1.5,0-3.7-0.4-3.7-2.1S97.1,10.2,98.6,10.2z M113.4,10.2c1.2,0,2.2,0.9,2.2,3.2s-0.1,3.2-1.3,3.2s-3.1-1.4-3.1-3.2S112.2,10.2,113.4,10.2z&#039;\/%3E%3C\/svg%3E&quot;);\">\n\t\t\t<span class=\"elementor-divider-separator\">\n\t\t\t\t\t\t<\/span>\n\t\t<\/div>\n\t\t\t\t<\/div>\n\t\t\t\t<\/div>\n\t\t\t\t<div class=\"elementor-element elementor-element-12318193 elementor-widget-divider--view-line elementor-widget elementor-widget-divider\" data-id=\"12318193\" data-element_type=\"widget\" data-widget_type=\"divider.default\">\n\t\t\t\t<div class=\"elementor-widget-container\">\n\t\t\t\t\t<div class=\"elementor-divider\">\n\t\t\t<span class=\"elementor-divider-separator\">\n\t\t\t\t\t\t<\/span>\n\t\t<\/div>\n\t\t\t\t<\/div>\n\t\t\t\t<\/div>\n\t\t\t\t<div class=\"elementor-element elementor-element-7cb4331c elementor-widget elementor-widget-heading\" data-id=\"7cb4331c\" data-element_type=\"widget\" data-widget_type=\"heading.default\">\n\t\t\t\t<div class=\"elementor-widget-container\">\n\t\t\t<h3 class=\"elementor-heading-title elementor-size-default\">Akcja pomocy dla Adama nadal trwa! <\/h3>\t\t<\/div>\n\t\t\t\t<\/div>\n\t\t\t\t<div class=\"elementor-element elementor-element-5a9409a6 elementor-widget elementor-widget-text-editor\" data-id=\"5a9409a6\" data-element_type=\"widget\" data-widget_type=\"text-editor.default\">\n\t\t\t\t<div class=\"elementor-widget-container\">\n\t\t\t\t\t\t\t\t<div class=\"elementor-text-editor elementor-clearfix\">\n\t\t\t\t\t<div class=\"cxmmr5t8 oygrvhab hcukyx3x c1et5uql o9v6fnle ii04i59q\"><div dir=\"auto\">Serdecznie dzi\u0119kujemy wszystkim, kt\u00f3rzy wsparli finansowo nasz\u0105 akcj\u0119, dzi\u0119kujemy dyrekcji, nauczycielom, pracownikom szko\u0142y oraz uczniom. Szczeg\u00f3lne podzi\u0119kowania kierujemy do pani Moniki Ku\u017anik i klasy 2b, kt\u00f3ra przeprowadzi\u0142a kiermasz i przekaza\u0142a kwot\u0119 705 z\u0142. Dzi\u0119kujemy r\u00f3wnie\u017c klasie 4c, 2g oraz 1d, kt\u00f3re przekaza\u0142y ka\u017cda ponad 200z\u0142.<br \/><br \/><\/div><\/div><div class=\"cxmmr5t8 oygrvhab hcukyx3x c1et5uql o9v6fnle ii04i59q\"><div dir=\"auto\">To nie koniec pomocy dla Adama. Je\u015bli tylko mo\u017cecie, Wy albo Wasi rodzice to koniecznie przeka\u017ccie 1% przy rozliczeniu podatkowym <a class=\"oajrlxb2 g5ia77u1 qu0x051f esr5mh6w e9989ue4 r7d6kgcz rq0escxv nhd2j8a9 nc684nl6 p7hjln8o kvgmc6g5 cxmmr5t8 oygrvhab hcukyx3x jb3vyjys rz4wbd8a qt6c0cv9 a8nywdso i1ao9s8h esuyzwwr f1sip0of lzcic4wl gpro0wi8 py34i1dx\" tabindex=\"0\" role=\"link\" href=\"https:\/\/www.siepomaga.pl\/adam-bielecki\/jeden-procent?fbclid=IwAR1AUx_R2e0r56XxsfsYTKsNU4iWxSXT7tYbXdJoVpWV6-D9OEzFU3PqL20\" target=\"_blank\" rel=\"nofollow noopener\">https:\/\/www.siepomaga.pl\/adam-bielecki\/jeden-procent<\/a><br \/><br \/><\/div><\/div><div class=\"cxmmr5t8 oygrvhab hcukyx3x c1et5uql o9v6fnle ii04i59q\"><div dir=\"auto\">Szkolny Klub Wolontariatu \/ Grupa W<\/div><\/div>\t\t\t\t\t<\/div>\n\t\t\t\t\t\t<\/div>\n\t\t\t\t<\/div>\n\t\t\t\t\t\t<\/div>\n\t\t\t\t\t<\/div>\n\t\t<\/div>\n\t\t\t\t\t\t\t\t<\/div>\n\t\t\t\t\t<\/div>\n\t\t<\/section>\n\t\t\t\t\t\t<\/div>\n\t\t\t\t\t\t<\/div>\n\t\t\t\t\t<\/div>\n\t\t","protected":false},"excerpt":{"rendered":"<p>Wraz z ko\u0144cem I semestru zako\u0144czyli\u015bmy akcj\u0119 ,,Zak\u0142adka dla Adama\u201d. W\u015br\u00f3d uczni\u00f3w, nauczycieli i pracownik\u00f3w naszej szko\u0142y rozprowadzono ok. 1000 zak\u0142adek do ksi\u0105\u017cek, kt\u00f3re by\u0142y autorskimi projektami uczni\u00f3w z klasy 3a i 3e. Chcieli\u015bmy w ten spos\u00f3b wyrazi\u0107 wsparcie dla naszego chorego kolegi Adama Bieleckiego z klasy 1a, a wszystkie zebrane fundusze przekaza\u0107 na jego&#8230;<\/p>\n","protected":false},"author":2,"featured_media":994458,"comment_status":"closed","ping_status":"open","sticky":false,"template":"","format":"standard","meta":{"inline_featured_image":false},"categories":[208,155],"tags":[251,127],"_links":{"self":[{"href":"http:\/\/ekonomik.opole.pl\/eko3\/wp-json\/wp\/v2\/posts\/994457"}],"collection":[{"href":"http:\/\/ekonomik.opole.pl\/eko3\/wp-json\/wp\/v2\/posts"}],"about":[{"href":"http:\/\/ekonomik.opole.pl\/eko3\/wp-json\/wp\/v2\/types\/post"}],"author":[{"embeddable":true,"href":"http:\/\/ekonomik.opole.pl\/eko3\/wp-json\/wp\/v2\/users\/2"}],"replies":[{"embeddable":true,"href":"http:\/\/ekonomik.opole.pl\/eko3\/wp-json\/wp\/v2\/comments?post=994457"}],"version-history":[{"count":3,"href":"http:\/\/ekonomik.opole.pl\/eko3\/wp-json\/wp\/v2\/posts\/994457\/revisions"}],"predecessor-version":[{"id":994461,"href":"http:\/\/ekonomik.opole.pl\/eko3\/wp-json\/wp\/v2\/posts\/994457\/revisions\/994461"}],"wp:featuredmedia":[{"embeddable":true,"href":"http:\/\/ekonomik.opole.pl\/eko3\/wp-json\/wp\/v2\/media\/994458"}],"wp:attachment":[{"href":"http:\/\/ekonomik.opole.pl\/eko3\/wp-json\/wp\/v2\/media?parent=994457"}],"wp:term":[{"taxonomy":"category","embeddable":true,"href":"http:\/\/ekonomik.opole.pl\/eko3\/wp-json\/wp\/v2\/categories?post=994457"},{"taxonomy":"post_tag","embeddable":true,"href":"http:\/\/ekonomik.opole.pl\/eko3\/wp-json\/wp\/v2\/tags?post=994457"}],"curies":[{"name":"wp","href":"https:\/\/api.w.org\/{rel}","templated":true}]}}