{"id":994530,"date":"2022-02-17T21:56:32","date_gmt":"2022-02-17T20:56:32","guid":{"rendered":"http:\/\/ekonomik.opole.pl\/eko3\/?p=994530"},"modified":"2022-02-17T22:03:19","modified_gmt":"2022-02-17T21:03:19","slug":"ekonomik-opole-sztuka-wyboru-ruszyly-zdjecia-do-nowej-kampanii-szkoly","status":"publish","type":"post","link":"http:\/\/ekonomik.opole.pl\/eko3\/ekonomik-opole-sztuka-wyboru-ruszyly-zdjecia-do-nowej-kampanii-szkoly\/","title":{"rendered":"Ekonomik.Opole &#8211; SZTUKA WYBORU. Ruszy\u0142y zdj\u0119cia do nowej kampanii szko\u0142y"},"content":{"rendered":"\t\t<div data-elementor-type=\"wp-post\" data-elementor-id=\"994530\" class=\"elementor elementor-994530\" data-elementor-settings=\"[]\">\n\t\t\t\t\t\t<div class=\"elementor-inner\">\n\t\t\t\t\t\t\t<div class=\"elementor-section-wrap\">\n\t\t\t\t\t\t\t<section class=\"elementor-section elementor-top-section elementor-element elementor-element-64782539 elementor-section-full_width elementor-section-height-default elementor-section-height-default\" data-id=\"64782539\" data-element_type=\"section\">\n\t\t\t\t\t\t<div class=\"elementor-container elementor-column-gap-default\">\n\t\t\t\t\t\t\t<div class=\"elementor-row\">\n\t\t\t\t\t<div class=\"elementor-column elementor-col-100 elementor-top-column elementor-element elementor-element-3006bc44\" data-id=\"3006bc44\" data-element_type=\"column\">\n\t\t\t<div class=\"elementor-column-wrap elementor-element-populated\">\n\t\t\t\t\t\t\t<div class=\"elementor-widget-wrap\">\n\t\t\t\t\t\t<div class=\"elementor-element elementor-element-4bf15ea9 elementor-drop-cap-yes elementor-drop-cap-view-default elementor-widget elementor-widget-text-editor\" data-id=\"4bf15ea9\" data-element_type=\"widget\" data-settings=\"{&quot;drop_cap&quot;:&quot;yes&quot;}\" data-widget_type=\"text-editor.default\">\n\t\t\t\t<div class=\"elementor-widget-container\">\n\t\t\t\t\t\t\t\t<div class=\"elementor-text-editor elementor-clearfix\">\n\t\t\t\t\t<p>\u015awiat reklamy i sztuki by\u0142y dzi\u015b bli\u017cej siebie ni\u017c kiedykolwiek wcze\u015bniej\u2026 Dzi\u0119ki otwarto\u015bci i uprzejmo\u015bci <strong>Pani Joanny Filipczyk<\/strong> &#8211; Dyrektor <a class=\"oajrlxb2 g5ia77u1 qu0x051f esr5mh6w e9989ue4 r7d6kgcz rq0escxv nhd2j8a9 nc684nl6 p7hjln8o kvgmc6g5 cxmmr5t8 oygrvhab hcukyx3x jb3vyjys rz4wbd8a qt6c0cv9 a8nywdso i1ao9s8h esuyzwwr f1sip0of lzcic4wl gpro0wi8 q66pz984 b1v8xokw\" tabindex=\"0\" role=\"link\" href=\"https:\/\/www.facebook.com\/gswopole\/?__cft__[0]=AZV9T_Xk6Oo7SX_OSUqjHa31vMiQ8nusfXOaV_hVsz1n5KH1IYTfwzy7CAaTDZPuNS3ze5g-XSQ87CJEzD5leI6UE39Ona5FMpX6-Kc5LgONZr8-wRXzr3EzQTsygf1iXWLhjL73XCdbidkXxet5fkJd&amp;__tn__=kK-R\"><span class=\"nc684nl6\">Galeria Sztuki Wsp\u00f3\u0142czesnej w Opolu<\/span><\/a> oraz <strong>Pani Anny \u0141\u0119gowik<\/strong> \u2013 Kierownik Dzia\u0142u promocji, informacji i edukacji, mogli\u015bmy zrealizowa\u0107 zdj\u0119cia do nowego spotu promocyjnego szko\u0142y w tw\u00f3rczej przestrzeni GSW.\u00a0<br \/><br \/>Za koncepcj\u0119 wizualn\u0105 i scenariusz spotu odpowiada\u0142a <strong>Julia Cavour<\/strong> \u2013 dyrektor szkolnej agencji reklamowej HIGHLIGHTS (klasa 3G w zawodzie technik reklamy).<br \/><br \/>Za materia\u0142 multimedialny &#8211; zdj\u0119cia odpowiada\u0142 <strong>Micha\u0142 Cio\u0142eszy\u0144ski<\/strong> (one and only!). Oprawa fotograficzna przedsi\u0119wzi\u0119cia \u2013 duet znakomitych fotograf\u00f3w \u2013 <strong>Aleksandra Kinder<\/strong> &amp; <strong>Florian Rychlik.<\/strong> Nadz\u00f3r fotograficzny nad projektem obj\u0119\u0142a <strong>Pani Karina Ko\u017alik-Wieczorek.<br \/><br \/><\/strong>Realizacja i produkcja spotu: <strong>Jakub D\u0119bski<\/strong> <span class=\"pq6dq46d tbxw36s4 knj5qynh kvgmc6g5 ditlmg2l oygrvhab nvdbi5me sf5mxxl7 gl3lb2sf hhz5lgdu\"><img loading=\"lazy\" src=\"https:\/\/static.xx.fbcdn.net\/images\/emoji.php\/v9\/t60\/1\/16\/1f51d.png\" alt=\"\ud83d\udd1d\" width=\"16\" height=\"16\" \/><\/span> \/ <strong>Natalia W\u0142odarczyk<\/strong> \/ <strong>Agata Skorupa<\/strong> \/ <strong>Olga Nawarowska<\/strong> \/ <strong>\u0141ukasz Ma\u0144ka<\/strong> \/ <strong>Marta Koz\u0142owska<\/strong> \/ <strong>Aleksandra Skarbek <\/strong>\/<strong> Natalia Mnich <\/strong>\/<strong> Justyna Goczo\u0142 <\/strong>\/<strong> Aleksandra Skarbek <\/strong>\/<strong> Paulina Kie\u0142pikowska <\/strong>\/<strong> Weronika Gubernat <\/strong>\/<strong> Dawid Bandrowski.<br \/><br \/><\/strong>Koordynatorzy kampanii reklamowej Ekonomik.Opole 2022:<strong> mgr Ewa Nowak-K\u00fcbler (dyrektor ZSEk)<\/strong> \/ <strong>mgr Piotr W\u00f3jcik <\/strong>\/<strong> mgr Joanna Cybulka-Chruszcz <\/strong><br \/><br \/><\/p>\t\t\t\t\t<\/div>\n\t\t\t\t\t\t<\/div>\n\t\t\t\t<\/div>\n\t\t\t\t<div class=\"elementor-element elementor-element-a8e5d57 elementor-widget-divider--view-line elementor-widget elementor-widget-divider\" data-id=\"a8e5d57\" data-element_type=\"widget\" data-widget_type=\"divider.default\">\n\t\t\t\t<div class=\"elementor-widget-container\">\n\t\t\t\t\t<div class=\"elementor-divider\">\n\t\t\t<span class=\"elementor-divider-separator\">\n\t\t\t\t\t\t<\/span>\n\t\t<\/div>\n\t\t\t\t<\/div>\n\t\t\t\t<\/div>\n\t\t\t\t\t\t<\/div>\n\t\t\t\t\t<\/div>\n\t\t<\/div>\n\t\t\t\t\t\t\t\t<\/div>\n\t\t\t\t\t<\/div>\n\t\t<\/section>\n\t\t\t\t\t\t<\/div>\n\t\t\t\t\t\t<\/div>\n\t\t\t\t\t<\/div>\n\t\t","protected":false},"excerpt":{"rendered":"<p>\u015awiat reklamy i sztuki by\u0142y dzi\u015b bli\u017cej siebie ni\u017c kiedykolwiek wcze\u015bniej\u2026 Dzi\u0119ki otwarto\u015bci i uprzejmo\u015bci Pani Joanny Filipczyk &#8211; Dyrektor Galeria Sztuki Wsp\u00f3\u0142czesnej w Opolu oraz Pani Anny \u0141\u0119gowik \u2013 Kierownik Dzia\u0142u promocji, informacji i edukacji, mogli\u015bmy zrealizowa\u0107 zdj\u0119cia do nowego spotu promocyjnego szko\u0142y w tw\u00f3rczej przestrzeni GSW.\u00a0 Za koncepcj\u0119 wizualn\u0105 i scenariusz spotu odpowiada\u0142a&#8230;<\/p>\n","protected":false},"author":2,"featured_media":994532,"comment_status":"closed","ping_status":"open","sticky":false,"template":"","format":"standard","meta":{"inline_featured_image":false},"categories":[208,85,105],"tags":[224,166,254],"_links":{"self":[{"href":"http:\/\/ekonomik.opole.pl\/eko3\/wp-json\/wp\/v2\/posts\/994530"}],"collection":[{"href":"http:\/\/ekonomik.opole.pl\/eko3\/wp-json\/wp\/v2\/posts"}],"about":[{"href":"http:\/\/ekonomik.opole.pl\/eko3\/wp-json\/wp\/v2\/types\/post"}],"author":[{"embeddable":true,"href":"http:\/\/ekonomik.opole.pl\/eko3\/wp-json\/wp\/v2\/users\/2"}],"replies":[{"embeddable":true,"href":"http:\/\/ekonomik.opole.pl\/eko3\/wp-json\/wp\/v2\/comments?post=994530"}],"version-history":[{"count":4,"href":"http:\/\/ekonomik.opole.pl\/eko3\/wp-json\/wp\/v2\/posts\/994530\/revisions"}],"predecessor-version":[{"id":994535,"href":"http:\/\/ekonomik.opole.pl\/eko3\/wp-json\/wp\/v2\/posts\/994530\/revisions\/994535"}],"wp:featuredmedia":[{"embeddable":true,"href":"http:\/\/ekonomik.opole.pl\/eko3\/wp-json\/wp\/v2\/media\/994532"}],"wp:attachment":[{"href":"http:\/\/ekonomik.opole.pl\/eko3\/wp-json\/wp\/v2\/media?parent=994530"}],"wp:term":[{"taxonomy":"category","embeddable":true,"href":"http:\/\/ekonomik.opole.pl\/eko3\/wp-json\/wp\/v2\/categories?post=994530"},{"taxonomy":"post_tag","embeddable":true,"href":"http:\/\/ekonomik.opole.pl\/eko3\/wp-json\/wp\/v2\/tags?post=994530"}],"curies":[{"name":"wp","href":"https:\/\/api.w.org\/{rel}","templated":true}]}}