{"id":994600,"date":"2022-02-24T10:07:48","date_gmt":"2022-02-24T09:07:48","guid":{"rendered":"http:\/\/ekonomik.opole.pl\/eko3\/?p=994600"},"modified":"2022-02-24T10:10:23","modified_gmt":"2022-02-24T09:10:23","slug":"festiwal-mlodziezy","status":"publish","type":"post","link":"http:\/\/ekonomik.opole.pl\/eko3\/festiwal-mlodziezy\/","title":{"rendered":"Festiwal M\u0142odzie\u017cy"},"content":{"rendered":"\t\t<div data-elementor-type=\"wp-post\" data-elementor-id=\"994600\" class=\"elementor elementor-994600\" data-elementor-settings=\"[]\">\n\t\t\t\t\t\t<div class=\"elementor-inner\">\n\t\t\t\t\t\t\t<div class=\"elementor-section-wrap\">\n\t\t\t\t\t\t\t<section class=\"elementor-section elementor-top-section elementor-element elementor-element-173aad6b elementor-section-full_width elementor-section-height-default elementor-section-height-default\" data-id=\"173aad6b\" data-element_type=\"section\">\n\t\t\t\t\t\t<div class=\"elementor-container elementor-column-gap-default\">\n\t\t\t\t\t\t\t<div class=\"elementor-row\">\n\t\t\t\t\t<div class=\"elementor-column elementor-col-100 elementor-top-column elementor-element elementor-element-1348dbb8\" data-id=\"1348dbb8\" data-element_type=\"column\">\n\t\t\t<div class=\"elementor-column-wrap elementor-element-populated\">\n\t\t\t\t\t\t\t<div class=\"elementor-widget-wrap\">\n\t\t\t\t\t\t<div class=\"elementor-element elementor-element-207f4e81 elementor-widget-divider--separator-type-pattern elementor-widget-divider--no-spacing elementor-widget-divider--view-line elementor-widget elementor-widget-divider\" data-id=\"207f4e81\" data-element_type=\"widget\" data-widget_type=\"divider.default\">\n\t\t\t\t<div class=\"elementor-widget-container\">\n\t\t\t\t\t<div class=\"elementor-divider\" style=\"--divider-pattern-url: url(&quot;data:image\/svg+xml,%3Csvg xmlns=&#039;http:\/\/www.w3.org\/2000\/svg&#039; preserveAspectRatio=&#039;xMidYMid meet&#039; overflow=&#039;visible&#039; height=&#039;100%&#039; viewBox=&#039;0 0 126 26&#039; fill=&#039;black&#039; stroke=&#039;none&#039;%3E%3Cpath d=&#039;M3,10.2c2.6,0,2.6,2,2.6,3.2S4.4,16.5,3,16.5s-3-1.4-3-3.2S0.4,10.2,3,10.2z M18.8,10.2c1.7,0,3.2,1.4,3.2,3.2s-1.4,3.2-3.2,3.2c-1.7,0-3.2-1.4-3.2-3.2S17,10.2,18.8,10.2z M34.6,10.2c1.5,0,2.6,1.4,2.6,3.2s-0.5,3.2-1.9,3.2c-1.5,0-3.4-1.4-3.4-3.2S33.1,10.2,34.6,10.2z M50.5,10.2c1.7,0,3.2,1.4,3.2,3.2s-1.4,3.2-3.2,3.2c-1.7,0-3.3-0.9-3.3-2.6S48.7,10.2,50.5,10.2z M66.2,10.2c1.5,0,3.4,1.4,3.4,3.2s-1.9,3.2-3.4,3.2c-1.5,0-2.6-0.4-2.6-2.1S64.8,10.2,66.2,10.2z M82.2,10.2c1.7,0.8,2.6,1.4,2.6,3.2s-0.1,3.2-1.6,3.2c-1.5,0-3.7-1.4-3.7-3.2S80.5,9.4,82.2,10.2zM98.6,10.2c1.5,0,2.6,0.4,2.6,2.1s-1.2,4.2-2.6,4.2c-1.5,0-3.7-0.4-3.7-2.1S97.1,10.2,98.6,10.2z M113.4,10.2c1.2,0,2.2,0.9,2.2,3.2s-0.1,3.2-1.3,3.2s-3.1-1.4-3.1-3.2S112.2,10.2,113.4,10.2z&#039;\/%3E%3C\/svg%3E&quot;);\">\n\t\t\t<span class=\"elementor-divider-separator\">\n\t\t\t\t\t\t<\/span>\n\t\t<\/div>\n\t\t\t\t<\/div>\n\t\t\t\t<\/div>\n\t\t\t\t<div class=\"elementor-element elementor-element-91dfca9 elementor-widget elementor-widget-heading\" data-id=\"91dfca9\" data-element_type=\"widget\" data-widget_type=\"heading.default\">\n\t\t\t\t<div class=\"elementor-widget-container\">\n\t\t\t<h3 class=\"elementor-heading-title elementor-size-default\">\"Festiwal M\u0142odzie\u017cy\" - jeszcze tylko do jutra, tj. 25.02.2022 mo\u017cecie odda\u0107 sw\u00f3j g\u0142os <\/h3>\t\t<\/div>\n\t\t\t\t<\/div>\n\t\t\t\t<div class=\"elementor-element elementor-element-5324131 elementor-widget elementor-widget-spacer\" data-id=\"5324131\" data-element_type=\"widget\" data-widget_type=\"spacer.default\">\n\t\t\t\t<div class=\"elementor-widget-container\">\n\t\t\t\t\t<div class=\"elementor-spacer\">\n\t\t\t<div class=\"elementor-spacer-inner\"><\/div>\n\t\t<\/div>\n\t\t\t\t<\/div>\n\t\t\t\t<\/div>\n\t\t\t\t<div class=\"elementor-element elementor-element-1b4d5d07 elementor-widget elementor-widget-text-editor\" data-id=\"1b4d5d07\" data-element_type=\"widget\" data-widget_type=\"text-editor.default\">\n\t\t\t\t<div class=\"elementor-widget-container\">\n\t\t\t\t\t\t\t\t<div class=\"elementor-text-editor elementor-clearfix\">\n\t\t\t\t\t<p class=\"gwp182d5929_MsoNormal\">M\u0142odzie\u017cowa Rada Miasta Opola zaprasza mieszka\u0144c\u00f3w Opola, kt\u00f3rzy uko\u0144czyli 16 rok \u017cycia do g\u0142osowania na projekt \u201eFestiwal M\u0142odzie\u017cy\u201d w ramach tegorocznej edycji Marsza\u0142kowskiego Bud\u017cetu Obywatelskiego.<\/p>\t\t\t\t\t<\/div>\n\t\t\t\t\t\t<\/div>\n\t\t\t\t<\/div>\n\t\t\t\t<div class=\"elementor-element elementor-element-a732a96 elementor-widget elementor-widget-text-editor\" data-id=\"a732a96\" data-element_type=\"widget\" data-widget_type=\"text-editor.default\">\n\t\t\t\t<div class=\"elementor-widget-container\">\n\t\t\t\t\t\t\t\t<div class=\"elementor-text-editor elementor-clearfix\">\n\t\t\t\t\t<p class=\"gwp182d5929_MsoNormal\">G\u0142osowa\u0107 mo\u017cna pod adresem <a href=\"https:\/\/glosowanie.opolskie.pl\/\" target=\"_blank\" rel=\"noopener noreferrer\" data-saferedirecturl=\"https:\/\/zasobygwp.pl\/redirect?sig=017b210279a8027e5d2c07e0aba796362f3aa71bd0d369b2705641b4ba32d9e9&amp;url=aHR0cHM6Ly9nbG9zb3dhbmllLm9wb2xza2llLnBsLw==&amp;platform=desktop&amp;brand=wp\">https:\/\/glosowanie.opolskie.pl\/<\/a>\u00a0b\u0105d\u017a stacjonarnie w urz\u0119dzie marsza\u0142kowskim.<\/p>\t\t\t\t\t<\/div>\n\t\t\t\t\t\t<\/div>\n\t\t\t\t<\/div>\n\t\t\t\t<div class=\"elementor-element elementor-element-42a0a2c elementor-widget elementor-widget-spacer\" data-id=\"42a0a2c\" data-element_type=\"widget\" data-widget_type=\"spacer.default\">\n\t\t\t\t<div class=\"elementor-widget-container\">\n\t\t\t\t\t<div class=\"elementor-spacer\">\n\t\t\t<div class=\"elementor-spacer-inner\"><\/div>\n\t\t<\/div>\n\t\t\t\t<\/div>\n\t\t\t\t<\/div>\n\t\t\t\t<div class=\"elementor-element elementor-element-e20d018 elementor-align-center elementor-widget elementor-widget-button\" data-id=\"e20d018\" data-element_type=\"widget\" data-widget_type=\"button.default\">\n\t\t\t\t<div class=\"elementor-widget-container\">\n\t\t\t\t\t<div class=\"elementor-button-wrapper\">\n\t\t\t<a href=\"https:\/\/glosowanie.opolskie.pl\/\" target=\"_blank\" class=\"elementor-button-link elementor-button elementor-size-sm\" role=\"button\">\n\t\t\t\t\t\t<span class=\"elementor-button-content-wrapper\">\n\t\t\t\t\t\t<span class=\"elementor-button-text\">G\u0142osuj\u0119!<\/span>\n\t\t<\/span>\n\t\t\t\t\t<\/a>\n\t\t<\/div>\n\t\t\t\t<\/div>\n\t\t\t\t<\/div>\n\t\t\t\t<div class=\"elementor-element elementor-element-34bbedd elementor-widget elementor-widget-spacer\" data-id=\"34bbedd\" data-element_type=\"widget\" data-widget_type=\"spacer.default\">\n\t\t\t\t<div class=\"elementor-widget-container\">\n\t\t\t\t\t<div class=\"elementor-spacer\">\n\t\t\t<div class=\"elementor-spacer-inner\"><\/div>\n\t\t<\/div>\n\t\t\t\t<\/div>\n\t\t\t\t<\/div>\n\t\t\t\t<div class=\"elementor-element elementor-element-2198af0 elementor-widget elementor-widget-image\" data-id=\"2198af0\" data-element_type=\"widget\" data-widget_type=\"image.default\">\n\t\t\t\t<div class=\"elementor-widget-container\">\n\t\t\t\t\t\t\t\t<div class=\"elementor-image\">\n\t\t\t\t\t\t\t\t\t\t\t\t<img width=\"724\" height=\"1024\" src=\"http:\/\/ekonomik.opole.pl\/eko3\/wp-content\/uploads\/2022\/02\/9A051E67-DA28-4B6A-8C46-72A80E631FA6-724x1024.jpeg\" class=\"attachment-large size-large\" alt=\"Festiwal M\u0142odzie\u017cy\" loading=\"lazy\" srcset=\"http:\/\/ekonomik.opole.pl\/eko3\/wp-content\/uploads\/2022\/02\/9A051E67-DA28-4B6A-8C46-72A80E631FA6-724x1024.jpeg 724w, http:\/\/ekonomik.opole.pl\/eko3\/wp-content\/uploads\/2022\/02\/9A051E67-DA28-4B6A-8C46-72A80E631FA6-212x300.jpeg 212w, http:\/\/ekonomik.opole.pl\/eko3\/wp-content\/uploads\/2022\/02\/9A051E67-DA28-4B6A-8C46-72A80E631FA6-768x1086.jpeg 768w, http:\/\/ekonomik.opole.pl\/eko3\/wp-content\/uploads\/2022\/02\/9A051E67-DA28-4B6A-8C46-72A80E631FA6-1086x1536.jpeg 1086w, http:\/\/ekonomik.opole.pl\/eko3\/wp-content\/uploads\/2022\/02\/9A051E67-DA28-4B6A-8C46-72A80E631FA6-1448x2048.jpeg 1448w, http:\/\/ekonomik.opole.pl\/eko3\/wp-content\/uploads\/2022\/02\/9A051E67-DA28-4B6A-8C46-72A80E631FA6-1360x1923.jpeg 1360w, http:\/\/ekonomik.opole.pl\/eko3\/wp-content\/uploads\/2022\/02\/9A051E67-DA28-4B6A-8C46-72A80E631FA6-680x962.jpeg 680w, http:\/\/ekonomik.opole.pl\/eko3\/wp-content\/uploads\/2022\/02\/9A051E67-DA28-4B6A-8C46-72A80E631FA6.jpeg 1485w\" sizes=\"(max-width: 724px) 100vw, 724px\" \/>\t\t\t\t\t\t\t\t\t\t\t\t\t\t<\/div>\n\t\t\t\t\t\t<\/div>\n\t\t\t\t<\/div>\n\t\t\t\t<div class=\"elementor-element elementor-element-7afbce4b elementor-widget-divider--view-line elementor-widget elementor-widget-divider\" data-id=\"7afbce4b\" data-element_type=\"widget\" data-widget_type=\"divider.default\">\n\t\t\t\t<div class=\"elementor-widget-container\">\n\t\t\t\t\t<div class=\"elementor-divider\">\n\t\t\t<span class=\"elementor-divider-separator\">\n\t\t\t\t\t\t<\/span>\n\t\t<\/div>\n\t\t\t\t<\/div>\n\t\t\t\t<\/div>\n\t\t\t\t\t\t<\/div>\n\t\t\t\t\t<\/div>\n\t\t<\/div>\n\t\t\t\t\t\t\t\t<\/div>\n\t\t\t\t\t<\/div>\n\t\t<\/section>\n\t\t\t\t\t\t<\/div>\n\t\t\t\t\t\t<\/div>\n\t\t\t\t\t<\/div>\n\t\t","protected":false},"excerpt":{"rendered":"<p>&#8222;Festiwal M\u0142odzie\u017cy&#8221; &#8211; jeszcze tylko do jutra, tj. 25.02.2022 mo\u017cecie odda\u0107 sw\u00f3j g\u0142os M\u0142odzie\u017cowa Rada Miasta Opola zaprasza mieszka\u0144c\u00f3w Opola, kt\u00f3rzy uko\u0144czyli 16 rok \u017cycia do g\u0142osowania na projekt \u201eFestiwal M\u0142odzie\u017cy\u201d w ramach tegorocznej edycji Marsza\u0142kowskiego Bud\u017cetu Obywatelskiego. G\u0142osowa\u0107 mo\u017cna pod adresem https:\/\/glosowanie.opolskie.pl\/\u00a0b\u0105d\u017a stacjonarnie w urz\u0119dzie marsza\u0142kowskim. G\u0142osuj\u0119!<\/p>\n","protected":false},"author":1,"featured_media":994601,"comment_status":"closed","ping_status":"open","sticky":false,"template":"","format":"standard","meta":{"inline_featured_image":false},"categories":[208],"tags":[259,260],"_links":{"self":[{"href":"http:\/\/ekonomik.opole.pl\/eko3\/wp-json\/wp\/v2\/posts\/994600"}],"collection":[{"href":"http:\/\/ekonomik.opole.pl\/eko3\/wp-json\/wp\/v2\/posts"}],"about":[{"href":"http:\/\/ekonomik.opole.pl\/eko3\/wp-json\/wp\/v2\/types\/post"}],"author":[{"embeddable":true,"href":"http:\/\/ekonomik.opole.pl\/eko3\/wp-json\/wp\/v2\/users\/1"}],"replies":[{"embeddable":true,"href":"http:\/\/ekonomik.opole.pl\/eko3\/wp-json\/wp\/v2\/comments?post=994600"}],"version-history":[{"count":10,"href":"http:\/\/ekonomik.opole.pl\/eko3\/wp-json\/wp\/v2\/posts\/994600\/revisions"}],"predecessor-version":[{"id":994612,"href":"http:\/\/ekonomik.opole.pl\/eko3\/wp-json\/wp\/v2\/posts\/994600\/revisions\/994612"}],"wp:featuredmedia":[{"embeddable":true,"href":"http:\/\/ekonomik.opole.pl\/eko3\/wp-json\/wp\/v2\/media\/994601"}],"wp:attachment":[{"href":"http:\/\/ekonomik.opole.pl\/eko3\/wp-json\/wp\/v2\/media?parent=994600"}],"wp:term":[{"taxonomy":"category","embeddable":true,"href":"http:\/\/ekonomik.opole.pl\/eko3\/wp-json\/wp\/v2\/categories?post=994600"},{"taxonomy":"post_tag","embeddable":true,"href":"http:\/\/ekonomik.opole.pl\/eko3\/wp-json\/wp\/v2\/tags?post=994600"}],"curies":[{"name":"wp","href":"https:\/\/api.w.org\/{rel}","templated":true}]}}