{"id":994961,"date":"2022-03-20T20:24:25","date_gmt":"2022-03-20T19:24:25","guid":{"rendered":"http:\/\/ekonomik.opole.pl\/eko3\/?p=994961"},"modified":"2022-03-20T20:58:06","modified_gmt":"2022-03-20T19:58:06","slug":"premiera-spotu-promocyjnego-zespolu-szkol-ekonomicznych-w-opolu","status":"publish","type":"post","link":"http:\/\/ekonomik.opole.pl\/eko3\/premiera-spotu-promocyjnego-zespolu-szkol-ekonomicznych-w-opolu\/","title":{"rendered":"Premiera spotu promocyjnego Zespo\u0142u Szk\u00f3\u0142 Ekonomicznych w Opolu"},"content":{"rendered":"\t\t<div data-elementor-type=\"wp-post\" data-elementor-id=\"994961\" class=\"elementor elementor-994961\" data-elementor-settings=\"[]\">\n\t\t\t\t\t\t<div class=\"elementor-inner\">\n\t\t\t\t\t\t\t<div class=\"elementor-section-wrap\">\n\t\t\t\t\t\t\t<section class=\"elementor-section elementor-top-section elementor-element elementor-element-59b6ea80 elementor-section-full_width elementor-section-height-default elementor-section-height-default\" data-id=\"59b6ea80\" data-element_type=\"section\">\n\t\t\t\t\t\t<div class=\"elementor-container elementor-column-gap-default\">\n\t\t\t\t\t\t\t<div class=\"elementor-row\">\n\t\t\t\t\t<div class=\"elementor-column elementor-col-100 elementor-top-column elementor-element elementor-element-5128a269\" data-id=\"5128a269\" data-element_type=\"column\">\n\t\t\t<div class=\"elementor-column-wrap elementor-element-populated\">\n\t\t\t\t\t\t\t<div class=\"elementor-widget-wrap\">\n\t\t\t\t\t\t<div class=\"elementor-element elementor-element-67453179 elementor-drop-cap-yes elementor-drop-cap-view-default elementor-widget elementor-widget-text-editor\" data-id=\"67453179\" data-element_type=\"widget\" data-settings=\"{&quot;drop_cap&quot;:&quot;yes&quot;}\" data-widget_type=\"text-editor.default\">\n\t\t\t\t<div class=\"elementor-widget-container\">\n\t\t\t\t\t\t\t\t<div class=\"elementor-text-editor elementor-clearfix\">\n\t\t\t\t\t<div class=\"cxmmr5t8 oygrvhab hcukyx3x c1et5uql o9v6fnle ii04i59q\"><div dir=\"auto\">&#8222;Wyb\u00f3r jest sztuk\u0105. Sztuka oznacza wyj\u0105tkowo\u015b\u0107, precyzj\u0119, wytrwa\u0142o\u015b\u0107, otwarto\u015b\u0107, pomys\u0142owo\u015b\u0107, ide\u0119, warto\u015bci, celowo\u015b\u0107 oraz przekaz. Podejmuj\u0105c decyzj\u0119, zastan\u00f3w si\u0119, czy pragniesz do\u0142\u0105czy\u0107 do spo\u0142eczno\u015bci tolerancyjnej, pe\u0142nej pasji i d\u0105\u017c\u0105cej do obranego celu, czy chcesz zdoby\u0107 zaw\u00f3d, umiej\u0119tno\u015bci poruszania si\u0119 po rynku pracy, a tak\u017ce uko\u0144czy\u0107 szko\u0142\u0119 egzaminem maturalnym otwieraj\u0105cym drzwi do studiowania.&#8221;<\/div><\/div><div class=\"cxmmr5t8 oygrvhab hcukyx3x c1et5uql o9v6fnle ii04i59q\"><div dir=\"auto\"><strong><br \/>\u00a0<br \/>Ewa Nowak-K\u00fcbler<\/strong> | Dyrektor Zespo\u0142u Szk\u00f3\u0142 Ekonomicznych im. gen. Stefana Roweckiego &#8222;Grota&#8221; w Opolu<\/div><\/div>\t\t\t\t\t<\/div>\n\t\t\t\t\t\t<\/div>\n\t\t\t\t<\/div>\n\t\t\t\t<div class=\"elementor-element elementor-element-4773436d elementor-widget-divider--separator-type-pattern elementor-widget-divider--no-spacing elementor-widget-divider--view-line elementor-widget elementor-widget-divider\" data-id=\"4773436d\" data-element_type=\"widget\" data-widget_type=\"divider.default\">\n\t\t\t\t<div class=\"elementor-widget-container\">\n\t\t\t\t\t<div class=\"elementor-divider\" style=\"--divider-pattern-url: url(&quot;data:image\/svg+xml,%3Csvg xmlns=&#039;http:\/\/www.w3.org\/2000\/svg&#039; preserveAspectRatio=&#039;xMidYMid meet&#039; overflow=&#039;visible&#039; height=&#039;100%&#039; viewBox=&#039;0 0 126 26&#039; fill=&#039;black&#039; stroke=&#039;none&#039;%3E%3Cpath d=&#039;M3,10.2c2.6,0,2.6,2,2.6,3.2S4.4,16.5,3,16.5s-3-1.4-3-3.2S0.4,10.2,3,10.2z M18.8,10.2c1.7,0,3.2,1.4,3.2,3.2s-1.4,3.2-3.2,3.2c-1.7,0-3.2-1.4-3.2-3.2S17,10.2,18.8,10.2z M34.6,10.2c1.5,0,2.6,1.4,2.6,3.2s-0.5,3.2-1.9,3.2c-1.5,0-3.4-1.4-3.4-3.2S33.1,10.2,34.6,10.2z M50.5,10.2c1.7,0,3.2,1.4,3.2,3.2s-1.4,3.2-3.2,3.2c-1.7,0-3.3-0.9-3.3-2.6S48.7,10.2,50.5,10.2z M66.2,10.2c1.5,0,3.4,1.4,3.4,3.2s-1.9,3.2-3.4,3.2c-1.5,0-2.6-0.4-2.6-2.1S64.8,10.2,66.2,10.2z M82.2,10.2c1.7,0.8,2.6,1.4,2.6,3.2s-0.1,3.2-1.6,3.2c-1.5,0-3.7-1.4-3.7-3.2S80.5,9.4,82.2,10.2zM98.6,10.2c1.5,0,2.6,0.4,2.6,2.1s-1.2,4.2-2.6,4.2c-1.5,0-3.7-0.4-3.7-2.1S97.1,10.2,98.6,10.2z M113.4,10.2c1.2,0,2.2,0.9,2.2,3.2s-0.1,3.2-1.3,3.2s-3.1-1.4-3.1-3.2S112.2,10.2,113.4,10.2z&#039;\/%3E%3C\/svg%3E&quot;);\">\n\t\t\t<span class=\"elementor-divider-separator\">\n\t\t\t\t\t\t<\/span>\n\t\t<\/div>\n\t\t\t\t<\/div>\n\t\t\t\t<\/div>\n\t\t\t\t<div class=\"elementor-element elementor-element-77db0ab8 elementor-widget-divider--view-line elementor-widget elementor-widget-divider\" data-id=\"77db0ab8\" data-element_type=\"widget\" data-widget_type=\"divider.default\">\n\t\t\t\t<div class=\"elementor-widget-container\">\n\t\t\t\t\t<div class=\"elementor-divider\">\n\t\t\t<span class=\"elementor-divider-separator\">\n\t\t\t\t\t\t<\/span>\n\t\t<\/div>\n\t\t\t\t<\/div>\n\t\t\t\t<\/div>\n\t\t\t\t<div class=\"elementor-element elementor-element-479bb92 elementor-widget elementor-widget-heading\" data-id=\"479bb92\" data-element_type=\"widget\" data-widget_type=\"heading.default\">\n\t\t\t\t<div class=\"elementor-widget-container\">\n\t\t\t<h3 class=\"elementor-heading-title elementor-size-default\">\"Wszystko zaczyna si\u0119 od wyboru\"<\/h3>\t\t<\/div>\n\t\t\t\t<\/div>\n\t\t\t\t<div class=\"elementor-element elementor-element-324cb96c elementor-widget elementor-widget-text-editor\" data-id=\"324cb96c\" data-element_type=\"widget\" data-widget_type=\"text-editor.default\">\n\t\t\t\t<div class=\"elementor-widget-container\">\n\t\t\t\t\t\t\t\t<div class=\"elementor-text-editor elementor-clearfix\">\n\t\t\t\t\t<p>&#8222;W imieniu agencji HIGHLIGHTS Witam Was wirtualnie na oficjalnej premierze spotu promuj\u0105cego dzia\u0142anie ekonomika w roku 2022. SZTUKA WYBORU. Bo tak naprawd\u0119 wszystko zaczyna si\u0119 od wyboru. Inspiracji by\u0142o wiele, ale od pocz\u0105tku wiedzieli\u015bmy, \u017ce chcemy stworzy\u0107 co\u015b, co wyr\u00f3\u017cni si\u0119 najwy\u017cszym poziomem estetyki, sk\u0142oni do refleksji i na zawsze pozostanie cz\u0119\u015bci\u0105 Naszej szko\u0142y.&#8221;\u00a0<br \/><strong>Julia Cavour<\/strong> | Dyrektor szkolnej agencji reklamowej HIGHLIGHTS | Technik reklamy <\/p>\t\t\t\t\t<\/div>\n\t\t\t\t\t\t<\/div>\n\t\t\t\t<\/div>\n\t\t\t\t\t\t<\/div>\n\t\t\t\t\t<\/div>\n\t\t<\/div>\n\t\t\t\t\t\t\t\t<\/div>\n\t\t\t\t\t<\/div>\n\t\t<\/section>\n\t\t\t\t<section class=\"elementor-section elementor-top-section elementor-element elementor-element-1e6b675f elementor-section-full_width elementor-section-height-default elementor-section-height-default\" data-id=\"1e6b675f\" data-element_type=\"section\">\n\t\t\t\t\t\t<div class=\"elementor-container elementor-column-gap-default\">\n\t\t\t\t\t\t\t<div class=\"elementor-row\">\n\t\t\t\t\t<div class=\"elementor-column elementor-col-100 elementor-top-column elementor-element elementor-element-17838ce8\" data-id=\"17838ce8\" data-element_type=\"column\">\n\t\t\t<div class=\"elementor-column-wrap elementor-element-populated\">\n\t\t\t\t\t\t\t<div class=\"elementor-widget-wrap\">\n\t\t\t\t\t\t<div class=\"elementor-element elementor-element-6bfa99c9 elementor-aspect-ratio-169 elementor-widget elementor-widget-video\" data-id=\"6bfa99c9\" data-element_type=\"widget\" data-settings=\"{&quot;youtube_url&quot;:&quot;https:\\\/\\\/www.youtube.com\\\/watch?v=hAxSItYWz3U&quot;,&quot;video_type&quot;:&quot;youtube&quot;,&quot;controls&quot;:&quot;yes&quot;,&quot;aspect_ratio&quot;:&quot;169&quot;}\" data-widget_type=\"video.default\">\n\t\t\t\t<div class=\"elementor-widget-container\">\n\t\t\t\t\t<div class=\"elementor-wrapper elementor-fit-aspect-ratio elementor-open-inline\">\n\t\t\t<div class=\"elementor-video\"><\/div>\t\t<\/div>\n\t\t\t\t<\/div>\n\t\t\t\t<\/div>\n\t\t\t\t<div class=\"elementor-element elementor-element-2ee4c4ae elementor-widget elementor-widget-text-editor\" data-id=\"2ee4c4ae\" data-element_type=\"widget\" data-widget_type=\"text-editor.default\">\n\t\t\t\t<div class=\"elementor-widget-container\">\n\t\t\t\t\t\t\t\t<div class=\"elementor-text-editor elementor-clearfix\">\n\t\t\t\t\t<div dir=\"auto\"><strong>Scenariusz i re\u017cyseria:<\/strong> Julia Cavour | mgr Piotr W\u00f3jcik | Agencja Highlights &#8211; klasa 3G<\/div><div dir=\"auto\"><strong>Zdj\u0119cia:<\/strong> Micha\u0142 Cio\u0142eszy\u0144ski<\/div><div dir=\"auto\"><strong>Monta\u017c:<\/strong> Julia Cavour<\/div><div dir=\"auto\"><strong>Kierownik produkcji:<\/strong> Julia Cavour | mgr Piotr W\u00f3jcik<\/div><div dir=\"auto\"><strong>Kierownik wykonawczy:<\/strong> Jakub D\u0119bski<\/div><div dir=\"auto\"><strong>Charakteryzacja:<\/strong> Agata Skorupa | Eli Gubernat | Marta Koz\u0142owska | Natalia Mnich<\/div>\t\t\t\t\t<\/div>\n\t\t\t\t\t\t<\/div>\n\t\t\t\t<\/div>\n\t\t\t\t<div class=\"elementor-element elementor-element-1038533b elementor-widget elementor-widget-spacer\" data-id=\"1038533b\" data-element_type=\"widget\" data-widget_type=\"spacer.default\">\n\t\t\t\t<div class=\"elementor-widget-container\">\n\t\t\t\t\t<div class=\"elementor-spacer\">\n\t\t\t<div class=\"elementor-spacer-inner\"><\/div>\n\t\t<\/div>\n\t\t\t\t<\/div>\n\t\t\t\t<\/div>\n\t\t\t\t<div class=\"elementor-element elementor-element-35014a6b elementor-widget-divider--view-line elementor-widget elementor-widget-divider\" data-id=\"35014a6b\" data-element_type=\"widget\" data-widget_type=\"divider.default\">\n\t\t\t\t<div class=\"elementor-widget-container\">\n\t\t\t\t\t<div class=\"elementor-divider\">\n\t\t\t<span class=\"elementor-divider-separator\">\n\t\t\t\t\t\t<\/span>\n\t\t<\/div>\n\t\t\t\t<\/div>\n\t\t\t\t<\/div>\n\t\t\t\t<div class=\"elementor-element elementor-element-27374136 elementor-widget elementor-widget-heading\" data-id=\"27374136\" data-element_type=\"widget\" data-widget_type=\"heading.default\">\n\t\t\t\t<div class=\"elementor-widget-container\">\n\t\t\t<h6 class=\"elementor-heading-title elementor-size-default\">sortuj wed\u0142ug wybranych tag\u00f3w i kategorii:<\/h6>\t\t<\/div>\n\t\t\t\t<\/div>\n\t\t\t\t\t\t<\/div>\n\t\t\t\t\t<\/div>\n\t\t<\/div>\n\t\t\t\t\t\t\t\t<\/div>\n\t\t\t\t\t<\/div>\n\t\t<\/section>\n\t\t\t\t\t\t<\/div>\n\t\t\t\t\t\t<\/div>\n\t\t\t\t\t<\/div>\n\t\t","protected":false},"excerpt":{"rendered":"<p>&#8222;Wyb\u00f3r jest sztuk\u0105. Sztuka oznacza wyj\u0105tkowo\u015b\u0107, precyzj\u0119, wytrwa\u0142o\u015b\u0107, otwarto\u015b\u0107, pomys\u0142owo\u015b\u0107, ide\u0119, warto\u015bci, celowo\u015b\u0107 oraz przekaz. Podejmuj\u0105c decyzj\u0119, zastan\u00f3w si\u0119, czy pragniesz do\u0142\u0105czy\u0107 do spo\u0142eczno\u015bci tolerancyjnej, pe\u0142nej pasji i d\u0105\u017c\u0105cej do obranego celu, czy chcesz zdoby\u0107 zaw\u00f3d, umiej\u0119tno\u015bci poruszania si\u0119 po rynku pracy, a tak\u017ce uko\u0144czy\u0107 szko\u0142\u0119 egzaminem maturalnym otwieraj\u0105cym drzwi do studiowania.&#8221;\u00a0Ewa Nowak-K\u00fcbler | Dyrektor&#8230;<\/p>\n","protected":false},"author":2,"featured_media":994963,"comment_status":"closed","ping_status":"open","sticky":false,"template":"","format":"standard","meta":{"inline_featured_image":false},"categories":[85],"tags":[157,224,255],"_links":{"self":[{"href":"http:\/\/ekonomik.opole.pl\/eko3\/wp-json\/wp\/v2\/posts\/994961"}],"collection":[{"href":"http:\/\/ekonomik.opole.pl\/eko3\/wp-json\/wp\/v2\/posts"}],"about":[{"href":"http:\/\/ekonomik.opole.pl\/eko3\/wp-json\/wp\/v2\/types\/post"}],"author":[{"embeddable":true,"href":"http:\/\/ekonomik.opole.pl\/eko3\/wp-json\/wp\/v2\/users\/2"}],"replies":[{"embeddable":true,"href":"http:\/\/ekonomik.opole.pl\/eko3\/wp-json\/wp\/v2\/comments?post=994961"}],"version-history":[{"count":7,"href":"http:\/\/ekonomik.opole.pl\/eko3\/wp-json\/wp\/v2\/posts\/994961\/revisions"}],"predecessor-version":[{"id":994969,"href":"http:\/\/ekonomik.opole.pl\/eko3\/wp-json\/wp\/v2\/posts\/994961\/revisions\/994969"}],"wp:featuredmedia":[{"embeddable":true,"href":"http:\/\/ekonomik.opole.pl\/eko3\/wp-json\/wp\/v2\/media\/994963"}],"wp:attachment":[{"href":"http:\/\/ekonomik.opole.pl\/eko3\/wp-json\/wp\/v2\/media?parent=994961"}],"wp:term":[{"taxonomy":"category","embeddable":true,"href":"http:\/\/ekonomik.opole.pl\/eko3\/wp-json\/wp\/v2\/categories?post=994961"},{"taxonomy":"post_tag","embeddable":true,"href":"http:\/\/ekonomik.opole.pl\/eko3\/wp-json\/wp\/v2\/tags?post=994961"}],"curies":[{"name":"wp","href":"https:\/\/api.w.org\/{rel}","templated":true}]}}