{"id":995047,"date":"2022-04-10T13:26:10","date_gmt":"2022-04-10T11:26:10","guid":{"rendered":"http:\/\/ekonomik.opole.pl\/eko3\/?p=995047"},"modified":"2022-04-10T13:34:01","modified_gmt":"2022-04-10T11:34:01","slug":"mateusz-lesniak-najlepszym-ekonomista-w-wojewodztwie","status":"publish","type":"post","link":"http:\/\/ekonomik.opole.pl\/eko3\/mateusz-lesniak-najlepszym-ekonomista-w-wojewodztwie\/","title":{"rendered":"Mateusz Le\u015bniak najlepszym ekonomist\u0105 w wojew\u00f3dztwie!"},"content":{"rendered":"\t\t<div data-elementor-type=\"wp-post\" data-elementor-id=\"995047\" class=\"elementor elementor-995047\" data-elementor-settings=\"[]\">\n\t\t\t\t\t\t<div class=\"elementor-inner\">\n\t\t\t\t\t\t\t<div class=\"elementor-section-wrap\">\n\t\t\t\t\t\t\t<section class=\"elementor-section elementor-top-section elementor-element elementor-element-993a1bd elementor-section-boxed elementor-section-height-default elementor-section-height-default\" data-id=\"993a1bd\" data-element_type=\"section\">\n\t\t\t\t\t\t<div class=\"elementor-container elementor-column-gap-default\">\n\t\t\t\t\t\t\t<div class=\"elementor-row\">\n\t\t\t\t\t<div class=\"elementor-column elementor-col-100 elementor-top-column elementor-element elementor-element-aa793a0\" data-id=\"aa793a0\" data-element_type=\"column\">\n\t\t\t<div class=\"elementor-column-wrap elementor-element-populated\">\n\t\t\t\t\t\t\t<div class=\"elementor-widget-wrap\">\n\t\t\t\t\t\t<div class=\"elementor-element elementor-element-1df3245 elementor-widget elementor-widget-spacer\" data-id=\"1df3245\" data-element_type=\"widget\" data-widget_type=\"spacer.default\">\n\t\t\t\t<div class=\"elementor-widget-container\">\n\t\t\t\t\t<div class=\"elementor-spacer\">\n\t\t\t<div class=\"elementor-spacer-inner\"><\/div>\n\t\t<\/div>\n\t\t\t\t<\/div>\n\t\t\t\t<\/div>\n\t\t\t\t\t\t<\/div>\n\t\t\t\t\t<\/div>\n\t\t<\/div>\n\t\t\t\t\t\t\t\t<\/div>\n\t\t\t\t\t<\/div>\n\t\t<\/section>\n\t\t\t\t<section class=\"elementor-section elementor-top-section elementor-element elementor-element-590e083 elementor-section-boxed elementor-section-height-default elementor-section-height-default\" data-id=\"590e083\" data-element_type=\"section\">\n\t\t\t\t\t\t<div class=\"elementor-container elementor-column-gap-default\">\n\t\t\t\t\t\t\t<div class=\"elementor-row\">\n\t\t\t\t\t<div class=\"elementor-column elementor-col-50 elementor-top-column elementor-element elementor-element-b0380b4\" data-id=\"b0380b4\" data-element_type=\"column\">\n\t\t\t<div class=\"elementor-column-wrap elementor-element-populated\">\n\t\t\t\t\t\t\t<div class=\"elementor-widget-wrap\">\n\t\t\t\t\t\t<div class=\"elementor-element elementor-element-9b3d48d elementor-widget elementor-widget-heading\" data-id=\"9b3d48d\" data-element_type=\"widget\" data-widget_type=\"heading.default\">\n\t\t\t\t<div class=\"elementor-widget-container\">\n\t\t\t<h2 class=\"elementor-heading-title elementor-size-default\">Fina\u0142 Opolskiej Ligi Zawodowc\u00f3w\n<\/h2>\t\t<\/div>\n\t\t\t\t<\/div>\n\t\t\t\t<div class=\"elementor-element elementor-element-7c61e4e elementor-widget elementor-widget-text-editor\" data-id=\"7c61e4e\" data-element_type=\"widget\" data-widget_type=\"text-editor.default\">\n\t\t\t\t<div class=\"elementor-widget-container\">\n\t\t\t\t\t\t\t\t<div class=\"elementor-text-editor elementor-clearfix\">\n\t\t\t\t\t<p>4 kwietnia 2022 r. w Regionalnym Zespole Plac\u00f3wek Wsparcia Edukacji w Opolu odby\u0142 si\u0119 fina\u0142 ekonomicznej cz\u0119\u015bci I Opolskiej Ligi Zawodowc\u00f3w, kt\u00f3rego zwyci\u0119zc\u0105 okaza\u0142 si\u0119 nasz tegoroczny maturzysta, Mateusz Le\u015bniak, ucze\u0144 klasy 4C.<\/p>\t\t\t\t\t<\/div>\n\t\t\t\t\t\t<\/div>\n\t\t\t\t<\/div>\n\t\t\t\t<div class=\"elementor-element elementor-element-65a20b0 elementor-widget elementor-widget-text-editor\" data-id=\"65a20b0\" data-element_type=\"widget\" data-widget_type=\"text-editor.default\">\n\t\t\t\t<div class=\"elementor-widget-container\">\n\t\t\t\t\t\t\t\t<div class=\"elementor-text-editor elementor-clearfix\">\n\t\t\t\t\t<p>Fina\u0142owe zadanie polega\u0142o na prezentacji przed komisj\u0105 konkursow\u0105 wcze\u015bniej przygotowanego przez finalist\u00f3w biznesplanu. Mateusz wykorzysta\u0142 wiedz\u0119 i umiej\u0119tno\u015bci zawodowe uzyskane w naszej szkole, prezentuj\u0105c w\u0142asny biznesplan biura rachunkowo-podatkowego.<\/p>\t\t\t\t\t<\/div>\n\t\t\t\t\t\t<\/div>\n\t\t\t\t<\/div>\n\t\t\t\t<div class=\"elementor-element elementor-element-1e11a39 elementor-widget elementor-widget-text-editor\" data-id=\"1e11a39\" data-element_type=\"widget\" data-widget_type=\"text-editor.default\">\n\t\t\t\t<div class=\"elementor-widget-container\">\n\t\t\t\t\t\t\t\t<div class=\"elementor-text-editor elementor-clearfix\">\n\t\t\t\t\t<p>Uroczyste wr\u0119czenie nagr\u00f3d odb\u0119dzie si\u0119 na 29 kwietnia na scenie Amfiteatru Tysi\u0105clecia w Opolu podczas Wojew\u00f3dzkiego \u015awi\u0119ta Kszta\u0142cenia Zawodowego.<\/p>\t\t\t\t\t<\/div>\n\t\t\t\t\t\t<\/div>\n\t\t\t\t<\/div>\n\t\t\t\t<div class=\"elementor-element elementor-element-d91ff74 elementor-widget elementor-widget-text-editor\" data-id=\"d91ff74\" data-element_type=\"widget\" data-widget_type=\"text-editor.default\">\n\t\t\t\t<div class=\"elementor-widget-container\">\n\t\t\t\t\t\t\t\t<div class=\"elementor-text-editor elementor-clearfix\">\n\t\t\t\t\t<p>Gratulujemy i \u017cyczymy r\u00f3wnie spektakularnego wyniku na maturze!<\/p>\t\t\t\t\t<\/div>\n\t\t\t\t\t\t<\/div>\n\t\t\t\t<\/div>\n\t\t\t\t<div class=\"elementor-element elementor-element-995afad elementor-widget elementor-widget-text-editor\" data-id=\"995afad\" data-element_type=\"widget\" data-widget_type=\"text-editor.default\">\n\t\t\t\t<div class=\"elementor-widget-container\">\n\t\t\t\t\t\t\t\t<div class=\"elementor-text-editor elementor-clearfix\">\n\t\t\t\t\t<p>Opieka merytoryczna:\u00a0mgr Damian Ka\u017amierczak,\u00a0mgr Tamara S\u0142odkowska-Tram\u015b, mgr in\u017c. Anna Suchi\u0144ska i Pan Jan Korzeniec (absolwent Ekonomika, kierownik dzia\u0142u ksi\u0119gowo\u015bci firm Biura Rachunkowego Prosperita sp. z o.o.)<\/p>\t\t\t\t\t<\/div>\n\t\t\t\t\t\t<\/div>\n\t\t\t\t<\/div>\n\t\t\t\t\t\t<\/div>\n\t\t\t\t\t<\/div>\n\t\t<\/div>\n\t\t\t\t<div class=\"elementor-column elementor-col-50 elementor-top-column elementor-element elementor-element-d311203\" data-id=\"d311203\" data-element_type=\"column\" data-settings=\"{&quot;background_background&quot;:&quot;classic&quot;}\">\n\t\t\t<div class=\"elementor-column-wrap elementor-element-populated\">\n\t\t\t\t\t\t\t<div class=\"elementor-widget-wrap\">\n\t\t\t\t\t\t<div class=\"elementor-element elementor-element-a489978 elementor-widget elementor-widget-image\" data-id=\"a489978\" data-element_type=\"widget\" data-widget_type=\"image.default\">\n\t\t\t\t<div class=\"elementor-widget-container\">\n\t\t\t\t\t\t\t\t<div class=\"elementor-image\">\n\t\t\t\t\t\t\t\t\t\t\t\t<img width=\"768\" height=\"1153\" src=\"http:\/\/ekonomik.opole.pl\/eko3\/wp-content\/uploads\/2022\/04\/Opolskiej-Ligi-Zawodowcow-1-768x1153.jpg\" class=\"attachment-medium_large size-medium_large\" alt=\"Mateusz Le\u015bniak\" loading=\"lazy\" srcset=\"http:\/\/ekonomik.opole.pl\/eko3\/wp-content\/uploads\/2022\/04\/Opolskiej-Ligi-Zawodowcow-1-768x1153.jpg 768w, http:\/\/ekonomik.opole.pl\/eko3\/wp-content\/uploads\/2022\/04\/Opolskiej-Ligi-Zawodowcow-1-200x300.jpg 200w, http:\/\/ekonomik.opole.pl\/eko3\/wp-content\/uploads\/2022\/04\/Opolskiej-Ligi-Zawodowcow-1-682x1024.jpg 682w, http:\/\/ekonomik.opole.pl\/eko3\/wp-content\/uploads\/2022\/04\/Opolskiej-Ligi-Zawodowcow-1-1023x1536.jpg 1023w, http:\/\/ekonomik.opole.pl\/eko3\/wp-content\/uploads\/2022\/04\/Opolskiej-Ligi-Zawodowcow-1-680x1021.jpg 680w, http:\/\/ekonomik.opole.pl\/eko3\/wp-content\/uploads\/2022\/04\/Opolskiej-Ligi-Zawodowcow-1.jpg 1066w\" sizes=\"(max-width: 768px) 100vw, 768px\" \/>\t\t\t\t\t\t\t\t\t\t\t\t\t\t<\/div>\n\t\t\t\t\t\t<\/div>\n\t\t\t\t<\/div>\n\t\t\t\t\t\t<\/div>\n\t\t\t\t\t<\/div>\n\t\t<\/div>\n\t\t\t\t\t\t\t\t<\/div>\n\t\t\t\t\t<\/div>\n\t\t<\/section>\n\t\t\t\t<section class=\"elementor-section elementor-top-section elementor-element elementor-element-415123b3 elementor-section-boxed elementor-section-height-default elementor-section-height-default\" data-id=\"415123b3\" data-element_type=\"section\">\n\t\t\t\t\t\t<div class=\"elementor-container elementor-column-gap-default\">\n\t\t\t\t\t\t\t<div class=\"elementor-row\">\n\t\t\t\t\t<div class=\"elementor-column elementor-col-100 elementor-top-column elementor-element elementor-element-2b2bbbf4\" data-id=\"2b2bbbf4\" data-element_type=\"column\">\n\t\t\t<div class=\"elementor-column-wrap elementor-element-populated\">\n\t\t\t\t\t\t\t<div class=\"elementor-widget-wrap\">\n\t\t\t\t\t\t<div class=\"elementor-element elementor-element-560455e8 elementor-widget elementor-widget-spacer\" data-id=\"560455e8\" data-element_type=\"widget\" data-widget_type=\"spacer.default\">\n\t\t\t\t<div class=\"elementor-widget-container\">\n\t\t\t\t\t<div class=\"elementor-spacer\">\n\t\t\t<div class=\"elementor-spacer-inner\"><\/div>\n\t\t<\/div>\n\t\t\t\t<\/div>\n\t\t\t\t<\/div>\n\t\t\t\t\t\t<\/div>\n\t\t\t\t\t<\/div>\n\t\t<\/div>\n\t\t\t\t\t\t\t\t<\/div>\n\t\t\t\t\t<\/div>\n\t\t<\/section>\n\t\t\t\t<section class=\"elementor-section elementor-top-section elementor-element elementor-element-1f3c5994 elementor-section-boxed elementor-section-height-default elementor-section-height-default\" data-id=\"1f3c5994\" data-element_type=\"section\">\n\t\t\t\t\t\t<div class=\"elementor-container elementor-column-gap-default\">\n\t\t\t\t\t\t\t<div class=\"elementor-row\">\n\t\t\t\t\t<div class=\"elementor-column elementor-col-100 elementor-top-column elementor-element elementor-element-23d7e65b\" data-id=\"23d7e65b\" data-element_type=\"column\">\n\t\t\t<div class=\"elementor-column-wrap elementor-element-populated\">\n\t\t\t\t\t\t\t<div class=\"elementor-widget-wrap\">\n\t\t\t\t\t\t<div class=\"elementor-element elementor-element-1d29819a elementor-widget-divider--view-line elementor-widget elementor-widget-divider\" data-id=\"1d29819a\" data-element_type=\"widget\" data-widget_type=\"divider.default\">\n\t\t\t\t<div class=\"elementor-widget-container\">\n\t\t\t\t\t<div class=\"elementor-divider\">\n\t\t\t<span class=\"elementor-divider-separator\">\n\t\t\t\t\t\t<\/span>\n\t\t<\/div>\n\t\t\t\t<\/div>\n\t\t\t\t<\/div>\n\t\t\t\t\t\t<\/div>\n\t\t\t\t\t<\/div>\n\t\t<\/div>\n\t\t\t\t\t\t\t\t<\/div>\n\t\t\t\t\t<\/div>\n\t\t<\/section>\n\t\t\t\t<section class=\"elementor-section elementor-top-section elementor-element elementor-element-2db96921 elementor-section-boxed elementor-section-height-default elementor-section-height-default\" data-id=\"2db96921\" data-element_type=\"section\">\n\t\t\t\t\t\t<div class=\"elementor-container elementor-column-gap-default\">\n\t\t\t\t\t\t\t<div class=\"elementor-row\">\n\t\t\t\t\t<div class=\"elementor-column elementor-col-100 elementor-top-column elementor-element elementor-element-70a0feda\" data-id=\"70a0feda\" data-element_type=\"column\">\n\t\t\t<div class=\"elementor-column-wrap elementor-element-populated\">\n\t\t\t\t\t\t\t<div class=\"elementor-widget-wrap\">\n\t\t\t\t\t\t<div class=\"elementor-element elementor-element-c299fce elementor-widget elementor-widget-heading\" data-id=\"c299fce\" data-element_type=\"widget\" data-widget_type=\"heading.default\">\n\t\t\t\t<div class=\"elementor-widget-container\">\n\t\t\t<h6 class=\"elementor-heading-title elementor-size-default\">sortuj wed\u0142ug wybranych tag\u00f3w i kategorii:<\/h6>\t\t<\/div>\n\t\t\t\t<\/div>\n\t\t\t\t\t\t<\/div>\n\t\t\t\t\t<\/div>\n\t\t<\/div>\n\t\t\t\t\t\t\t\t<\/div>\n\t\t\t\t\t<\/div>\n\t\t<\/section>\n\t\t\t\t\t\t<\/div>\n\t\t\t\t\t\t<\/div>\n\t\t\t\t\t<\/div>\n\t\t","protected":false},"excerpt":{"rendered":"<p>Fina\u0142 Opolskiej Ligi Zawodowc\u00f3w 4 kwietnia 2022 r. w Regionalnym Zespole Plac\u00f3wek Wsparcia Edukacji w Opolu odby\u0142 si\u0119 fina\u0142 ekonomicznej cz\u0119\u015bci I Opolskiej Ligi Zawodowc\u00f3w, kt\u00f3rego zwyci\u0119zc\u0105 okaza\u0142 si\u0119 nasz tegoroczny maturzysta, Mateusz Le\u015bniak, ucze\u0144 klasy 4C. Fina\u0142owe zadanie polega\u0142o na prezentacji przed komisj\u0105 konkursow\u0105 wcze\u015bniej przygotowanego przez finalist\u00f3w biznesplanu. Mateusz wykorzysta\u0142 wiedz\u0119 i umiej\u0119tno\u015bci&#8230;<\/p>\n","protected":false},"author":1,"featured_media":995050,"comment_status":"closed","ping_status":"open","sticky":false,"template":"","format":"standard","meta":{"inline_featured_image":false},"categories":[220],"tags":[101,93,272],"_links":{"self":[{"href":"http:\/\/ekonomik.opole.pl\/eko3\/wp-json\/wp\/v2\/posts\/995047"}],"collection":[{"href":"http:\/\/ekonomik.opole.pl\/eko3\/wp-json\/wp\/v2\/posts"}],"about":[{"href":"http:\/\/ekonomik.opole.pl\/eko3\/wp-json\/wp\/v2\/types\/post"}],"author":[{"embeddable":true,"href":"http:\/\/ekonomik.opole.pl\/eko3\/wp-json\/wp\/v2\/users\/1"}],"replies":[{"embeddable":true,"href":"http:\/\/ekonomik.opole.pl\/eko3\/wp-json\/wp\/v2\/comments?post=995047"}],"version-history":[{"count":15,"href":"http:\/\/ekonomik.opole.pl\/eko3\/wp-json\/wp\/v2\/posts\/995047\/revisions"}],"predecessor-version":[{"id":995065,"href":"http:\/\/ekonomik.opole.pl\/eko3\/wp-json\/wp\/v2\/posts\/995047\/revisions\/995065"}],"wp:featuredmedia":[{"embeddable":true,"href":"http:\/\/ekonomik.opole.pl\/eko3\/wp-json\/wp\/v2\/media\/995050"}],"wp:attachment":[{"href":"http:\/\/ekonomik.opole.pl\/eko3\/wp-json\/wp\/v2\/media?parent=995047"}],"wp:term":[{"taxonomy":"category","embeddable":true,"href":"http:\/\/ekonomik.opole.pl\/eko3\/wp-json\/wp\/v2\/categories?post=995047"},{"taxonomy":"post_tag","embeddable":true,"href":"http:\/\/ekonomik.opole.pl\/eko3\/wp-json\/wp\/v2\/tags?post=995047"}],"curies":[{"name":"wp","href":"https:\/\/api.w.org\/{rel}","templated":true}]}}