{"id":995354,"date":"2022-06-27T13:39:02","date_gmt":"2022-06-27T11:39:02","guid":{"rendered":"http:\/\/ekonomik.opole.pl\/eko3\/?p=995354"},"modified":"2022-06-27T13:39:03","modified_gmt":"2022-06-27T11:39:03","slug":"rekrutacja-do-szkoly","status":"publish","type":"post","link":"http:\/\/ekonomik.opole.pl\/eko3\/rekrutacja-do-szkoly\/","title":{"rendered":"Rekrutacja do szko\u0142y"},"content":{"rendered":"<div class=\"vgblk-rw-wrapper limit-wrapper\">\n<p>Wszystkich kandydat\u00f3w do szko\u0142y zapraszamy do sali nr 2 (Komisja Rekrutacyjna) na parterze szko\u0142y w dni robocze do godziny 16.<\/p>\n<\/div><!-- .vgblk-rw-wrapper -->","protected":false},"excerpt":{"rendered":"<p>Wszystkich kandydat\u00f3w do szko\u0142y zapraszamy do sali nr 2 (Komisja Rekrutacyjna) na parterze szko\u0142y w dni robocze do godziny 16.<\/p>\n","protected":false},"author":4,"featured_media":0,"comment_status":"closed","ping_status":"open","sticky":false,"template":"","format":"standard","meta":{"inline_featured_image":false},"categories":[114],"tags":[],"_links":{"self":[{"href":"http:\/\/ekonomik.opole.pl\/eko3\/wp-json\/wp\/v2\/posts\/995354"}],"collection":[{"href":"http:\/\/ekonomik.opole.pl\/eko3\/wp-json\/wp\/v2\/posts"}],"about":[{"href":"http:\/\/ekonomik.opole.pl\/eko3\/wp-json\/wp\/v2\/types\/post"}],"author":[{"embeddable":true,"href":"http:\/\/ekonomik.opole.pl\/eko3\/wp-json\/wp\/v2\/users\/4"}],"replies":[{"embeddable":true,"href":"http:\/\/ekonomik.opole.pl\/eko3\/wp-json\/wp\/v2\/comments?post=995354"}],"version-history":[{"count":1,"href":"http:\/\/ekonomik.opole.pl\/eko3\/wp-json\/wp\/v2\/posts\/995354\/revisions"}],"predecessor-version":[{"id":995355,"href":"http:\/\/ekonomik.opole.pl\/eko3\/wp-json\/wp\/v2\/posts\/995354\/revisions\/995355"}],"wp:attachment":[{"href":"http:\/\/ekonomik.opole.pl\/eko3\/wp-json\/wp\/v2\/media?parent=995354"}],"wp:term":[{"taxonomy":"category","embeddable":true,"href":"http:\/\/ekonomik.opole.pl\/eko3\/wp-json\/wp\/v2\/categories?post=995354"},{"taxonomy":"post_tag","embeddable":true,"href":"http:\/\/ekonomik.opole.pl\/eko3\/wp-json\/wp\/v2\/tags?post=995354"}],"curies":[{"name":"wp","href":"https:\/\/api.w.org\/{rel}","templated":true}]}}