{"id":995376,"date":"2022-07-01T11:22:12","date_gmt":"2022-07-01T09:22:12","guid":{"rendered":"http:\/\/ekonomik.opole.pl\/eko3\/?p=995376"},"modified":"2022-07-01T11:24:23","modified_gmt":"2022-07-01T09:24:23","slug":"stypendium-szkolne-w-okresie-2022-2023","status":"publish","type":"post","link":"http:\/\/ekonomik.opole.pl\/eko3\/stypendium-szkolne-w-okresie-2022-2023\/","title":{"rendered":"Stypendium szkolne w okresie 2022\/2023"},"content":{"rendered":"<div class=\"vgblk-rw-wrapper limit-wrapper\">\n<p>W zwi\u0105zku z obowi\u0105zywaniem Uchwa\u0142y nr XXXIX\/775\/21 Rady Miasta Opola z dnia 29.04.2021 zmieniaj\u0105cej uchwa\u0142\u0119 w sprawie regulaminu udzielania pomocy materialnej o charakterze socjalnym dla uczni\u00f3w zamieszka\u0142ych na terenie Miasta Opola Dz.U.Woj.Opolskiego poz.1272) informujemy, \u017ce uczniowie\/rodzice sk\u0142adaj\u0105 wnioski w siedzibie Miejskiego O\u015brodka Pomocy Rodzinie w Opolu, ul. Armii Krajowej 36 (pok. nr 5) w okresie\u00a0\u00a0\u00a0\u00a0\u00a0\u00a0\u00a0\u00a0\u00a0\u00a0\u00a0\u00a0\u00a0\u00a0\u00a0\u00a0\u00a0\u00a0\u00a0\u00a0\u00a0\u00a0\u00a0\u00a0\u00a0\u00a0\u00a0<\/p>\n\n\n\n<p class=\"has-text-align-center\"><strong>od 1 lipca 2022 r. do 15 wrze\u015bnia 2022 r.<\/strong><\/p>\n\n\n\n<p>Wnioski z\u0142o\u017cone po terminie bez uzasadnionej przyczyny b\u0119d\u0105 rozpatrzone negatywnie.<\/p>\n\n\n\n<p>Przyznanie prawa do stypendium szkolnego b\u0119dzie uzale\u017cnione od dochodu z miesi\u0105ca poprzedzaj\u0105cego z\u0142o\u017cenie wniosku, a w przypadku utraty dochodu \u2013 z miesi\u0105ca z\u0142o\u017cenia wniosku.<\/p>\n\n\n\n<p>W roku szkolnym 2022\/2023 nale\u017cy potwierdzi\u0107 w szkole fakt, \u017ce \u015bwiadczeniobiorca jest uczniem danej szko\u0142y.<\/p>\n\n\n\n<p>Dodatkowe informacje mo\u017cna uzyska\u0107 pod numerem telefonu 77 4005970, 77 4005982, 77 4005983 lub na stronie internetowej:<\/p>\n\n\n\n<p><a href=\"https:\/\/www.mopr.opole.pl\/index.php\/strefa-klienta\/81-strefa-klienta\/stypendium-szkolne-zasilek-szkolny\">https:\/\/www.mopr.opole.pl\/index.php\/strefa-klienta\/81-strefa-klienta\/stypendium-szkolne-zasilek-szkolny<\/a><\/p>\n\n\n\n<p>Formularze wniosku oraz o\u015bwiadczenia lub za\u015bwiadczenia dost\u0119pne s\u0105 na stronie:<\/p>\n\n\n\n<p><a href=\"https:\/\/www.mopr.opole.pl\/index.php\/strefa-klienta\/81-strefa-klienta\/stypendium-szkolne-zasilek-szkolny\">https:\/\/www.mopr.opole.pl\/index.php\/strefa-klienta\/81-strefa-klienta\/stypendium-szkolne-zasilek-szkolny<\/a><\/p>\n<\/div><!-- .vgblk-rw-wrapper -->","protected":false},"excerpt":{"rendered":"<p>W zwi\u0105zku z obowi\u0105zywaniem Uchwa\u0142y nr XXXIX\/775\/21 Rady Miasta Opola z dnia 29.04.2021 zmieniaj\u0105cej uchwa\u0142\u0119 w sprawie regulaminu udzielania pomocy materialnej o charakterze socjalnym dla uczni\u00f3w zamieszka\u0142ych na terenie Miasta Opola Dz.U.Woj.Opolskiego poz.1272) informujemy, \u017ce uczniowie\/rodzice sk\u0142adaj\u0105 wnioski w siedzibie Miejskiego O\u015brodka Pomocy Rodzinie w Opolu, ul. Armii Krajowej 36 (pok. nr 5) w okresie\u00a0\u00a0\u00a0\u00a0\u00a0\u00a0\u00a0\u00a0\u00a0\u00a0\u00a0\u00a0\u00a0\u00a0\u00a0\u00a0\u00a0\u00a0\u00a0\u00a0\u00a0\u00a0\u00a0\u00a0\u00a0\u00a0\u00a0&#8230;<\/p>\n","protected":false},"author":3,"featured_media":0,"comment_status":"closed","ping_status":"open","sticky":false,"template":"","format":"standard","meta":{"inline_featured_image":false},"categories":[188],"tags":[],"_links":{"self":[{"href":"http:\/\/ekonomik.opole.pl\/eko3\/wp-json\/wp\/v2\/posts\/995376"}],"collection":[{"href":"http:\/\/ekonomik.opole.pl\/eko3\/wp-json\/wp\/v2\/posts"}],"about":[{"href":"http:\/\/ekonomik.opole.pl\/eko3\/wp-json\/wp\/v2\/types\/post"}],"author":[{"embeddable":true,"href":"http:\/\/ekonomik.opole.pl\/eko3\/wp-json\/wp\/v2\/users\/3"}],"replies":[{"embeddable":true,"href":"http:\/\/ekonomik.opole.pl\/eko3\/wp-json\/wp\/v2\/comments?post=995376"}],"version-history":[{"count":2,"href":"http:\/\/ekonomik.opole.pl\/eko3\/wp-json\/wp\/v2\/posts\/995376\/revisions"}],"predecessor-version":[{"id":995379,"href":"http:\/\/ekonomik.opole.pl\/eko3\/wp-json\/wp\/v2\/posts\/995376\/revisions\/995379"}],"wp:attachment":[{"href":"http:\/\/ekonomik.opole.pl\/eko3\/wp-json\/wp\/v2\/media?parent=995376"}],"wp:term":[{"taxonomy":"category","embeddable":true,"href":"http:\/\/ekonomik.opole.pl\/eko3\/wp-json\/wp\/v2\/categories?post=995376"},{"taxonomy":"post_tag","embeddable":true,"href":"http:\/\/ekonomik.opole.pl\/eko3\/wp-json\/wp\/v2\/tags?post=995376"}],"curies":[{"name":"wp","href":"https:\/\/api.w.org\/{rel}","templated":true}]}}