{"id":995403,"date":"2022-08-25T08:44:47","date_gmt":"2022-08-25T06:44:47","guid":{"rendered":"http:\/\/ekonomik.opole.pl\/eko3\/?p=995403"},"modified":"2022-08-25T12:46:07","modified_gmt":"2022-08-25T10:46:07","slug":"program-stypendialny-wspieramy-najlepszych-iv","status":"publish","type":"post","link":"http:\/\/ekonomik.opole.pl\/eko3\/program-stypendialny-wspieramy-najlepszych-iv\/","title":{"rendered":"Program stypendialny Wspieramy najlepszych IV"},"content":{"rendered":"\t\t<div data-elementor-type=\"wp-post\" data-elementor-id=\"995403\" class=\"elementor elementor-995403\" data-elementor-settings=\"[]\">\n\t\t\t\t\t\t<div class=\"elementor-inner\">\n\t\t\t\t\t\t\t<div class=\"elementor-section-wrap\">\n\t\t\t\t\t\t\t<section class=\"elementor-section elementor-top-section elementor-element elementor-element-f0bc70b elementor-section-boxed elementor-section-height-default elementor-section-height-default\" data-id=\"f0bc70b\" data-element_type=\"section\">\n\t\t\t\t\t\t<div class=\"elementor-container elementor-column-gap-default\">\n\t\t\t\t\t\t\t<div class=\"elementor-row\">\n\t\t\t\t\t<div class=\"elementor-column elementor-col-100 elementor-top-column elementor-element elementor-element-8cce014\" data-id=\"8cce014\" data-element_type=\"column\">\n\t\t\t<div class=\"elementor-column-wrap elementor-element-populated\">\n\t\t\t\t\t\t\t<div class=\"elementor-widget-wrap\">\n\t\t\t\t\t\t<div class=\"elementor-element elementor-element-fb0ac10 elementor-widget elementor-widget-text-editor\" data-id=\"fb0ac10\" data-element_type=\"widget\" data-widget_type=\"text-editor.default\">\n\t\t\t\t<div class=\"elementor-widget-container\">\n\t\t\t\t\t\t\t\t<div class=\"elementor-text-editor elementor-clearfix\">\n\t\t\t\t\t<p class=\"MsoNormal\" style=\"text-align: center; line-height: 150%;\" align=\"center\">Zarz\u0105d Wojew\u00f3dztwa Opolskiego w dniach <b>od 29 sierpnia do 14 wrze\u015bnia br. \u00a0\u00a0\u00a0\u00a0\u00a0\u00a0\u00a0\u00a0\u00a0\u00a0\u00a0\u00a0\u00a0\u00a0\u00a0\u00a0\u00a0\u00a0\u00a0\u00a0\u00a0\u00a0\u00a0\u00a0\u00a0\u00a0\u00a0\u00a0\u00a0\u00a0\u00a0\u00a0\u00a0\u00a0\u00a0\u00a0\u00a0\u00a0\u00a0\u00a0\u00a0\u00a0\u00a0\u00a0\u00a0\u00a0\u00a0\u00a0\u00a0\u00a0\u00a0\u00a0\u00a0\u00a0\u00a0\u00a0\u00a0\u00a0\u00a0\u00a0\u00a0\u00a0\u00a0\u00a0\u00a0\u00a0\u00a0\u00a0<\/b>og\u0142asza nab\u00f3r wniosk\u00f3w do programu stypendialnego <b><i>Wspieramy najlepszych IV <\/i><\/b>na rok szkolny 2022\/2023<b><i>, <\/i><\/b>realizowanego w ramach Poddzia\u0142ania 9.1.5 RPO WO 2014-2020.<b><i><\/i><\/b><\/p><p class=\"MsoNormal\" style=\"margin-bottom: .0001pt; text-align: justify; line-height: 150%;\">\u00a0<\/p><p class=\"MsoNormal\" style=\"margin-bottom: .0001pt; text-align: justify; line-height: 150%;\">O stypendium mog\u0105 si\u0119 ubiega\u0107 uczennice\/uczniowie, kt\u00f3re\/rzy:<\/p><p class=\"MsoNormal\" style=\"margin-bottom: .0001pt; text-align: justify; line-height: 150%;\">\u2013 w roku szkolnym 2022\/2023 ucz\u0119szczaj\u0105 do klasy VII lub VIII szko\u0142y podstawowej lub ponadpodstawowej na terenie wojew\u00f3dztwa opolskiego,<\/p><p class=\"MsoNormal\" style=\"margin-bottom: .0001pt; text-align: justify; line-height: 150%;\">\u2013 w roku szkolnym 2021\/2022 uzyskali \u015bredni\u0105 z wszystkich ocen nie ni\u017csz\u0105 ni\u017c 4,90;<\/p><p class=\"MsoNormal\" style=\"margin-bottom: .0001pt; text-align: justify; line-height: 150%;\">\u2013 w roku szkolnym 2021\/2022 z trzech wybranych przedmiot\u00f3w matematycznych, przyrodniczych, informatycznych, j\u0119zyk\u00f3w obcych nowo\u017cytnych, przedsi\u0119biorczo\u015bci lub przedmiot\u00f3w z zakresu technologii informacyjno \u2013 komunikacyjnych z uzyskali \u015bredni\u0105 ocen nie ni\u017csza ni\u017c 4,70;<\/p><p class=\"MsoNormal\" style=\"margin-bottom: .0001pt; text-align: justify; line-height: 150%;\">\u2013 pochodz\u0105 z rodzin, kt\u00f3rych przeci\u0119tny miesi\u0119czny doch\u00f3d uzyskany w roku 2021 na jednego cz\u0142onka rodziny nie przekracza 2 022,00 z\u0142 netto (w przypadku, gdy w rodzinie jest dziecko niepe\u0142nosprawne\u00a0 2 292,00 z\u0142 netto).\u00a0\u00a0\u00a0\u00a0\u00a0\u00a0\u00a0<\/p><p class=\"MsoNormal\" style=\"margin-bottom: .0001pt; text-align: justify; line-height: 150%;\">Regulamin oraz wz\u00f3r wniosku wraz z za\u0142\u0105cznikiem dost\u0119pny jest na stronie internetowej Samorz\u0105du Wojew\u00f3dztwa Opolskiego <a href=\"http:\/\/www.opolskie.pl\/\"><span class=\"czeinternetowe\"><b>www.opolskie.pl<\/b><\/span><\/a> w zak\u0142adce: <b>REGION<\/b> \u00a0\u00a0\u00a0\u00a0\u00a0\u00a0\u00a0\u00a0\u00a0\u00a0\u00a0\u00a0\u00a0\u00a0\u00a0\u00a0\u00a0\u00a0\u00a0\u00a0\u00a0\u00a0\u00a0\u00a0\u00a0\u00a0\u00a0\u00a0\u00a0\u00a0\u00a0\u00a0\u00a0\u00a0\u00a0\u00a0\u00a0\u00a0\u00a0\u00a0\u00a0\u00a0\u00a0\u00a0\u00a0\u00a0\u00a0\u00a0\u00a0\u00a0\u00a0\u00a0\u00a0\u00a0\u00a0<\/p><p class=\"MsoNormal\" style=\"margin-bottom: .0001pt; text-align: justify; line-height: 150%;\"><u>\u00a0<\/u><\/p><p class=\"MsoNormal\" style=\"margin-bottom: .0001pt; text-align: justify; line-height: 150%;\"><u>Warunkiem ubiegania si\u0119 przez uczennic\u0119\/ucznia o przyznanie stypendium jest z\u0142o\u017cenie nast\u0119puj\u0105cych\u00a0 dokument\u00f3w:<\/u><\/p><ul style=\"margin-top: 0cm;\" type=\"disc\"><li class=\"MsoNormal\" style=\"margin-bottom: .0001pt; text-align: justify; line-height: 150%; mso-list: l0 level1 lfo3; tab-stops: list 36.0pt;\">wniosku o przyznanie stypendium zawieraj\u0105cego Indywidualny Plan Rozwoju uczennicy\/ucznia, wed\u0142ug okre\u015blonego wzoru wraz z o\u015bwiadczeniem uczestnika projektu (za\u0142. nr 1),<\/li><li class=\"MsoNormal\" style=\"margin-bottom: .0001pt; text-align: justify; line-height: 150%; mso-list: l0 level1 lfo3; tab-stops: list 36.0pt;\">kopii \u015bwiadectwa szkolnego po\u015bwiadczonej za zgodno\u015b\u0107 z orygina\u0142em,<\/li><li class=\"MsoNormal\" style=\"margin-bottom: .0001pt; text-align: justify; line-height: 150%; mso-list: l0 level1 lfo3; tab-stops: list 36.0pt;\">dokument\u00f3w potwierdzaj\u0105cych prawo do zasi\u0142ku rodzinnego lub prawo do dodatk\u00f3w do zasi\u0142ku rodzinnego \u2013 je\u015bli dotyczy,<\/li><li class=\"MsoNormal\" style=\"margin-bottom: .0001pt; text-align: justify; line-height: 150%; mso-list: l0 level1 lfo3; tab-stops: list 36.0pt;\">dokument\u00f3w potwierdzaj\u0105cych osi\u0105gni\u0119cia uczennicy\/ucznia wymienione w \u00a76 ust. 2 regulaminu programu \u201eWspieramy najlepszych IV\u201d\u2013 je\u015bli dotyczy,<\/li><li class=\"MsoNormal\" style=\"margin-bottom: .0001pt; text-align: justify; line-height: 150%; mso-list: l0 level1 lfo3; tab-stops: list 36.0pt;\">orzeczenia o niepe\u0142nosprawno\u015bci- je\u015bli dotyczy.<\/li><\/ul><p class=\"MsoNormal\" style=\"margin-bottom: .0001pt; text-align: justify; line-height: 150%;\">Do wniosku <u>nie za\u0142\u0105cza si\u0119<\/u> dokument\u00f3w potwierdzaj\u0105cych wysoko\u015b\u0107 dochod\u00f3w, jednak Samorz\u0105d Wojew\u00f3dztwa Opolskiego zastrzega sobie prawo do przeprowadzenia losowych weryfikacji o\u015bwiadcze\u0144\u00a0\u00a0\u00a0\u00a0\u00a0\u00a0\u00a0\u00a0\u00a0\u00a0\u00a0\u00a0\u00a0\u00a0\u00a0\u00a0\u00a0\u00a0 o wysoko\u015bci uzyskanego dochodu.<\/p><p class=\"MsoNormal\" style=\"margin-bottom: .0001pt; text-align: justify; line-height: 150%;\"><b>\u00a0<\/b><\/p><p class=\"MsoNormal\" style=\"margin-bottom: .0001pt; text-align: justify; line-height: 150%;\"><b>\u00a0<\/b><\/p><p class=\"MsoNormal\" style=\"margin-bottom: .0001pt; text-align: justify; line-height: 150%;\"><b>Wnioski mo\u017cna sk\u0142ada\u0107:<\/b><\/p><p class=\"MsoListParagraph\" style=\"mso-add-space: auto; text-align: justify; text-indent: -18.0pt; line-height: 150%; mso-list: l1 level1 lfo2; margin: 0cm 0cm .0001pt 21.3pt;\"><!-- [if !supportLists]--><span style=\"font-family: Wingdings; mso-fareast-font-family: Wingdings; mso-bidi-font-family: Wingdings; color: windowtext; mso-fareast-language: AR-SA;\">\u00fc<span style=\"font: 7.0pt 'Times New Roman';\">\u00a0 <\/span><\/span><!--[endif]--><span style=\"mso-fareast-font-family: 'Times New Roman'; mso-bidi-font-family: Calibri; color: windowtext; mso-fareast-language: AR-SA;\">Listownie (listem poleconym) na adres:<\/span><\/p><p class=\"MsoNormal\" style=\"text-align: justify; line-height: 150%; margin: 0cm 0cm .0001pt 54.0pt;\"><span style=\"mso-fareast-font-family: 'Times New Roman'; mso-bidi-font-family: Calibri; color: windowtext; mso-fareast-language: AR-SA;\">Urz\u0105d Marsza\u0142kowski Wojew\u00f3dztwa Opolskiego <\/span><\/p><p class=\"MsoNormal\" style=\"text-align: justify; line-height: 150%; margin: 0cm 0cm .0001pt 54.0pt;\"><span style=\"mso-fareast-font-family: 'Times New Roman'; mso-bidi-font-family: Calibri; color: windowtext; mso-fareast-language: AR-SA;\">Departament Edukacji i Rynku Pracy<\/span><\/p><p class=\"MsoNormal\" style=\"text-align: justify; line-height: 150%; margin: 0cm 0cm .0001pt 54.0pt;\"><span style=\"mso-fareast-font-family: 'Times New Roman'; mso-bidi-font-family: Calibri; color: windowtext; mso-fareast-language: AR-SA;\">ul. Piastowska 14<\/span><\/p><p class=\"MsoNormal\" style=\"text-align: justify; text-indent: -30.0pt; line-height: 150%; mso-list: l2 level2 lfo1; margin: 0cm 0cm .0001pt 84.0pt;\"><!-- [if !supportLists]--><span style=\"mso-bidi-font-family: Calibri; color: windowtext; mso-fareast-language: AR-SA;\">45-82<span style=\"font: 7.0pt 'Times New Roman';\">\u00a0\u00a0 <\/span><\/span><!--[endif]--><span style=\"mso-fareast-font-family: 'Times New Roman'; mso-bidi-font-family: Calibri; color: windowtext; mso-fareast-language: AR-SA;\">Opole<\/span><\/p><p class=\"MsoListParagraphCxSpFirst\" style=\"mso-add-space: auto; text-align: justify; text-indent: -18.0pt; line-height: 150%; mso-list: l1 level1 lfo2; margin: 0cm 0cm .0001pt 21.3pt;\"><!-- [if !supportLists]--><span style=\"font-family: Wingdings; mso-fareast-font-family: Wingdings; mso-bidi-font-family: Wingdings; color: windowtext; mso-fareast-language: AR-SA;\">\u00fc<span style=\"font: 7.0pt 'Times New Roman';\">\u00a0 <\/span><\/span><!--[endif]--><span style=\"mso-fareast-font-family: 'Times New Roman'; mso-bidi-font-family: Calibri; color: windowtext; mso-fareast-language: AR-SA;\">poprzez ePUAP na adres:<\/span> <span style=\"mso-fareast-font-family: 'Times New Roman'; mso-bidi-font-family: Calibri; color: windowtext; mso-fareast-language: AR-SA;\">\/q877fxtk55\/SkrytkaESP,<\/span><\/p><p class=\"MsoListParagraphCxSpMiddle\" style=\"mso-add-space: auto; text-align: justify; text-indent: -18.0pt; line-height: 150%; mso-list: l1 level1 lfo2; margin: 0cm 0cm .0001pt 21.3pt;\"><!-- [if !supportLists]--><span style=\"font-family: Wingdings; mso-fareast-font-family: Wingdings; mso-bidi-font-family: Wingdings; color: windowtext; mso-fareast-language: AR-SA;\">\u00fc<span style=\"font: 7.0pt 'Times New Roman';\">\u00a0 <\/span><\/span><!--[endif]--><span style=\"mso-fareast-font-family: 'Times New Roman'; mso-bidi-font-family: Calibri; color: windowtext; mso-fareast-language: AR-SA;\">osobi\u015bcie &#8211; <\/span><span style=\"mso-fareast-font-family: 'Times New Roman'; mso-bidi-font-family: Calibri; color: windowtext; mso-fareast-language: PL;\">w sekretariacie Departamentu Edukacji i Rynku Pracy ul. Piastowska 17 II pi\u0119tro pok. 204,<\/span><u><\/u><\/p><p class=\"MsoListParagraphCxSpLast\" style=\"mso-add-space: auto; text-align: justify; text-indent: -10.35pt; line-height: 150%; mso-list: l1 level1 lfo2; margin: 0cm 0cm .0001pt 14.2pt;\"><!-- [if !supportLists]--><span style=\"font-family: Wingdings; mso-fareast-font-family: Wingdings; mso-bidi-font-family: Wingdings; color: windowtext; mso-fareast-language: AR-SA;\">\u00fc <\/span><!--[endif]--><span style=\"mso-fareast-font-family: 'Times New Roman'; mso-bidi-font-family: Calibri; color: windowtext; mso-fareast-language: AR-SA;\">osobi\u015bcie w Kancelarii Og\u00f3lnej Urz\u0119du Marsza\u0142kowskiego Wojew\u00f3dztwa Opolskiego\u00a0 ul. Piastowska 14<\/span><\/p><p class=\"MsoNormal\" style=\"text-align: justify; line-height: 150%;\"><b><u>Wnioski z\u0142o\u017cone \u00a0po terminie nie b\u0119d\u0105 rozpatrywane.<\/u><\/b><\/p><p class=\"MsoNormal\" style=\"text-align: justify; line-height: 150%;\"><b><u><span style=\"mso-bidi-font-family: Calibri; color: windowtext;\">DECYDUJE DATA WP\u0141YWU WNIOSKU DO URZ\u0118DU.<\/span><\/u><\/b><\/p><p class=\"MsoNormal\" style=\"text-align: justify; line-height: 150%;\"><b><span style=\"mso-bidi-font-family: Calibri; color: windowtext;\">\u00a0W przypadku przesy\u0142ek poleconych, nadanych w <\/span><\/b><b><span style=\"mso-bidi-font-family: Calibri; color: windowtext;\">polskiej plac\u00f3wce pocztowej oraz korespondencji\u00a0 nadanej za po\u015brednictwem skrzynki ePUAP, decyduje data nadania.<\/span><\/b><b><u><\/u><\/b><\/p><p class=\"MsoNormalCxSpMiddle\" style=\"text-align: justify; line-height: 150%;\">Szczeg\u00f3\u0142owych informacji udziela:<\/p><p class=\"MsoNormalCxSpMiddle\" style=\"margin-bottom: .0001pt; mso-add-space: auto; text-align: justify; line-height: 150%;\">Departament Edukacji i Rynku Pracy,<\/p><p class=\"MsoNormalCxSpMiddle\" style=\"margin-bottom: .0001pt; mso-add-space: auto; text-align: justify; line-height: 150%;\"><span lang=\"EN-US\">tel.: 77 44 67 835, 77 44 67 834, 77 44 67\u00a0831, 77 44 67\u00a0830<\/span><\/p><p class=\"MsoNormalCxSpMiddle\" style=\"margin-bottom: .0001pt; mso-add-space: auto; text-align: justify; line-height: 150%;\"><span lang=\"EN-US\">Adres e-mail: <\/span><a href=\"mailto:wspieramynajlepszych@opolskie.pl\"><span lang=\"EN-US\">wspieramynajlepszych@opolskie.pl<\/span><\/a><\/p><p class=\"MsoNormalCxSpMiddle\" style=\"margin-bottom: .0001pt; mso-add-space: auto; text-align: justify; line-height: 150%;\">\u00a0<\/p><p class=\"MsoNormal\" style=\"line-height: 150%;\"><span lang=\"EN-US\">\u00a0<\/span><\/p>\t\t\t\t\t<\/div>\n\t\t\t\t\t\t<\/div>\n\t\t\t\t<\/div>\n\t\t\t\t\t\t<\/div>\n\t\t\t\t\t<\/div>\n\t\t<\/div>\n\t\t\t\t\t\t\t\t<\/div>\n\t\t\t\t\t<\/div>\n\t\t<\/section>\n\t\t\t\t<section class=\"elementor-section elementor-top-section elementor-element elementor-element-8d870fb elementor-section-boxed elementor-section-height-default elementor-section-height-default\" data-id=\"8d870fb\" data-element_type=\"section\">\n\t\t\t\t\t\t<div class=\"elementor-container elementor-column-gap-default\">\n\t\t\t\t\t\t\t<div class=\"elementor-row\">\n\t\t\t\t\t<div class=\"elementor-column elementor-col-100 elementor-top-column elementor-element elementor-element-b350a49\" data-id=\"b350a49\" data-element_type=\"column\">\n\t\t\t<div class=\"elementor-column-wrap elementor-element-populated\">\n\t\t\t\t\t\t\t<div class=\"elementor-widget-wrap\">\n\t\t\t\t\t\t<div class=\"elementor-element elementor-element-0d2ff26 elementor-widget elementor-widget-image\" data-id=\"0d2ff26\" data-element_type=\"widget\" data-widget_type=\"image.default\">\n\t\t\t\t<div class=\"elementor-widget-container\">\n\t\t\t\t\t\t\t\t<div class=\"elementor-image\">\n\t\t\t\t\t\t\t\t\t\t\t\t<img width=\"724\" height=\"1024\" src=\"http:\/\/ekonomik.opole.pl\/eko3\/wp-content\/uploads\/2022\/08\/PLAKAT-WN-IV-2022-724x1024.jpg\" class=\"attachment-large size-large\" alt=\"\" loading=\"lazy\" srcset=\"http:\/\/ekonomik.opole.pl\/eko3\/wp-content\/uploads\/2022\/08\/PLAKAT-WN-IV-2022-724x1024.jpg 724w, http:\/\/ekonomik.opole.pl\/eko3\/wp-content\/uploads\/2022\/08\/PLAKAT-WN-IV-2022-212x300.jpg 212w, http:\/\/ekonomik.opole.pl\/eko3\/wp-content\/uploads\/2022\/08\/PLAKAT-WN-IV-2022-768x1086.jpg 768w, http:\/\/ekonomik.opole.pl\/eko3\/wp-content\/uploads\/2022\/08\/PLAKAT-WN-IV-2022-1086x1536.jpg 1086w, http:\/\/ekonomik.opole.pl\/eko3\/wp-content\/uploads\/2022\/08\/PLAKAT-WN-IV-2022-1448x2048.jpg 1448w, http:\/\/ekonomik.opole.pl\/eko3\/wp-content\/uploads\/2022\/08\/PLAKAT-WN-IV-2022-1360x1924.jpg 1360w, http:\/\/ekonomik.opole.pl\/eko3\/wp-content\/uploads\/2022\/08\/PLAKAT-WN-IV-2022-680x962.jpg 680w, http:\/\/ekonomik.opole.pl\/eko3\/wp-content\/uploads\/2022\/08\/PLAKAT-WN-IV-2022.jpg 1587w\" sizes=\"(max-width: 724px) 100vw, 724px\" \/>\t\t\t\t\t\t\t\t\t\t\t\t\t\t<\/div>\n\t\t\t\t\t\t<\/div>\n\t\t\t\t<\/div>\n\t\t\t\t\t\t<\/div>\n\t\t\t\t\t<\/div>\n\t\t<\/div>\n\t\t\t\t\t\t\t\t<\/div>\n\t\t\t\t\t<\/div>\n\t\t<\/section>\n\t\t\t\t\t\t<\/div>\n\t\t\t\t\t\t<\/div>\n\t\t\t\t\t<\/div>\n\t\t","protected":false},"excerpt":{"rendered":"<p>Zarz\u0105d Wojew\u00f3dztwa Opolskiego w dniach od 29 sierpnia do 14 wrze\u015bnia br. \u00a0\u00a0\u00a0\u00a0\u00a0\u00a0\u00a0\u00a0\u00a0\u00a0\u00a0\u00a0\u00a0\u00a0\u00a0\u00a0\u00a0\u00a0\u00a0\u00a0\u00a0\u00a0\u00a0\u00a0\u00a0\u00a0\u00a0\u00a0\u00a0\u00a0\u00a0\u00a0\u00a0\u00a0\u00a0\u00a0\u00a0\u00a0\u00a0\u00a0\u00a0\u00a0\u00a0\u00a0\u00a0\u00a0\u00a0\u00a0\u00a0\u00a0\u00a0\u00a0\u00a0\u00a0\u00a0\u00a0\u00a0\u00a0\u00a0\u00a0\u00a0\u00a0\u00a0\u00a0\u00a0\u00a0\u00a0\u00a0og\u0142asza nab\u00f3r wniosk\u00f3w do programu stypendialnego Wspieramy najlepszych IV na rok szkolny 2022\/2023, realizowanego w ramach Poddzia\u0142ania 9.1.5 RPO WO 2014-2020. \u00a0 O stypendium mog\u0105 si\u0119 ubiega\u0107 uczennice\/uczniowie, kt\u00f3re\/rzy: \u2013 w roku szkolnym 2022\/2023 ucz\u0119szczaj\u0105 do klasy VII lub VIII szko\u0142y podstawowej lub&#8230;<\/p>\n","protected":false},"author":3,"featured_media":995405,"comment_status":"closed","ping_status":"open","sticky":false,"template":"","format":"standard","meta":{"inline_featured_image":false},"categories":[188],"tags":[],"_links":{"self":[{"href":"http:\/\/ekonomik.opole.pl\/eko3\/wp-json\/wp\/v2\/posts\/995403"}],"collection":[{"href":"http:\/\/ekonomik.opole.pl\/eko3\/wp-json\/wp\/v2\/posts"}],"about":[{"href":"http:\/\/ekonomik.opole.pl\/eko3\/wp-json\/wp\/v2\/types\/post"}],"author":[{"embeddable":true,"href":"http:\/\/ekonomik.opole.pl\/eko3\/wp-json\/wp\/v2\/users\/3"}],"replies":[{"embeddable":true,"href":"http:\/\/ekonomik.opole.pl\/eko3\/wp-json\/wp\/v2\/comments?post=995403"}],"version-history":[{"count":8,"href":"http:\/\/ekonomik.opole.pl\/eko3\/wp-json\/wp\/v2\/posts\/995403\/revisions"}],"predecessor-version":[{"id":995413,"href":"http:\/\/ekonomik.opole.pl\/eko3\/wp-json\/wp\/v2\/posts\/995403\/revisions\/995413"}],"wp:featuredmedia":[{"embeddable":true,"href":"http:\/\/ekonomik.opole.pl\/eko3\/wp-json\/wp\/v2\/media\/995405"}],"wp:attachment":[{"href":"http:\/\/ekonomik.opole.pl\/eko3\/wp-json\/wp\/v2\/media?parent=995403"}],"wp:term":[{"taxonomy":"category","embeddable":true,"href":"http:\/\/ekonomik.opole.pl\/eko3\/wp-json\/wp\/v2\/categories?post=995403"},{"taxonomy":"post_tag","embeddable":true,"href":"http:\/\/ekonomik.opole.pl\/eko3\/wp-json\/wp\/v2\/tags?post=995403"}],"curies":[{"name":"wp","href":"https:\/\/api.w.org\/{rel}","templated":true}]}}