{"id":995456,"date":"2022-08-30T19:07:19","date_gmt":"2022-08-30T17:07:19","guid":{"rendered":"http:\/\/ekonomik.opole.pl\/eko3\/?p=995456"},"modified":"2022-08-30T19:08:41","modified_gmt":"2022-08-30T17:08:41","slug":"1-wrzesnia-spotykamy-sie-na-boisku-rozpoczynamy-rok-szkolny-2022-2023","status":"publish","type":"post","link":"http:\/\/ekonomik.opole.pl\/eko3\/1-wrzesnia-spotykamy-sie-na-boisku-rozpoczynamy-rok-szkolny-2022-2023\/","title":{"rendered":"1 wrze\u015bnia spotykamy si\u0119 na boisku. Rozpoczynamy rok szkolny 2022\/2023"},"content":{"rendered":"\t\t<div data-elementor-type=\"wp-post\" data-elementor-id=\"995456\" class=\"elementor elementor-995456\" data-elementor-settings=\"[]\">\n\t\t\t\t\t\t<div class=\"elementor-inner\">\n\t\t\t\t\t\t\t<div class=\"elementor-section-wrap\">\n\t\t\t\t\t\t\t<section class=\"elementor-section elementor-top-section elementor-element elementor-element-2c8c9761 elementor-section-full_width elementor-section-height-default elementor-section-height-default\" data-id=\"2c8c9761\" data-element_type=\"section\">\n\t\t\t\t\t\t<div class=\"elementor-container elementor-column-gap-default\">\n\t\t\t\t\t\t\t<div class=\"elementor-row\">\n\t\t\t\t\t<div class=\"elementor-column elementor-col-100 elementor-top-column elementor-element elementor-element-601161e8\" data-id=\"601161e8\" data-element_type=\"column\">\n\t\t\t<div class=\"elementor-column-wrap elementor-element-populated\">\n\t\t\t\t\t\t\t<div class=\"elementor-widget-wrap\">\n\t\t\t\t\t\t<div class=\"elementor-element elementor-element-50eb0f40 elementor-drop-cap-yes elementor-drop-cap-view-default elementor-widget elementor-widget-text-editor\" data-id=\"50eb0f40\" data-element_type=\"widget\" data-settings=\"{&quot;drop_cap&quot;:&quot;yes&quot;}\" data-widget_type=\"text-editor.default\">\n\t\t\t\t<div class=\"elementor-widget-container\">\n\t\t\t\t\t\t\t\t<div class=\"elementor-text-editor elementor-clearfix\">\n\t\t\t\t\t<p>Ju\u017c w najbli\u017cszy czwartek uroczy\u015bcie rozpoczniemy rok szkolny 2022\/2023. Serdecznie zapraszamy wszystkie klasy na boisko szkolne.\u00a0<\/p>\t\t\t\t\t<\/div>\n\t\t\t\t\t\t<\/div>\n\t\t\t\t<\/div>\n\t\t\t\t<div class=\"elementor-element elementor-element-270b8227 elementor-widget-divider--separator-type-pattern elementor-widget-divider--no-spacing elementor-widget-divider--view-line elementor-widget elementor-widget-divider\" data-id=\"270b8227\" data-element_type=\"widget\" data-widget_type=\"divider.default\">\n\t\t\t\t<div class=\"elementor-widget-container\">\n\t\t\t\t\t<div class=\"elementor-divider\" style=\"--divider-pattern-url: url(&quot;data:image\/svg+xml,%3Csvg xmlns=&#039;http:\/\/www.w3.org\/2000\/svg&#039; preserveAspectRatio=&#039;xMidYMid meet&#039; overflow=&#039;visible&#039; height=&#039;100%&#039; viewBox=&#039;0 0 126 26&#039; fill=&#039;black&#039; stroke=&#039;none&#039;%3E%3Cpath d=&#039;M3,10.2c2.6,0,2.6,2,2.6,3.2S4.4,16.5,3,16.5s-3-1.4-3-3.2S0.4,10.2,3,10.2z M18.8,10.2c1.7,0,3.2,1.4,3.2,3.2s-1.4,3.2-3.2,3.2c-1.7,0-3.2-1.4-3.2-3.2S17,10.2,18.8,10.2z M34.6,10.2c1.5,0,2.6,1.4,2.6,3.2s-0.5,3.2-1.9,3.2c-1.5,0-3.4-1.4-3.4-3.2S33.1,10.2,34.6,10.2z M50.5,10.2c1.7,0,3.2,1.4,3.2,3.2s-1.4,3.2-3.2,3.2c-1.7,0-3.3-0.9-3.3-2.6S48.7,10.2,50.5,10.2z M66.2,10.2c1.5,0,3.4,1.4,3.4,3.2s-1.9,3.2-3.4,3.2c-1.5,0-2.6-0.4-2.6-2.1S64.8,10.2,66.2,10.2z M82.2,10.2c1.7,0.8,2.6,1.4,2.6,3.2s-0.1,3.2-1.6,3.2c-1.5,0-3.7-1.4-3.7-3.2S80.5,9.4,82.2,10.2zM98.6,10.2c1.5,0,2.6,0.4,2.6,2.1s-1.2,4.2-2.6,4.2c-1.5,0-3.7-0.4-3.7-2.1S97.1,10.2,98.6,10.2z M113.4,10.2c1.2,0,2.2,0.9,2.2,3.2s-0.1,3.2-1.3,3.2s-3.1-1.4-3.1-3.2S112.2,10.2,113.4,10.2z&#039;\/%3E%3C\/svg%3E&quot;);\">\n\t\t\t<span class=\"elementor-divider-separator\">\n\t\t\t\t\t\t<\/span>\n\t\t<\/div>\n\t\t\t\t<\/div>\n\t\t\t\t<\/div>\n\t\t\t\t<div class=\"elementor-element elementor-element-6d2b8691 elementor-widget-divider--view-line elementor-widget elementor-widget-divider\" data-id=\"6d2b8691\" data-element_type=\"widget\" data-widget_type=\"divider.default\">\n\t\t\t\t<div class=\"elementor-widget-container\">\n\t\t\t\t\t<div class=\"elementor-divider\">\n\t\t\t<span class=\"elementor-divider-separator\">\n\t\t\t\t\t\t<\/span>\n\t\t<\/div>\n\t\t\t\t<\/div>\n\t\t\t\t<\/div>\n\t\t\t\t<div class=\"elementor-element elementor-element-13d2219c elementor-widget elementor-widget-heading\" data-id=\"13d2219c\" data-element_type=\"widget\" data-widget_type=\"heading.default\">\n\t\t\t\t<div class=\"elementor-widget-container\">\n\t\t\t<h3 class=\"elementor-heading-title elementor-size-default\">Harmonogram 1 wrze\u015bnia 2022<\/h3>\t\t<\/div>\n\t\t\t\t<\/div>\n\t\t\t\t<div class=\"elementor-element elementor-element-4ec56d71 elementor-widget elementor-widget-text-editor\" data-id=\"4ec56d71\" data-element_type=\"widget\" data-widget_type=\"text-editor.default\">\n\t\t\t\t<div class=\"elementor-widget-container\">\n\t\t\t\t\t\t\t\t<div class=\"elementor-text-editor elementor-clearfix\">\n\t\t\t\t\t<p><strong>Godz. 08.00 \u2013 <\/strong>uroczysta Msza \u015aw. w ko\u015bciele \u015bw. Piotra i Paw\u0142a (dla ch\u0119tnych)<\/p><p><strong>Godz. 9.15<\/strong> \u2013 uroczyste rozpocz\u0119cie roku szkolnego na boisku szkolnym<\/p><p><strong>Godz. 9.45 \u2013\u00a0 10.30<\/strong> &#8211; spotkanie\u00a0 z wychowawcami w wyznaczonych salach:<\/p>\t\t\t\t\t<\/div>\n\t\t\t\t\t\t<\/div>\n\t\t\t\t<\/div>\n\t\t\t\t\t\t<\/div>\n\t\t\t\t\t<\/div>\n\t\t<\/div>\n\t\t\t\t\t\t\t\t<\/div>\n\t\t\t\t\t<\/div>\n\t\t<\/section>\n\t\t\t\t<section class=\"elementor-section elementor-top-section elementor-element elementor-element-bf33ce6 elementor-section-boxed elementor-section-height-default elementor-section-height-default\" data-id=\"bf33ce6\" data-element_type=\"section\">\n\t\t\t\t\t\t<div class=\"elementor-container elementor-column-gap-default\">\n\t\t\t\t\t\t\t<div class=\"elementor-row\">\n\t\t\t\t\t<div class=\"elementor-column elementor-col-100 elementor-top-column elementor-element elementor-element-a2aa77d\" data-id=\"a2aa77d\" data-element_type=\"column\">\n\t\t\t<div class=\"elementor-column-wrap\">\n\t\t\t\t\t\t\t<div class=\"elementor-widget-wrap\">\n\t\t\t\t\t\t\t\t<\/div>\n\t\t\t\t\t<\/div>\n\t\t<\/div>\n\t\t\t\t\t\t\t\t<\/div>\n\t\t\t\t\t<\/div>\n\t\t<\/section>\n\t\t\t\t<section class=\"elementor-section elementor-top-section elementor-element elementor-element-7ce5488 elementor-section-boxed elementor-section-height-default elementor-section-height-default\" data-id=\"7ce5488\" data-element_type=\"section\">\n\t\t\t\t\t\t<div class=\"elementor-container elementor-column-gap-default\">\n\t\t\t\t\t\t\t<div class=\"elementor-row\">\n\t\t\t\t\t<div class=\"elementor-column elementor-col-100 elementor-top-column elementor-element elementor-element-f1664b0\" data-id=\"f1664b0\" data-element_type=\"column\">\n\t\t\t<div class=\"elementor-column-wrap elementor-element-populated\">\n\t\t\t\t\t\t\t<div class=\"elementor-widget-wrap\">\n\t\t\t\t\t\t<div class=\"elementor-element elementor-element-820907b elementor-widget elementor-widget-text-editor\" data-id=\"820907b\" data-element_type=\"widget\" data-widget_type=\"text-editor.default\">\n\t\t\t\t<div class=\"elementor-widget-container\">\n\t\t\t\t\t\t\t\t<div class=\"elementor-text-editor elementor-clearfix\">\n\t\t\t\t\t<table width=\"718\"><tbody><tr><td width=\"57\"><p><strong>klasa<\/strong><\/p><\/td><td width=\"378\"><p><strong>zaw\u00f3d<\/strong><\/p><\/td><td width=\"208\"><p><strong>Wychowawca<\/strong><\/p><\/td><td width=\"75\"><p><strong>sala<\/strong><\/p><\/td><\/tr><tr><td width=\"57\"><p><strong>1a<\/strong><\/p><\/td><td width=\"378\"><p>1 a1 \u2013 technik fotografii i multimedi\u00f3w<\/p><\/td><td rowspan=\"2\" width=\"208\"><p>Sebastian Tabo\u0142<\/p><\/td><td rowspan=\"2\" width=\"75\"><p>21<\/p><\/td><\/tr><tr><td width=\"57\"><p><strong>\u00a0<\/strong><\/p><\/td><td width=\"378\"><p>1 a2 \u2013 technik programista<\/p><\/td><\/tr><tr><td width=\"57\"><p><strong>1b<\/strong><\/p><\/td><td width=\"378\"><p>technik rachunkowo\u015bci<\/p><\/td><td width=\"208\"><p>Ma\u0142gorzata Rapacz<\/p><\/td><td width=\"75\"><p>25<\/p><\/td><\/tr><tr><td width=\"57\"><p><strong>1c<\/strong><\/p><\/td><td width=\"378\"><p>technik ekonomista<\/p><\/td><td width=\"208\"><p>Katarzyna Romanowska<\/p><\/td><td width=\"75\"><p>31<\/p><\/td><\/tr><tr><td width=\"57\"><p><strong>1d<\/strong><\/p><\/td><td width=\"378\"><p>1 d1 \u2013 technik ekonomista<\/p><\/td><td rowspan=\"2\" width=\"208\"><p>Ewa Podwysocka<\/p><\/td><td rowspan=\"2\" width=\"75\"><p>6<\/p><\/td><\/tr><tr><td width=\"57\"><p><strong>\u00a0<\/strong><\/p><\/td><td width=\"378\"><p>1 d2 \u2013 technik logistyk<\/p><\/td><\/tr><tr><td width=\"57\"><p><strong>1e<\/strong><\/p><\/td><td width=\"378\"><p>technik reklamy<\/p><\/td><td width=\"208\"><p>Piotr W\u00f3jcik<\/p><\/td><td width=\"75\"><p>28<\/p><\/td><\/tr><tr><td width=\"57\"><p><strong>1f<\/strong><\/p><\/td><td width=\"378\"><p>technik logistyk<\/p><\/td><td width=\"208\"><p>Ma\u0142gorzata Ja\u015bkiewicz<\/p><\/td><td width=\"75\"><p>33<\/p><\/td><\/tr><tr><td width=\"57\"><p><strong>1g<\/strong><\/p><\/td><td width=\"378\"><p>technik grafiki i poligrafii cyfrowej<\/p><\/td><td width=\"208\"><p>Rafa\u0142 Krzyszta\u0142owicz<\/p><\/td><td width=\"75\"><p>8<\/p><\/td><\/tr><tr><td width=\"57\"><p><strong>2a<\/strong><\/p><\/td><td width=\"378\"><p>2 a1 \u2013 technik fotografii i multimedi\u00f3w<\/p><\/td><td rowspan=\"2\" width=\"208\"><p>Sylwester Strzelec<\/p><\/td><td rowspan=\"2\" width=\"75\"><p>54<\/p><\/td><\/tr><tr><td width=\"57\"><p><strong>\u00a0<\/strong><\/p><\/td><td width=\"378\"><p>2 a2 \u2013 technik grafiki i poligrafii cyfrowej<\/p><\/td><\/tr><tr><td width=\"57\"><p><strong>2b<\/strong><\/p><\/td><td width=\"378\"><p>2 b1 \u2013 technik ekonomista<\/p><\/td><td rowspan=\"2\" width=\"208\"><p>Adam Skwira<\/p><\/td><td rowspan=\"2\" width=\"75\"><p>35<\/p><\/td><\/tr><tr><td width=\"57\"><p><strong>\u00a0<\/strong><\/p><\/td><td width=\"378\"><p>2 b2 \u2013 technik programista<\/p><\/td><\/tr><tr><td width=\"57\"><p><strong>2c<\/strong><\/p><\/td><td width=\"378\"><p>technik rachunkowo\u015bci<\/p><\/td><td width=\"208\"><p>Beata Klama<\/p><\/td><td width=\"75\"><p>34<\/p><\/td><\/tr><tr><td width=\"57\"><p><strong>2d<\/strong><\/p><\/td><td width=\"378\"><p>technik ekonomista<\/p><\/td><td width=\"208\"><p>Izabela Go\u0142og\u00f3rska<\/p><\/td><td width=\"75\"><p>39<\/p><\/td><\/tr><tr><td width=\"57\"><p><strong>2e<\/strong><\/p><\/td><td width=\"378\"><p>technik reklamy<\/p><\/td><td width=\"208\"><p>Mariusz Fr\u0105ckowiak<\/p><\/td><td width=\"75\"><p>27<\/p><\/td><\/tr><tr><td width=\"57\"><p><strong>2f<\/strong><\/p><\/td><td width=\"378\"><p>technik logistyk<\/p><\/td><td width=\"208\"><p>Stanis\u0142aw Hadyna<\/p><\/td><td width=\"75\"><p>41<\/p><\/td><\/tr><tr><td width=\"57\"><p><strong>3a<\/strong><\/p><\/td><td width=\"378\"><p>3 a1 \u2013 technik programista<\/p><p>3 a2 \u2013 technik fotografii i multimedi\u00f3w<\/p><\/td><td width=\"208\"><p>Katarzyna \u017bukowska<\/p><\/td><td width=\"75\"><p>2<\/p><\/td><\/tr><tr><td width=\"57\"><p><strong>3b<\/strong><\/p><\/td><td width=\"378\"><p>\u00a0technik grafiki i poligrafii cyfrowej<\/p><\/td><td width=\"208\"><p>Monika Ku\u017anik<\/p><\/td><td width=\"75\"><p>45<\/p><\/td><\/tr><tr><td width=\"57\"><p><strong>3c<\/strong><\/p><\/td><td width=\"378\"><p>\u00a0technik rachunkowo\u015bci<\/p><\/td><td width=\"208\"><p>Anna Suchi\u0144ska<\/p><\/td><td width=\"75\"><p>26<\/p><\/td><\/tr><tr><td width=\"57\"><p><strong>3d<\/strong><\/p><\/td><td width=\"378\"><p>technik ekonomista<\/p><\/td><td width=\"208\"><p>Anna Podleska<\/p><\/td><td width=\"75\"><p>53<\/p><\/td><\/tr><tr><td width=\"57\"><p><strong>3e<\/strong><\/p><\/td><td width=\"378\"><p>technik reklamy<\/p><\/td><td width=\"208\"><p>Patrycja Borczy\u0144ska<\/p><\/td><td width=\"75\"><p>5<\/p><\/td><\/tr><tr><td width=\"57\"><p><strong>3f<\/strong><\/p><\/td><td width=\"378\"><p>technik logistyk<\/p><\/td><td width=\"208\"><p>Jaros\u0142aw U\u0142amek<\/p><\/td><td width=\"75\"><p>55<\/p><\/td><\/tr><tr><td width=\"57\"><p><strong>3g<\/strong><\/p><\/td><td width=\"378\"><p>technik logistyk<\/p><\/td><td width=\"208\"><p>Anna Rogowska<\/p><\/td><td width=\"75\"><p>20<\/p><\/td><\/tr><tr><td width=\"57\"><p><strong>4na<\/strong><\/p><\/td><td width=\"378\"><p>4 na1 \u2013 technik grafiki i poligrafii cyfrowej<\/p><p>4 na2 \u2013 technik ekonomista<\/p><\/td><td width=\"208\"><p>Bo\u017cena Babuli\u0144ska &#8211; Balawajder<\/p><\/td><td width=\"75\"><p>48<\/p><\/td><\/tr><tr><td width=\"57\"><p><strong>4nb<\/strong><\/p><\/td><td width=\"378\"><p>technik rachunkowo\u015bci<\/p><\/td><td width=\"208\"><p>Mariusz Wojas<\/p><\/td><td width=\"75\"><p>38<\/p><\/td><\/tr><tr><td width=\"57\"><p><strong>4nc<\/strong><\/p><\/td><td width=\"378\"><p>4 nc1 \u2013 technik fotografii i multimedi\u00f3w<\/p><p>4 nc2 \u2013 technik reklamy<\/p><\/td><td width=\"208\"><p>Anna Kornek<\/p><\/td><td width=\"75\"><p>29<\/p><\/td><\/tr><tr><td width=\"57\"><p><strong>4nd<\/strong><\/p><\/td><td width=\"378\"><p>4 nd1 \u2013 technik logistyk \u201esprawni jak \u017co\u0142nierze\u201d<\/p><p>4 nd2 \u2013 technik logistyk \u201eeurologistyk\u201d<\/p><\/td><td width=\"208\"><p>Ma\u0142gorzata Kochanowska<\/p><\/td><td width=\"75\"><p>57<\/p><\/td><\/tr><tr><td width=\"57\"><p><strong>4se<\/strong><\/p><\/td><td width=\"378\"><p>4 se1 &#8211;\u00a0 technik fotografii i multimedi\u00f3w<\/p><p>4 se2 &#8211;\u00a0 technik grafiki i poligrafii cyfrowej<\/p><\/td><td width=\"208\"><p>Edyta Ko\u015bcielak<\/p><\/td><td width=\"75\"><p>49<\/p><\/td><\/tr><tr><td width=\"57\"><p><strong>4sf<\/strong><\/p><\/td><td width=\"378\"><p>4 sf1 &#8211;\u00a0 technik ekonomista<\/p><p>4 sf2 &#8211;\u00a0 technik rachunkowo\u015bci<\/p><\/td><td width=\"208\"><p>Tamara S\u0142odkowska \u2013 Tram\u015b<\/p><\/td><td width=\"75\"><p>22<\/p><\/td><\/tr><tr><td width=\"57\"><p><strong>4sg<\/strong><\/p><\/td><td width=\"378\"><p>\u00a0technik reklamy<\/p><\/td><td width=\"208\"><p>Marta Polok<\/p><\/td><td width=\"75\"><p>50<\/p><\/td><\/tr><tr><td width=\"57\"><p><strong>4sh<\/strong><\/p><\/td><td width=\"378\"><p>4 sh1 \u2013 technik logistyk \u201esprawni jak \u017co\u0142nierze\u201d<\/p><p>4 sh2 \u2013 technik logistyk \u201eeurologistyk\u201d<\/p><\/td><td width=\"208\"><p>Dariusz Kordek<\/p><\/td><td width=\"75\"><p>40<\/p><\/td><\/tr><\/tbody><\/table>\t\t\t\t\t<\/div>\n\t\t\t\t\t\t<\/div>\n\t\t\t\t<\/div>\n\t\t\t\t\t\t<\/div>\n\t\t\t\t\t<\/div>\n\t\t<\/div>\n\t\t\t\t\t\t\t\t<\/div>\n\t\t\t\t\t<\/div>\n\t\t<\/section>\n\t\t\t\t\t\t<\/div>\n\t\t\t\t\t\t<\/div>\n\t\t\t\t\t<\/div>\n\t\t","protected":false},"excerpt":{"rendered":"<p>Ju\u017c w najbli\u017cszy czwartek uroczy\u015bcie rozpoczniemy rok szkolny 2022\/2023. Serdecznie zapraszamy wszystkie klasy na boisko szkolne.\u00a0 Harmonogram 1 wrze\u015bnia 2022 Godz. 08.00 \u2013 uroczysta Msza \u015aw. w ko\u015bciele \u015bw. Piotra i Paw\u0142a (dla ch\u0119tnych) Godz. 9.15 \u2013 uroczyste rozpocz\u0119cie roku szkolnego na boisku szkolnym Godz. 9.45 \u2013\u00a0 10.30 &#8211; spotkanie\u00a0 z wychowawcami w wyznaczonych salach:&#8230;<\/p>\n","protected":false},"author":2,"featured_media":995162,"comment_status":"closed","ping_status":"open","sticky":false,"template":"","format":"standard","meta":{"inline_featured_image":false},"categories":[115,114],"tags":[],"_links":{"self":[{"href":"http:\/\/ekonomik.opole.pl\/eko3\/wp-json\/wp\/v2\/posts\/995456"}],"collection":[{"href":"http:\/\/ekonomik.opole.pl\/eko3\/wp-json\/wp\/v2\/posts"}],"about":[{"href":"http:\/\/ekonomik.opole.pl\/eko3\/wp-json\/wp\/v2\/types\/post"}],"author":[{"embeddable":true,"href":"http:\/\/ekonomik.opole.pl\/eko3\/wp-json\/wp\/v2\/users\/2"}],"replies":[{"embeddable":true,"href":"http:\/\/ekonomik.opole.pl\/eko3\/wp-json\/wp\/v2\/comments?post=995456"}],"version-history":[{"count":4,"href":"http:\/\/ekonomik.opole.pl\/eko3\/wp-json\/wp\/v2\/posts\/995456\/revisions"}],"predecessor-version":[{"id":995460,"href":"http:\/\/ekonomik.opole.pl\/eko3\/wp-json\/wp\/v2\/posts\/995456\/revisions\/995460"}],"wp:featuredmedia":[{"embeddable":true,"href":"http:\/\/ekonomik.opole.pl\/eko3\/wp-json\/wp\/v2\/media\/995162"}],"wp:attachment":[{"href":"http:\/\/ekonomik.opole.pl\/eko3\/wp-json\/wp\/v2\/media?parent=995456"}],"wp:term":[{"taxonomy":"category","embeddable":true,"href":"http:\/\/ekonomik.opole.pl\/eko3\/wp-json\/wp\/v2\/categories?post=995456"},{"taxonomy":"post_tag","embeddable":true,"href":"http:\/\/ekonomik.opole.pl\/eko3\/wp-json\/wp\/v2\/tags?post=995456"}],"curies":[{"name":"wp","href":"https:\/\/api.w.org\/{rel}","templated":true}]}}