{"id":995521,"date":"2022-09-15T19:52:33","date_gmt":"2022-09-15T17:52:33","guid":{"rendered":"http:\/\/ekonomik.opole.pl\/eko3\/?p=995521"},"modified":"2022-09-15T19:55:09","modified_gmt":"2022-09-15T17:55:09","slug":"matematyka-w-obiektywie-konkurs-fotograficzny","status":"publish","type":"post","link":"http:\/\/ekonomik.opole.pl\/eko3\/matematyka-w-obiektywie-konkurs-fotograficzny\/","title":{"rendered":"Matematyka w obiektywie &#8211; konkurs fotograficzny"},"content":{"rendered":"\t\t<div data-elementor-type=\"wp-post\" data-elementor-id=\"995521\" class=\"elementor elementor-995521\" data-elementor-settings=\"[]\">\n\t\t\t\t\t\t<div class=\"elementor-inner\">\n\t\t\t\t\t\t\t<div class=\"elementor-section-wrap\">\n\t\t\t\t\t\t\t<section class=\"elementor-section elementor-top-section elementor-element elementor-element-345997d elementor-section-boxed elementor-section-height-default elementor-section-height-default\" data-id=\"345997d\" data-element_type=\"section\">\n\t\t\t\t\t\t<div class=\"elementor-container elementor-column-gap-default\">\n\t\t\t\t\t\t\t<div class=\"elementor-row\">\n\t\t\t\t\t<div class=\"elementor-column elementor-col-100 elementor-top-column elementor-element elementor-element-21e5610\" data-id=\"21e5610\" data-element_type=\"column\">\n\t\t\t<div class=\"elementor-column-wrap elementor-element-populated\">\n\t\t\t\t\t\t\t<div class=\"elementor-widget-wrap\">\n\t\t\t\t\t\t<div class=\"elementor-element elementor-element-85f3d72 elementor-widget elementor-widget-image\" data-id=\"85f3d72\" data-element_type=\"widget\" data-widget_type=\"image.default\">\n\t\t\t\t<div class=\"elementor-widget-container\">\n\t\t\t\t\t\t\t\t<div class=\"elementor-image\">\n\t\t\t\t\t\t\t\t\t\t\t\t\t<a href=\"http:\/\/ekonomik.opole.pl\/eko3\/wp-content\/uploads\/2022\/09\/plakat.jpg\" data-elementor-open-lightbox=\"yes\" data-elementor-lightbox-title=\"plakat\">\n\t\t\t\t\t\t\t<img width=\"719\" height=\"1024\" src=\"http:\/\/ekonomik.opole.pl\/eko3\/wp-content\/uploads\/2022\/09\/plakat-719x1024.jpg\" class=\"attachment-large size-large\" alt=\"\" loading=\"lazy\" srcset=\"http:\/\/ekonomik.opole.pl\/eko3\/wp-content\/uploads\/2022\/09\/plakat-719x1024.jpg 719w, http:\/\/ekonomik.opole.pl\/eko3\/wp-content\/uploads\/2022\/09\/plakat-211x300.jpg 211w, http:\/\/ekonomik.opole.pl\/eko3\/wp-content\/uploads\/2022\/09\/plakat-768x1094.jpg 768w, http:\/\/ekonomik.opole.pl\/eko3\/wp-content\/uploads\/2022\/09\/plakat-1078x1536.jpg 1078w, http:\/\/ekonomik.opole.pl\/eko3\/wp-content\/uploads\/2022\/09\/plakat-1438x2048.jpg 1438w, http:\/\/ekonomik.opole.pl\/eko3\/wp-content\/uploads\/2022\/09\/plakat-1360x1937.jpg 1360w, http:\/\/ekonomik.opole.pl\/eko3\/wp-content\/uploads\/2022\/09\/plakat-680x969.jpg 680w, http:\/\/ekonomik.opole.pl\/eko3\/wp-content\/uploads\/2022\/09\/plakat.jpg 1658w\" sizes=\"(max-width: 719px) 100vw, 719px\" \/>\t\t\t\t\t\t\t\t<\/a>\n\t\t\t\t\t\t\t\t\t\t\t\t\t\t<\/div>\n\t\t\t\t\t\t<\/div>\n\t\t\t\t<\/div>\n\t\t\t\t\t\t<\/div>\n\t\t\t\t\t<\/div>\n\t\t<\/div>\n\t\t\t\t\t\t\t\t<\/div>\n\t\t\t\t\t<\/div>\n\t\t<\/section>\n\t\t\t\t<section class=\"elementor-section elementor-top-section elementor-element elementor-element-5b8aec3 elementor-section-boxed elementor-section-height-default elementor-section-height-default\" data-id=\"5b8aec3\" data-element_type=\"section\">\n\t\t\t\t\t\t<div class=\"elementor-container elementor-column-gap-default\">\n\t\t\t\t\t\t\t<div class=\"elementor-row\">\n\t\t\t\t\t<div class=\"elementor-column elementor-col-100 elementor-top-column elementor-element elementor-element-fc83756\" data-id=\"fc83756\" data-element_type=\"column\">\n\t\t\t<div class=\"elementor-column-wrap\">\n\t\t\t\t\t\t\t<div class=\"elementor-widget-wrap\">\n\t\t\t\t\t\t\t\t<\/div>\n\t\t\t\t\t<\/div>\n\t\t<\/div>\n\t\t\t\t\t\t\t\t<\/div>\n\t\t\t\t\t<\/div>\n\t\t<\/section>\n\t\t\t\t<section class=\"elementor-section elementor-top-section elementor-element elementor-element-3917d02c elementor-section-full_width elementor-section-height-default elementor-section-height-default\" data-id=\"3917d02c\" data-element_type=\"section\">\n\t\t\t\t\t\t<div class=\"elementor-container elementor-column-gap-default\">\n\t\t\t\t\t\t\t<div class=\"elementor-row\">\n\t\t\t\t\t<div class=\"elementor-column elementor-col-100 elementor-top-column elementor-element elementor-element-231fa52\" data-id=\"231fa52\" data-element_type=\"column\">\n\t\t\t<div class=\"elementor-column-wrap elementor-element-populated\">\n\t\t\t\t\t\t\t<div class=\"elementor-widget-wrap\">\n\t\t\t\t\t\t<div class=\"elementor-element elementor-element-35aa5287 elementor-drop-cap-yes elementor-drop-cap-view-default elementor-widget elementor-widget-text-editor\" data-id=\"35aa5287\" data-element_type=\"widget\" data-settings=\"{&quot;drop_cap&quot;:&quot;yes&quot;}\" data-widget_type=\"text-editor.default\">\n\t\t\t\t<div class=\"elementor-widget-container\">\n\t\t\t\t\t\t\t\t<div class=\"elementor-text-editor elementor-clearfix\">\n\t\t\t\t\t<p>Konkurs fotograficzny MATEMATYKA W OBIEKTYWIE jest cz\u0119\u015bci\u0105 mi\u0119dzynarodowego projektu naukowo-dydaktycznego MATHEMATICS IN FOCUS. Pierwsza edycja odby\u0142a si\u0119 w roku 2010. Organizatorem przedsi\u0119wzi\u0119cia jest\u00a0 Uniwersytet\u00a0 Szczeci\u0144ski i Akademia Pedagogiki Specjalnej im. Marii Grzegorzewskiej w Warszawie.\u00a0 Pomys\u0142odawc\u0105 i kierownikiem projektu jest dr hab. Ma\u0142gorzata Makiewicz, prof. US. Projekt obejmuje: <strong>konkurs fotograficzny<\/strong>, badania naukowe w obszarach dydaktyki matematyki i komparatystyki medi\u00f3w, publikacje poznawcze i dydaktyczne, konferencje, wystawy, wyk\u0142ady otwarte oraz warsztaty dla uczni\u00f3w i nauczycieli.<\/p>\t\t\t\t\t<\/div>\n\t\t\t\t\t\t<\/div>\n\t\t\t\t<\/div>\n\t\t\t\t<div class=\"elementor-element elementor-element-725284c5 elementor-widget-divider--separator-type-pattern elementor-widget-divider--no-spacing elementor-widget-divider--view-line elementor-widget elementor-widget-divider\" data-id=\"725284c5\" data-element_type=\"widget\" data-widget_type=\"divider.default\">\n\t\t\t\t<div class=\"elementor-widget-container\">\n\t\t\t\t\t<div class=\"elementor-divider\" style=\"--divider-pattern-url: url(&quot;data:image\/svg+xml,%3Csvg xmlns=&#039;http:\/\/www.w3.org\/2000\/svg&#039; preserveAspectRatio=&#039;xMidYMid meet&#039; overflow=&#039;visible&#039; height=&#039;100%&#039; viewBox=&#039;0 0 126 26&#039; fill=&#039;black&#039; stroke=&#039;none&#039;%3E%3Cpath d=&#039;M3,10.2c2.6,0,2.6,2,2.6,3.2S4.4,16.5,3,16.5s-3-1.4-3-3.2S0.4,10.2,3,10.2z M18.8,10.2c1.7,0,3.2,1.4,3.2,3.2s-1.4,3.2-3.2,3.2c-1.7,0-3.2-1.4-3.2-3.2S17,10.2,18.8,10.2z M34.6,10.2c1.5,0,2.6,1.4,2.6,3.2s-0.5,3.2-1.9,3.2c-1.5,0-3.4-1.4-3.4-3.2S33.1,10.2,34.6,10.2z M50.5,10.2c1.7,0,3.2,1.4,3.2,3.2s-1.4,3.2-3.2,3.2c-1.7,0-3.3-0.9-3.3-2.6S48.7,10.2,50.5,10.2z M66.2,10.2c1.5,0,3.4,1.4,3.4,3.2s-1.9,3.2-3.4,3.2c-1.5,0-2.6-0.4-2.6-2.1S64.8,10.2,66.2,10.2z M82.2,10.2c1.7,0.8,2.6,1.4,2.6,3.2s-0.1,3.2-1.6,3.2c-1.5,0-3.7-1.4-3.7-3.2S80.5,9.4,82.2,10.2zM98.6,10.2c1.5,0,2.6,0.4,2.6,2.1s-1.2,4.2-2.6,4.2c-1.5,0-3.7-0.4-3.7-2.1S97.1,10.2,98.6,10.2z M113.4,10.2c1.2,0,2.2,0.9,2.2,3.2s-0.1,3.2-1.3,3.2s-3.1-1.4-3.1-3.2S112.2,10.2,113.4,10.2z&#039;\/%3E%3C\/svg%3E&quot;);\">\n\t\t\t<span class=\"elementor-divider-separator\">\n\t\t\t\t\t\t<\/span>\n\t\t<\/div>\n\t\t\t\t<\/div>\n\t\t\t\t<\/div>\n\t\t\t\t<div class=\"elementor-element elementor-element-5fd63c62 elementor-widget-divider--view-line elementor-widget elementor-widget-divider\" data-id=\"5fd63c62\" data-element_type=\"widget\" data-widget_type=\"divider.default\">\n\t\t\t\t<div class=\"elementor-widget-container\">\n\t\t\t\t\t<div class=\"elementor-divider\">\n\t\t\t<span class=\"elementor-divider-separator\">\n\t\t\t\t\t\t<\/span>\n\t\t<\/div>\n\t\t\t\t<\/div>\n\t\t\t\t<\/div>\n\t\t\t\t<div class=\"elementor-element elementor-element-4cc1473 elementor-widget elementor-widget-heading\" data-id=\"4cc1473\" data-element_type=\"widget\" data-widget_type=\"heading.default\">\n\t\t\t\t<div class=\"elementor-widget-container\">\n\t\t\t<h3 class=\"elementor-heading-title elementor-size-default\">Wsp\u00f3lna p\u0142aszczyzna pomi\u0119dzy matematyk\u0105 a sztuk\u0105 fotografii<\/h3>\t\t<\/div>\n\t\t\t\t<\/div>\n\t\t\t\t<div class=\"elementor-element elementor-element-13f9ad39 elementor-widget elementor-widget-text-editor\" data-id=\"13f9ad39\" data-element_type=\"widget\" data-widget_type=\"text-editor.default\">\n\t\t\t\t<div class=\"elementor-widget-container\">\n\t\t\t\t\t\t\t\t<div class=\"elementor-text-editor elementor-clearfix\">\n\t\t\t\t\t<p>Celem projektu jest budowanie wsp\u00f3lnej p\u0142aszczyzny pomi\u0119dzy matematyk\u0105 a sztuk\u0105 fotografii, wspomaganie edukacji matematycznej, my\u015blenia matematycznego, popularyzowanie wiedzy i kultury matematycznej. <u>Konkurs jest bezp\u0142atny i powszechny<\/u>. Uczestnicy wysy\u0142aj\u0105 zdj\u0119cia kt\u00f3rym przypisuj\u0105 nazwy zwi\u0105zane z matematyk\u0105. Idea konkursu opiera si\u0119 na po\u0142\u0105czeniu obrazu z autorsk\u0105 informacj\u0105 o niej. Nadanie nazwy (tytu\u0142u) zmienia kategori\u0119 pracy z fotografii, kt\u00f3ra przemawia wy\u0142\u0105cznie obrazem na par\u0119 (zdj\u0119cie, tekst), kt\u00f3ra nadaje pracy sens poznaczy.<\/p><p><strong>Uczestnicy: 2 grupy wiekowe (do i powy\u017cej 20 roku \u017cycia)<\/strong><\/p>\t\t\t\t\t<\/div>\n\t\t\t\t\t\t<\/div>\n\t\t\t\t<\/div>\n\t\t\t\t\t\t<\/div>\n\t\t\t\t\t<\/div>\n\t\t<\/div>\n\t\t\t\t\t\t\t\t<\/div>\n\t\t\t\t\t<\/div>\n\t\t<\/section>\n\t\t\t\t<section class=\"elementor-section elementor-top-section elementor-element elementor-element-d792748 elementor-section-boxed elementor-section-height-default elementor-section-height-default\" data-id=\"d792748\" data-element_type=\"section\">\n\t\t\t\t\t\t<div class=\"elementor-container elementor-column-gap-default\">\n\t\t\t\t\t\t\t<div class=\"elementor-row\">\n\t\t\t\t\t<div class=\"elementor-column elementor-col-100 elementor-top-column elementor-element elementor-element-0820632\" data-id=\"0820632\" data-element_type=\"column\">\n\t\t\t<div class=\"elementor-column-wrap\">\n\t\t\t\t\t\t\t<div class=\"elementor-widget-wrap\">\n\t\t\t\t\t\t\t\t<\/div>\n\t\t\t\t\t<\/div>\n\t\t<\/div>\n\t\t\t\t\t\t\t\t<\/div>\n\t\t\t\t\t<\/div>\n\t\t<\/section>\n\t\t\t\t<section class=\"elementor-section elementor-top-section elementor-element elementor-element-22a175f elementor-section-boxed elementor-section-height-default elementor-section-height-default\" data-id=\"22a175f\" data-element_type=\"section\">\n\t\t\t\t\t\t<div class=\"elementor-container elementor-column-gap-default\">\n\t\t\t\t\t\t\t<div class=\"elementor-row\">\n\t\t\t\t\t<div class=\"elementor-column elementor-col-100 elementor-top-column elementor-element elementor-element-180f086\" data-id=\"180f086\" data-element_type=\"column\">\n\t\t\t<div class=\"elementor-column-wrap elementor-element-populated\">\n\t\t\t\t\t\t\t<div class=\"elementor-widget-wrap\">\n\t\t\t\t\t\t<div class=\"elementor-element elementor-element-25ec743 elementor-widget elementor-widget-text-editor\" data-id=\"25ec743\" data-element_type=\"widget\" data-widget_type=\"text-editor.default\">\n\t\t\t\t<div class=\"elementor-widget-container\">\n\t\t\t\t\t\t\t\t<div class=\"elementor-text-editor elementor-clearfix\">\n\t\t\t\t\t<p>Aby wzi\u0105\u0107 udzia\u0142 w konkursie trzeba si\u0119 zg\u0142osi\u0107 na <a href=\"http:\/\/mwo.usz.edu.pl\/\"><strong>www.mwo.usz.edu.pl<\/strong><\/a>, poda\u0107 swoje konto e-mailowe, poczeka\u0107 na link aktywacyjny. Nast\u0119pnie wype\u0142ni\u0107 zg\u0142oszenie. Zdj\u0119cia (max 6 szt.) prosz\u0119 wysy\u0142a\u0107 wraz z tytu\u0142ami i opisami poprzez formularz elektroniczny).<\/p><p>\u00a0<\/p>\t\t\t\t\t<\/div>\n\t\t\t\t\t\t<\/div>\n\t\t\t\t<\/div>\n\t\t\t\t\t\t<\/div>\n\t\t\t\t\t<\/div>\n\t\t<\/div>\n\t\t\t\t\t\t\t\t<\/div>\n\t\t\t\t\t<\/div>\n\t\t<\/section>\n\t\t\t\t<section class=\"elementor-section elementor-top-section elementor-element elementor-element-6b4cede elementor-section-boxed elementor-section-height-default elementor-section-height-default\" data-id=\"6b4cede\" data-element_type=\"section\">\n\t\t\t\t\t\t<div class=\"elementor-container elementor-column-gap-default\">\n\t\t\t\t\t\t\t<div class=\"elementor-row\">\n\t\t\t\t\t<div class=\"elementor-column elementor-col-100 elementor-top-column elementor-element elementor-element-9444334\" data-id=\"9444334\" data-element_type=\"column\">\n\t\t\t<div class=\"elementor-column-wrap elementor-element-populated\">\n\t\t\t\t\t\t\t<div class=\"elementor-widget-wrap\">\n\t\t\t\t\t\t<div class=\"elementor-element elementor-element-f96cd80 elementor-widget elementor-widget-image\" data-id=\"f96cd80\" data-element_type=\"widget\" data-widget_type=\"image.default\">\n\t\t\t\t<div class=\"elementor-widget-container\">\n\t\t\t\t\t\t\t\t<div class=\"elementor-image\">\n\t\t\t\t\t\t\t\t\t<figure class=\"wp-caption\">\n\t\t\t\t\t\t\t\t\t\t\t<a href=\"http:\/\/ekonomik.opole.pl\/eko3\/wp-content\/uploads\/2022\/09\/Jedynka-trygonometryczna-Hanna-Zelichowska-scaled.jpg\" data-elementor-open-lightbox=\"yes\" data-elementor-lightbox-title=\"Jedynka-trygonometryczna-Hanna-\u017belichowska\">\n\t\t\t\t\t\t\t<img width=\"1024\" height=\"683\" src=\"http:\/\/ekonomik.opole.pl\/eko3\/wp-content\/uploads\/2022\/09\/Jedynka-trygonometryczna-Hanna-Zelichowska-1024x683.jpg\" class=\"attachment-large size-large\" alt=\"\" loading=\"lazy\" srcset=\"http:\/\/ekonomik.opole.pl\/eko3\/wp-content\/uploads\/2022\/09\/Jedynka-trygonometryczna-Hanna-Zelichowska-1024x683.jpg 1024w, http:\/\/ekonomik.opole.pl\/eko3\/wp-content\/uploads\/2022\/09\/Jedynka-trygonometryczna-Hanna-Zelichowska-300x200.jpg 300w, http:\/\/ekonomik.opole.pl\/eko3\/wp-content\/uploads\/2022\/09\/Jedynka-trygonometryczna-Hanna-Zelichowska-768x512.jpg 768w, http:\/\/ekonomik.opole.pl\/eko3\/wp-content\/uploads\/2022\/09\/Jedynka-trygonometryczna-Hanna-Zelichowska-1536x1024.jpg 1536w, http:\/\/ekonomik.opole.pl\/eko3\/wp-content\/uploads\/2022\/09\/Jedynka-trygonometryczna-Hanna-Zelichowska-2048x1365.jpg 2048w, http:\/\/ekonomik.opole.pl\/eko3\/wp-content\/uploads\/2022\/09\/Jedynka-trygonometryczna-Hanna-Zelichowska-1360x907.jpg 1360w, http:\/\/ekonomik.opole.pl\/eko3\/wp-content\/uploads\/2022\/09\/Jedynka-trygonometryczna-Hanna-Zelichowska-680x453.jpg 680w\" sizes=\"(max-width: 1024px) 100vw, 1024px\" \/>\t\t\t\t\t\t\t\t<\/a>\n\t\t\t\t\t\t\t\t\t\t\t<figcaption class=\"widget-image-caption wp-caption-text\">Laureatka 2021: Jedynka-trygonometryczna-Hanna-\u017belichowska<\/figcaption>\n\t\t\t\t\t\t\t\t\t\t<\/figure>\n\t\t\t\t\t\t\t\t<\/div>\n\t\t\t\t\t\t<\/div>\n\t\t\t\t<\/div>\n\t\t\t\t\t\t<\/div>\n\t\t\t\t\t<\/div>\n\t\t<\/div>\n\t\t\t\t\t\t\t\t<\/div>\n\t\t\t\t\t<\/div>\n\t\t<\/section>\n\t\t\t\t\t\t<\/div>\n\t\t\t\t\t\t<\/div>\n\t\t\t\t\t<\/div>\n\t\t","protected":false},"excerpt":{"rendered":"<p>Konkurs fotograficzny MATEMATYKA W OBIEKTYWIE jest cz\u0119\u015bci\u0105 mi\u0119dzynarodowego projektu naukowo-dydaktycznego MATHEMATICS IN FOCUS. Pierwsza edycja odby\u0142a si\u0119 w roku 2010. Organizatorem przedsi\u0119wzi\u0119cia jest  Uniwersytet  Szczeci\u0144ski i Akademia Pedagogiki Specjalnej im. Marii Grzegorzewskiej w Warszawie.  Pomys\u0142odawc\u0105 i kierownikiem projektu jest dr hab. Ma\u0142gorzata Makiewicz, prof. US. Projekt obejmuje: konkurs fotograficzny, badania naukowe w obszarach dydaktyki matematyki i komparatystyki medi\u00f3w, publikacje poznawcze i dydaktyczne, konferencje, wystawy, wyk\u0142ady otwarte oraz warsztaty dla uczni\u00f3w i nauczycieli. <\/p>\n","protected":false},"author":2,"featured_media":995525,"comment_status":"closed","ping_status":"open","sticky":false,"template":"","format":"standard","meta":{"inline_featured_image":false},"categories":[164,208,220],"tags":[92,263],"_links":{"self":[{"href":"http:\/\/ekonomik.opole.pl\/eko3\/wp-json\/wp\/v2\/posts\/995521"}],"collection":[{"href":"http:\/\/ekonomik.opole.pl\/eko3\/wp-json\/wp\/v2\/posts"}],"about":[{"href":"http:\/\/ekonomik.opole.pl\/eko3\/wp-json\/wp\/v2\/types\/post"}],"author":[{"embeddable":true,"href":"http:\/\/ekonomik.opole.pl\/eko3\/wp-json\/wp\/v2\/users\/2"}],"replies":[{"embeddable":true,"href":"http:\/\/ekonomik.opole.pl\/eko3\/wp-json\/wp\/v2\/comments?post=995521"}],"version-history":[{"count":4,"href":"http:\/\/ekonomik.opole.pl\/eko3\/wp-json\/wp\/v2\/posts\/995521\/revisions"}],"predecessor-version":[{"id":995528,"href":"http:\/\/ekonomik.opole.pl\/eko3\/wp-json\/wp\/v2\/posts\/995521\/revisions\/995528"}],"wp:featuredmedia":[{"embeddable":true,"href":"http:\/\/ekonomik.opole.pl\/eko3\/wp-json\/wp\/v2\/media\/995525"}],"wp:attachment":[{"href":"http:\/\/ekonomik.opole.pl\/eko3\/wp-json\/wp\/v2\/media?parent=995521"}],"wp:term":[{"taxonomy":"category","embeddable":true,"href":"http:\/\/ekonomik.opole.pl\/eko3\/wp-json\/wp\/v2\/categories?post=995521"},{"taxonomy":"post_tag","embeddable":true,"href":"http:\/\/ekonomik.opole.pl\/eko3\/wp-json\/wp\/v2\/tags?post=995521"}],"curies":[{"name":"wp","href":"https:\/\/api.w.org\/{rel}","templated":true}]}}