{"id":995578,"date":"2022-09-28T18:36:49","date_gmt":"2022-09-28T16:36:49","guid":{"rendered":"http:\/\/ekonomik.opole.pl\/eko3\/?p=995578"},"modified":"2022-10-13T17:57:32","modified_gmt":"2022-10-13T15:57:32","slug":"dzien-patrona","status":"publish","type":"post","link":"http:\/\/ekonomik.opole.pl\/eko3\/dzien-patrona\/","title":{"rendered":"Dzie\u0144 Patrona"},"content":{"rendered":"\t\t<div data-elementor-type=\"wp-post\" data-elementor-id=\"995578\" class=\"elementor elementor-995578\" data-elementor-settings=\"[]\">\n\t\t\t\t\t\t<div class=\"elementor-inner\">\n\t\t\t\t\t\t\t<div class=\"elementor-section-wrap\">\n\t\t\t\t\t\t\t<section class=\"elementor-section elementor-top-section elementor-element elementor-element-27ab241 elementor-section-boxed elementor-section-height-default elementor-section-height-default\" data-id=\"27ab241\" data-element_type=\"section\">\n\t\t\t\t\t\t<div class=\"elementor-container elementor-column-gap-default\">\n\t\t\t\t\t\t\t<div class=\"elementor-row\">\n\t\t\t\t\t<div class=\"elementor-column elementor-col-100 elementor-top-column elementor-element elementor-element-367cb7f\" data-id=\"367cb7f\" data-element_type=\"column\">\n\t\t\t<div class=\"elementor-column-wrap elementor-element-populated\">\n\t\t\t\t\t\t\t<div class=\"elementor-widget-wrap\">\n\t\t\t\t\t\t<div class=\"elementor-element elementor-element-be63d15 elementor-widget elementor-widget-text-editor\" data-id=\"be63d15\" data-element_type=\"widget\" data-widget_type=\"text-editor.default\">\n\t\t\t\t<div class=\"elementor-widget-container\">\n\t\t\t\t\t\t\t\t<div class=\"elementor-text-editor elementor-clearfix\">\n\t\t\t\t\t<p>By\u0142 cz\u0142owiekiem, kt\u00f3ry \u201emia\u0142 Tak za Tak, Nie za Nie, bez \u015bwiat\u0142ocienia\u201d. Jutro obchodzimy uroczy\u015bcie Dzie\u0144 Patrona Szko\u0142y, a zarazem powstanie Polskiego Pa\u0144stwa Podziemnego. Uczniowie klas pierwszych z\u0142o\u017c\u0105 \u015blubowanie na sztandar szko\u0142y, deklaruj\u0105c przyj\u0119cie obowi\u0105zuj\u0105cych zasad. Prosz\u0119 ca\u0142\u0105 spo\u0142eczno\u015b\u0107 Ekonomika o uczczenie pami\u0119ci o walcz\u0105cych za wolno\u015b\u0107 od\u015bwi\u0119tnym strojem.<\/p><p><span style=\"font-family: Montserrat, sans-serif; font-size: 16px; font-style: normal; font-variant-ligatures: normal; font-variant-caps: normal; font-weight: 400; letter-spacing: 0.2px;\">Ewa Nowak-K\u00fcbler<\/span><\/p><p><img loading=\"lazy\" class=\"wp-image-995580 aligncenter\" src=\"http:\/\/ekonomik.opole.pl\/eko3\/wp-content\/uploads\/2022\/09\/grot_rowecki-300x191.jpg\" alt=\"\" width=\"634\" height=\"404\" srcset=\"http:\/\/ekonomik.opole.pl\/eko3\/wp-content\/uploads\/2022\/09\/grot_rowecki-300x191.jpg 300w, http:\/\/ekonomik.opole.pl\/eko3\/wp-content\/uploads\/2022\/09\/grot_rowecki-1024x652.jpg 1024w, http:\/\/ekonomik.opole.pl\/eko3\/wp-content\/uploads\/2022\/09\/grot_rowecki-768x489.jpg 768w, http:\/\/ekonomik.opole.pl\/eko3\/wp-content\/uploads\/2022\/09\/grot_rowecki-680x433.jpg 680w, http:\/\/ekonomik.opole.pl\/eko3\/wp-content\/uploads\/2022\/09\/grot_rowecki.jpg 1296w\" sizes=\"(max-width: 634px) 100vw, 634px\" \/><\/p>\t\t\t\t\t<\/div>\n\t\t\t\t\t\t<\/div>\n\t\t\t\t<\/div>\n\t\t\t\t\t\t<\/div>\n\t\t\t\t\t<\/div>\n\t\t<\/div>\n\t\t\t\t\t\t\t\t<\/div>\n\t\t\t\t\t<\/div>\n\t\t<\/section>\n\t\t\t\t\t\t<\/div>\n\t\t\t\t\t\t<\/div>\n\t\t\t\t\t<\/div>\n\t\t","protected":false},"excerpt":{"rendered":"<p>By\u0142 cz\u0142owiekiem, kt\u00f3ry \u201emia\u0142 Tak za Tak, Nie za Nie, bez \u015bwiat\u0142ocienia\u201d. Jutro obchodzimy uroczy\u015bcie Dzie\u0144 Patrona Szko\u0142y, a zarazem powstanie Polskiego Pa\u0144stwa Podziemnego. Uczniowie klas pierwszych z\u0142o\u017c\u0105 \u015blubowanie na sztandar szko\u0142y, deklaruj\u0105c przyj\u0119cie obowi\u0105zuj\u0105cych zasad. Prosz\u0119 ca\u0142\u0105 spo\u0142eczno\u015b\u0107 Ekonomika o uczczenie pami\u0119ci o walcz\u0105cych za wolno\u015b\u0107 od\u015bwi\u0119tnym strojem. Ewa Nowak-K\u00fcbler<\/p>\n","protected":false},"author":3,"featured_media":995580,"comment_status":"closed","ping_status":"open","sticky":false,"template":"","format":"standard","meta":{"inline_featured_image":false},"categories":[115,114],"tags":[],"_links":{"self":[{"href":"http:\/\/ekonomik.opole.pl\/eko3\/wp-json\/wp\/v2\/posts\/995578"}],"collection":[{"href":"http:\/\/ekonomik.opole.pl\/eko3\/wp-json\/wp\/v2\/posts"}],"about":[{"href":"http:\/\/ekonomik.opole.pl\/eko3\/wp-json\/wp\/v2\/types\/post"}],"author":[{"embeddable":true,"href":"http:\/\/ekonomik.opole.pl\/eko3\/wp-json\/wp\/v2\/users\/3"}],"replies":[{"embeddable":true,"href":"http:\/\/ekonomik.opole.pl\/eko3\/wp-json\/wp\/v2\/comments?post=995578"}],"version-history":[{"count":8,"href":"http:\/\/ekonomik.opole.pl\/eko3\/wp-json\/wp\/v2\/posts\/995578\/revisions"}],"predecessor-version":[{"id":995637,"href":"http:\/\/ekonomik.opole.pl\/eko3\/wp-json\/wp\/v2\/posts\/995578\/revisions\/995637"}],"wp:featuredmedia":[{"embeddable":true,"href":"http:\/\/ekonomik.opole.pl\/eko3\/wp-json\/wp\/v2\/media\/995580"}],"wp:attachment":[{"href":"http:\/\/ekonomik.opole.pl\/eko3\/wp-json\/wp\/v2\/media?parent=995578"}],"wp:term":[{"taxonomy":"category","embeddable":true,"href":"http:\/\/ekonomik.opole.pl\/eko3\/wp-json\/wp\/v2\/categories?post=995578"},{"taxonomy":"post_tag","embeddable":true,"href":"http:\/\/ekonomik.opole.pl\/eko3\/wp-json\/wp\/v2\/tags?post=995578"}],"curies":[{"name":"wp","href":"https:\/\/api.w.org\/{rel}","templated":true}]}}